
{"id":10821,"date":"2017-09-14T00:05:41","date_gmt":"2017-09-14T03:05:41","guid":{"rendered":"http:\/\/www.oarcanjo.net\/site\/?p=10821"},"modified":"2017-07-31T08:28:50","modified_gmt":"2017-07-31T11:28:50","slug":"sao-materno-de-colonia","status":"publish","type":"post","link":"https:\/\/www.oarcanjo.net\/site\/sao-materno-de-colonia\/","title":{"rendered":"S\u00e3o Materno de Col\u00f4nia"},"content":{"rendered":"<p><img loading=\"lazy\" decoding=\"async\" src=\"http:\/\/4.bp.blogspot.com\/_z-c0Sh5Zlrs\/SLMBdg7oN9I\/AAAAAAAACSE\/XT1TVzxjw3E\/s400\/S%C3%A3o+Materno+de+Col%C3%B4nia.jpg\" alt=\"\" width=\"150\" height=\"190\" \/><\/p>\n<p>14 de Setembro<\/p>\n<p>\u00c9 conhecido apenas como o primeiro bispo da hist\u00f3ria crist\u00e3 da cidade de Col\u00f4nia, na Alemanha. Desde o s\u00e9culo IV, criou-se uma tradi\u00e7\u00e3o crist\u00e3, na cidade de Trier, na Alemanha, segundo a qual Materno teria vindo da Palestina. E n\u00e3o \u00e9 s\u00f3 isso: o pr\u00f3prio ap\u00f3stolo Pedro \u00e9 que o teria enviado para divulgar o Evangelho ao mundo germ\u00e2nico.<br \/>\nEssa tradi\u00e7\u00e3o fazia de Trier a primeira sede episcopal crist\u00e3 da Alemanha, portanto dotada de jurisprud\u00eancia sobre as demais, por uma quest\u00e3o de antig\u00fcidade.<\/p>\n<p>A figura de Materno, o bispo de Col\u00f4nia, \u00e9, de fato, muito importante para a hist\u00f3ria da Igreja, que j\u00e1 estava liberta das persegui\u00e7\u00f5es externas, gra\u00e7as ao imperador Constantino. Mas a Igreja continuava exposta \u00e0s divis\u00f5es internas dos crist\u00e3os, que, insistentemente, prejudicavam a si pr\u00f3prios.<\/p>\n<p>Materno \u00e9 um de seus pacificadores, convocado a deixar a Alemanha para resolver um grande conflito nascido no norte da \u00c1frica: o cisma donatista. Liderados pelo bispo Donato, esse grupo de radicais tinha uma vis\u00e3o extremamente elitista, era totalmente contr\u00e1rio \u00e0s indulg\u00eancias e pregava a segrega\u00e7\u00e3o dos bons crist\u00e3os daqueles infi\u00e9is e traidores. Os donatistas consideravam traidores os crist\u00e3os que, por medo, durante a persegui\u00e7\u00e3o do imperador Diocleciano, haviam renegado a f\u00e9 e entregado os livros sagrados \u00e0s autoridades romanas. At\u00e9 mesmo negavam-se a aceitar a re-inclus\u00e3o dos sacerdotes que haviam agido dessa maneira, bom como a inclus\u00e3o de novos sacerdotes, caso tamb\u00e9m tivessem sido considerados, anteriormente, indignos. E por isso os donatistas de Cartago n\u00e3o reconheciam o novo bispo, Ceciliano, porque um dos bispos que o consagraram havia renegado \u00e0 f\u00e9, durante as persegui\u00e7\u00f5es.<\/p>\n<p>Chamado para arbitrar, o imperador Constantino, em 313, escreve ao papa Melquior, de origem africana, para convocar o bispo Ceciliano, bem como outros, favor\u00e1veis ou n\u00e3o \u00e0 sua quest\u00e3o, para uma decis\u00e3o final, imparcial. E ainda o informa que os bispos Materno, da Alemanha, Ret\u00edcio e Martino, da Fran\u00e7a, j\u00e1 estavam a caminho de Roma. O imperador Constantino, obedecendo \u00e0s suas conveni\u00eancias pol\u00edticas, promoveu um ato incisivo no colegiado eclesi\u00e1stico, afian\u00e7ando o caso africano tamb\u00e9m aos bispos da Alemanha e da Fran\u00e7a.<\/p>\n<p>Mais nada se sabe de Materno depois dessa importante miss\u00e3o em Roma, que se concluiu com a senten\u00e7a favor\u00e1vel ao bispo Ceciliano. Mas o cisma n\u00e3o terminou, mesmo contando, tamb\u00e9m, com a not\u00e1vel presen\u00e7a de santo Agostinho, bispo de Hipona.<\/p>\n<p>Entretanto, em Trier, a fama de santidade de seu primeiro bispo fez a figura de Materno tomar vulto e a popula\u00e7\u00e3o come\u00e7a a vener\u00e1-lo. Ao longo dos s\u00e9culos, a catedral de Trier, que abriga as rel\u00edquias de s\u00e3o Materno, foi reconstru\u00edda e, hoje, podemos ver o grau de devo\u00e7\u00e3o dos fi\u00e9is estampado nos vitrais desse templo. Seu culto foi autorizado pelo Vaticano, em conseq\u00fc\u00eancia dessa devo\u00e7\u00e3o secular e ainda presente nos fi\u00e9is. A data de sua tradicional festa lit\u00fargica, no dia 14 de setembro, foi mantida.<\/p>\n<div id=\"themify_builder_content-10821\" data-postid=\"10821\" class=\"themify_builder_content themify_builder_content-10821 themify_builder themify_builder_front\">\n\t<\/div>\n<!-- \/themify_builder_content -->","protected":false},"excerpt":{"rendered":"<p>14 de Setembro \u00c9 conhecido apenas como o primeiro bispo da hist\u00f3ria crist\u00e3 da cidade de Col\u00f4nia, na Alemanha. Desde o s\u00e9culo IV, criou-se uma tradi\u00e7\u00e3o crist\u00e3, na cidade de Trier, na Alemanha, segundo a qual Materno teria vindo da Palestina. E n\u00e3o \u00e9 s\u00f3 isso: o pr\u00f3prio ap\u00f3stolo Pedro \u00e9 que o teria enviado [&hellip;]<\/p>\n","protected":false},"author":14,"featured_media":0,"comment_status":"open","ping_status":"open","sticky":false,"template":"","format":"standard","meta":{"ngg_post_thumbnail":0,"footnotes":""},"categories":[186],"tags":[],"yoast_head":"<!-- This site is optimized with the Yoast SEO plugin v23.5 - https:\/\/yoast.com\/wordpress\/plugins\/seo\/ -->\n<title>S\u00e3o Materno de Col\u00f4nia - O Arcanjo no ar<\/title>\n<meta name=\"robots\" content=\"index, follow, max-snippet:-1, max-image-preview:large, max-video-preview:-1\" \/>\n<link rel=\"canonical\" href=\"https:\/\/www.oarcanjo.net\/site\/sao-materno-de-colonia\/\" \/>\n<meta property=\"og:locale\" content=\"pt_BR\" \/>\n<meta property=\"og:type\" content=\"article\" \/>\n<meta property=\"og:title\" content=\"S\u00e3o Materno de Col\u00f4nia - O Arcanjo no ar\" \/>\n<meta property=\"og:description\" content=\"14 de Setembro \u00c9 conhecido apenas como o primeiro bispo da hist\u00f3ria crist\u00e3 da cidade de Col\u00f4nia, na Alemanha. Desde o s\u00e9culo IV, criou-se uma tradi\u00e7\u00e3o crist\u00e3, na cidade de Trier, na Alemanha, segundo a qual Materno teria vindo da Palestina. E n\u00e3o \u00e9 s\u00f3 isso: o pr\u00f3prio ap\u00f3stolo Pedro \u00e9 que o teria enviado [&hellip;]\" \/>\n<meta property=\"og:url\" content=\"https:\/\/www.oarcanjo.net\/site\/sao-materno-de-colonia\/\" \/>\n<meta property=\"og:site_name\" content=\"O Arcanjo no ar\" \/>\n<meta property=\"article:publisher\" content=\"https:\/\/www.facebook.com\/OArcanjoNoAr\/\" \/>\n<meta property=\"article:published_time\" content=\"2017-09-14T03:05:41+00:00\" \/>\n<meta property=\"article:modified_time\" content=\"2017-07-31T11:28:50+00:00\" \/>\n<meta property=\"og:image\" content=\"http:\/\/4.bp.blogspot.com\/_z-c0Sh5Zlrs\/SLMBdg7oN9I\/AAAAAAAACSE\/XT1TVzxjw3E\/s400\/S%C3%A3o+Materno+de+Col%C3%B4nia.jpg\" \/>\n<meta name=\"author\" content=\"danilo\" \/>\n<meta name=\"twitter:card\" content=\"summary_large_image\" \/>\n<meta name=\"twitter:label1\" content=\"Escrito por\" \/>\n\t<meta name=\"twitter:data1\" content=\"danilo\" \/>\n\t<meta name=\"twitter:label2\" content=\"Est. tempo de leitura\" \/>\n\t<meta name=\"twitter:data2\" content=\"3 minutos\" \/>\n<script type=\"application\/ld+json\" class=\"yoast-schema-graph\">{\"@context\":\"https:\/\/schema.org\",\"@graph\":[{\"@type\":\"Article\",\"@id\":\"https:\/\/www.oarcanjo.net\/site\/sao-materno-de-colonia\/#article\",\"isPartOf\":{\"@id\":\"https:\/\/www.oarcanjo.net\/site\/sao-materno-de-colonia\/\"},\"author\":{\"name\":\"danilo\",\"@id\":\"https:\/\/www.oarcanjo.net\/site\/#\/schema\/person\/5eb9480bedd2f3c97e430ce128c29c6c\"},\"headline\":\"S\u00e3o Materno de Col\u00f4nia\",\"datePublished\":\"2017-09-14T03:05:41+00:00\",\"dateModified\":\"2017-07-31T11:28:50+00:00\",\"mainEntityOfPage\":{\"@id\":\"https:\/\/www.oarcanjo.net\/site\/sao-materno-de-colonia\/\"},\"wordCount\":534,\"commentCount\":0,\"publisher\":{\"@id\":\"https:\/\/www.oarcanjo.net\/site\/#organization\"},\"image\":{\"@id\":\"https:\/\/www.oarcanjo.net\/site\/sao-materno-de-colonia\/#primaryimage\"},\"thumbnailUrl\":\"http:\/\/4.bp.blogspot.com\/_z-c0Sh5Zlrs\/SLMBdg7oN9I\/AAAAAAAACSE\/XT1TVzxjw3E\/s400\/S%C3%A3o+Materno+de+Col%C3%B4nia.jpg\",\"articleSection\":[\"Testemunhos\"],\"inLanguage\":\"pt-BR\",\"potentialAction\":[{\"@type\":\"CommentAction\",\"name\":\"Comment\",\"target\":[\"https:\/\/www.oarcanjo.net\/site\/sao-materno-de-colonia\/#respond\"]}]},{\"@type\":\"WebPage\",\"@id\":\"https:\/\/www.oarcanjo.net\/site\/sao-materno-de-colonia\/\",\"url\":\"https:\/\/www.oarcanjo.net\/site\/sao-materno-de-colonia\/\",\"name\":\"S\u00e3o Materno de Col\u00f4nia - O Arcanjo no ar\",\"isPartOf\":{\"@id\":\"https:\/\/www.oarcanjo.net\/site\/#website\"},\"primaryImageOfPage\":{\"@id\":\"https:\/\/www.oarcanjo.net\/site\/sao-materno-de-colonia\/#primaryimage\"},\"image\":{\"@id\":\"https:\/\/www.oarcanjo.net\/site\/sao-materno-de-colonia\/#primaryimage\"},\"thumbnailUrl\":\"http:\/\/4.bp.blogspot.com\/_z-c0Sh5Zlrs\/SLMBdg7oN9I\/AAAAAAAACSE\/XT1TVzxjw3E\/s400\/S%C3%A3o+Materno+de+Col%C3%B4nia.jpg\",\"datePublished\":\"2017-09-14T03:05:41+00:00\",\"dateModified\":\"2017-07-31T11:28:50+00:00\",\"breadcrumb\":{\"@id\":\"https:\/\/www.oarcanjo.net\/site\/sao-materno-de-colonia\/#breadcrumb\"},\"inLanguage\":\"pt-BR\",\"potentialAction\":[{\"@type\":\"ReadAction\",\"target\":[\"https:\/\/www.oarcanjo.net\/site\/sao-materno-de-colonia\/\"]}]},{\"@type\":\"ImageObject\",\"inLanguage\":\"pt-BR\",\"@id\":\"https:\/\/www.oarcanjo.net\/site\/sao-materno-de-colonia\/#primaryimage\",\"url\":\"http:\/\/4.bp.blogspot.com\/_z-c0Sh5Zlrs\/SLMBdg7oN9I\/AAAAAAAACSE\/XT1TVzxjw3E\/s400\/S%C3%A3o+Materno+de+Col%C3%B4nia.jpg\",\"contentUrl\":\"http:\/\/4.bp.blogspot.com\/_z-c0Sh5Zlrs\/SLMBdg7oN9I\/AAAAAAAACSE\/XT1TVzxjw3E\/s400\/S%C3%A3o+Materno+de+Col%C3%B4nia.jpg\"},{\"@type\":\"BreadcrumbList\",\"@id\":\"https:\/\/www.oarcanjo.net\/site\/sao-materno-de-colonia\/#breadcrumb\",\"itemListElement\":[{\"@type\":\"ListItem\",\"position\":1,\"name\":\"In\u00edcio\",\"item\":\"https:\/\/www.oarcanjo.net\/site\/\"},{\"@type\":\"ListItem\",\"position\":2,\"name\":\"S\u00e3o Materno de Col\u00f4nia\"}]},{\"@type\":\"WebSite\",\"@id\":\"https:\/\/www.oarcanjo.net\/site\/#website\",\"url\":\"https:\/\/www.oarcanjo.net\/site\/\",\"name\":\"O Arcanjo no ar\",\"description\":\"Site da Par\u00f3quia S\u00e3o Miguel Arcanjo (Arquidiocese de SP)\",\"publisher\":{\"@id\":\"https:\/\/www.oarcanjo.net\/site\/#organization\"},\"potentialAction\":[{\"@type\":\"SearchAction\",\"target\":{\"@type\":\"EntryPoint\",\"urlTemplate\":\"https:\/\/www.oarcanjo.net\/site\/?s={search_term_string}\"},\"query-input\":{\"@type\":\"PropertyValueSpecification\",\"valueRequired\":true,\"valueName\":\"search_term_string\"}}],\"inLanguage\":\"pt-BR\"},{\"@type\":\"Organization\",\"@id\":\"https:\/\/www.oarcanjo.net\/site\/#organization\",\"name\":\"Par\u00f3quia S\u00e3o Miguel Arcanjo\",\"url\":\"https:\/\/www.oarcanjo.net\/site\/\",\"logo\":{\"@type\":\"ImageObject\",\"inLanguage\":\"pt-BR\",\"@id\":\"https:\/\/www.oarcanjo.net\/site\/#\/schema\/logo\/image\/\",\"url\":\"https:\/\/www.oarcanjo.net\/site\/wp-content\/uploads\/LogoOArcanjo.png\",\"contentUrl\":\"https:\/\/www.oarcanjo.net\/site\/wp-content\/uploads\/LogoOArcanjo.png\",\"width\":319,\"height\":99,\"caption\":\"Par\u00f3quia S\u00e3o Miguel Arcanjo\"},\"image\":{\"@id\":\"https:\/\/www.oarcanjo.net\/site\/#\/schema\/logo\/image\/\"},\"sameAs\":[\"https:\/\/www.facebook.com\/OArcanjoNoAr\/\"]},{\"@type\":\"Person\",\"@id\":\"https:\/\/www.oarcanjo.net\/site\/#\/schema\/person\/5eb9480bedd2f3c97e430ce128c29c6c\",\"name\":\"danilo\"}]}<\/script>\n<!-- \/ Yoast SEO plugin. -->","yoast_head_json":{"title":"S\u00e3o Materno de Col\u00f4nia - O Arcanjo no ar","robots":{"index":"index","follow":"follow","max-snippet":"max-snippet:-1","max-image-preview":"max-image-preview:large","max-video-preview":"max-video-preview:-1"},"canonical":"https:\/\/www.oarcanjo.net\/site\/sao-materno-de-colonia\/","og_locale":"pt_BR","og_type":"article","og_title":"S\u00e3o Materno de Col\u00f4nia - O Arcanjo no ar","og_description":"14 de Setembro \u00c9 conhecido apenas como o primeiro bispo da hist\u00f3ria crist\u00e3 da cidade de Col\u00f4nia, na Alemanha. Desde o s\u00e9culo IV, criou-se uma tradi\u00e7\u00e3o crist\u00e3, na cidade de Trier, na Alemanha, segundo a qual Materno teria vindo da Palestina. E n\u00e3o \u00e9 s\u00f3 isso: o pr\u00f3prio ap\u00f3stolo Pedro \u00e9 que o teria enviado [&hellip;]","og_url":"https:\/\/www.oarcanjo.net\/site\/sao-materno-de-colonia\/","og_site_name":"O Arcanjo no ar","article_publisher":"https:\/\/www.facebook.com\/OArcanjoNoAr\/","article_published_time":"2017-09-14T03:05:41+00:00","article_modified_time":"2017-07-31T11:28:50+00:00","og_image":[{"url":"http:\/\/4.bp.blogspot.com\/_z-c0Sh5Zlrs\/SLMBdg7oN9I\/AAAAAAAACSE\/XT1TVzxjw3E\/s400\/S%C3%A3o+Materno+de+Col%C3%B4nia.jpg"}],"author":"danilo","twitter_card":"summary_large_image","twitter_misc":{"Escrito por":"danilo","Est. tempo de leitura":"3 minutos"},"schema":{"@context":"https:\/\/schema.org","@graph":[{"@type":"Article","@id":"https:\/\/www.oarcanjo.net\/site\/sao-materno-de-colonia\/#article","isPartOf":{"@id":"https:\/\/www.oarcanjo.net\/site\/sao-materno-de-colonia\/"},"author":{"name":"danilo","@id":"https:\/\/www.oarcanjo.net\/site\/#\/schema\/person\/5eb9480bedd2f3c97e430ce128c29c6c"},"headline":"S\u00e3o Materno de Col\u00f4nia","datePublished":"2017-09-14T03:05:41+00:00","dateModified":"2017-07-31T11:28:50+00:00","mainEntityOfPage":{"@id":"https:\/\/www.oarcanjo.net\/site\/sao-materno-de-colonia\/"},"wordCount":534,"commentCount":0,"publisher":{"@id":"https:\/\/www.oarcanjo.net\/site\/#organization"},"image":{"@id":"https:\/\/www.oarcanjo.net\/site\/sao-materno-de-colonia\/#primaryimage"},"thumbnailUrl":"http:\/\/4.bp.blogspot.com\/_z-c0Sh5Zlrs\/SLMBdg7oN9I\/AAAAAAAACSE\/XT1TVzxjw3E\/s400\/S%C3%A3o+Materno+de+Col%C3%B4nia.jpg","articleSection":["Testemunhos"],"inLanguage":"pt-BR","potentialAction":[{"@type":"CommentAction","name":"Comment","target":["https:\/\/www.oarcanjo.net\/site\/sao-materno-de-colonia\/#respond"]}]},{"@type":"WebPage","@id":"https:\/\/www.oarcanjo.net\/site\/sao-materno-de-colonia\/","url":"https:\/\/www.oarcanjo.net\/site\/sao-materno-de-colonia\/","name":"S\u00e3o Materno de Col\u00f4nia - O Arcanjo no ar","isPartOf":{"@id":"https:\/\/www.oarcanjo.net\/site\/#website"},"primaryImageOfPage":{"@id":"https:\/\/www.oarcanjo.net\/site\/sao-materno-de-colonia\/#primaryimage"},"image":{"@id":"https:\/\/www.oarcanjo.net\/site\/sao-materno-de-colonia\/#primaryimage"},"thumbnailUrl":"http:\/\/4.bp.blogspot.com\/_z-c0Sh5Zlrs\/SLMBdg7oN9I\/AAAAAAAACSE\/XT1TVzxjw3E\/s400\/S%C3%A3o+Materno+de+Col%C3%B4nia.jpg","datePublished":"2017-09-14T03:05:41+00:00","dateModified":"2017-07-31T11:28:50+00:00","breadcrumb":{"@id":"https:\/\/www.oarcanjo.net\/site\/sao-materno-de-colonia\/#breadcrumb"},"inLanguage":"pt-BR","potentialAction":[{"@type":"ReadAction","target":["https:\/\/www.oarcanjo.net\/site\/sao-materno-de-colonia\/"]}]},{"@type":"ImageObject","inLanguage":"pt-BR","@id":"https:\/\/www.oarcanjo.net\/site\/sao-materno-de-colonia\/#primaryimage","url":"http:\/\/4.bp.blogspot.com\/_z-c0Sh5Zlrs\/SLMBdg7oN9I\/AAAAAAAACSE\/XT1TVzxjw3E\/s400\/S%C3%A3o+Materno+de+Col%C3%B4nia.jpg","contentUrl":"http:\/\/4.bp.blogspot.com\/_z-c0Sh5Zlrs\/SLMBdg7oN9I\/AAAAAAAACSE\/XT1TVzxjw3E\/s400\/S%C3%A3o+Materno+de+Col%C3%B4nia.jpg"},{"@type":"BreadcrumbList","@id":"https:\/\/www.oarcanjo.net\/site\/sao-materno-de-colonia\/#breadcrumb","itemListElement":[{"@type":"ListItem","position":1,"name":"In\u00edcio","item":"https:\/\/www.oarcanjo.net\/site\/"},{"@type":"ListItem","position":2,"name":"S\u00e3o Materno de Col\u00f4nia"}]},{"@type":"WebSite","@id":"https:\/\/www.oarcanjo.net\/site\/#website","url":"https:\/\/www.oarcanjo.net\/site\/","name":"O Arcanjo no ar","description":"Site da Par\u00f3quia S\u00e3o Miguel Arcanjo (Arquidiocese de SP)","publisher":{"@id":"https:\/\/www.oarcanjo.net\/site\/#organization"},"potentialAction":[{"@type":"SearchAction","target":{"@type":"EntryPoint","urlTemplate":"https:\/\/www.oarcanjo.net\/site\/?s={search_term_string}"},"query-input":{"@type":"PropertyValueSpecification","valueRequired":true,"valueName":"search_term_string"}}],"inLanguage":"pt-BR"},{"@type":"Organization","@id":"https:\/\/www.oarcanjo.net\/site\/#organization","name":"Par\u00f3quia S\u00e3o Miguel Arcanjo","url":"https:\/\/www.oarcanjo.net\/site\/","logo":{"@type":"ImageObject","inLanguage":"pt-BR","@id":"https:\/\/www.oarcanjo.net\/site\/#\/schema\/logo\/image\/","url":"https:\/\/www.oarcanjo.net\/site\/wp-content\/uploads\/LogoOArcanjo.png","contentUrl":"https:\/\/www.oarcanjo.net\/site\/wp-content\/uploads\/LogoOArcanjo.png","width":319,"height":99,"caption":"Par\u00f3quia S\u00e3o Miguel Arcanjo"},"image":{"@id":"https:\/\/www.oarcanjo.net\/site\/#\/schema\/logo\/image\/"},"sameAs":["https:\/\/www.facebook.com\/OArcanjoNoAr\/"]},{"@type":"Person","@id":"https:\/\/www.oarcanjo.net\/site\/#\/schema\/person\/5eb9480bedd2f3c97e430ce128c29c6c","name":"danilo"}]}},"publishpress_future_action":{"enabled":false,"date":"2026-05-09 01:04:27","action":"category","newStatus":"draft","terms":[],"taxonomy":"category"},"publishpress_future_workflow_manual_trigger":{"enabledWorkflows":[]},"_links":{"self":[{"href":"https:\/\/www.oarcanjo.net\/site\/wp-json\/wp\/v2\/posts\/10821"}],"collection":[{"href":"https:\/\/www.oarcanjo.net\/site\/wp-json\/wp\/v2\/posts"}],"about":[{"href":"https:\/\/www.oarcanjo.net\/site\/wp-json\/wp\/v2\/types\/post"}],"author":[{"embeddable":true,"href":"https:\/\/www.oarcanjo.net\/site\/wp-json\/wp\/v2\/users\/14"}],"replies":[{"embeddable":true,"href":"https:\/\/www.oarcanjo.net\/site\/wp-json\/wp\/v2\/comments?post=10821"}],"version-history":[{"count":0,"href":"https:\/\/www.oarcanjo.net\/site\/wp-json\/wp\/v2\/posts\/10821\/revisions"}],"wp:attachment":[{"href":"https:\/\/www.oarcanjo.net\/site\/wp-json\/wp\/v2\/media?parent=10821"}],"wp:term":[{"taxonomy":"category","embeddable":true,"href":"https:\/\/www.oarcanjo.net\/site\/wp-json\/wp\/v2\/categories?post=10821"},{"taxonomy":"post_tag","embeddable":true,"href":"https:\/\/www.oarcanjo.net\/site\/wp-json\/wp\/v2\/tags?post=10821"}],"curies":[{"name":"wp","href":"https:\/\/api.w.org\/{rel}","templated":true}]}}