
{"id":10824,"date":"2010-09-09T14:48:52","date_gmt":"2010-09-09T17:48:52","guid":{"rendered":"http:\/\/www.oarcanjo.net\/site\/?p=10824"},"modified":"2010-09-09T14:48:52","modified_gmt":"2010-09-09T17:48:52","slug":"o-brasil-de-amanha-os-brasileiros-escolhem","status":"publish","type":"post","link":"https:\/\/www.oarcanjo.net\/site\/o-brasil-de-amanha-os-brasileiros-escolhem\/","title":{"rendered":"O Brasil de amanh\u00e3: os brasileiros escolhem"},"content":{"rendered":"<p>\u00a0<em>Card. Odilo P. Scherer<\/em><\/p>\n<p>O Dia da P\u00e1tria evoca o momento hist\u00f3rico da independ\u00eancia do Brasil. O Grito do Ipiranga tem quase 190 anos e, naquele momento, despertou no cora\u00e7\u00e3o dos brasileiros sentimentos de liberdade, patriotismo e ufanismo nacional. E ainda agora, todos os anos, esses sentimentos se renovam nas comemora\u00e7\u00f5es do Dia da P\u00e1tria. Mas tamb\u00e9m ca\u00edmos na conta de que ainda h\u00e1 muito por fazer para que esses sonhos e aspira\u00e7\u00f5es se tornem realidade para todos os brasileiros.<\/p>\n<p>A depend\u00eancia colonial do Pa\u00eds continua ainda hoje, embora de formas diferentes, camuflada na trama das pol\u00edticas econ\u00f4micas, financeiras, comerciais e at\u00e9 culturais; independ\u00eancia e autonomia permanecem sonhos distantes na vida real de muitos brasileiros, que vivem na mis\u00e9ria, ou em condi\u00e7\u00f5es de grave precariedade econ\u00f4mica. A vida pol\u00edtica continua dominada por poderosos interesses de grupos, sem estar voltada para os interesses mais amplos da popula\u00e7\u00e3o, sobretudo daquelas camadas sociais mais necessitadas do Poder P\u00fablico para sua prote\u00e7\u00e3o e a promo\u00e7\u00e3o de sua dignidade. A independ\u00eancia do Brasil ainda tem etapas a percorrer; certamente est\u00e3o sendo dados passos na dire\u00e7\u00e3o justa, mas o povo precisa participar e estar atento para que este processo n\u00e3o passe por cima de suas cabe\u00e7as e frustre seus justos anseios.<\/p>\n<p>As pr\u00f3ximas elei\u00e7\u00f5es s\u00e3o uma ocasi\u00e3o para a participa\u00e7\u00e3o consciente de todos nas decis\u00f5es sobre os rumos do Brasil nos pr\u00f3ximos anos. Votar bem \u00e9 contribuir com a pr\u00f3pria parte para que o Brasil v\u00e1 bem. Nesse sentido, os Bispos do Estado de S\u00e3o Paulo, em sua assembl\u00e9ia anual de junho passado, elaboraram uma lista de orienta\u00e7\u00f5es. Votar bem ainda n\u00e3o \u00e9 tudo; mas deixando de fazer as escolhas certas agora, estaremos colaborando para que o Brasil seja mal governado, leis injustas e desajeitadas sejam aprovadas, a riqueza nacional seja administrada mal, ou at\u00e9 desviada de sua leg\u00edtima destina\u00e7\u00e3o e o atraso de vida se prolongue por mais tempo.<\/p>\n<p>Os cidad\u00e3os t\u00eam for\u00e7a pol\u00edtica e <strong><em>\u00e9 do povo que o poder pol\u00edtico emana<\/em><\/strong>. Na democracia, s\u00e3o os cidad\u00e3os que escolhem quem faz leis e governa. Por isso, o exerc\u00edcio desse poder, pelo voto, \u00e9 importante para o Pa\u00eds. Por sua vez, quem for eleito, deve exercer o <strong><em>poder pol\u00edtico como um servi\u00e7o ao Pa\u00eds e ao povo<\/em><\/strong>, de quem recebeu o mandato Por isso, \u00e9 bom verificar se os candidatos est\u00e3o comprometidos com as grandes quest\u00f5es, que requerem a\u00e7\u00f5es decididas dos governantes e legisladores, como a supera\u00e7\u00e3o da pobreza, a promo\u00e7\u00e3o de uma economia voltada para a cria\u00e7\u00e3o de postos de trabalho e a melhor distribui\u00e7\u00e3o da renda, a educa\u00e7\u00e3o de qualidade, sa\u00fade, moradia, saneamento b\u00e1sico para todos, respeito \u00e0 vida e defesa do meio ambiente. <strong><em>Governar bem \u00e9 governar para todos<\/em><\/strong>, e n\u00e3o apenas para grupos, que se beneficiam do governante ou legislador para alcan\u00e7ar ou proteger seus interesses particulares.<\/p>\n<p>\u00a0<strong><em>Pol\u00edtico bom est\u00e1 comprometido com o bem comum<\/em><\/strong>, que se expressa na liberdade, justi\u00e7a e solidariedade social, seguran\u00e7a p\u00fablica e cultura da paz, no pleno respeito \u00e0 dignidade da pessoa e seus fundamentais direitos, em especial, na inviolabilidade da vida humana desde a concep\u00e7\u00e3o at\u00e9 \u00e0 morte natural. S\u00e3o valores s\u00e3o fundamentais e irrenunci\u00e1veis para o conv\u00edvio social. Isso tamb\u00e9m requer a promo\u00e7\u00e3o de condi\u00e7\u00f5es econ\u00f4micas para a satisfa\u00e7\u00e3o das necessidades b\u00e1sicas e a vida digna da popula\u00e7\u00e3o, bem como o reconhecimento da leg\u00edtima posse de bens, preservada a dimens\u00e3o social da propriedade.\u00a0<\/p>\n<p>As elei\u00e7\u00f5es s\u00e3o o momento bom para escolher cidad\u00e3os dignos, probos e capazes de governar e legislar com sabedoria e prud\u00eancia; momento tamb\u00e9m de n\u00e3o conferir esta responsabilidade p\u00fablica t\u00e3o importante a cidad\u00e3os que n\u00e3o tenham <strong><em>\u201cficha limpa\u201d.<\/em><\/strong> Isso requer um esfor\u00e7o dos eleitores para conhecer os candidatos e para n\u00e3o votar de maneira inconsequente. Algu\u00e9m entregaria as chaves de sua casa a um zelador n\u00e3o-confi\u00e1vel? Ou a senha do cofre a um ladr\u00e3o comprovado?\u00a0<\/p>\n<p>Bom \u00e9 lembrar ainda que o <strong><em>voto n\u00e3o \u00e9 mercadoria e n\u00e3o deve ser vendido<\/em><\/strong>; isso seria corrup\u00e7\u00e3o eleitoral. Voto n\u00e3o tem pre\u00e7o, \u00e9 secreto e pessoal, mas n\u00e3o \u00e9 assunto particular, pois \u00e9 o exerc\u00edcio de uma responsabilidade p\u00fablica e tem consequ\u00eancias para a coletividade. <strong><em>Voto n\u00e3o se d\u00e1 em troca de favores, <\/em><\/strong>mas representa a liberdade e a dignidade de cada eleitor. N\u00e3o se deve vender barato (nem caro) a pr\u00f3pria dignidade! \u00c9 preciso examinar a hist\u00f3ria pessoal dos candidatos, suas id\u00e9ias e as propostas defendidas por eles e seus partidos; partidos s\u00e3o importantes, pois amarram a autonomia dos mandat\u00e1rios. Nas urnas, o eleitor deposita <strong><em>um \u201cvoto de confian\u00e7a\u201d<\/em><\/strong> nos candidatos. Confian\u00e7a \u00e9 dada a quem a gente conhece.<\/p>\n<p>\u00a0Algumas quest\u00f5es n\u00e3o devem ficar fora da considera\u00e7\u00e3o dos eleitores crist\u00e3os e cat\u00f3licos. A <strong><em>religi\u00e3o pertence \u00e0 identidade de um povo;<\/em><\/strong> d\u00ea seu voto de confian\u00e7a a pol\u00edticos comprometidos com a liberdade religiosa e de consci\u00eancia, o respeito pelas convic\u00e7\u00f5es religiosas dos cidad\u00e3os, seus s\u00edmbolos e institui\u00e7\u00f5es religiosas e a livre manifesta\u00e7\u00e3o de sua f\u00e9. <strong><em>A Fam\u00edlia \u00e9 um patrim\u00f4nio da humanidade e um bem insubstitu\u00edvel para a pessoa<\/em><\/strong>. Nosso voto pode fazer com que o Poder P\u00fablico promova o casamento e a fam\u00edlia bem constitu\u00edda, proteja a fam\u00edlia contra sua destrui\u00e7\u00e3o e lhe assegure condi\u00e7\u00f5es para cumprir bem sua miss\u00e3o. Mas nosso voto tamb\u00e9m pode ter o efeito contr\u00e1rio, dependendo de quem escolhemos. O casamento e a fam\u00edlia natural s\u00e3o patrim\u00f4nio da humanidade e a sociedade que descuida da fam\u00edlia destr\u00f3i suas pr\u00f3prias bases.\u00a0<\/p>\n<p>J\u00e1 escolheu seus candidatos? Eles se enquadram nas suas convic\u00e7\u00f5es? Se forem eleitos, o que pode ser feito para <strong><em>acompanhar o exerc\u00edcio do seu mandato<\/em><\/strong> e ver se cumprem o que prometeram e se fazem jus ao voto de confian\u00e7a que receberam?\u00a0<\/p>\n<p><em>Publicado em O S\u00c3O PAULO, ed. de 06.09.2010<\/em><\/p>\n<p><em>Card. Odilo P. Scherer<\/em><\/p>\n<p><em>Arcebispo de S\u00e3o Paulo<\/em><\/p>\n<div id=\"themify_builder_content-10824\" data-postid=\"10824\" class=\"themify_builder_content themify_builder_content-10824 themify_builder themify_builder_front\">\n\t<\/div>\n<!-- \/themify_builder_content -->","protected":false},"excerpt":{"rendered":"<p>\u00a0Card. Odilo P. Scherer O Dia da P\u00e1tria evoca o momento hist\u00f3rico da independ\u00eancia do Brasil. O Grito do Ipiranga tem quase 190 anos e, naquele momento, despertou no cora\u00e7\u00e3o dos brasileiros sentimentos de liberdade, patriotismo e ufanismo nacional. E ainda agora, todos os anos, esses sentimentos se renovam nas comemora\u00e7\u00f5es do Dia da P\u00e1tria. [&hellip;]<\/p>\n","protected":false},"author":15,"featured_media":0,"comment_status":"open","ping_status":"open","sticky":false,"template":"","format":"standard","meta":{"ngg_post_thumbnail":0,"footnotes":""},"categories":[9],"tags":[41,843],"yoast_head":"<!-- This site is optimized with the Yoast SEO plugin v23.5 - https:\/\/yoast.com\/wordpress\/plugins\/seo\/ -->\n<title>O Brasil de amanh\u00e3: os brasileiros escolhem - O Arcanjo no ar<\/title>\n<meta name=\"robots\" content=\"index, follow, max-snippet:-1, max-image-preview:large, max-video-preview:-1\" \/>\n<link rel=\"canonical\" href=\"https:\/\/www.oarcanjo.net\/site\/o-brasil-de-amanha-os-brasileiros-escolhem\/\" \/>\n<meta property=\"og:locale\" content=\"pt_BR\" \/>\n<meta property=\"og:type\" content=\"article\" \/>\n<meta property=\"og:title\" content=\"O Brasil de amanh\u00e3: os brasileiros escolhem - O Arcanjo no ar\" \/>\n<meta property=\"og:description\" content=\"\u00a0Card. Odilo P. Scherer O Dia da P\u00e1tria evoca o momento hist\u00f3rico da independ\u00eancia do Brasil. O Grito do Ipiranga tem quase 190 anos e, naquele momento, despertou no cora\u00e7\u00e3o dos brasileiros sentimentos de liberdade, patriotismo e ufanismo nacional. E ainda agora, todos os anos, esses sentimentos se renovam nas comemora\u00e7\u00f5es do Dia da P\u00e1tria. [&hellip;]\" \/>\n<meta property=\"og:url\" content=\"https:\/\/www.oarcanjo.net\/site\/o-brasil-de-amanha-os-brasileiros-escolhem\/\" \/>\n<meta property=\"og:site_name\" content=\"O Arcanjo no ar\" \/>\n<meta property=\"article:publisher\" content=\"https:\/\/www.facebook.com\/OArcanjoNoAr\/\" \/>\n<meta property=\"article:published_time\" content=\"2010-09-09T17:48:52+00:00\" \/>\n<meta property=\"og:image\" content=\"https:\/\/www.oarcanjo.net\/site\/wp-content\/uploads\/logo-o-arcanjo-no-ar-facebook.png\" \/>\n\t<meta property=\"og:image:width\" content=\"300\" \/>\n\t<meta property=\"og:image:height\" content=\"300\" \/>\n\t<meta property=\"og:image:type\" content=\"image\/png\" \/>\n<meta name=\"author\" content=\"Alexandre Nunes\" \/>\n<meta name=\"twitter:card\" content=\"summary_large_image\" \/>\n<meta name=\"twitter:label1\" content=\"Escrito por\" \/>\n\t<meta name=\"twitter:data1\" content=\"Alexandre Nunes\" \/>\n\t<meta name=\"twitter:label2\" content=\"Est. tempo de leitura\" \/>\n\t<meta name=\"twitter:data2\" content=\"5 minutos\" \/>\n<script type=\"application\/ld+json\" class=\"yoast-schema-graph\">{\"@context\":\"https:\/\/schema.org\",\"@graph\":[{\"@type\":\"Article\",\"@id\":\"https:\/\/www.oarcanjo.net\/site\/o-brasil-de-amanha-os-brasileiros-escolhem\/#article\",\"isPartOf\":{\"@id\":\"https:\/\/www.oarcanjo.net\/site\/o-brasil-de-amanha-os-brasileiros-escolhem\/\"},\"author\":{\"name\":\"Alexandre Nunes\",\"@id\":\"https:\/\/www.oarcanjo.net\/site\/#\/schema\/person\/0a2ae077c1a09b69d29928e3b9f1c0d1\"},\"headline\":\"O Brasil de amanh\u00e3: os brasileiros escolhem\",\"datePublished\":\"2010-09-09T17:48:52+00:00\",\"dateModified\":\"2010-09-09T17:48:52+00:00\",\"mainEntityOfPage\":{\"@id\":\"https:\/\/www.oarcanjo.net\/site\/o-brasil-de-amanha-os-brasileiros-escolhem\/\"},\"wordCount\":1089,\"commentCount\":0,\"publisher\":{\"@id\":\"https:\/\/www.oarcanjo.net\/site\/#organization\"},\"keywords\":[\"elei\u00e7\u00f5es\",\"Ficha Limpa\"],\"articleSection\":[\"Reflex\u00f5es\"],\"inLanguage\":\"pt-BR\",\"potentialAction\":[{\"@type\":\"CommentAction\",\"name\":\"Comment\",\"target\":[\"https:\/\/www.oarcanjo.net\/site\/o-brasil-de-amanha-os-brasileiros-escolhem\/#respond\"]}]},{\"@type\":\"WebPage\",\"@id\":\"https:\/\/www.oarcanjo.net\/site\/o-brasil-de-amanha-os-brasileiros-escolhem\/\",\"url\":\"https:\/\/www.oarcanjo.net\/site\/o-brasil-de-amanha-os-brasileiros-escolhem\/\",\"name\":\"O Brasil de amanh\u00e3: os brasileiros escolhem - O Arcanjo no ar\",\"isPartOf\":{\"@id\":\"https:\/\/www.oarcanjo.net\/site\/#website\"},\"datePublished\":\"2010-09-09T17:48:52+00:00\",\"dateModified\":\"2010-09-09T17:48:52+00:00\",\"breadcrumb\":{\"@id\":\"https:\/\/www.oarcanjo.net\/site\/o-brasil-de-amanha-os-brasileiros-escolhem\/#breadcrumb\"},\"inLanguage\":\"pt-BR\",\"potentialAction\":[{\"@type\":\"ReadAction\",\"target\":[\"https:\/\/www.oarcanjo.net\/site\/o-brasil-de-amanha-os-brasileiros-escolhem\/\"]}]},{\"@type\":\"BreadcrumbList\",\"@id\":\"https:\/\/www.oarcanjo.net\/site\/o-brasil-de-amanha-os-brasileiros-escolhem\/#breadcrumb\",\"itemListElement\":[{\"@type\":\"ListItem\",\"position\":1,\"name\":\"In\u00edcio\",\"item\":\"https:\/\/www.oarcanjo.net\/site\/\"},{\"@type\":\"ListItem\",\"position\":2,\"name\":\"O Brasil de amanh\u00e3: os brasileiros escolhem\"}]},{\"@type\":\"WebSite\",\"@id\":\"https:\/\/www.oarcanjo.net\/site\/#website\",\"url\":\"https:\/\/www.oarcanjo.net\/site\/\",\"name\":\"O Arcanjo no ar\",\"description\":\"Site da Par\u00f3quia S\u00e3o Miguel Arcanjo (Arquidiocese de SP)\",\"publisher\":{\"@id\":\"https:\/\/www.oarcanjo.net\/site\/#organization\"},\"potentialAction\":[{\"@type\":\"SearchAction\",\"target\":{\"@type\":\"EntryPoint\",\"urlTemplate\":\"https:\/\/www.oarcanjo.net\/site\/?s={search_term_string}\"},\"query-input\":{\"@type\":\"PropertyValueSpecification\",\"valueRequired\":true,\"valueName\":\"search_term_string\"}}],\"inLanguage\":\"pt-BR\"},{\"@type\":\"Organization\",\"@id\":\"https:\/\/www.oarcanjo.net\/site\/#organization\",\"name\":\"Par\u00f3quia S\u00e3o Miguel Arcanjo\",\"url\":\"https:\/\/www.oarcanjo.net\/site\/\",\"logo\":{\"@type\":\"ImageObject\",\"inLanguage\":\"pt-BR\",\"@id\":\"https:\/\/www.oarcanjo.net\/site\/#\/schema\/logo\/image\/\",\"url\":\"https:\/\/www.oarcanjo.net\/site\/wp-content\/uploads\/LogoOArcanjo.png\",\"contentUrl\":\"https:\/\/www.oarcanjo.net\/site\/wp-content\/uploads\/LogoOArcanjo.png\",\"width\":319,\"height\":99,\"caption\":\"Par\u00f3quia S\u00e3o Miguel Arcanjo\"},\"image\":{\"@id\":\"https:\/\/www.oarcanjo.net\/site\/#\/schema\/logo\/image\/\"},\"sameAs\":[\"https:\/\/www.facebook.com\/OArcanjoNoAr\/\"]},{\"@type\":\"Person\",\"@id\":\"https:\/\/www.oarcanjo.net\/site\/#\/schema\/person\/0a2ae077c1a09b69d29928e3b9f1c0d1\",\"name\":\"Alexandre Nunes\",\"sameAs\":[\"http:\/\/alexandrenu.com\"]}]}<\/script>\n<!-- \/ Yoast SEO plugin. -->","yoast_head_json":{"title":"O Brasil de amanh\u00e3: os brasileiros escolhem - O Arcanjo no ar","robots":{"index":"index","follow":"follow","max-snippet":"max-snippet:-1","max-image-preview":"max-image-preview:large","max-video-preview":"max-video-preview:-1"},"canonical":"https:\/\/www.oarcanjo.net\/site\/o-brasil-de-amanha-os-brasileiros-escolhem\/","og_locale":"pt_BR","og_type":"article","og_title":"O Brasil de amanh\u00e3: os brasileiros escolhem - O Arcanjo no ar","og_description":"\u00a0Card. Odilo P. Scherer O Dia da P\u00e1tria evoca o momento hist\u00f3rico da independ\u00eancia do Brasil. O Grito do Ipiranga tem quase 190 anos e, naquele momento, despertou no cora\u00e7\u00e3o dos brasileiros sentimentos de liberdade, patriotismo e ufanismo nacional. E ainda agora, todos os anos, esses sentimentos se renovam nas comemora\u00e7\u00f5es do Dia da P\u00e1tria. [&hellip;]","og_url":"https:\/\/www.oarcanjo.net\/site\/o-brasil-de-amanha-os-brasileiros-escolhem\/","og_site_name":"O Arcanjo no ar","article_publisher":"https:\/\/www.facebook.com\/OArcanjoNoAr\/","article_published_time":"2010-09-09T17:48:52+00:00","og_image":[{"width":300,"height":300,"url":"https:\/\/www.oarcanjo.net\/site\/wp-content\/uploads\/logo-o-arcanjo-no-ar-facebook.png","type":"image\/png"}],"author":"Alexandre Nunes","twitter_card":"summary_large_image","twitter_misc":{"Escrito por":"Alexandre Nunes","Est. tempo de leitura":"5 minutos"},"schema":{"@context":"https:\/\/schema.org","@graph":[{"@type":"Article","@id":"https:\/\/www.oarcanjo.net\/site\/o-brasil-de-amanha-os-brasileiros-escolhem\/#article","isPartOf":{"@id":"https:\/\/www.oarcanjo.net\/site\/o-brasil-de-amanha-os-brasileiros-escolhem\/"},"author":{"name":"Alexandre Nunes","@id":"https:\/\/www.oarcanjo.net\/site\/#\/schema\/person\/0a2ae077c1a09b69d29928e3b9f1c0d1"},"headline":"O Brasil de amanh\u00e3: os brasileiros escolhem","datePublished":"2010-09-09T17:48:52+00:00","dateModified":"2010-09-09T17:48:52+00:00","mainEntityOfPage":{"@id":"https:\/\/www.oarcanjo.net\/site\/o-brasil-de-amanha-os-brasileiros-escolhem\/"},"wordCount":1089,"commentCount":0,"publisher":{"@id":"https:\/\/www.oarcanjo.net\/site\/#organization"},"keywords":["elei\u00e7\u00f5es","Ficha Limpa"],"articleSection":["Reflex\u00f5es"],"inLanguage":"pt-BR","potentialAction":[{"@type":"CommentAction","name":"Comment","target":["https:\/\/www.oarcanjo.net\/site\/o-brasil-de-amanha-os-brasileiros-escolhem\/#respond"]}]},{"@type":"WebPage","@id":"https:\/\/www.oarcanjo.net\/site\/o-brasil-de-amanha-os-brasileiros-escolhem\/","url":"https:\/\/www.oarcanjo.net\/site\/o-brasil-de-amanha-os-brasileiros-escolhem\/","name":"O Brasil de amanh\u00e3: os brasileiros escolhem - O Arcanjo no ar","isPartOf":{"@id":"https:\/\/www.oarcanjo.net\/site\/#website"},"datePublished":"2010-09-09T17:48:52+00:00","dateModified":"2010-09-09T17:48:52+00:00","breadcrumb":{"@id":"https:\/\/www.oarcanjo.net\/site\/o-brasil-de-amanha-os-brasileiros-escolhem\/#breadcrumb"},"inLanguage":"pt-BR","potentialAction":[{"@type":"ReadAction","target":["https:\/\/www.oarcanjo.net\/site\/o-brasil-de-amanha-os-brasileiros-escolhem\/"]}]},{"@type":"BreadcrumbList","@id":"https:\/\/www.oarcanjo.net\/site\/o-brasil-de-amanha-os-brasileiros-escolhem\/#breadcrumb","itemListElement":[{"@type":"ListItem","position":1,"name":"In\u00edcio","item":"https:\/\/www.oarcanjo.net\/site\/"},{"@type":"ListItem","position":2,"name":"O Brasil de amanh\u00e3: os brasileiros escolhem"}]},{"@type":"WebSite","@id":"https:\/\/www.oarcanjo.net\/site\/#website","url":"https:\/\/www.oarcanjo.net\/site\/","name":"O Arcanjo no ar","description":"Site da Par\u00f3quia S\u00e3o Miguel Arcanjo (Arquidiocese de SP)","publisher":{"@id":"https:\/\/www.oarcanjo.net\/site\/#organization"},"potentialAction":[{"@type":"SearchAction","target":{"@type":"EntryPoint","urlTemplate":"https:\/\/www.oarcanjo.net\/site\/?s={search_term_string}"},"query-input":{"@type":"PropertyValueSpecification","valueRequired":true,"valueName":"search_term_string"}}],"inLanguage":"pt-BR"},{"@type":"Organization","@id":"https:\/\/www.oarcanjo.net\/site\/#organization","name":"Par\u00f3quia S\u00e3o Miguel Arcanjo","url":"https:\/\/www.oarcanjo.net\/site\/","logo":{"@type":"ImageObject","inLanguage":"pt-BR","@id":"https:\/\/www.oarcanjo.net\/site\/#\/schema\/logo\/image\/","url":"https:\/\/www.oarcanjo.net\/site\/wp-content\/uploads\/LogoOArcanjo.png","contentUrl":"https:\/\/www.oarcanjo.net\/site\/wp-content\/uploads\/LogoOArcanjo.png","width":319,"height":99,"caption":"Par\u00f3quia S\u00e3o Miguel Arcanjo"},"image":{"@id":"https:\/\/www.oarcanjo.net\/site\/#\/schema\/logo\/image\/"},"sameAs":["https:\/\/www.facebook.com\/OArcanjoNoAr\/"]},{"@type":"Person","@id":"https:\/\/www.oarcanjo.net\/site\/#\/schema\/person\/0a2ae077c1a09b69d29928e3b9f1c0d1","name":"Alexandre Nunes","sameAs":["http:\/\/alexandrenu.com"]}]}},"publishpress_future_action":{"enabled":false,"date":"2026-05-10 05:39:03","action":"category","newStatus":"draft","terms":[],"taxonomy":"category"},"publishpress_future_workflow_manual_trigger":{"enabledWorkflows":[]},"_links":{"self":[{"href":"https:\/\/www.oarcanjo.net\/site\/wp-json\/wp\/v2\/posts\/10824"}],"collection":[{"href":"https:\/\/www.oarcanjo.net\/site\/wp-json\/wp\/v2\/posts"}],"about":[{"href":"https:\/\/www.oarcanjo.net\/site\/wp-json\/wp\/v2\/types\/post"}],"author":[{"embeddable":true,"href":"https:\/\/www.oarcanjo.net\/site\/wp-json\/wp\/v2\/users\/15"}],"replies":[{"embeddable":true,"href":"https:\/\/www.oarcanjo.net\/site\/wp-json\/wp\/v2\/comments?post=10824"}],"version-history":[{"count":0,"href":"https:\/\/www.oarcanjo.net\/site\/wp-json\/wp\/v2\/posts\/10824\/revisions"}],"wp:attachment":[{"href":"https:\/\/www.oarcanjo.net\/site\/wp-json\/wp\/v2\/media?parent=10824"}],"wp:term":[{"taxonomy":"category","embeddable":true,"href":"https:\/\/www.oarcanjo.net\/site\/wp-json\/wp\/v2\/categories?post=10824"},{"taxonomy":"post_tag","embeddable":true,"href":"https:\/\/www.oarcanjo.net\/site\/wp-json\/wp\/v2\/tags?post=10824"}],"curies":[{"name":"wp","href":"https:\/\/api.w.org\/{rel}","templated":true}]}}