
{"id":10826,"date":"2017-09-15T00:49:18","date_gmt":"2017-09-15T03:49:18","guid":{"rendered":"http:\/\/www.oarcanjo.net\/site\/?p=10826"},"modified":"2017-07-31T08:28:55","modified_gmt":"2017-07-31T11:28:55","slug":"bem-aventurado-antonio-anton-maria-schwartz","status":"publish","type":"post","link":"https:\/\/www.oarcanjo.net\/site\/bem-aventurado-antonio-anton-maria-schwartz\/","title":{"rendered":"Bem Aventurado Antonio (Anton) Maria Schwartz"},"content":{"rendered":"<p><img loading=\"lazy\" decoding=\"async\" src=\"http:\/\/www.calasanz.org\/familia\/imagenes\/kalasantiner.jpg\" alt=\"\" width=\"200\" height=\"285\" \/><\/p>\n<p>15 de Setembro<\/p>\n<p>Fundou a Congrega\u00e7\u00e3o dos Pios Oper\u00e1rios<\/p>\n<p>Anton, para n\u00f3s Antonio, nasceu na humilde e crist\u00e3 fam\u00edlia Schwartz, no dia 28 de fevereiro de 1852, em Baden, \u00c1ustria, quarto de treze filhos. Seu pai era um simples oper\u00e1rio, sem profiss\u00e3o definida, enquanto sua m\u00e3e cuidava da casa e dos filhos, que estudavam na escola paroquial daquela cidade.<\/p>\n<p>Aos quinze anos, ficou \u00f3rf\u00e3o de pai, vivendo uma grave crise pessoal, que durou dois anos. Em 1869, recuperado, foi estudar na escola popular gratuita dos padres piaristas. L\u00e1, conheceu a obra do fundador, s\u00e3o Jos\u00e9 Calazans, tornando-se um seu devoto extremado.<\/p>\n<p>Mas tr\u00eas anos depois as atividades das escolas pias e da pr\u00f3pria Ordem foram suspensas na \u00c1ustria. Para completar sua forma\u00e7\u00e3o, ingressou no semin\u00e1rio diocesano, pois queria seguir a vida religiosa. Nessa \u00e9poca, passou por duas graves enfermidades, ambas curadas, segundo ele, por intercess\u00e3o de Nossa Senhora.<\/p>\n<p>Em 1875, ordenou-se sacerdote e assumiu o segundo nome. Padre Ant\u00f4nio Maria Schwartz foi capel\u00e3o por quatro anos, depois viajou para Viena, para promover assist\u00eancia espiritual aos doentes nos hospitais das Irm\u00e3s da Miseric\u00f3rdia de Schshaus. Al\u00e9m disso, come\u00e7ou a orientar, na religi\u00e3o, os oper\u00e1rios e os jovens aprendizes em forma\u00e7\u00e3o profissional. Tomando como base suas ra\u00edzes humildes, percebeu as necessidades desses oper\u00e1rios.<\/p>\n<p>Para proporcionar-lhes apoio e orienta\u00e7\u00e3o, fundou a &#8220;Uni\u00e3o dos Aprendizes Cat\u00f3licos sob a Prote\u00e7\u00e3o de S\u00e3o Jos\u00e9 Calasanz&#8221;, empreendendo uma intensa atividade pastoral. Sem, contudo, abandonar a assist\u00eancia que prestava aos doentes nos hospitais.<\/p>\n<p>Ap\u00f3s quatro anos, pediu ao cardeal de Viena que apoiasse essa Obra, mas o cardeal mostrou que n\u00e3o tinha recursos para financi\u00e1-la. Por isso padre Ant\u00f4nio Maria adoeceu literalmente, tanto que precisou dos cuidados das irm\u00e3s da Miseric\u00f3rdia. Dois anos. Esse foi o tempo necess\u00e1rio para o cardeal dar seu apoio e sua ajuda, permitindo que ele ficasse apenas com o apostolado junto aos oper\u00e1rios e aprendizes.<\/p>\n<p>Padre Ant\u00f4nio Maria recuperou o entusiasmo e, com total dedica\u00e7\u00e3o, em 1888, fundou o &#8220;Artesanato crist\u00e3o&#8221;, um jornal para os artes\u00e3os e oper\u00e1rios, que escreveu, durante um longo tempo, sozinho. Tamb\u00e9m buscou e conseguiu os meios para construir a primeira &#8220;igreja para os oper\u00e1rios de Viena&#8221;, um templo humilde e escondido pelas casas populares. Foi nessa igreja que, para melhor assisti-los, fundou a &#8220;Congrega\u00e7\u00e3o dos Pios Oper\u00e1rios&#8221;, adotando as Regras de s\u00e3o Jos\u00e9 de Calasanz, ainda hoje florescente.<\/p>\n<p>Ele vivificou sua Obra com valentia crist\u00e3 durante quarenta anos. O &#8220;Ap\u00f3stolo Oper\u00e1rio de Viena&#8221;, que dividia opini\u00f5es, permaneceu sempre fiel a si mesmo e \u00e0 Igreja de Cristo. Seus passos foram corajosos e chegou ao Parlamento, para conseguir lugares de forma\u00e7\u00e3o profissional para os jovens e para o justo repouso dominical dos oper\u00e1rios.<\/p>\n<p>Morreu em 15 de setembro de 1929, em Viena, \u00c1ustria. O papa Jo\u00e3o Paulo II proclamou-o bem-aventurado Ant\u00f4nio Maria Schwartz em 1998, designando a data da morte para a homenagem lit\u00fargica.<\/p>\n<p>HOMILIA DO PAPA JO\u00c3O PAULO II<br \/>\nDURANTE A A CERIM\u00d3NIA DE BEATIFICA\u00c7\u00c3O<br \/>\nDE TR\u00caS SERVOS DE DEUS<\/p>\n<p>Viena, 21 de Junho de 1998<\/p>\n<p>\u00a0O Padre Anton Maria Schwartz, h\u00e1 cem anos, preocupou-se com as condi\u00e7\u00f5es dos trabalhadores em Viena, dedicando-se em primeiro lugar aos jovens aprendizes em fase de forma\u00e7\u00e3o profissional. Tendo sempre presentes as pr\u00f3prias origens humildes, sentiu-se especialmente unido aos pobres oper\u00e1rios. Para a assist\u00eancia deles fundou, adoptando a regra de S\u00e3o Jos\u00e9 de Calasanz, a \u00abCongrega\u00e7\u00e3o dos Pios Oper\u00e1rios\u00bb, ainda hoje florescente. O seu grande desejo foi converter a sociedade a Cristo e restaur\u00e1-la n&#8217;Ele. Foi sens\u00edvel \u00e0s necessidades dos aprendizes e dos oper\u00e1rios, aos quais muitas vezes faltavam apoio e orienta\u00e7\u00e3o. O Padre Schwartz dedicava-se a eles com amor e criatividade, encontrando meios e vias para construir a primeira \u00abigreja para os oper\u00e1rios de Viena\u00bb. Este templo humilde e escondido pelas casas populares assemelha-se \u00e0 obra do seu fundador, que a vivificou durante quarenta anos.<\/p>\n<p>Diante do \u00abap\u00f3stolo oper\u00e1rio\u00bb de Viena as opini\u00f5es eram distintas. Muitos consideravam o seu empenho exagerado. Outros o julgavam digno da mais alta considera\u00e7\u00e3o. O Padre Schwartz permaneceu fiel a si mesmo e empreendeu tamb\u00e9m passos corajosos. Com os seus pedidos para lugares de forma\u00e7\u00e3o profissional para os jovens e para o repouso dominical, ele chegou ao \u00abReichstang\u00bb, ao Parlamento.<\/p>\n<p>Ele deixa-nos uma mensagem: Fazei todo o poss\u00edvel para salvaguardar o Domingo! Demonstrai que este dia n\u00e3o pode ser de trabalho, porque \u00e9 celebrado como dia do Senhor! Sustentai sobretudo os jovens privados de trabalho! Quem proporciona aos jovens de hoje a possibilidade de ganhar o pr\u00f3prio p\u00e3o, contribui para fazer com que os adultos de amanh\u00e3 possam transmitir aos seus filhos o sentido da vida. Bem sei que n\u00e3o h\u00e1 solu\u00e7\u00f5es f\u00e1ceis. Raz\u00e3o por que repito a exorta\u00e7\u00e3o sob a qual o Beato Padre Schwartz p\u00f4s todos os seus m\u00faltiplos esfor\u00e7os: \u00abDevemos orar mais!\u00bb.<\/p>\n<div id=\"themify_builder_content-10826\" data-postid=\"10826\" class=\"themify_builder_content themify_builder_content-10826 themify_builder themify_builder_front\">\n\t<\/div>\n<!-- \/themify_builder_content -->","protected":false},"excerpt":{"rendered":"<p>15 de Setembro Fundou a Congrega\u00e7\u00e3o dos Pios Oper\u00e1rios Anton, para n\u00f3s Antonio, nasceu na humilde e crist\u00e3 fam\u00edlia Schwartz, no dia 28 de fevereiro de 1852, em Baden, \u00c1ustria, quarto de treze filhos. Seu pai era um simples oper\u00e1rio, sem profiss\u00e3o definida, enquanto sua m\u00e3e cuidava da casa e dos filhos, que estudavam na [&hellip;]<\/p>\n","protected":false},"author":14,"featured_media":0,"comment_status":"open","ping_status":"open","sticky":false,"template":"","format":"standard","meta":{"ngg_post_thumbnail":0,"footnotes":""},"categories":[186],"tags":[],"yoast_head":"<!-- This site is optimized with the Yoast SEO plugin v23.5 - https:\/\/yoast.com\/wordpress\/plugins\/seo\/ -->\n<title>Bem Aventurado Antonio (Anton) Maria Schwartz - O Arcanjo no ar<\/title>\n<meta name=\"robots\" content=\"index, follow, max-snippet:-1, max-image-preview:large, max-video-preview:-1\" \/>\n<link rel=\"canonical\" href=\"https:\/\/www.oarcanjo.net\/site\/bem-aventurado-antonio-anton-maria-schwartz\/\" \/>\n<meta property=\"og:locale\" content=\"pt_BR\" \/>\n<meta property=\"og:type\" content=\"article\" \/>\n<meta property=\"og:title\" content=\"Bem Aventurado Antonio (Anton) Maria Schwartz - O Arcanjo no ar\" \/>\n<meta property=\"og:description\" content=\"15 de Setembro Fundou a Congrega\u00e7\u00e3o dos Pios Oper\u00e1rios Anton, para n\u00f3s Antonio, nasceu na humilde e crist\u00e3 fam\u00edlia Schwartz, no dia 28 de fevereiro de 1852, em Baden, \u00c1ustria, quarto de treze filhos. Seu pai era um simples oper\u00e1rio, sem profiss\u00e3o definida, enquanto sua m\u00e3e cuidava da casa e dos filhos, que estudavam na [&hellip;]\" \/>\n<meta property=\"og:url\" content=\"https:\/\/www.oarcanjo.net\/site\/bem-aventurado-antonio-anton-maria-schwartz\/\" \/>\n<meta property=\"og:site_name\" content=\"O Arcanjo no ar\" \/>\n<meta property=\"article:publisher\" content=\"https:\/\/www.facebook.com\/OArcanjoNoAr\/\" \/>\n<meta property=\"article:published_time\" content=\"2017-09-15T03:49:18+00:00\" \/>\n<meta property=\"article:modified_time\" content=\"2017-07-31T11:28:55+00:00\" \/>\n<meta property=\"og:image\" content=\"http:\/\/www.calasanz.org\/familia\/imagenes\/kalasantiner.jpg\" \/>\n<meta name=\"author\" content=\"danilo\" \/>\n<meta name=\"twitter:card\" content=\"summary_large_image\" \/>\n<meta name=\"twitter:label1\" content=\"Escrito por\" \/>\n\t<meta name=\"twitter:data1\" content=\"danilo\" \/>\n\t<meta name=\"twitter:label2\" content=\"Est. tempo de leitura\" \/>\n\t<meta name=\"twitter:data2\" content=\"4 minutos\" \/>\n<script type=\"application\/ld+json\" class=\"yoast-schema-graph\">{\"@context\":\"https:\/\/schema.org\",\"@graph\":[{\"@type\":\"Article\",\"@id\":\"https:\/\/www.oarcanjo.net\/site\/bem-aventurado-antonio-anton-maria-schwartz\/#article\",\"isPartOf\":{\"@id\":\"https:\/\/www.oarcanjo.net\/site\/bem-aventurado-antonio-anton-maria-schwartz\/\"},\"author\":{\"name\":\"danilo\",\"@id\":\"https:\/\/www.oarcanjo.net\/site\/#\/schema\/person\/5eb9480bedd2f3c97e430ce128c29c6c\"},\"headline\":\"Bem Aventurado Antonio (Anton) Maria Schwartz\",\"datePublished\":\"2017-09-15T03:49:18+00:00\",\"dateModified\":\"2017-07-31T11:28:55+00:00\",\"mainEntityOfPage\":{\"@id\":\"https:\/\/www.oarcanjo.net\/site\/bem-aventurado-antonio-anton-maria-schwartz\/\"},\"wordCount\":874,\"commentCount\":0,\"publisher\":{\"@id\":\"https:\/\/www.oarcanjo.net\/site\/#organization\"},\"image\":{\"@id\":\"https:\/\/www.oarcanjo.net\/site\/bem-aventurado-antonio-anton-maria-schwartz\/#primaryimage\"},\"thumbnailUrl\":\"http:\/\/www.calasanz.org\/familia\/imagenes\/kalasantiner.jpg\",\"articleSection\":[\"Testemunhos\"],\"inLanguage\":\"pt-BR\",\"potentialAction\":[{\"@type\":\"CommentAction\",\"name\":\"Comment\",\"target\":[\"https:\/\/www.oarcanjo.net\/site\/bem-aventurado-antonio-anton-maria-schwartz\/#respond\"]}]},{\"@type\":\"WebPage\",\"@id\":\"https:\/\/www.oarcanjo.net\/site\/bem-aventurado-antonio-anton-maria-schwartz\/\",\"url\":\"https:\/\/www.oarcanjo.net\/site\/bem-aventurado-antonio-anton-maria-schwartz\/\",\"name\":\"Bem Aventurado Antonio (Anton) Maria Schwartz - O Arcanjo no ar\",\"isPartOf\":{\"@id\":\"https:\/\/www.oarcanjo.net\/site\/#website\"},\"primaryImageOfPage\":{\"@id\":\"https:\/\/www.oarcanjo.net\/site\/bem-aventurado-antonio-anton-maria-schwartz\/#primaryimage\"},\"image\":{\"@id\":\"https:\/\/www.oarcanjo.net\/site\/bem-aventurado-antonio-anton-maria-schwartz\/#primaryimage\"},\"thumbnailUrl\":\"http:\/\/www.calasanz.org\/familia\/imagenes\/kalasantiner.jpg\",\"datePublished\":\"2017-09-15T03:49:18+00:00\",\"dateModified\":\"2017-07-31T11:28:55+00:00\",\"breadcrumb\":{\"@id\":\"https:\/\/www.oarcanjo.net\/site\/bem-aventurado-antonio-anton-maria-schwartz\/#breadcrumb\"},\"inLanguage\":\"pt-BR\",\"potentialAction\":[{\"@type\":\"ReadAction\",\"target\":[\"https:\/\/www.oarcanjo.net\/site\/bem-aventurado-antonio-anton-maria-schwartz\/\"]}]},{\"@type\":\"ImageObject\",\"inLanguage\":\"pt-BR\",\"@id\":\"https:\/\/www.oarcanjo.net\/site\/bem-aventurado-antonio-anton-maria-schwartz\/#primaryimage\",\"url\":\"http:\/\/www.calasanz.org\/familia\/imagenes\/kalasantiner.jpg\",\"contentUrl\":\"http:\/\/www.calasanz.org\/familia\/imagenes\/kalasantiner.jpg\"},{\"@type\":\"BreadcrumbList\",\"@id\":\"https:\/\/www.oarcanjo.net\/site\/bem-aventurado-antonio-anton-maria-schwartz\/#breadcrumb\",\"itemListElement\":[{\"@type\":\"ListItem\",\"position\":1,\"name\":\"In\u00edcio\",\"item\":\"https:\/\/www.oarcanjo.net\/site\/\"},{\"@type\":\"ListItem\",\"position\":2,\"name\":\"Bem Aventurado Antonio (Anton) Maria Schwartz\"}]},{\"@type\":\"WebSite\",\"@id\":\"https:\/\/www.oarcanjo.net\/site\/#website\",\"url\":\"https:\/\/www.oarcanjo.net\/site\/\",\"name\":\"O Arcanjo no ar\",\"description\":\"Site da Par\u00f3quia S\u00e3o Miguel Arcanjo (Arquidiocese de SP)\",\"publisher\":{\"@id\":\"https:\/\/www.oarcanjo.net\/site\/#organization\"},\"potentialAction\":[{\"@type\":\"SearchAction\",\"target\":{\"@type\":\"EntryPoint\",\"urlTemplate\":\"https:\/\/www.oarcanjo.net\/site\/?s={search_term_string}\"},\"query-input\":{\"@type\":\"PropertyValueSpecification\",\"valueRequired\":true,\"valueName\":\"search_term_string\"}}],\"inLanguage\":\"pt-BR\"},{\"@type\":\"Organization\",\"@id\":\"https:\/\/www.oarcanjo.net\/site\/#organization\",\"name\":\"Par\u00f3quia S\u00e3o Miguel Arcanjo\",\"url\":\"https:\/\/www.oarcanjo.net\/site\/\",\"logo\":{\"@type\":\"ImageObject\",\"inLanguage\":\"pt-BR\",\"@id\":\"https:\/\/www.oarcanjo.net\/site\/#\/schema\/logo\/image\/\",\"url\":\"https:\/\/www.oarcanjo.net\/site\/wp-content\/uploads\/LogoOArcanjo.png\",\"contentUrl\":\"https:\/\/www.oarcanjo.net\/site\/wp-content\/uploads\/LogoOArcanjo.png\",\"width\":319,\"height\":99,\"caption\":\"Par\u00f3quia S\u00e3o Miguel Arcanjo\"},\"image\":{\"@id\":\"https:\/\/www.oarcanjo.net\/site\/#\/schema\/logo\/image\/\"},\"sameAs\":[\"https:\/\/www.facebook.com\/OArcanjoNoAr\/\"]},{\"@type\":\"Person\",\"@id\":\"https:\/\/www.oarcanjo.net\/site\/#\/schema\/person\/5eb9480bedd2f3c97e430ce128c29c6c\",\"name\":\"danilo\"}]}<\/script>\n<!-- \/ Yoast SEO plugin. -->","yoast_head_json":{"title":"Bem Aventurado Antonio (Anton) Maria Schwartz - O Arcanjo no ar","robots":{"index":"index","follow":"follow","max-snippet":"max-snippet:-1","max-image-preview":"max-image-preview:large","max-video-preview":"max-video-preview:-1"},"canonical":"https:\/\/www.oarcanjo.net\/site\/bem-aventurado-antonio-anton-maria-schwartz\/","og_locale":"pt_BR","og_type":"article","og_title":"Bem Aventurado Antonio (Anton) Maria Schwartz - O Arcanjo no ar","og_description":"15 de Setembro Fundou a Congrega\u00e7\u00e3o dos Pios Oper\u00e1rios Anton, para n\u00f3s Antonio, nasceu na humilde e crist\u00e3 fam\u00edlia Schwartz, no dia 28 de fevereiro de 1852, em Baden, \u00c1ustria, quarto de treze filhos. Seu pai era um simples oper\u00e1rio, sem profiss\u00e3o definida, enquanto sua m\u00e3e cuidava da casa e dos filhos, que estudavam na [&hellip;]","og_url":"https:\/\/www.oarcanjo.net\/site\/bem-aventurado-antonio-anton-maria-schwartz\/","og_site_name":"O Arcanjo no ar","article_publisher":"https:\/\/www.facebook.com\/OArcanjoNoAr\/","article_published_time":"2017-09-15T03:49:18+00:00","article_modified_time":"2017-07-31T11:28:55+00:00","og_image":[{"url":"http:\/\/www.calasanz.org\/familia\/imagenes\/kalasantiner.jpg"}],"author":"danilo","twitter_card":"summary_large_image","twitter_misc":{"Escrito por":"danilo","Est. tempo de leitura":"4 minutos"},"schema":{"@context":"https:\/\/schema.org","@graph":[{"@type":"Article","@id":"https:\/\/www.oarcanjo.net\/site\/bem-aventurado-antonio-anton-maria-schwartz\/#article","isPartOf":{"@id":"https:\/\/www.oarcanjo.net\/site\/bem-aventurado-antonio-anton-maria-schwartz\/"},"author":{"name":"danilo","@id":"https:\/\/www.oarcanjo.net\/site\/#\/schema\/person\/5eb9480bedd2f3c97e430ce128c29c6c"},"headline":"Bem Aventurado Antonio (Anton) Maria Schwartz","datePublished":"2017-09-15T03:49:18+00:00","dateModified":"2017-07-31T11:28:55+00:00","mainEntityOfPage":{"@id":"https:\/\/www.oarcanjo.net\/site\/bem-aventurado-antonio-anton-maria-schwartz\/"},"wordCount":874,"commentCount":0,"publisher":{"@id":"https:\/\/www.oarcanjo.net\/site\/#organization"},"image":{"@id":"https:\/\/www.oarcanjo.net\/site\/bem-aventurado-antonio-anton-maria-schwartz\/#primaryimage"},"thumbnailUrl":"http:\/\/www.calasanz.org\/familia\/imagenes\/kalasantiner.jpg","articleSection":["Testemunhos"],"inLanguage":"pt-BR","potentialAction":[{"@type":"CommentAction","name":"Comment","target":["https:\/\/www.oarcanjo.net\/site\/bem-aventurado-antonio-anton-maria-schwartz\/#respond"]}]},{"@type":"WebPage","@id":"https:\/\/www.oarcanjo.net\/site\/bem-aventurado-antonio-anton-maria-schwartz\/","url":"https:\/\/www.oarcanjo.net\/site\/bem-aventurado-antonio-anton-maria-schwartz\/","name":"Bem Aventurado Antonio (Anton) Maria Schwartz - O Arcanjo no ar","isPartOf":{"@id":"https:\/\/www.oarcanjo.net\/site\/#website"},"primaryImageOfPage":{"@id":"https:\/\/www.oarcanjo.net\/site\/bem-aventurado-antonio-anton-maria-schwartz\/#primaryimage"},"image":{"@id":"https:\/\/www.oarcanjo.net\/site\/bem-aventurado-antonio-anton-maria-schwartz\/#primaryimage"},"thumbnailUrl":"http:\/\/www.calasanz.org\/familia\/imagenes\/kalasantiner.jpg","datePublished":"2017-09-15T03:49:18+00:00","dateModified":"2017-07-31T11:28:55+00:00","breadcrumb":{"@id":"https:\/\/www.oarcanjo.net\/site\/bem-aventurado-antonio-anton-maria-schwartz\/#breadcrumb"},"inLanguage":"pt-BR","potentialAction":[{"@type":"ReadAction","target":["https:\/\/www.oarcanjo.net\/site\/bem-aventurado-antonio-anton-maria-schwartz\/"]}]},{"@type":"ImageObject","inLanguage":"pt-BR","@id":"https:\/\/www.oarcanjo.net\/site\/bem-aventurado-antonio-anton-maria-schwartz\/#primaryimage","url":"http:\/\/www.calasanz.org\/familia\/imagenes\/kalasantiner.jpg","contentUrl":"http:\/\/www.calasanz.org\/familia\/imagenes\/kalasantiner.jpg"},{"@type":"BreadcrumbList","@id":"https:\/\/www.oarcanjo.net\/site\/bem-aventurado-antonio-anton-maria-schwartz\/#breadcrumb","itemListElement":[{"@type":"ListItem","position":1,"name":"In\u00edcio","item":"https:\/\/www.oarcanjo.net\/site\/"},{"@type":"ListItem","position":2,"name":"Bem Aventurado Antonio (Anton) Maria Schwartz"}]},{"@type":"WebSite","@id":"https:\/\/www.oarcanjo.net\/site\/#website","url":"https:\/\/www.oarcanjo.net\/site\/","name":"O Arcanjo no ar","description":"Site da Par\u00f3quia S\u00e3o Miguel Arcanjo (Arquidiocese de SP)","publisher":{"@id":"https:\/\/www.oarcanjo.net\/site\/#organization"},"potentialAction":[{"@type":"SearchAction","target":{"@type":"EntryPoint","urlTemplate":"https:\/\/www.oarcanjo.net\/site\/?s={search_term_string}"},"query-input":{"@type":"PropertyValueSpecification","valueRequired":true,"valueName":"search_term_string"}}],"inLanguage":"pt-BR"},{"@type":"Organization","@id":"https:\/\/www.oarcanjo.net\/site\/#organization","name":"Par\u00f3quia S\u00e3o Miguel Arcanjo","url":"https:\/\/www.oarcanjo.net\/site\/","logo":{"@type":"ImageObject","inLanguage":"pt-BR","@id":"https:\/\/www.oarcanjo.net\/site\/#\/schema\/logo\/image\/","url":"https:\/\/www.oarcanjo.net\/site\/wp-content\/uploads\/LogoOArcanjo.png","contentUrl":"https:\/\/www.oarcanjo.net\/site\/wp-content\/uploads\/LogoOArcanjo.png","width":319,"height":99,"caption":"Par\u00f3quia S\u00e3o Miguel Arcanjo"},"image":{"@id":"https:\/\/www.oarcanjo.net\/site\/#\/schema\/logo\/image\/"},"sameAs":["https:\/\/www.facebook.com\/OArcanjoNoAr\/"]},{"@type":"Person","@id":"https:\/\/www.oarcanjo.net\/site\/#\/schema\/person\/5eb9480bedd2f3c97e430ce128c29c6c","name":"danilo"}]}},"publishpress_future_action":{"enabled":false,"date":"2026-05-09 02:29:39","action":"category","newStatus":"draft","terms":[],"taxonomy":"category"},"publishpress_future_workflow_manual_trigger":{"enabledWorkflows":[]},"_links":{"self":[{"href":"https:\/\/www.oarcanjo.net\/site\/wp-json\/wp\/v2\/posts\/10826"}],"collection":[{"href":"https:\/\/www.oarcanjo.net\/site\/wp-json\/wp\/v2\/posts"}],"about":[{"href":"https:\/\/www.oarcanjo.net\/site\/wp-json\/wp\/v2\/types\/post"}],"author":[{"embeddable":true,"href":"https:\/\/www.oarcanjo.net\/site\/wp-json\/wp\/v2\/users\/14"}],"replies":[{"embeddable":true,"href":"https:\/\/www.oarcanjo.net\/site\/wp-json\/wp\/v2\/comments?post=10826"}],"version-history":[{"count":0,"href":"https:\/\/www.oarcanjo.net\/site\/wp-json\/wp\/v2\/posts\/10826\/revisions"}],"wp:attachment":[{"href":"https:\/\/www.oarcanjo.net\/site\/wp-json\/wp\/v2\/media?parent=10826"}],"wp:term":[{"taxonomy":"category","embeddable":true,"href":"https:\/\/www.oarcanjo.net\/site\/wp-json\/wp\/v2\/categories?post=10826"},{"taxonomy":"post_tag","embeddable":true,"href":"https:\/\/www.oarcanjo.net\/site\/wp-json\/wp\/v2\/tags?post=10826"}],"curies":[{"name":"wp","href":"https:\/\/api.w.org\/{rel}","templated":true}]}}