
{"id":108287,"date":"2021-05-01T11:11:36","date_gmt":"2021-05-01T14:11:36","guid":{"rendered":"https:\/\/www.oarcanjo.net\/site\/?p=108287"},"modified":"2021-05-02T15:43:13","modified_gmt":"2021-05-02T18:43:13","slug":"o-cineasta-carlos-pronzato-lanca-hoje-o-filme-padre-julio-lancellotti-fe-e-rebeldia","status":"publish","type":"post","link":"https:\/\/www.oarcanjo.net\/site\/o-cineasta-carlos-pronzato-lanca-hoje-o-filme-padre-julio-lancellotti-fe-e-rebeldia\/","title":{"rendered":"O cineasta Carlos Pronzato lan\u00e7a o filme &#8216;Padre Julio Lancellotti &#8211; F\u00e9 e Rebeldia&#8217;"},"content":{"rendered":"<div class=\"\" dir=\"auto\">\n<div id=\"jsc_c_8g\" class=\"ecm0bbzt hv4rvrfc ihqw7lf3 dati1w0a\" data-ad-comet-preview=\"message\" data-ad-preview=\"message\">\n<div class=\"j83agx80 cbu4d94t ew0dbk1b irj2b8pg\">\n<div class=\"qzhwtbm6 knvmm38d\">\n<div dir=\"auto\">\n<p>Com o objetivo de mostrar um pouco do trabalho do <a href=\"https:\/\/www.instagram.com\/padrejulio.lancellotti\/\" target=\"_blank\" rel=\"noreferrer noopener\">padre Julio Lancellotti<\/a> com os mais vulner\u00e1veis e dar visibilidade aos moradores de rua, o cineasta Carlos Pronzato dirigiu o document\u00e1rio &#8220;Padre Julio Lancellotti &#8211; F\u00e9 e Rebeldia&#8221; que ser\u00e1 lan\u00e7ado neste s\u00e1bado (01\/05), a partir das 17h, no <a href=\"https:\/\/www.youtube.com\/channel\/UCpQbUHc34JoE-j_qQ8UOXCg\" target=\"_blank\" rel=\"noreferrer noopener\">canal do YouTube<\/a> do cineasta.<\/p>\n<p>Pautando o enfrentamento \u00e0 cultura do descarte, com produ\u00e7\u00e3o de Paulo Pedrini, o filme tamb\u00e9m apresentar\u00e1 um pouco do perfil do sacerdote, passando por suas refer\u00eancias te\u00f3ricas e pr\u00e1ticas.<\/p>\n<p><strong>HOJE, 1\u00ba de maio, 17h.<br \/>\n<\/strong><strong>Canal de Carlos Pronzato no YouTube:<\/strong> <a class=\"oajrlxb2 g5ia77u1 qu0x051f esr5mh6w e9989ue4 r7d6kgcz rq0escxv nhd2j8a9 nc684nl6 p7hjln8o kvgmc6g5 cxmmr5t8 oygrvhab hcukyx3x jb3vyjys rz4wbd8a qt6c0cv9 a8nywdso i1ao9s8h esuyzwwr f1sip0of lzcic4wl py34i1dx gpro0wi8\" tabindex=\"0\" role=\"link\" href=\"https:\/\/www.youtube.com\/channel\/UCpQbUHc34JoE-j_qQ8UOXCg?fbclid=IwAR0dXXTVnHwfQCm8CIkgwwsQaNXK_BdMxJNNCxWQY3m3liFK1Zlkq_NxQ3E\" target=\"_blank\" rel=\"nofollow noopener\">https:\/\/www.youtube.com\/channel\/UCpQbUHc34JoE-j_qQ8UOXCg<\/a><\/p>\n<p>N\u00e3o perca!<\/p>\n<p><iframe loading=\"lazy\" title=\"YouTube video player\" src=\"https:\/\/www.youtube.com\/embed\/g223W92c5MU\" allowfullscreen=\"allowfullscreen\" width=\"700\" height=\"394\" frameborder=\"0\"><\/iframe><\/p>\n<\/div>\n<\/div>\n<\/div>\n<\/div>\n<\/div>\n<div id=\"themify_builder_content-108287\" data-postid=\"108287\" class=\"themify_builder_content themify_builder_content-108287 themify_builder themify_builder_front\">\n\t<\/div>\n<!-- \/themify_builder_content -->","protected":false},"excerpt":{"rendered":"<p>Com produ\u00e7\u00e3o de Paulo Pedrini, o filme apresenta um pouco do perfil do sacerdote, passando por suas refer\u00eancias te\u00f3ricas e pr\u00e1ticas.<\/p>\n","protected":false},"author":3,"featured_media":108289,"comment_status":"open","ping_status":"open","sticky":false,"template":"","format":"standard","meta":{"ngg_post_thumbnail":0,"footnotes":""},"categories":[3,477,8],"tags":[],"yoast_head":"<!-- This site is optimized with the Yoast SEO plugin v23.5 - https:\/\/yoast.com\/wordpress\/plugins\/seo\/ -->\n<title>O cineasta Carlos Pronzato lan\u00e7a o filme &#039;Padre Julio Lancellotti - F\u00e9 e Rebeldia&#039; - O Arcanjo no ar<\/title>\n<meta name=\"robots\" content=\"index, follow, max-snippet:-1, max-image-preview:large, max-video-preview:-1\" \/>\n<link rel=\"canonical\" href=\"https:\/\/www.oarcanjo.net\/site\/o-cineasta-carlos-pronzato-lanca-hoje-o-filme-padre-julio-lancellotti-fe-e-rebeldia\/\" \/>\n<meta property=\"og:locale\" content=\"pt_BR\" \/>\n<meta property=\"og:type\" content=\"article\" \/>\n<meta property=\"og:title\" content=\"O cineasta Carlos Pronzato lan\u00e7a o filme &#039;Padre Julio Lancellotti - F\u00e9 e Rebeldia&#039; - O Arcanjo no ar\" \/>\n<meta property=\"og:description\" content=\"Com produ\u00e7\u00e3o de Paulo Pedrini, o filme apresenta um pouco do perfil do sacerdote, passando por suas refer\u00eancias te\u00f3ricas e pr\u00e1ticas.\" \/>\n<meta property=\"og:url\" content=\"https:\/\/www.oarcanjo.net\/site\/o-cineasta-carlos-pronzato-lanca-hoje-o-filme-padre-julio-lancellotti-fe-e-rebeldia\/\" \/>\n<meta property=\"og:site_name\" content=\"O Arcanjo no ar\" \/>\n<meta property=\"article:publisher\" content=\"https:\/\/www.facebook.com\/OArcanjoNoAr\/\" \/>\n<meta property=\"article:published_time\" content=\"2021-05-01T14:11:36+00:00\" \/>\n<meta property=\"article:modified_time\" content=\"2021-05-02T18:43:13+00:00\" \/>\n<meta property=\"og:image\" content=\"https:\/\/www.oarcanjo.net\/site\/wp-content\/uploads\/banner-pe-julio-lancellotti-fe-e-rebeldia.jpg\" \/>\n\t<meta property=\"og:image:width\" content=\"1920\" \/>\n\t<meta property=\"og:image:height\" content=\"1080\" \/>\n\t<meta property=\"og:image:type\" content=\"image\/jpeg\" \/>\n<meta name=\"author\" content=\"miriam.meyer\" \/>\n<meta name=\"twitter:card\" content=\"summary_large_image\" \/>\n<meta name=\"twitter:label1\" content=\"Escrito por\" \/>\n\t<meta name=\"twitter:data1\" content=\"miriam.meyer\" \/>\n\t<meta name=\"twitter:label2\" content=\"Est. tempo de leitura\" \/>\n\t<meta name=\"twitter:data2\" content=\"1 minuto\" \/>\n<script type=\"application\/ld+json\" class=\"yoast-schema-graph\">{\"@context\":\"https:\/\/schema.org\",\"@graph\":[{\"@type\":\"Article\",\"@id\":\"https:\/\/www.oarcanjo.net\/site\/o-cineasta-carlos-pronzato-lanca-hoje-o-filme-padre-julio-lancellotti-fe-e-rebeldia\/#article\",\"isPartOf\":{\"@id\":\"https:\/\/www.oarcanjo.net\/site\/o-cineasta-carlos-pronzato-lanca-hoje-o-filme-padre-julio-lancellotti-fe-e-rebeldia\/\"},\"author\":{\"name\":\"miriam.meyer\",\"@id\":\"https:\/\/www.oarcanjo.net\/site\/#\/schema\/person\/ce0fba3450314a09c6442cfee983a3d8\"},\"headline\":\"O cineasta Carlos Pronzato lan\u00e7a o filme &#8216;Padre Julio Lancellotti &#8211; F\u00e9 e Rebeldia&#8217;\",\"datePublished\":\"2021-05-01T14:11:36+00:00\",\"dateModified\":\"2021-05-02T18:43:13+00:00\",\"mainEntityOfPage\":{\"@id\":\"https:\/\/www.oarcanjo.net\/site\/o-cineasta-carlos-pronzato-lanca-hoje-o-filme-padre-julio-lancellotti-fe-e-rebeldia\/\"},\"wordCount\":127,\"commentCount\":0,\"publisher\":{\"@id\":\"https:\/\/www.oarcanjo.net\/site\/#organization\"},\"image\":{\"@id\":\"https:\/\/www.oarcanjo.net\/site\/o-cineasta-carlos-pronzato-lanca-hoje-o-filme-padre-julio-lancellotti-fe-e-rebeldia\/#primaryimage\"},\"thumbnailUrl\":\"https:\/\/www.oarcanjo.net\/site\/wp-content\/uploads\/banner-pe-julio-lancellotti-fe-e-rebeldia.jpg\",\"articleSection\":[\"Destaques\",\"Eventos\",\"Not\u00edcias\"],\"inLanguage\":\"pt-BR\",\"potentialAction\":[{\"@type\":\"CommentAction\",\"name\":\"Comment\",\"target\":[\"https:\/\/www.oarcanjo.net\/site\/o-cineasta-carlos-pronzato-lanca-hoje-o-filme-padre-julio-lancellotti-fe-e-rebeldia\/#respond\"]}]},{\"@type\":\"WebPage\",\"@id\":\"https:\/\/www.oarcanjo.net\/site\/o-cineasta-carlos-pronzato-lanca-hoje-o-filme-padre-julio-lancellotti-fe-e-rebeldia\/\",\"url\":\"https:\/\/www.oarcanjo.net\/site\/o-cineasta-carlos-pronzato-lanca-hoje-o-filme-padre-julio-lancellotti-fe-e-rebeldia\/\",\"name\":\"O cineasta Carlos Pronzato lan\u00e7a o filme 'Padre Julio Lancellotti - F\u00e9 e Rebeldia' - O Arcanjo no ar\",\"isPartOf\":{\"@id\":\"https:\/\/www.oarcanjo.net\/site\/#website\"},\"primaryImageOfPage\":{\"@id\":\"https:\/\/www.oarcanjo.net\/site\/o-cineasta-carlos-pronzato-lanca-hoje-o-filme-padre-julio-lancellotti-fe-e-rebeldia\/#primaryimage\"},\"image\":{\"@id\":\"https:\/\/www.oarcanjo.net\/site\/o-cineasta-carlos-pronzato-lanca-hoje-o-filme-padre-julio-lancellotti-fe-e-rebeldia\/#primaryimage\"},\"thumbnailUrl\":\"https:\/\/www.oarcanjo.net\/site\/wp-content\/uploads\/banner-pe-julio-lancellotti-fe-e-rebeldia.jpg\",\"datePublished\":\"2021-05-01T14:11:36+00:00\",\"dateModified\":\"2021-05-02T18:43:13+00:00\",\"breadcrumb\":{\"@id\":\"https:\/\/www.oarcanjo.net\/site\/o-cineasta-carlos-pronzato-lanca-hoje-o-filme-padre-julio-lancellotti-fe-e-rebeldia\/#breadcrumb\"},\"inLanguage\":\"pt-BR\",\"potentialAction\":[{\"@type\":\"ReadAction\",\"target\":[\"https:\/\/www.oarcanjo.net\/site\/o-cineasta-carlos-pronzato-lanca-hoje-o-filme-padre-julio-lancellotti-fe-e-rebeldia\/\"]}]},{\"@type\":\"ImageObject\",\"inLanguage\":\"pt-BR\",\"@id\":\"https:\/\/www.oarcanjo.net\/site\/o-cineasta-carlos-pronzato-lanca-hoje-o-filme-padre-julio-lancellotti-fe-e-rebeldia\/#primaryimage\",\"url\":\"https:\/\/www.oarcanjo.net\/site\/wp-content\/uploads\/banner-pe-julio-lancellotti-fe-e-rebeldia.jpg\",\"contentUrl\":\"https:\/\/www.oarcanjo.net\/site\/wp-content\/uploads\/banner-pe-julio-lancellotti-fe-e-rebeldia.jpg\",\"width\":1920,\"height\":1080},{\"@type\":\"BreadcrumbList\",\"@id\":\"https:\/\/www.oarcanjo.net\/site\/o-cineasta-carlos-pronzato-lanca-hoje-o-filme-padre-julio-lancellotti-fe-e-rebeldia\/#breadcrumb\",\"itemListElement\":[{\"@type\":\"ListItem\",\"position\":1,\"name\":\"In\u00edcio\",\"item\":\"https:\/\/www.oarcanjo.net\/site\/\"},{\"@type\":\"ListItem\",\"position\":2,\"name\":\"O cineasta Carlos Pronzato lan\u00e7a o filme &#8216;Padre Julio Lancellotti &#8211; F\u00e9 e Rebeldia&#8217;\"}]},{\"@type\":\"WebSite\",\"@id\":\"https:\/\/www.oarcanjo.net\/site\/#website\",\"url\":\"https:\/\/www.oarcanjo.net\/site\/\",\"name\":\"O Arcanjo no ar\",\"description\":\"Site da Par\u00f3quia S\u00e3o Miguel Arcanjo (Arquidiocese de SP)\",\"publisher\":{\"@id\":\"https:\/\/www.oarcanjo.net\/site\/#organization\"},\"potentialAction\":[{\"@type\":\"SearchAction\",\"target\":{\"@type\":\"EntryPoint\",\"urlTemplate\":\"https:\/\/www.oarcanjo.net\/site\/?s={search_term_string}\"},\"query-input\":{\"@type\":\"PropertyValueSpecification\",\"valueRequired\":true,\"valueName\":\"search_term_string\"}}],\"inLanguage\":\"pt-BR\"},{\"@type\":\"Organization\",\"@id\":\"https:\/\/www.oarcanjo.net\/site\/#organization\",\"name\":\"Par\u00f3quia S\u00e3o Miguel Arcanjo\",\"url\":\"https:\/\/www.oarcanjo.net\/site\/\",\"logo\":{\"@type\":\"ImageObject\",\"inLanguage\":\"pt-BR\",\"@id\":\"https:\/\/www.oarcanjo.net\/site\/#\/schema\/logo\/image\/\",\"url\":\"https:\/\/www.oarcanjo.net\/site\/wp-content\/uploads\/LogoOArcanjo.png\",\"contentUrl\":\"https:\/\/www.oarcanjo.net\/site\/wp-content\/uploads\/LogoOArcanjo.png\",\"width\":319,\"height\":99,\"caption\":\"Par\u00f3quia S\u00e3o Miguel Arcanjo\"},\"image\":{\"@id\":\"https:\/\/www.oarcanjo.net\/site\/#\/schema\/logo\/image\/\"},\"sameAs\":[\"https:\/\/www.facebook.com\/OArcanjoNoAr\/\"]},{\"@type\":\"Person\",\"@id\":\"https:\/\/www.oarcanjo.net\/site\/#\/schema\/person\/ce0fba3450314a09c6442cfee983a3d8\",\"name\":\"miriam.meyer\"}]}<\/script>\n<!-- \/ Yoast SEO plugin. -->","yoast_head_json":{"title":"O cineasta Carlos Pronzato lan\u00e7a o filme 'Padre Julio Lancellotti - F\u00e9 e Rebeldia' - O Arcanjo no ar","robots":{"index":"index","follow":"follow","max-snippet":"max-snippet:-1","max-image-preview":"max-image-preview:large","max-video-preview":"max-video-preview:-1"},"canonical":"https:\/\/www.oarcanjo.net\/site\/o-cineasta-carlos-pronzato-lanca-hoje-o-filme-padre-julio-lancellotti-fe-e-rebeldia\/","og_locale":"pt_BR","og_type":"article","og_title":"O cineasta Carlos Pronzato lan\u00e7a o filme 'Padre Julio Lancellotti - F\u00e9 e Rebeldia' - O Arcanjo no ar","og_description":"Com produ\u00e7\u00e3o de Paulo Pedrini, o filme apresenta um pouco do perfil do sacerdote, passando por suas refer\u00eancias te\u00f3ricas e pr\u00e1ticas.","og_url":"https:\/\/www.oarcanjo.net\/site\/o-cineasta-carlos-pronzato-lanca-hoje-o-filme-padre-julio-lancellotti-fe-e-rebeldia\/","og_site_name":"O Arcanjo no ar","article_publisher":"https:\/\/www.facebook.com\/OArcanjoNoAr\/","article_published_time":"2021-05-01T14:11:36+00:00","article_modified_time":"2021-05-02T18:43:13+00:00","og_image":[{"width":1920,"height":1080,"url":"https:\/\/www.oarcanjo.net\/site\/wp-content\/uploads\/banner-pe-julio-lancellotti-fe-e-rebeldia.jpg","type":"image\/jpeg"}],"author":"miriam.meyer","twitter_card":"summary_large_image","twitter_misc":{"Escrito por":"miriam.meyer","Est. tempo de leitura":"1 minuto"},"schema":{"@context":"https:\/\/schema.org","@graph":[{"@type":"Article","@id":"https:\/\/www.oarcanjo.net\/site\/o-cineasta-carlos-pronzato-lanca-hoje-o-filme-padre-julio-lancellotti-fe-e-rebeldia\/#article","isPartOf":{"@id":"https:\/\/www.oarcanjo.net\/site\/o-cineasta-carlos-pronzato-lanca-hoje-o-filme-padre-julio-lancellotti-fe-e-rebeldia\/"},"author":{"name":"miriam.meyer","@id":"https:\/\/www.oarcanjo.net\/site\/#\/schema\/person\/ce0fba3450314a09c6442cfee983a3d8"},"headline":"O cineasta Carlos Pronzato lan\u00e7a o filme &#8216;Padre Julio Lancellotti &#8211; F\u00e9 e Rebeldia&#8217;","datePublished":"2021-05-01T14:11:36+00:00","dateModified":"2021-05-02T18:43:13+00:00","mainEntityOfPage":{"@id":"https:\/\/www.oarcanjo.net\/site\/o-cineasta-carlos-pronzato-lanca-hoje-o-filme-padre-julio-lancellotti-fe-e-rebeldia\/"},"wordCount":127,"commentCount":0,"publisher":{"@id":"https:\/\/www.oarcanjo.net\/site\/#organization"},"image":{"@id":"https:\/\/www.oarcanjo.net\/site\/o-cineasta-carlos-pronzato-lanca-hoje-o-filme-padre-julio-lancellotti-fe-e-rebeldia\/#primaryimage"},"thumbnailUrl":"https:\/\/www.oarcanjo.net\/site\/wp-content\/uploads\/banner-pe-julio-lancellotti-fe-e-rebeldia.jpg","articleSection":["Destaques","Eventos","Not\u00edcias"],"inLanguage":"pt-BR","potentialAction":[{"@type":"CommentAction","name":"Comment","target":["https:\/\/www.oarcanjo.net\/site\/o-cineasta-carlos-pronzato-lanca-hoje-o-filme-padre-julio-lancellotti-fe-e-rebeldia\/#respond"]}]},{"@type":"WebPage","@id":"https:\/\/www.oarcanjo.net\/site\/o-cineasta-carlos-pronzato-lanca-hoje-o-filme-padre-julio-lancellotti-fe-e-rebeldia\/","url":"https:\/\/www.oarcanjo.net\/site\/o-cineasta-carlos-pronzato-lanca-hoje-o-filme-padre-julio-lancellotti-fe-e-rebeldia\/","name":"O cineasta Carlos Pronzato lan\u00e7a o filme 'Padre Julio Lancellotti - F\u00e9 e Rebeldia' - O Arcanjo no ar","isPartOf":{"@id":"https:\/\/www.oarcanjo.net\/site\/#website"},"primaryImageOfPage":{"@id":"https:\/\/www.oarcanjo.net\/site\/o-cineasta-carlos-pronzato-lanca-hoje-o-filme-padre-julio-lancellotti-fe-e-rebeldia\/#primaryimage"},"image":{"@id":"https:\/\/www.oarcanjo.net\/site\/o-cineasta-carlos-pronzato-lanca-hoje-o-filme-padre-julio-lancellotti-fe-e-rebeldia\/#primaryimage"},"thumbnailUrl":"https:\/\/www.oarcanjo.net\/site\/wp-content\/uploads\/banner-pe-julio-lancellotti-fe-e-rebeldia.jpg","datePublished":"2021-05-01T14:11:36+00:00","dateModified":"2021-05-02T18:43:13+00:00","breadcrumb":{"@id":"https:\/\/www.oarcanjo.net\/site\/o-cineasta-carlos-pronzato-lanca-hoje-o-filme-padre-julio-lancellotti-fe-e-rebeldia\/#breadcrumb"},"inLanguage":"pt-BR","potentialAction":[{"@type":"ReadAction","target":["https:\/\/www.oarcanjo.net\/site\/o-cineasta-carlos-pronzato-lanca-hoje-o-filme-padre-julio-lancellotti-fe-e-rebeldia\/"]}]},{"@type":"ImageObject","inLanguage":"pt-BR","@id":"https:\/\/www.oarcanjo.net\/site\/o-cineasta-carlos-pronzato-lanca-hoje-o-filme-padre-julio-lancellotti-fe-e-rebeldia\/#primaryimage","url":"https:\/\/www.oarcanjo.net\/site\/wp-content\/uploads\/banner-pe-julio-lancellotti-fe-e-rebeldia.jpg","contentUrl":"https:\/\/www.oarcanjo.net\/site\/wp-content\/uploads\/banner-pe-julio-lancellotti-fe-e-rebeldia.jpg","width":1920,"height":1080},{"@type":"BreadcrumbList","@id":"https:\/\/www.oarcanjo.net\/site\/o-cineasta-carlos-pronzato-lanca-hoje-o-filme-padre-julio-lancellotti-fe-e-rebeldia\/#breadcrumb","itemListElement":[{"@type":"ListItem","position":1,"name":"In\u00edcio","item":"https:\/\/www.oarcanjo.net\/site\/"},{"@type":"ListItem","position":2,"name":"O cineasta Carlos Pronzato lan\u00e7a o filme &#8216;Padre Julio Lancellotti &#8211; F\u00e9 e Rebeldia&#8217;"}]},{"@type":"WebSite","@id":"https:\/\/www.oarcanjo.net\/site\/#website","url":"https:\/\/www.oarcanjo.net\/site\/","name":"O Arcanjo no ar","description":"Site da Par\u00f3quia S\u00e3o Miguel Arcanjo (Arquidiocese de SP)","publisher":{"@id":"https:\/\/www.oarcanjo.net\/site\/#organization"},"potentialAction":[{"@type":"SearchAction","target":{"@type":"EntryPoint","urlTemplate":"https:\/\/www.oarcanjo.net\/site\/?s={search_term_string}"},"query-input":{"@type":"PropertyValueSpecification","valueRequired":true,"valueName":"search_term_string"}}],"inLanguage":"pt-BR"},{"@type":"Organization","@id":"https:\/\/www.oarcanjo.net\/site\/#organization","name":"Par\u00f3quia S\u00e3o Miguel Arcanjo","url":"https:\/\/www.oarcanjo.net\/site\/","logo":{"@type":"ImageObject","inLanguage":"pt-BR","@id":"https:\/\/www.oarcanjo.net\/site\/#\/schema\/logo\/image\/","url":"https:\/\/www.oarcanjo.net\/site\/wp-content\/uploads\/LogoOArcanjo.png","contentUrl":"https:\/\/www.oarcanjo.net\/site\/wp-content\/uploads\/LogoOArcanjo.png","width":319,"height":99,"caption":"Par\u00f3quia S\u00e3o Miguel Arcanjo"},"image":{"@id":"https:\/\/www.oarcanjo.net\/site\/#\/schema\/logo\/image\/"},"sameAs":["https:\/\/www.facebook.com\/OArcanjoNoAr\/"]},{"@type":"Person","@id":"https:\/\/www.oarcanjo.net\/site\/#\/schema\/person\/ce0fba3450314a09c6442cfee983a3d8","name":"miriam.meyer"}]}},"publishpress_future_action":{"enabled":false,"date":"2026-05-06 16:40:21","action":"category","newStatus":"draft","terms":[],"taxonomy":"category"},"publishpress_future_workflow_manual_trigger":{"enabledWorkflows":[]},"_links":{"self":[{"href":"https:\/\/www.oarcanjo.net\/site\/wp-json\/wp\/v2\/posts\/108287"}],"collection":[{"href":"https:\/\/www.oarcanjo.net\/site\/wp-json\/wp\/v2\/posts"}],"about":[{"href":"https:\/\/www.oarcanjo.net\/site\/wp-json\/wp\/v2\/types\/post"}],"author":[{"embeddable":true,"href":"https:\/\/www.oarcanjo.net\/site\/wp-json\/wp\/v2\/users\/3"}],"replies":[{"embeddable":true,"href":"https:\/\/www.oarcanjo.net\/site\/wp-json\/wp\/v2\/comments?post=108287"}],"version-history":[{"count":6,"href":"https:\/\/www.oarcanjo.net\/site\/wp-json\/wp\/v2\/posts\/108287\/revisions"}],"predecessor-version":[{"id":108338,"href":"https:\/\/www.oarcanjo.net\/site\/wp-json\/wp\/v2\/posts\/108287\/revisions\/108338"}],"wp:featuredmedia":[{"embeddable":true,"href":"https:\/\/www.oarcanjo.net\/site\/wp-json\/wp\/v2\/media\/108289"}],"wp:attachment":[{"href":"https:\/\/www.oarcanjo.net\/site\/wp-json\/wp\/v2\/media?parent=108287"}],"wp:term":[{"taxonomy":"category","embeddable":true,"href":"https:\/\/www.oarcanjo.net\/site\/wp-json\/wp\/v2\/categories?post=108287"},{"taxonomy":"post_tag","embeddable":true,"href":"https:\/\/www.oarcanjo.net\/site\/wp-json\/wp\/v2\/tags?post=108287"}],"curies":[{"name":"wp","href":"https:\/\/api.w.org\/{rel}","templated":true}]}}