
{"id":10832,"date":"2017-09-16T00:02:55","date_gmt":"2017-09-16T03:02:55","guid":{"rendered":"http:\/\/www.oarcanjo.net\/site\/?p=10832"},"modified":"2017-07-31T08:30:04","modified_gmt":"2017-07-31T11:30:04","slug":"sao-cipriano","status":"publish","type":"post","link":"https:\/\/www.oarcanjo.net\/site\/sao-cipriano\/","title":{"rendered":"S\u00e3o Cipriano"},"content":{"rendered":"<p><img loading=\"lazy\" decoding=\"async\" src=\"http:\/\/1.bp.blogspot.com\/_1-CIvQATsa8\/Suq89rRWqEI\/AAAAAAAAAmg\/6nqPxLQ248o\/s320\/s%C3%A3o-cipriano-blog-ruadasflores.jpg\" alt=\"\" width=\"191\" height=\"194\" \/><\/p>\n<p>16 de Setembro<\/p>\n<p>Cipriano era filho de uma nobre e rica fam\u00edlia africana de Cartago, capital romana na no norte da \u00c1frica. Foi considerado um dos personagens mais empolgantes e importantes do s\u00e9culo III. Primeiro pelo destaque alcan\u00e7ado como advogado, quando ainda era pag\u00e3o. Depois por ser considerado um mestre da ret\u00f3rica e defensor irrestrito da unidade da Igreja. Mas o fator principal foi sua convers\u00e3o ao cristianismo, j\u00e1 na maturidade, entre os trinta e cinco e quarenta anos de idade, causando um grande alvoro\u00e7o e espanto na sociedade da \u00e9poca.<\/p>\n<p>Cipriano n\u00e3o deixou apenas sua vida de pag\u00e3o, mas tamb\u00e9m distribuiu quase toda a sua fortuna entre os pobres, renunciando \u00e0 ci\u00eancia profana da qual se alimentara at\u00e9 ent\u00e3o. Com muito pouco tempo, foi ordenado sacerdote e, por elei\u00e7\u00e3o direta do clero e do povo, imediatamente substituiu o bispo de Cartago logo ap\u00f3s sua morte. Cipriano o fez contrariando seu pr\u00f3prio desejo, mas em obedi\u00eancia \u00e0 Igreja.<\/p>\n<p>Nos anos de 249 a 258, durante o episcopado de Cipriano, a Igreja africana passou por s\u00e9rios problemas. Os imperadores Valeriano e D\u00e9cio empreenderam uma persegui\u00e7\u00e3o sem tr\u00e9guas aos crist\u00e3os. Al\u00e9m disso, uma grande e terr\u00edvel peste atacou o norte da \u00c1frica, causando muitas mortes e sofrimento. Como se n\u00e3o bastasse, a Igreja ainda se agitava com problemas doutrin\u00e1rios, internamente.<\/p>\n<p>Durante a persegui\u00e7\u00e3o do imperador D\u00e9cio, em 249, grande n\u00famero de fi\u00e9is e sacerdotes, at\u00e9 mesmo bispos, fraquejaram perante as torturas e renunciaram \u00e0 f\u00e9 crist\u00e3. Por esses atos ficaram conhecidos como &#8220;crist\u00e3os lapsos&#8221;.<\/p>\n<p>A Igreja, ent\u00e3o, mergulhou, definitivamente, na pol\u00eamica do &#8220;lapso&#8221;, criando o seu primeiro grande cisma, isto \u00e9, uma divis\u00e3o entre o clero. N\u00e3o se sabia que atitude tomar contra os fi\u00e9is que abandonavam a f\u00e9 e depois desejavam voltar para o seguimento de Cristo.<\/p>\n<p>Em Roma, fora eleito o papa Corn\u00e9lio, com amplo apoio dos bispos liderados por Cipriano, que apreciava muito a conduta de seu colega bispo, com o qual trocava muita correspond\u00eancia.<\/p>\n<p>Mas havia Novaciano, em Roma, que se elegeu antipapa e come\u00e7ou uma forte corrente a favor da n\u00e3o-reconcilia\u00e7\u00e3o dos desertores. J\u00e1 na \u00c1frica, um certo Felic\u00edssimo era completamente contra tal atitude, rogando pela clem\u00eancia e reintegra\u00e7\u00e3o do rebanho desgarrado. Assim, liderados, novamente, pelo bispo Cipriano, Novaciano foi perdendo for\u00e7a.<\/p>\n<p>Uma outra controv\u00e9rsia, que assolava a Igreja na \u00e9poca, era a validade ou n\u00e3o dos batismos realizados por hereges. Essa era a \u00fanica diverg\u00eancia que existia entre o papa Corn\u00e9lio e o bispo Cipriano. O papa, seguindo a tradi\u00e7\u00e3o da doutrina, considerava v\u00e1lidos os batismos, j\u00e1 o bispo dizia que &#8220;n\u00e3o se pode dar a f\u00e9 a quem n\u00e3o a tem&#8221;. Assim, a quest\u00e3o permaneceu sem solu\u00e7\u00e3o.<\/p>\n<p>Em 258, ainda com a persegui\u00e7\u00e3o contra a Igreja, Cipriano foi denunciado e sentenciado \u00e0 morte por decapita\u00e7\u00e3o. As atas escritas revelam que nesse dia, quando o pr\u00f3-c\u00f4nsul determinou a senten\u00e7a, as \u00fanicas palavras proferidas por Cipriano foram &#8220;Gra\u00e7as a Deus!&#8221; Foi executado no dia 14 de setembro de 258.<\/p>\n<p>S\u00e3o Cipriano deixou-nos in\u00fameros escritos, entre os quais oitenta e uma cartas que se tornaram uma fonte de informa\u00e7\u00e3o preciosa da vida eclesi\u00e1stica daquele tempo. A Igreja declarou-o padroeiro da \u00c1frica do Norte e da Arg\u00e9lia, sendo sua festa lit\u00fargica marcada para o dia 16 de setembro, quando se comemora a festa do santo papa Corn\u00e9lio, o amigo de f\u00e9 que ele tanto defendeu.<\/p>\n<table border=\"0\" cellspacing=\"0\" cellpadding=\"0\" width=\"100%\">\n<tbody>\n<tr>\n<td>\n<table border=\"0\" cellspacing=\"0\" cellpadding=\"0\" width=\"90%\" align=\"center\">\n<tbody>\n<tr>\n<td width=\"9\" height=\"9\" align=\"left\" valign=\"top\"><img loading=\"lazy\" decoding=\"async\" src=\"http:\/\/www.paulinas.org.br\/diafeliz\/img\/cp_bd_box-1.gif\" alt=\"\" width=\"9\" height=\"9\" \/><\/td>\n<td height=\"9\" valign=\"top\"><img loading=\"lazy\" decoding=\"async\" src=\"http:\/\/www.paulinas.org.br\/diafeliz\/img\/espaco.gif\" alt=\"\" width=\"10\" height=\"9\" \/><\/td>\n<td width=\"9\" height=\"9\" align=\"right\" valign=\"top\"><img loading=\"lazy\" decoding=\"async\" src=\"http:\/\/www.paulinas.org.br\/diafeliz\/img\/cp_bd_box-2.gif\" alt=\"\" width=\"9\" height=\"9\" \/><\/td>\n<\/tr>\n<tr>\n<td width=\"9\"><img loading=\"lazy\" decoding=\"async\" src=\"http:\/\/www.paulinas.org.br\/diafeliz\/img\/espaco.gif\" alt=\"\" width=\"9\" height=\"9\" \/><\/td>\n<td align=\"left\" valign=\"top\">\n<table border=\"0\" cellspacing=\"0\" cellpadding=\"4\" width=\"100%\">\n<tbody>\n<tr>\n<td align=\"center\">\n<table border=\"0\" cellspacing=\"1\" cellpadding=\"5\" width=\"100%\" align=\"center\" bgcolor=\"#999999\">\n<tbody>\n<tr>\n<td bgcolor=\"#ebebeb\">Veja tamb\u00e9m<\/td>\n<\/tr>\n<tr>\n<td bgcolor=\"#ffffff\"><a id=\"rptVejaTambem_ctl00_lnkVejaTambem\" href=\"http:\/\/www.paulinas.org.br\/diafeliz\/santo.aspx?Dia=16&amp;Mes=9&amp;SantoID=444\">S\u00e3o Corn\u00e9lio<\/a><\/td>\n<\/tr>\n<\/tbody>\n<\/table>\n<\/td>\n<\/tr>\n<\/tbody>\n<\/table>\n<\/td>\n<td width=\"9\"><img loading=\"lazy\" decoding=\"async\" src=\"http:\/\/www.paulinas.org.br\/diafeliz\/img\/espaco.gif\" alt=\"\" width=\"9\" height=\"9\" \/><\/td>\n<\/tr>\n<tr>\n<td width=\"9\" height=\"9\" align=\"left\" valign=\"bottom\"><img loading=\"lazy\" decoding=\"async\" src=\"http:\/\/www.paulinas.org.br\/diafeliz\/img\/cp_bd_box-4.gif\" alt=\"\" width=\"9\" height=\"9\" \/><\/td>\n<td height=\"9\" valign=\"bottom\"><img loading=\"lazy\" decoding=\"async\" src=\"http:\/\/www.paulinas.org.br\/diafeliz\/img\/espaco.gif\" alt=\"\" width=\"10\" height=\"9\" \/><\/td>\n<td width=\"9\" height=\"9\" align=\"right\" valign=\"baseline\"><img loading=\"lazy\" decoding=\"async\" src=\"http:\/\/www.paulinas.org.br\/diafeliz\/img\/cp_bd_box-3.gif\" alt=\"\" width=\"9\" height=\"9\" \/><\/td>\n<\/tr>\n<\/tbody>\n<\/table>\n<\/td>\n<\/tr>\n<\/tbody>\n<\/table>\n<div id=\"themify_builder_content-10832\" data-postid=\"10832\" class=\"themify_builder_content themify_builder_content-10832 themify_builder themify_builder_front\">\n\t<\/div>\n<!-- \/themify_builder_content -->","protected":false},"excerpt":{"rendered":"<p>16 de Setembro Cipriano era filho de uma nobre e rica fam\u00edlia africana de Cartago, capital romana na no norte da \u00c1frica. Foi considerado um dos personagens mais empolgantes e importantes do s\u00e9culo III. Primeiro pelo destaque alcan\u00e7ado como advogado, quando ainda era pag\u00e3o. Depois por ser considerado um mestre da ret\u00f3rica e defensor irrestrito [&hellip;]<\/p>\n","protected":false},"author":14,"featured_media":0,"comment_status":"open","ping_status":"open","sticky":false,"template":"","format":"standard","meta":{"ngg_post_thumbnail":0,"footnotes":""},"categories":[186],"tags":[],"yoast_head":"<!-- This site is optimized with the Yoast SEO plugin v23.5 - https:\/\/yoast.com\/wordpress\/plugins\/seo\/ -->\n<title>S\u00e3o Cipriano - O Arcanjo no ar<\/title>\n<meta name=\"robots\" content=\"index, follow, max-snippet:-1, max-image-preview:large, max-video-preview:-1\" \/>\n<link rel=\"canonical\" href=\"https:\/\/www.oarcanjo.net\/site\/sao-cipriano\/\" \/>\n<meta property=\"og:locale\" content=\"pt_BR\" \/>\n<meta property=\"og:type\" content=\"article\" \/>\n<meta property=\"og:title\" content=\"S\u00e3o Cipriano - O Arcanjo no ar\" \/>\n<meta property=\"og:description\" content=\"16 de Setembro Cipriano era filho de uma nobre e rica fam\u00edlia africana de Cartago, capital romana na no norte da \u00c1frica. Foi considerado um dos personagens mais empolgantes e importantes do s\u00e9culo III. Primeiro pelo destaque alcan\u00e7ado como advogado, quando ainda era pag\u00e3o. Depois por ser considerado um mestre da ret\u00f3rica e defensor irrestrito [&hellip;]\" \/>\n<meta property=\"og:url\" content=\"https:\/\/www.oarcanjo.net\/site\/sao-cipriano\/\" \/>\n<meta property=\"og:site_name\" content=\"O Arcanjo no ar\" \/>\n<meta property=\"article:publisher\" content=\"https:\/\/www.facebook.com\/OArcanjoNoAr\/\" \/>\n<meta property=\"article:published_time\" content=\"2017-09-16T03:02:55+00:00\" \/>\n<meta property=\"article:modified_time\" content=\"2017-07-31T11:30:04+00:00\" \/>\n<meta property=\"og:image\" content=\"http:\/\/1.bp.blogspot.com\/_1-CIvQATsa8\/Suq89rRWqEI\/AAAAAAAAAmg\/6nqPxLQ248o\/s320\/s%C3%A3o-cipriano-blog-ruadasflores.jpg\" \/>\n<meta name=\"author\" content=\"danilo\" \/>\n<meta name=\"twitter:card\" content=\"summary_large_image\" \/>\n<meta name=\"twitter:label1\" content=\"Escrito por\" \/>\n\t<meta name=\"twitter:data1\" content=\"danilo\" \/>\n\t<meta name=\"twitter:label2\" content=\"Est. tempo de leitura\" \/>\n\t<meta name=\"twitter:data2\" content=\"3 minutos\" \/>\n<script type=\"application\/ld+json\" class=\"yoast-schema-graph\">{\"@context\":\"https:\/\/schema.org\",\"@graph\":[{\"@type\":\"Article\",\"@id\":\"https:\/\/www.oarcanjo.net\/site\/sao-cipriano\/#article\",\"isPartOf\":{\"@id\":\"https:\/\/www.oarcanjo.net\/site\/sao-cipriano\/\"},\"author\":{\"name\":\"danilo\",\"@id\":\"https:\/\/www.oarcanjo.net\/site\/#\/schema\/person\/5eb9480bedd2f3c97e430ce128c29c6c\"},\"headline\":\"S\u00e3o Cipriano\",\"datePublished\":\"2017-09-16T03:02:55+00:00\",\"dateModified\":\"2017-07-31T11:30:04+00:00\",\"mainEntityOfPage\":{\"@id\":\"https:\/\/www.oarcanjo.net\/site\/sao-cipriano\/\"},\"wordCount\":620,\"commentCount\":1,\"publisher\":{\"@id\":\"https:\/\/www.oarcanjo.net\/site\/#organization\"},\"image\":{\"@id\":\"https:\/\/www.oarcanjo.net\/site\/sao-cipriano\/#primaryimage\"},\"thumbnailUrl\":\"http:\/\/1.bp.blogspot.com\/_1-CIvQATsa8\/Suq89rRWqEI\/AAAAAAAAAmg\/6nqPxLQ248o\/s320\/s%C3%A3o-cipriano-blog-ruadasflores.jpg\",\"articleSection\":[\"Testemunhos\"],\"inLanguage\":\"pt-BR\",\"potentialAction\":[{\"@type\":\"CommentAction\",\"name\":\"Comment\",\"target\":[\"https:\/\/www.oarcanjo.net\/site\/sao-cipriano\/#respond\"]}]},{\"@type\":\"WebPage\",\"@id\":\"https:\/\/www.oarcanjo.net\/site\/sao-cipriano\/\",\"url\":\"https:\/\/www.oarcanjo.net\/site\/sao-cipriano\/\",\"name\":\"S\u00e3o Cipriano - O Arcanjo no ar\",\"isPartOf\":{\"@id\":\"https:\/\/www.oarcanjo.net\/site\/#website\"},\"primaryImageOfPage\":{\"@id\":\"https:\/\/www.oarcanjo.net\/site\/sao-cipriano\/#primaryimage\"},\"image\":{\"@id\":\"https:\/\/www.oarcanjo.net\/site\/sao-cipriano\/#primaryimage\"},\"thumbnailUrl\":\"http:\/\/1.bp.blogspot.com\/_1-CIvQATsa8\/Suq89rRWqEI\/AAAAAAAAAmg\/6nqPxLQ248o\/s320\/s%C3%A3o-cipriano-blog-ruadasflores.jpg\",\"datePublished\":\"2017-09-16T03:02:55+00:00\",\"dateModified\":\"2017-07-31T11:30:04+00:00\",\"breadcrumb\":{\"@id\":\"https:\/\/www.oarcanjo.net\/site\/sao-cipriano\/#breadcrumb\"},\"inLanguage\":\"pt-BR\",\"potentialAction\":[{\"@type\":\"ReadAction\",\"target\":[\"https:\/\/www.oarcanjo.net\/site\/sao-cipriano\/\"]}]},{\"@type\":\"ImageObject\",\"inLanguage\":\"pt-BR\",\"@id\":\"https:\/\/www.oarcanjo.net\/site\/sao-cipriano\/#primaryimage\",\"url\":\"http:\/\/1.bp.blogspot.com\/_1-CIvQATsa8\/Suq89rRWqEI\/AAAAAAAAAmg\/6nqPxLQ248o\/s320\/s%C3%A3o-cipriano-blog-ruadasflores.jpg\",\"contentUrl\":\"http:\/\/1.bp.blogspot.com\/_1-CIvQATsa8\/Suq89rRWqEI\/AAAAAAAAAmg\/6nqPxLQ248o\/s320\/s%C3%A3o-cipriano-blog-ruadasflores.jpg\"},{\"@type\":\"BreadcrumbList\",\"@id\":\"https:\/\/www.oarcanjo.net\/site\/sao-cipriano\/#breadcrumb\",\"itemListElement\":[{\"@type\":\"ListItem\",\"position\":1,\"name\":\"In\u00edcio\",\"item\":\"https:\/\/www.oarcanjo.net\/site\/\"},{\"@type\":\"ListItem\",\"position\":2,\"name\":\"S\u00e3o Cipriano\"}]},{\"@type\":\"WebSite\",\"@id\":\"https:\/\/www.oarcanjo.net\/site\/#website\",\"url\":\"https:\/\/www.oarcanjo.net\/site\/\",\"name\":\"O Arcanjo no ar\",\"description\":\"Site da Par\u00f3quia S\u00e3o Miguel Arcanjo (Arquidiocese de SP)\",\"publisher\":{\"@id\":\"https:\/\/www.oarcanjo.net\/site\/#organization\"},\"potentialAction\":[{\"@type\":\"SearchAction\",\"target\":{\"@type\":\"EntryPoint\",\"urlTemplate\":\"https:\/\/www.oarcanjo.net\/site\/?s={search_term_string}\"},\"query-input\":{\"@type\":\"PropertyValueSpecification\",\"valueRequired\":true,\"valueName\":\"search_term_string\"}}],\"inLanguage\":\"pt-BR\"},{\"@type\":\"Organization\",\"@id\":\"https:\/\/www.oarcanjo.net\/site\/#organization\",\"name\":\"Par\u00f3quia S\u00e3o Miguel Arcanjo\",\"url\":\"https:\/\/www.oarcanjo.net\/site\/\",\"logo\":{\"@type\":\"ImageObject\",\"inLanguage\":\"pt-BR\",\"@id\":\"https:\/\/www.oarcanjo.net\/site\/#\/schema\/logo\/image\/\",\"url\":\"https:\/\/www.oarcanjo.net\/site\/wp-content\/uploads\/LogoOArcanjo.png\",\"contentUrl\":\"https:\/\/www.oarcanjo.net\/site\/wp-content\/uploads\/LogoOArcanjo.png\",\"width\":319,\"height\":99,\"caption\":\"Par\u00f3quia S\u00e3o Miguel Arcanjo\"},\"image\":{\"@id\":\"https:\/\/www.oarcanjo.net\/site\/#\/schema\/logo\/image\/\"},\"sameAs\":[\"https:\/\/www.facebook.com\/OArcanjoNoAr\/\"]},{\"@type\":\"Person\",\"@id\":\"https:\/\/www.oarcanjo.net\/site\/#\/schema\/person\/5eb9480bedd2f3c97e430ce128c29c6c\",\"name\":\"danilo\"}]}<\/script>\n<!-- \/ Yoast SEO plugin. -->","yoast_head_json":{"title":"S\u00e3o Cipriano - O Arcanjo no ar","robots":{"index":"index","follow":"follow","max-snippet":"max-snippet:-1","max-image-preview":"max-image-preview:large","max-video-preview":"max-video-preview:-1"},"canonical":"https:\/\/www.oarcanjo.net\/site\/sao-cipriano\/","og_locale":"pt_BR","og_type":"article","og_title":"S\u00e3o Cipriano - O Arcanjo no ar","og_description":"16 de Setembro Cipriano era filho de uma nobre e rica fam\u00edlia africana de Cartago, capital romana na no norte da \u00c1frica. Foi considerado um dos personagens mais empolgantes e importantes do s\u00e9culo III. Primeiro pelo destaque alcan\u00e7ado como advogado, quando ainda era pag\u00e3o. Depois por ser considerado um mestre da ret\u00f3rica e defensor irrestrito [&hellip;]","og_url":"https:\/\/www.oarcanjo.net\/site\/sao-cipriano\/","og_site_name":"O Arcanjo no ar","article_publisher":"https:\/\/www.facebook.com\/OArcanjoNoAr\/","article_published_time":"2017-09-16T03:02:55+00:00","article_modified_time":"2017-07-31T11:30:04+00:00","og_image":[{"url":"http:\/\/1.bp.blogspot.com\/_1-CIvQATsa8\/Suq89rRWqEI\/AAAAAAAAAmg\/6nqPxLQ248o\/s320\/s%C3%A3o-cipriano-blog-ruadasflores.jpg"}],"author":"danilo","twitter_card":"summary_large_image","twitter_misc":{"Escrito por":"danilo","Est. tempo de leitura":"3 minutos"},"schema":{"@context":"https:\/\/schema.org","@graph":[{"@type":"Article","@id":"https:\/\/www.oarcanjo.net\/site\/sao-cipriano\/#article","isPartOf":{"@id":"https:\/\/www.oarcanjo.net\/site\/sao-cipriano\/"},"author":{"name":"danilo","@id":"https:\/\/www.oarcanjo.net\/site\/#\/schema\/person\/5eb9480bedd2f3c97e430ce128c29c6c"},"headline":"S\u00e3o Cipriano","datePublished":"2017-09-16T03:02:55+00:00","dateModified":"2017-07-31T11:30:04+00:00","mainEntityOfPage":{"@id":"https:\/\/www.oarcanjo.net\/site\/sao-cipriano\/"},"wordCount":620,"commentCount":1,"publisher":{"@id":"https:\/\/www.oarcanjo.net\/site\/#organization"},"image":{"@id":"https:\/\/www.oarcanjo.net\/site\/sao-cipriano\/#primaryimage"},"thumbnailUrl":"http:\/\/1.bp.blogspot.com\/_1-CIvQATsa8\/Suq89rRWqEI\/AAAAAAAAAmg\/6nqPxLQ248o\/s320\/s%C3%A3o-cipriano-blog-ruadasflores.jpg","articleSection":["Testemunhos"],"inLanguage":"pt-BR","potentialAction":[{"@type":"CommentAction","name":"Comment","target":["https:\/\/www.oarcanjo.net\/site\/sao-cipriano\/#respond"]}]},{"@type":"WebPage","@id":"https:\/\/www.oarcanjo.net\/site\/sao-cipriano\/","url":"https:\/\/www.oarcanjo.net\/site\/sao-cipriano\/","name":"S\u00e3o Cipriano - O Arcanjo no ar","isPartOf":{"@id":"https:\/\/www.oarcanjo.net\/site\/#website"},"primaryImageOfPage":{"@id":"https:\/\/www.oarcanjo.net\/site\/sao-cipriano\/#primaryimage"},"image":{"@id":"https:\/\/www.oarcanjo.net\/site\/sao-cipriano\/#primaryimage"},"thumbnailUrl":"http:\/\/1.bp.blogspot.com\/_1-CIvQATsa8\/Suq89rRWqEI\/AAAAAAAAAmg\/6nqPxLQ248o\/s320\/s%C3%A3o-cipriano-blog-ruadasflores.jpg","datePublished":"2017-09-16T03:02:55+00:00","dateModified":"2017-07-31T11:30:04+00:00","breadcrumb":{"@id":"https:\/\/www.oarcanjo.net\/site\/sao-cipriano\/#breadcrumb"},"inLanguage":"pt-BR","potentialAction":[{"@type":"ReadAction","target":["https:\/\/www.oarcanjo.net\/site\/sao-cipriano\/"]}]},{"@type":"ImageObject","inLanguage":"pt-BR","@id":"https:\/\/www.oarcanjo.net\/site\/sao-cipriano\/#primaryimage","url":"http:\/\/1.bp.blogspot.com\/_1-CIvQATsa8\/Suq89rRWqEI\/AAAAAAAAAmg\/6nqPxLQ248o\/s320\/s%C3%A3o-cipriano-blog-ruadasflores.jpg","contentUrl":"http:\/\/1.bp.blogspot.com\/_1-CIvQATsa8\/Suq89rRWqEI\/AAAAAAAAAmg\/6nqPxLQ248o\/s320\/s%C3%A3o-cipriano-blog-ruadasflores.jpg"},{"@type":"BreadcrumbList","@id":"https:\/\/www.oarcanjo.net\/site\/sao-cipriano\/#breadcrumb","itemListElement":[{"@type":"ListItem","position":1,"name":"In\u00edcio","item":"https:\/\/www.oarcanjo.net\/site\/"},{"@type":"ListItem","position":2,"name":"S\u00e3o Cipriano"}]},{"@type":"WebSite","@id":"https:\/\/www.oarcanjo.net\/site\/#website","url":"https:\/\/www.oarcanjo.net\/site\/","name":"O Arcanjo no ar","description":"Site da Par\u00f3quia S\u00e3o Miguel Arcanjo (Arquidiocese de SP)","publisher":{"@id":"https:\/\/www.oarcanjo.net\/site\/#organization"},"potentialAction":[{"@type":"SearchAction","target":{"@type":"EntryPoint","urlTemplate":"https:\/\/www.oarcanjo.net\/site\/?s={search_term_string}"},"query-input":{"@type":"PropertyValueSpecification","valueRequired":true,"valueName":"search_term_string"}}],"inLanguage":"pt-BR"},{"@type":"Organization","@id":"https:\/\/www.oarcanjo.net\/site\/#organization","name":"Par\u00f3quia S\u00e3o Miguel Arcanjo","url":"https:\/\/www.oarcanjo.net\/site\/","logo":{"@type":"ImageObject","inLanguage":"pt-BR","@id":"https:\/\/www.oarcanjo.net\/site\/#\/schema\/logo\/image\/","url":"https:\/\/www.oarcanjo.net\/site\/wp-content\/uploads\/LogoOArcanjo.png","contentUrl":"https:\/\/www.oarcanjo.net\/site\/wp-content\/uploads\/LogoOArcanjo.png","width":319,"height":99,"caption":"Par\u00f3quia S\u00e3o Miguel Arcanjo"},"image":{"@id":"https:\/\/www.oarcanjo.net\/site\/#\/schema\/logo\/image\/"},"sameAs":["https:\/\/www.facebook.com\/OArcanjoNoAr\/"]},{"@type":"Person","@id":"https:\/\/www.oarcanjo.net\/site\/#\/schema\/person\/5eb9480bedd2f3c97e430ce128c29c6c","name":"danilo"}]}},"publishpress_future_action":{"enabled":false,"date":"2026-05-09 00:55:56","action":"category","newStatus":"draft","terms":[],"taxonomy":"category"},"publishpress_future_workflow_manual_trigger":{"enabledWorkflows":[]},"_links":{"self":[{"href":"https:\/\/www.oarcanjo.net\/site\/wp-json\/wp\/v2\/posts\/10832"}],"collection":[{"href":"https:\/\/www.oarcanjo.net\/site\/wp-json\/wp\/v2\/posts"}],"about":[{"href":"https:\/\/www.oarcanjo.net\/site\/wp-json\/wp\/v2\/types\/post"}],"author":[{"embeddable":true,"href":"https:\/\/www.oarcanjo.net\/site\/wp-json\/wp\/v2\/users\/14"}],"replies":[{"embeddable":true,"href":"https:\/\/www.oarcanjo.net\/site\/wp-json\/wp\/v2\/comments?post=10832"}],"version-history":[{"count":0,"href":"https:\/\/www.oarcanjo.net\/site\/wp-json\/wp\/v2\/posts\/10832\/revisions"}],"wp:attachment":[{"href":"https:\/\/www.oarcanjo.net\/site\/wp-json\/wp\/v2\/media?parent=10832"}],"wp:term":[{"taxonomy":"category","embeddable":true,"href":"https:\/\/www.oarcanjo.net\/site\/wp-json\/wp\/v2\/categories?post=10832"},{"taxonomy":"post_tag","embeddable":true,"href":"https:\/\/www.oarcanjo.net\/site\/wp-json\/wp\/v2\/tags?post=10832"}],"curies":[{"name":"wp","href":"https:\/\/api.w.org\/{rel}","templated":true}]}}