
{"id":10834,"date":"2017-09-17T00:04:22","date_gmt":"2017-09-17T03:04:22","guid":{"rendered":"http:\/\/www.oarcanjo.net\/site\/?p=10834"},"modified":"2017-07-31T08:29:56","modified_gmt":"2017-07-31T11:29:56","slug":"sao-roberto-belarmino","status":"publish","type":"post","link":"https:\/\/www.oarcanjo.net\/site\/sao-roberto-belarmino\/","title":{"rendered":"S\u00e3o Roberto Belarmino"},"content":{"rendered":"<p><img loading=\"lazy\" decoding=\"async\" src=\"http:\/\/www.cleofas.com.br\/virtual\/santodia\/scd0260_roberto_belarmino.jpg\" alt=\"\" width=\"130\" height=\"180\" \/><\/p>\n<p>17 de Setembro<\/p>\n<p>Controversista, escritor, consultor das principais congrega\u00e7\u00f5es do Vaticano, bispo e cardeal, foi um dos mais tem\u00edveis advers\u00e1rios do protestantismo.<\/p>\n<p>Roberto Francesco Romolo nasceu em Montepulciano em 4 de outubro de 1542, numa fam\u00edlia nobre empobrecida. Seu pai era Vicente Belarmino, e sua m\u00e3e C\u00edntia Cervine, irm\u00e3 do Cardeal Marcelo, elevado depois ao papado com o nome de Marcelo II.<\/p>\n<p>Muito dotado, Roberto estudou no col\u00e9gio jesu\u00edta de sua cidade. Ainda menino, sabia Virg\u00edlio de cor, comp\u00f4s poemas em italiano e em latim, dominava o violino e j\u00e1 era h\u00e1bil nos debates.<\/p>\n<p>Vendo suas belas qualidades, o pai queria que ele seguisse a carreira pol\u00edtica. Mas a m\u00e3e desejava que se tornasse jesu\u00edta, ordem ent\u00e3o no auge de seu fervor. A influ\u00eancia da m\u00e3e prevaleceu, e Roberto entrou no noviciado jesu\u00edta de Roma em 1560. Permaneceu na Cidade Eterna tr\u00eas anos, indo depois para Mondovi, no Piemonte, onde aprendeu t\u00e3o rapidamente o grego, que passou a lecion\u00e1-lo tanto no col\u00e9gio jesu\u00edtico dessa cidade quanto no de Floren\u00e7a.<\/p>\n<p>Roberto Belarmino foi ordenado sacerdote em Ghent, na B\u00e9lgica, em 1570. Tornou-se ent\u00e3o professor de teologia na Universidade de Louvain, tamb\u00e9m naquele pa\u00eds, sendo o primeiro jesu\u00edta a lecionar numa universidade. Em sua c\u00e1tedra ensinava a Suma Teol\u00f3gica de Santo Tom\u00e1s e atacava as opini\u00f5es her\u00e9ticas de Baius (professor de exegese b\u00edblica na mesma Universidade) sobre a gra\u00e7a e o livre arb\u00edtrio. Nessa \u00e9poca, escreveu uma gram\u00e1tica hebr\u00e9ia e fez extensivos estudos sobre os Padres da Igreja e te\u00f3logos medievais.<\/p>\n<p>\u00a0\u201cObra n\u00e3o de um, mas de v\u00e1rios eruditos\u201d<\/p>\n<table border=\"0\" cellspacing=\"0\" cellpadding=\"10\" width=\"1\" align=\"left\">\n<tbody>\n<tr>\n<td><img decoding=\"async\" src=\"http:\/\/www.catolicismo.com.br\/assets\/imagens\/Setembro2009\/montepulciano_0.jpg\" border=\"0\" alt=\"\" hspace=\"0\" \/> Montepulciano, cidade natal do santo<\/td>\n<\/tr>\n<\/tbody>\n<\/table>\n<p><!-- 7304DFEC-3048-313C-2EBF493B382852F1(2) -->A estadia de S\u00e3o Roberto em Louvain durou sete anos. Entretanto, devido a sua sa\u00fade abalada pelo excesso de estudo e ascetismo, fez em 1576 uma viagem \u00e0 It\u00e1lia, visando fortalecer a f\u00e9 cat\u00f3lica nesse pa\u00eds. Ali foi retido pelo Papa Greg\u00f3rio XIII para ensinar controv\u00e9rsia teol\u00f3gica no Col\u00e9gio Romano. Suas pr\u00e9dicas excitavam t\u00e3o vivo entusiasmo, que os pr\u00f3prios protestantes viajavam da Inglaterra e da Holanda para ouvi-lo. Suas aulas formaram a base de sua famosa obra <em>Li\u00e7\u00f5es relativas \u00e0s controv\u00e9rsias da f\u00e9 crist\u00e3 contra os hereges contempor\u00e2neos,<\/em> ou simplesmente <em>Controv\u00e9rsias, <\/em>que constituem uma sistematiza\u00e7\u00e3o das v\u00e1rias pol\u00eamicas do tempo e um vasto arsenal, no qual se encontram as melhores armas para a defesa da f\u00e9 cat\u00f3lica.<\/p>\n<p>S\u00e3o Roberto levou 11 anos para compor as <em>Controv\u00e9rsias. <\/em>Ao serem publicadas, causaram imensa impress\u00e3o em toda a Europa. At\u00e9 hoje, no g\u00eanero, elas n\u00e3o foram suplantadas. O primeiro volume da obra trata do Verbo de Deus, de Cristo e do Papa; o segundo, da autoridade dos conc\u00edlios e da Igreja militante, padecente e triunfante; o terceiro versa sobre os sacramentos; e o quarto, sobre a gra\u00e7a, livre-arb\u00edtrio, justifica\u00e7\u00e3o e boas obras. O golpe assestado por elas no protestantismo foi t\u00e3o doloridamente sentido pelos protestantes na Alemanha e na Inglaterra, que se fundaram c\u00e1tedras especiais para tentar refut\u00e1-las. Esse escrito \u00e9 t\u00e3o erudito no conhecimento das Sagradas Escrituras, dos Padres da Igreja e da teologia protestante, que os protestantes propalaram n\u00e3o ser obra de um s\u00f3 homem, mas de um grupo de eruditos, com um pseud\u00f4nimo. Na Inglaterra, a p\u00e9ssima rainha Isabel I proibiu sua leitura a quem n\u00e3o fosse doutor em teologia.<\/p>\n<p>Diretor espiritual de S\u00e3o Lu\u00eds Gonzaga<\/p>\n<table border=\"0\" cellspacing=\"0\" cellpadding=\"10\" width=\"1\" align=\"left\">\n<tbody>\n<tr>\n<td><img decoding=\"async\" src=\"http:\/\/www.catolicismo.com.br\/assets\/imagens\/Setembro2009\/LuizGonzaga.jpg\" border=\"0\" alt=\"\" hspace=\"0\" \/> S\u00e3o Luiz Gonzaga<\/td>\n<\/tr>\n<\/tbody>\n<\/table>\n<p><!-- 7305B946-3048-313C-2E8DAA0BA8916449(2) -->S\u00e3o Roberto Belarmino teve a dita de, como diretor espiritual no Col\u00e9gio Romano, guiar os \u00faltimos anos de S\u00e3o Lu\u00eds Gonzaga, de pureza ex\u00edmia, que faleceu em 1591. Anos depois, teve tamb\u00e9m a consola\u00e7\u00e3o de participar da comiss\u00e3o que se pronunciou favoravelmente \u00e0 beatifica\u00e7\u00e3o desse santo disc\u00edpulo.<\/p>\n<p>Depois do assassinato de Henrique III da Fran\u00e7a, Sixto V o enviou a esse pa\u00eds em 1590 para acompanhar, como te\u00f3logo, o legado pontif\u00edcio Cardeal Gaetano. Enquanto estava na Fran\u00e7a, soube que o Papa, que se mostrara antes muito favor\u00e1vel \u00e0s suas <em>Controv\u00e9rsias,<\/em> havia proposto colocar no <em>Index <\/em>o primeiro volume da obra, porque nele o santo concedia ao Papado um poder quase direto sobre as coisas temporais. Mas com a morte de Sixto V, isso n\u00e3o se deu. Alguns de seus bi\u00f3grafos apontam como causa de sua tardia canoniza\u00e7\u00e3o sua opini\u00e3o a respeito do poder temporal do Papa. S\u00e3o Roberto tamb\u00e9m denunciou seis dos maiores abusos comuns na C\u00faria Romana.<\/p>\n<p>O novo papa, Clemente VIII, concedeu \u00e0 obra a distin\u00e7\u00e3o de uma aprova\u00e7\u00e3o especial e outorgou ao autor, em 1599, o chap\u00e9u cardinal\u00edcio, com o t\u00edtulo de <em>Santa Maria in via<\/em>, alegando como raz\u00e3o para isso que <em>\u201ca Igreja de Deus n\u00e3o tem outro igual em saber\u201d. <\/em>O Sumo Pont\u00edfice obrigou-o, em virtude da obedi\u00eancia, a aceit\u00e1-lo. Esse mesmo Papa j\u00e1 o tinha escolhido em 1597 como seu pr\u00f3prio te\u00f3logo, examinador de bispos em 1598, e consultor do Santo Of\u00edcio em 1599. Encarregou-o tamb\u00e9m de escrever um pref\u00e1cio para a nova vers\u00e3o da <em>Vulgata, <\/em>que fora revista por ele, e em 1602 nomeou-o arcebispo de C\u00e1pua, sagrando-o com suas pr\u00f3prias m\u00e3os, favor que se faz apenas \u00e0queles a quem se quer honrar especialmente. Isso n\u00e3o impediu que S\u00e3o Roberto continuasse suas austeridades, como a de viver a p\u00e3o e \u00e1gua e tirar as cortinas de seu aposento para vestir os pobres.<\/p>\n<p>Arcebispo de C\u00e1pua e importantes pol\u00eamicas<\/p>\n<p>Como arcebispo, S\u00e3o Roberto entregou-se por tr\u00eas anos com igual zelo aos trabalhos pastorais, cuidando tanto do bem-estar espiritual quanto material de suas ovelhas. Colocou tamb\u00e9m em vigor os decretos do Conc\u00edlio de Trento. Ensinava pessoalmente o catecismo, visitava as aldeias e atendia a cada um dos que o procuravam, a qualquer hora do dia ou da noite. Ao contr\u00e1rio dos que hoje pregam a luta de classes, ele dizia a seus diocesanos: <em>\u201cAquele que percebe o que \u00e9 ser filho de Deus, do Rei dos reis, est\u00e1 unido a Ele com filial amor, contente com o que tem, seja muito ou pouco, porque n\u00e3o duvida que seu bon\u00edssimo Pai lhe concede, a cada momento, aquilo de que necessita\u201d.<\/em>(1)<\/p>\n<p>Em 1605 faleceu Clemente VIII. Foi sucedido por Le\u00e3o XI, que reinou apenas 26 dias, e depois por Paulo V. Nos dois conclaves para essas elei\u00e7\u00f5es, Belarmino obteve significativa vota\u00e7\u00e3o. O novo Papa insistiu em mant\u00ea-lo em Roma. Designou-o prefeito da Biblioteca Vaticana e ativo membro do Santo Of\u00edcio e de diversas congrega\u00e7\u00f5es romanas, al\u00e9m de principal conselheiro para quest\u00f5es teol\u00f3gicas da Santa S\u00e9.<\/p>\n<p>Por ter criticado o juramento de fidelidade que os cat\u00f3licos ingleses eram for\u00e7ados a fazer a seu rei protestante, o santo teve ocasi\u00e3o de polemizar com Jaime I, da Inglaterra, que se gloriava de ser bom te\u00f3logo. O rei atacou-o em 1608, mediante um tratado em latim, ao que o erudito cardeal respondeu imediatamente, com humor, sobre os erros cometidos pelo monarca nessa l\u00edngua. O soberano, que era anglicano, respondeu com novo ataque em estilo mais cuidadoso, no qual se arvorava em defensor do primitivo e verdadeiro cristianismo. Dedicou a obra ao imperador alem\u00e3o Rodolfo II e a todos os monarcas da Cristandade. O cardeal contestou-o, e n\u00e3o houve tr\u00e9plica. S\u00e3o Roberto costumava rezar diariamente pela convers\u00e3o dos te\u00f3logos protestantes que enfrentava, incluindo o rei Jaime I. Fustigava-os em seus erros doutrin\u00e1rios, mas nunca lhes fez ataques pessoais.<\/p>\n<p>Exerceu tamb\u00e9m papel primordial na controv\u00e9rsia surgida na Fran\u00e7a com o rei Lu\u00eds XIV, que pretendia, como soberano desse pa\u00eds, poder limitar a autoridade papal, recebendo os rendimentos das dioceses vacantes, al\u00e9m de outros pontos de desentendimento em rela\u00e7\u00e3o \u00e0 autoridade papal. Defendeu a supremacia do Papa em suas obras <em>Disputationes<\/em> e <em>De Potestate summi pontificis in rebus temporalibus.<\/em><\/p>\n<table border=\"0\" cellspacing=\"0\" cellpadding=\"10\" width=\"1\" align=\"left\">\n<tbody>\n<tr>\n<td><img decoding=\"async\" src=\"http:\/\/www.catolicismo.com.br\/assets\/imagens\/Setembro2009\/saorobertobelarmino_15.JPG\" border=\"0\" alt=\"\" hspace=\"0\" \/> Rel\u00edquias de S\u00e3o Roberto na igreja de Santo In\u00e1cio, em Roma<\/td>\n<\/tr>\n<\/tbody>\n<\/table>\n<p><!-- 7307FD5C-3048-313C-2EA0EBECE356BEF0(2) -->Em sua velhice, foi permitido a S\u00e3o Roberto voltar \u00e0 sua cidade natal, Montepulciano, na qualidade de bispo, onde permaneceu por quatro anos, ap\u00f3s os quais voltou para o col\u00e9gio de Santo Andr\u00e9, em Roma. Escreveu ent\u00e3o obras de devo\u00e7\u00e3o, destacando-se seu famoso livro <em>Eleva\u00e7\u00e3o da mente a Deus pelos degraus das coisas criadas<\/em>.<\/p>\n<p>O santo quis entregar sua alma a Deus no noviciado do <em>Ges\u00f9 <\/em>\u2014 a casa-m\u00e3e dos jesu\u00edtas \u2014, e para l\u00e1 foi transferido em sua \u00faltima enfermidade. Greg\u00f3rio XV foi visit\u00e1-lo em seu leito de dor. Ao sentir a aproxima\u00e7\u00e3o da morte, S\u00e3o Roberto pediu ao Pe. Andr\u00e9, seu amigo muito pr\u00f3ximo, para consignar por escrito que, pela miseric\u00f3rdia de Deus, ele morria no seio da Igreja Cat\u00f3lica e na verdadeira f\u00e9, e que em sua \u00faltima hora n\u00e3o pensava de modo diferente do que escrevera nas <em>Controv\u00e9rsias<\/em> em defesa da Igreja. Sentindo-se desfalecer, recitou o S\u00edmbolo dos Ap\u00f3stolos, o salmo 50, o Pai Nosso e a Ave-Maria, assistido por padres da Companhia de Jesus. Entregou sua alma a Deus aos 79 anos, no dia 17 de setembro de 1621.<\/p>\n<p>Apesar da fama de santidade j\u00e1 em vida, S\u00e3o Roberto Belarmino s\u00f3 foi beatificado e depois canonizado por Pio XI, em 1930. Esse Papa declarou-o tamb\u00e9m Doutor da Igreja. Seus restos mortais repousam na capela do Col\u00e9gio Romano, ao lado do corpo de seu aluno e penitente S\u00e3o Lu\u00eds Gonzaga, como ele tinha pedido.<\/p>\n<div id=\"themify_builder_content-10834\" data-postid=\"10834\" class=\"themify_builder_content themify_builder_content-10834 themify_builder themify_builder_front\">\n\t<\/div>\n<!-- \/themify_builder_content -->","protected":false},"excerpt":{"rendered":"<p>17 de Setembro Controversista, escritor, consultor das principais congrega\u00e7\u00f5es do Vaticano, bispo e cardeal, foi um dos mais tem\u00edveis advers\u00e1rios do protestantismo. Roberto Francesco Romolo nasceu em Montepulciano em 4 de outubro de 1542, numa fam\u00edlia nobre empobrecida. Seu pai era Vicente Belarmino, e sua m\u00e3e C\u00edntia Cervine, irm\u00e3 do Cardeal Marcelo, elevado depois ao [&hellip;]<\/p>\n","protected":false},"author":14,"featured_media":0,"comment_status":"open","ping_status":"open","sticky":false,"template":"","format":"standard","meta":{"ngg_post_thumbnail":0,"footnotes":""},"categories":[186],"tags":[],"yoast_head":"<!-- This site is optimized with the Yoast SEO plugin v23.5 - https:\/\/yoast.com\/wordpress\/plugins\/seo\/ -->\n<title>S\u00e3o Roberto Belarmino - O Arcanjo no ar<\/title>\n<meta name=\"robots\" content=\"index, follow, max-snippet:-1, max-image-preview:large, max-video-preview:-1\" \/>\n<link rel=\"canonical\" href=\"https:\/\/www.oarcanjo.net\/site\/sao-roberto-belarmino\/\" \/>\n<meta property=\"og:locale\" content=\"pt_BR\" \/>\n<meta property=\"og:type\" content=\"article\" \/>\n<meta property=\"og:title\" content=\"S\u00e3o Roberto Belarmino - O Arcanjo no ar\" \/>\n<meta property=\"og:description\" content=\"17 de Setembro Controversista, escritor, consultor das principais congrega\u00e7\u00f5es do Vaticano, bispo e cardeal, foi um dos mais tem\u00edveis advers\u00e1rios do protestantismo. Roberto Francesco Romolo nasceu em Montepulciano em 4 de outubro de 1542, numa fam\u00edlia nobre empobrecida. Seu pai era Vicente Belarmino, e sua m\u00e3e C\u00edntia Cervine, irm\u00e3 do Cardeal Marcelo, elevado depois ao [&hellip;]\" \/>\n<meta property=\"og:url\" content=\"https:\/\/www.oarcanjo.net\/site\/sao-roberto-belarmino\/\" \/>\n<meta property=\"og:site_name\" content=\"O Arcanjo no ar\" \/>\n<meta property=\"article:publisher\" content=\"https:\/\/www.facebook.com\/OArcanjoNoAr\/\" \/>\n<meta property=\"article:published_time\" content=\"2017-09-17T03:04:22+00:00\" \/>\n<meta property=\"article:modified_time\" content=\"2017-07-31T11:29:56+00:00\" \/>\n<meta property=\"og:image\" content=\"http:\/\/www.cleofas.com.br\/virtual\/santodia\/scd0260_roberto_belarmino.jpg\" \/>\n<meta name=\"author\" content=\"danilo\" \/>\n<meta name=\"twitter:card\" content=\"summary_large_image\" \/>\n<meta name=\"twitter:label1\" content=\"Escrito por\" \/>\n\t<meta name=\"twitter:data1\" content=\"danilo\" \/>\n\t<meta name=\"twitter:label2\" content=\"Est. tempo de leitura\" \/>\n\t<meta name=\"twitter:data2\" content=\"8 minutos\" \/>\n<script type=\"application\/ld+json\" class=\"yoast-schema-graph\">{\"@context\":\"https:\/\/schema.org\",\"@graph\":[{\"@type\":\"Article\",\"@id\":\"https:\/\/www.oarcanjo.net\/site\/sao-roberto-belarmino\/#article\",\"isPartOf\":{\"@id\":\"https:\/\/www.oarcanjo.net\/site\/sao-roberto-belarmino\/\"},\"author\":{\"name\":\"danilo\",\"@id\":\"https:\/\/www.oarcanjo.net\/site\/#\/schema\/person\/5eb9480bedd2f3c97e430ce128c29c6c\"},\"headline\":\"S\u00e3o Roberto Belarmino\",\"datePublished\":\"2017-09-17T03:04:22+00:00\",\"dateModified\":\"2017-07-31T11:29:56+00:00\",\"mainEntityOfPage\":{\"@id\":\"https:\/\/www.oarcanjo.net\/site\/sao-roberto-belarmino\/\"},\"wordCount\":1650,\"commentCount\":1,\"publisher\":{\"@id\":\"https:\/\/www.oarcanjo.net\/site\/#organization\"},\"image\":{\"@id\":\"https:\/\/www.oarcanjo.net\/site\/sao-roberto-belarmino\/#primaryimage\"},\"thumbnailUrl\":\"http:\/\/www.cleofas.com.br\/virtual\/santodia\/scd0260_roberto_belarmino.jpg\",\"articleSection\":[\"Testemunhos\"],\"inLanguage\":\"pt-BR\",\"potentialAction\":[{\"@type\":\"CommentAction\",\"name\":\"Comment\",\"target\":[\"https:\/\/www.oarcanjo.net\/site\/sao-roberto-belarmino\/#respond\"]}]},{\"@type\":\"WebPage\",\"@id\":\"https:\/\/www.oarcanjo.net\/site\/sao-roberto-belarmino\/\",\"url\":\"https:\/\/www.oarcanjo.net\/site\/sao-roberto-belarmino\/\",\"name\":\"S\u00e3o Roberto Belarmino - O Arcanjo no ar\",\"isPartOf\":{\"@id\":\"https:\/\/www.oarcanjo.net\/site\/#website\"},\"primaryImageOfPage\":{\"@id\":\"https:\/\/www.oarcanjo.net\/site\/sao-roberto-belarmino\/#primaryimage\"},\"image\":{\"@id\":\"https:\/\/www.oarcanjo.net\/site\/sao-roberto-belarmino\/#primaryimage\"},\"thumbnailUrl\":\"http:\/\/www.cleofas.com.br\/virtual\/santodia\/scd0260_roberto_belarmino.jpg\",\"datePublished\":\"2017-09-17T03:04:22+00:00\",\"dateModified\":\"2017-07-31T11:29:56+00:00\",\"breadcrumb\":{\"@id\":\"https:\/\/www.oarcanjo.net\/site\/sao-roberto-belarmino\/#breadcrumb\"},\"inLanguage\":\"pt-BR\",\"potentialAction\":[{\"@type\":\"ReadAction\",\"target\":[\"https:\/\/www.oarcanjo.net\/site\/sao-roberto-belarmino\/\"]}]},{\"@type\":\"ImageObject\",\"inLanguage\":\"pt-BR\",\"@id\":\"https:\/\/www.oarcanjo.net\/site\/sao-roberto-belarmino\/#primaryimage\",\"url\":\"http:\/\/www.cleofas.com.br\/virtual\/santodia\/scd0260_roberto_belarmino.jpg\",\"contentUrl\":\"http:\/\/www.cleofas.com.br\/virtual\/santodia\/scd0260_roberto_belarmino.jpg\"},{\"@type\":\"BreadcrumbList\",\"@id\":\"https:\/\/www.oarcanjo.net\/site\/sao-roberto-belarmino\/#breadcrumb\",\"itemListElement\":[{\"@type\":\"ListItem\",\"position\":1,\"name\":\"In\u00edcio\",\"item\":\"https:\/\/www.oarcanjo.net\/site\/\"},{\"@type\":\"ListItem\",\"position\":2,\"name\":\"S\u00e3o Roberto Belarmino\"}]},{\"@type\":\"WebSite\",\"@id\":\"https:\/\/www.oarcanjo.net\/site\/#website\",\"url\":\"https:\/\/www.oarcanjo.net\/site\/\",\"name\":\"O Arcanjo no ar\",\"description\":\"Site da Par\u00f3quia S\u00e3o Miguel Arcanjo (Arquidiocese de SP)\",\"publisher\":{\"@id\":\"https:\/\/www.oarcanjo.net\/site\/#organization\"},\"potentialAction\":[{\"@type\":\"SearchAction\",\"target\":{\"@type\":\"EntryPoint\",\"urlTemplate\":\"https:\/\/www.oarcanjo.net\/site\/?s={search_term_string}\"},\"query-input\":{\"@type\":\"PropertyValueSpecification\",\"valueRequired\":true,\"valueName\":\"search_term_string\"}}],\"inLanguage\":\"pt-BR\"},{\"@type\":\"Organization\",\"@id\":\"https:\/\/www.oarcanjo.net\/site\/#organization\",\"name\":\"Par\u00f3quia S\u00e3o Miguel Arcanjo\",\"url\":\"https:\/\/www.oarcanjo.net\/site\/\",\"logo\":{\"@type\":\"ImageObject\",\"inLanguage\":\"pt-BR\",\"@id\":\"https:\/\/www.oarcanjo.net\/site\/#\/schema\/logo\/image\/\",\"url\":\"https:\/\/www.oarcanjo.net\/site\/wp-content\/uploads\/LogoOArcanjo.png\",\"contentUrl\":\"https:\/\/www.oarcanjo.net\/site\/wp-content\/uploads\/LogoOArcanjo.png\",\"width\":319,\"height\":99,\"caption\":\"Par\u00f3quia S\u00e3o Miguel Arcanjo\"},\"image\":{\"@id\":\"https:\/\/www.oarcanjo.net\/site\/#\/schema\/logo\/image\/\"},\"sameAs\":[\"https:\/\/www.facebook.com\/OArcanjoNoAr\/\"]},{\"@type\":\"Person\",\"@id\":\"https:\/\/www.oarcanjo.net\/site\/#\/schema\/person\/5eb9480bedd2f3c97e430ce128c29c6c\",\"name\":\"danilo\"}]}<\/script>\n<!-- \/ Yoast SEO plugin. -->","yoast_head_json":{"title":"S\u00e3o Roberto Belarmino - O Arcanjo no ar","robots":{"index":"index","follow":"follow","max-snippet":"max-snippet:-1","max-image-preview":"max-image-preview:large","max-video-preview":"max-video-preview:-1"},"canonical":"https:\/\/www.oarcanjo.net\/site\/sao-roberto-belarmino\/","og_locale":"pt_BR","og_type":"article","og_title":"S\u00e3o Roberto Belarmino - O Arcanjo no ar","og_description":"17 de Setembro Controversista, escritor, consultor das principais congrega\u00e7\u00f5es do Vaticano, bispo e cardeal, foi um dos mais tem\u00edveis advers\u00e1rios do protestantismo. Roberto Francesco Romolo nasceu em Montepulciano em 4 de outubro de 1542, numa fam\u00edlia nobre empobrecida. Seu pai era Vicente Belarmino, e sua m\u00e3e C\u00edntia Cervine, irm\u00e3 do Cardeal Marcelo, elevado depois ao [&hellip;]","og_url":"https:\/\/www.oarcanjo.net\/site\/sao-roberto-belarmino\/","og_site_name":"O Arcanjo no ar","article_publisher":"https:\/\/www.facebook.com\/OArcanjoNoAr\/","article_published_time":"2017-09-17T03:04:22+00:00","article_modified_time":"2017-07-31T11:29:56+00:00","og_image":[{"url":"http:\/\/www.cleofas.com.br\/virtual\/santodia\/scd0260_roberto_belarmino.jpg"}],"author":"danilo","twitter_card":"summary_large_image","twitter_misc":{"Escrito por":"danilo","Est. tempo de leitura":"8 minutos"},"schema":{"@context":"https:\/\/schema.org","@graph":[{"@type":"Article","@id":"https:\/\/www.oarcanjo.net\/site\/sao-roberto-belarmino\/#article","isPartOf":{"@id":"https:\/\/www.oarcanjo.net\/site\/sao-roberto-belarmino\/"},"author":{"name":"danilo","@id":"https:\/\/www.oarcanjo.net\/site\/#\/schema\/person\/5eb9480bedd2f3c97e430ce128c29c6c"},"headline":"S\u00e3o Roberto Belarmino","datePublished":"2017-09-17T03:04:22+00:00","dateModified":"2017-07-31T11:29:56+00:00","mainEntityOfPage":{"@id":"https:\/\/www.oarcanjo.net\/site\/sao-roberto-belarmino\/"},"wordCount":1650,"commentCount":1,"publisher":{"@id":"https:\/\/www.oarcanjo.net\/site\/#organization"},"image":{"@id":"https:\/\/www.oarcanjo.net\/site\/sao-roberto-belarmino\/#primaryimage"},"thumbnailUrl":"http:\/\/www.cleofas.com.br\/virtual\/santodia\/scd0260_roberto_belarmino.jpg","articleSection":["Testemunhos"],"inLanguage":"pt-BR","potentialAction":[{"@type":"CommentAction","name":"Comment","target":["https:\/\/www.oarcanjo.net\/site\/sao-roberto-belarmino\/#respond"]}]},{"@type":"WebPage","@id":"https:\/\/www.oarcanjo.net\/site\/sao-roberto-belarmino\/","url":"https:\/\/www.oarcanjo.net\/site\/sao-roberto-belarmino\/","name":"S\u00e3o Roberto Belarmino - O Arcanjo no ar","isPartOf":{"@id":"https:\/\/www.oarcanjo.net\/site\/#website"},"primaryImageOfPage":{"@id":"https:\/\/www.oarcanjo.net\/site\/sao-roberto-belarmino\/#primaryimage"},"image":{"@id":"https:\/\/www.oarcanjo.net\/site\/sao-roberto-belarmino\/#primaryimage"},"thumbnailUrl":"http:\/\/www.cleofas.com.br\/virtual\/santodia\/scd0260_roberto_belarmino.jpg","datePublished":"2017-09-17T03:04:22+00:00","dateModified":"2017-07-31T11:29:56+00:00","breadcrumb":{"@id":"https:\/\/www.oarcanjo.net\/site\/sao-roberto-belarmino\/#breadcrumb"},"inLanguage":"pt-BR","potentialAction":[{"@type":"ReadAction","target":["https:\/\/www.oarcanjo.net\/site\/sao-roberto-belarmino\/"]}]},{"@type":"ImageObject","inLanguage":"pt-BR","@id":"https:\/\/www.oarcanjo.net\/site\/sao-roberto-belarmino\/#primaryimage","url":"http:\/\/www.cleofas.com.br\/virtual\/santodia\/scd0260_roberto_belarmino.jpg","contentUrl":"http:\/\/www.cleofas.com.br\/virtual\/santodia\/scd0260_roberto_belarmino.jpg"},{"@type":"BreadcrumbList","@id":"https:\/\/www.oarcanjo.net\/site\/sao-roberto-belarmino\/#breadcrumb","itemListElement":[{"@type":"ListItem","position":1,"name":"In\u00edcio","item":"https:\/\/www.oarcanjo.net\/site\/"},{"@type":"ListItem","position":2,"name":"S\u00e3o Roberto Belarmino"}]},{"@type":"WebSite","@id":"https:\/\/www.oarcanjo.net\/site\/#website","url":"https:\/\/www.oarcanjo.net\/site\/","name":"O Arcanjo no ar","description":"Site da Par\u00f3quia S\u00e3o Miguel Arcanjo (Arquidiocese de SP)","publisher":{"@id":"https:\/\/www.oarcanjo.net\/site\/#organization"},"potentialAction":[{"@type":"SearchAction","target":{"@type":"EntryPoint","urlTemplate":"https:\/\/www.oarcanjo.net\/site\/?s={search_term_string}"},"query-input":{"@type":"PropertyValueSpecification","valueRequired":true,"valueName":"search_term_string"}}],"inLanguage":"pt-BR"},{"@type":"Organization","@id":"https:\/\/www.oarcanjo.net\/site\/#organization","name":"Par\u00f3quia S\u00e3o Miguel Arcanjo","url":"https:\/\/www.oarcanjo.net\/site\/","logo":{"@type":"ImageObject","inLanguage":"pt-BR","@id":"https:\/\/www.oarcanjo.net\/site\/#\/schema\/logo\/image\/","url":"https:\/\/www.oarcanjo.net\/site\/wp-content\/uploads\/LogoOArcanjo.png","contentUrl":"https:\/\/www.oarcanjo.net\/site\/wp-content\/uploads\/LogoOArcanjo.png","width":319,"height":99,"caption":"Par\u00f3quia S\u00e3o Miguel Arcanjo"},"image":{"@id":"https:\/\/www.oarcanjo.net\/site\/#\/schema\/logo\/image\/"},"sameAs":["https:\/\/www.facebook.com\/OArcanjoNoAr\/"]},{"@type":"Person","@id":"https:\/\/www.oarcanjo.net\/site\/#\/schema\/person\/5eb9480bedd2f3c97e430ce128c29c6c","name":"danilo"}]}},"publishpress_future_action":{"enabled":false,"date":"2026-05-09 01:04:35","action":"category","newStatus":"draft","terms":[],"taxonomy":"category"},"publishpress_future_workflow_manual_trigger":{"enabledWorkflows":[]},"_links":{"self":[{"href":"https:\/\/www.oarcanjo.net\/site\/wp-json\/wp\/v2\/posts\/10834"}],"collection":[{"href":"https:\/\/www.oarcanjo.net\/site\/wp-json\/wp\/v2\/posts"}],"about":[{"href":"https:\/\/www.oarcanjo.net\/site\/wp-json\/wp\/v2\/types\/post"}],"author":[{"embeddable":true,"href":"https:\/\/www.oarcanjo.net\/site\/wp-json\/wp\/v2\/users\/14"}],"replies":[{"embeddable":true,"href":"https:\/\/www.oarcanjo.net\/site\/wp-json\/wp\/v2\/comments?post=10834"}],"version-history":[{"count":0,"href":"https:\/\/www.oarcanjo.net\/site\/wp-json\/wp\/v2\/posts\/10834\/revisions"}],"wp:attachment":[{"href":"https:\/\/www.oarcanjo.net\/site\/wp-json\/wp\/v2\/media?parent=10834"}],"wp:term":[{"taxonomy":"category","embeddable":true,"href":"https:\/\/www.oarcanjo.net\/site\/wp-json\/wp\/v2\/categories?post=10834"},{"taxonomy":"post_tag","embeddable":true,"href":"https:\/\/www.oarcanjo.net\/site\/wp-json\/wp\/v2\/tags?post=10834"}],"curies":[{"name":"wp","href":"https:\/\/api.w.org\/{rel}","templated":true}]}}