
{"id":10844,"date":"2017-09-18T00:11:20","date_gmt":"2017-09-18T03:11:20","guid":{"rendered":"http:\/\/www.oarcanjo.net\/site\/?p=10844"},"modified":"2017-07-31T07:53:54","modified_gmt":"2017-07-31T10:53:54","slug":"sao-jose-copertino","status":"publish","type":"post","link":"https:\/\/www.oarcanjo.net\/site\/sao-jose-copertino\/","title":{"rendered":"S\u00e3o Jos\u00e9 de Cupertino"},"content":{"rendered":"<p><img loading=\"lazy\" decoding=\"async\" src=\"http:\/\/images.evangelizo.org\/images\/santibeati\/G\/San_Giuseppe_da_Copertino_Sacerdote\/San_Giuseppe_da_Copertino_B.jpg\" alt=\"\" width=\"254\" height=\"403\" \/><\/p>\n<p>18 de Setembro<\/p>\n<p>Maravilhas da gra\u00e7a divina em meio a indig\u00eancias da natureza humana. Desprovido de qualidades naturais, esse Santo, cuja festa comemoramos neste m\u00eas, teria seu nome varrido pelo vento da Hist\u00f3ria n\u00e3o fosse sua radicalidade no amor a Deus e o rec\u00edproco amor do Criador \u00e0quele servo fiel, imitador do Profeta J\u00f3.<\/p>\n<p>Assim narra um autor a inf\u00e2ncia desse santo:<\/p>\n<p>\u00a0&#8220;A natureza foi com ele uma madrasta: n\u00e3o lhe deu nem riqueza, nem sa\u00fade, nem talento, nem ouro, nem prest\u00edgio, nem nobreza&#8230; N\u00e3o teve sequer um ber\u00e7o no momento de vir ao mundo. Seus companheiros o desprezavam e todo o mundo se ria dele. Susteve-se largo tempo entre a vida e a morte, at\u00e9 que um ermit\u00e3o o esfregou com azeite e o curou. No entanto, continuou a ser olhado como o homem mais desgra\u00e7ado do mundo, por essa confus\u00e3o estranha de nossa linguagem, pois se em algo superabundava aquele menino, era precisamente na gra\u00e7a que o ia tirar da obscuridade e desprezo, para aureolar sua fronte com as luzes [at\u00e9 ali] inveross\u00edmeis da gl\u00f3ria&#8221; .<\/p>\n<p>\u00a0<strong>O in\u00fatil Boca-aberta<\/strong><\/p>\n<p>Cupertino era uma pequena cidade no Reino de N\u00e1poles, na It\u00e1lia, entre Brindisi e Otranto, cerca do Golfo de Tarento. Nela vivia um piedoso carpinteiro, t\u00e3o pouco capaz que seu nome n\u00e3o foi retido pelos bi\u00f3grafos do filho. No momento em que sua esposa estava para dar \u00e0 luz, o casal teve que fugir dos agentes da Justi\u00e7a que procuravam o carpinteiro por d\u00edvidas n\u00e3o pagas. Foi assim que Jos\u00e9 teve a dita de, \u00e0 semelhan\u00e7a do Deus Menino, nascer no est\u00e1bulo que lhes serviu de ref\u00fagio, em\u00a0 17\u00a0 de junho de 1603.\u00a0<\/p>\n<p>\u00a0 Crescendo, viu-se que o menino, sempre distra\u00eddo, era incapaz de manter um di\u00e1logo, de segurar algo sem deixar cair; enfim, na aula ficava pensando em outra coisa, numa atitude que mereceu-lhe o apelido de Boca aberta. Ningu\u00e9m podia acreditar que, por detr\u00e1s daquele exterior rid\u00edculo e quase idiota, escondiam-se pepitas de ouro que s\u00f3 t\u00eam valor no Reino celeste.<\/p>\n<p>\u00a0<strong>Fun\u00e7\u00e3o: zelador da mula conventual<\/strong><\/p>\n<p>\u00a0Mal sabendo ler e, pior, escrever, aos 17 anos Jos\u00e9 pediu admiss\u00e3o no convento dos Franciscanos Conventuais, onde tinha dois tios. Mas foi recusado por sua apar\u00eancia t\u00e3o desfavor\u00e1vel. Os Capuchinhos aceitaram-no para experi\u00eancia, passando ele por todas as fun\u00e7\u00f5es. Mas Jos\u00e9 mostrava-se t\u00e3o estabanado, que quebrava tudo o que lhe davam. Quando ia p\u00f4r a mesa, bastava olhar para o Crucifixo, soltava um grito, largava os pratos \u2013 que se espatifavam no ch\u00e3o \u2013 enquanto ele entrava em \u00eaxtase. Com o pensamento &#8220;nas nuvens&#8221;, servia o p\u00e3o preto em vez do branco, porque &#8220;n\u00e3o sabia distingui-los&#8221;. Foi mandado embora descal\u00e7o e s\u00f3 com a roupa do corpo.\u00a0<\/p>\n<p>Mal tinha sa\u00eddo do convento, c\u00e3es o atacaram, deixando seu h\u00e1bito em tiras. Andando pelos campos, pastores tomaram-no por um ladr\u00e3o, e ca\u00edram sobre ele a pauladas. Na estrada, foi perseguido por um cavaleiro que o julgava um espia.<\/p>\n<p>\u00a0Chegando em lastim\u00e1vel estado a Cupertino, nenhum parente quis receb\u00ea-lo, considerando-o vagabundo; a pr\u00f3pria m\u00e3e- Franceschina Panaca (o pai tinha falecido) lan\u00e7ou-lhe em face: &#8220;Se te mandaram embora de uma casa santa, algo fizeste. Agora s\u00f3 te resta o c\u00e1rcere, o desterro, ou morrer de fome&#8221;.<\/p>\n<p>\u00a0Mas finalmente a genitora intercedeu por ele junto aos Conventuais, convencendo seus irm\u00e3os a receberem o sobrinho pelo menos para cuidar da mula do convento, revestido do\u00a0 h\u00e1bito da Ordem Terceira de S\u00e3o Francisco.<\/p>\n<p>\u00a0<strong>Ordena\u00e7\u00e3o sacerdotal, ap\u00f3s sucessivos fatos miraculosos<\/strong><\/p>\n<p>\u00a0Aos poucos, entretanto, os religiosos foram observando aquele silencioso jovem, e descobrindo brasas que fumegavam sob a \u00e1spera cinza. Sempre alegre, sorridente e aceitando as humilha\u00e7\u00f5es com desapego ang\u00e9lico, sua linguagem revelava tocante simplicidade de cora\u00e7\u00e3o e pureza de alma. Obedecia incontinenti, e levava uma vida de\u00a0 mortifica\u00e7\u00e3o extraordin\u00e1ria. Viram que Jos\u00e9 tinha verdadeira piedade e voca\u00e7\u00e3o sacerdotal. Foi admitido aos estudos como postulante.<\/p>\n<p>\u00a0O estudo foi-lhe uma cruz bem pesada, pois sua mem\u00f3ria era fraca e, sempre absorvido nas coisas divinas, n\u00e3o conseguia reter no dia seguinte uma palavra aprendida no anterior.<\/p>\n<p>\u00a0A Provid\u00eancia queria dele amor, e n\u00e3o erudi\u00e7\u00e3o. O Bispo de Nardo, que apreciava sua virtude, foi lhe conferindo, sem dificuldade, as ordens menores e o subdiaconato.<\/p>\n<p>\u00a0Mas, n\u00e3o tinha jeito! &#8212; para o diaconato era necess\u00e1rio exame. Acontece que Jos\u00e9, por causa de sua devo\u00e7\u00e3o \u00e0 M\u00e3e de Deus, s\u00f3 conseguira reter na mem\u00f3ria uma passagem do Evangelho: a que diz &#8220;bendito o seio que te portou&#8221;, na qual meditava constantemente.<\/p>\n<p>\u00a0E foi exatamente a que lhe tocou comentar! E ele o fez t\u00e3o magnificamente, como o faria o melhor dos te\u00f3logos!<\/p>\n<p>\u00a0Para a ordena\u00e7\u00e3o, outra interven\u00e7\u00e3o miraculosa: o examinador, vendo que os 10 primeiros candidatos sa\u00edram-se magnificamente bem, julgou in\u00fatil examinar os demais!\u00a0<\/p>\n<p><strong>Lutas e vis\u00f5es<\/strong><\/p>\n<p>\u00a0A partir de sua ordena\u00e7\u00e3o sacerdotal, Jos\u00e9 passou a &#8220;considerar-se como exilado do para\u00edso, e como condenado a habitar uma terra de inimigos. Por isso ele se prop\u00f4s a combater, e, pela luta, chegar ao C\u00e9u&#8221; .<\/p>\n<p>\u00a0 Para isso jejuava e flagelava-se, passando v\u00e1rios dias sem alimento, s\u00f3 com a Sagrada Eucaristia.\u00a0<\/p>\n<p>\u00a0O dem\u00f4nio agredia-o ora fisicamente, ora insinuava-lhe pensamentos de avareza ou de apego a algum objeto, tentando vencer sua virtude. O combate era t\u00e3o acirrado que mais tarde o Santo comentou: &#8220;N\u00e3o suspeitava que a trama das redes do diabo fossem t\u00e3o subtis. Agora compreendo perfeitamente que o m\u00e9rito da pobreza n\u00e3o est\u00e1 precisamente em n\u00e3o possuir nada, sen\u00e3o em n\u00e3o ter afeto \u00e0s coisas da Terra&#8221; (3). Jos\u00e9 gozava entretanto da companhia dos anjos, vendo-os muitas vezes pessoalmente e com eles conversando como de amigo a amigo. Sua devo\u00e7\u00e3o ao mist\u00e9rio da natividade de Nosso Senhor era profunda. Muitas vezes o Menino Jesus aparecia-lhe. Ele, tomando-O nos bra\u00e7os, acariciava-O e dizia as palavras mais ternas que podia conceber.<\/p>\n<p>\u00a0Come\u00e7ou\u00a0 para S\u00e3o Jos\u00e9 de Cupertino, depois de dois anos de terr\u00edveis prova\u00e7\u00f5es,\u00a0 a s\u00e9rie de \u00eaxtases t\u00e3o extraordin\u00e1rios, como dificilmente se ouvira narrar antes e depois dele na Hagiografia. Bastava ouvir o nome de Jesus ou de Maria, que ele dava um grito e, literalmente, voava rumo ao objeto amado. Se estava na igreja, voava para junto do altar da Virgem ou do Sant\u00edssimo. Se no jardim, para o cimo de uma \u00e1rvore, permanecendo ajoelhado na ponta de um de seus galhos como se fosse o mais leve passarinho.<\/p>\n<p>\u00a0Em Roma, quando ele se viu diante do Vig\u00e1rio de Cristo na Terra, entrou em \u00eaxtase, ficando suspenso no ar durante a audi\u00eancia, at\u00e9 que o Superior lhe ordenasse em nome da obedi\u00eancia que voltasse a si.\u00a0<\/p>\n<p><strong>Ovelhas acompanham a Ladainha&#8230;<\/strong><\/p>\n<p>\u00a0Verdadeiramente imbu\u00eddo do esp\u00edrito de S\u00e3o Francisco, ocorreram com ele in\u00fameros fatos dignos de constarem nos Fioretti do Poverello de Assis. Certa vez, por exemplo, n\u00e3o estando os agricultores numa capela rural para a Ladainha, por causa da colheita, viu ao longe rebanhos que pastavam. Dirigindo-se aos animais, o Santo exclamou: &#8220;Ovelhinhas de Deus, vinde aqui honrar a M\u00e3e de meu Deus, que \u00e9 tamb\u00e9m a vossa&#8221;. Deixando atr\u00e1s pasto, filhotes, tudo, elas acorreram em tumulto ao apelo de Jos\u00e9, sendo que naturalmente n\u00e3o podiam t\u00ea-lo ouvido devido \u00e0 dist\u00e2ncia. Entrando na capela, todas ca\u00edram de joelhos e, com um longo balido, respondiam \u00e0s invoca\u00e7\u00f5es da Ladainha dirigida pelo Santo.<\/p>\n<p>\u00a0Outra vez, tendo uma peste dizimado os rebanhos, dirigiu-se, a pedido dos camponeses, de ovelha em ovelha morta, ordenando-lhes que se levantassem em nome de Jesus. E todas voltaram \u00e0 vida.<\/p>\n<p>\u00a0\u00c0s freiras clarissas de sua cidade, mandou que um passarinho lhes cantasse durante o Of\u00edcio para incit\u00e1-las a faz\u00ea-lo bem.<\/p>\n<p>\u00a0<strong>Conselheiro dos grandes deste mundo<\/strong><\/p>\n<p>\u00a0O Duque de Brunswick e de Hanover, o protestante Jo\u00e3o Frederico, ent\u00e3o com 25 anos, curioso, obteve do superior de Assis o favor de assistir a uma Missa do &#8220;santo que voava&#8221;. Jos\u00e9 n\u00e3o foi avisado de nada. Na hora de partir a H\u00f3stia, estranhamente n\u00e3o conseguia faz\u00ea-lo, pois esta oferecia resist\u00eancia. Aflito, os olhos em l\u00e1grimas, o Santo levitou alguns palmos acima do solo, e nessa posi\u00e7\u00e3o retrocedeu alguns passos, dirigindo a Deus fervorosa prece. P\u00f4de depois partir a H\u00f3stia com a costumeira facilidade.<\/p>\n<p>\u00a0O Duque quis saber o motivo do sucedido. Jos\u00e9 respondeu ao Superior: &#8220;V\u00f3s trouxestes gente que tem o cora\u00e7\u00e3o muito duro e que se obstina em n\u00e3o crer no que ensina a Santa Madre Igreja. Esta \u00e9 a causa pela qual o Cordeiro sem mancha endureceu-Se em minhas m\u00e3os, de modo que n\u00e3o conseguia dividi-Lo&#8221;.\u00a0<\/p>\n<p>\u00a0Obtendo licen\u00e7a para manter conversas e receber conselhos do Santo, o Duque foi testemunha de novo milagre. Durante outra Missa do Santo, viu na H\u00f3stia sagrada, durante a Eleva\u00e7\u00e3o, uma cruz negra. Frei Jos\u00e9 soltou um grito, e permaneceu suspenso no ar enquanto dizia olhando a cruz: &#8220;Senhor, esta \u00e9 vossa; n\u00e3o quero sen\u00e3o a vossa gl\u00f3ria. Tocai e abrandai, Senhor, esse cora\u00e7\u00e3o. Fazei com que seja aceito por vossa Divina Majestade&#8221;. Sua ora\u00e7\u00e3o foi aceita, pois o Duque de Brunswick converteu-se (4).<\/p>\n<p>Frei Jos\u00e9 chegou a um tal grau de discernimento dos esp\u00edritos, que parecia ler os cora\u00e7\u00f5es. Ele via as pessoas freq\u00fcentemente sob a forma do animal que representava o estado de sua alma. Ele sentia tamb\u00e9m os odores do pecado ou da virtude, de maneira que, chegando-se a um pecador, dizia: &#8220;Cheiras mal. Vai te confessar&#8221;.\u00a0<\/p>\n<p><strong>Santidade atrai multid\u00f5es apesar dos obst\u00e1culos<\/strong><\/p>\n<p>Numa \u00e9poca em que a heresia de Lutero tentava fortemente penetrar nos pa\u00edses cat\u00f3licos, o Sagrado Tribunal da Inquisi\u00e7\u00e3o vigiava sobre qualquer anormalidade. Vendo as grandes multid\u00f5es que atra\u00eda Frei Jos\u00e9 de Cupertino, julgou prudente, de acordo com o Papa, retir\u00e1-lo para um convento menos conhecido, onde ele deveria viver praticamente recluso. Foi-lhe proibido falar com qualquer pessoa al\u00e9m dos religiosos do convento, e mesmo de escrever cartas a quem quer que fosse.<\/p>\n<p>\u00a0Foi in\u00fatil. Embora o convento fosse constru\u00eddo na parte mais escarpada de uma montanha, isso n\u00e3o impediu que uma multid\u00e3o crescente para l\u00e1 se dirigisse &#8220;para ver o santo&#8221;, de tal modo que nas cercanias come\u00e7aram a surgir hospedagens e com\u00e9rcio para atender os peregrinos. Frei Jos\u00e9 foi ent\u00e3o transferido para outro convento, e assim sucessivamente, at\u00e9 chegar ao de \u00d3simo, onde predisse que terminaria seus dias, o que ocorreu poucos anos depois, a 18 de setembro de 1663. A multid\u00e3o que passou a acorrer a seu t\u00famulo indicava sua fama de santidade.<\/p>\n<p>Santu\u00e1rio de S\u00e3o Jos\u00e9 de Cupertino &#8211; Osimo &#8211; Galeria de fotos &#8211;<\/p>\n<p><img loading=\"lazy\" decoding=\"async\" src=\"http:\/\/www.arautos.org.br\/resource\/view?id=11227&amp;size=2\" alt=\"\" width=\"265\" height=\"403\" \/><\/p>\n<p><img loading=\"lazy\" decoding=\"async\" src=\"http:\/\/www.oremosjuntos.com\/Joseph_von_Copertino2.jpg\" alt=\"\" width=\"500\" height=\"394\" \/><\/p>\n<p>\u00a0\u00a0 <a href=\"http:\/\/www.sangiuseppeosimo.it\/gallerie-immagini\/2-foto-santuario\/detail\/5-camerette3.html?tmpl=component#\"><img decoding=\"async\" src=\"http:\/\/www.sangiuseppeosimo.it\/images\/phocagallery\/thumbs\/phoca_thumb_l_camerette3.jpg\" alt=\"\" \/><\/a><\/p>\n<p><a href=\"http:\/\/www.sangiuseppeosimo.it\/gallerie-immagini\/2-foto-santuario\/detail\/2-abside.html?tmpl=component#\"><img decoding=\"async\" src=\"http:\/\/www.sangiuseppeosimo.it\/images\/phocagallery\/thumbs\/phoca_thumb_l_abside.jpg\" alt=\"\" \/><\/a><\/p>\n<p><a href=\"http:\/\/www.sangiuseppeosimo.it\/gallerie-immagini\/2-foto-santuario\/detail\/4-camerette2.html?tmpl=component#\"><img decoding=\"async\" src=\"http:\/\/www.sangiuseppeosimo.it\/images\/phocagallery\/thumbs\/phoca_thumb_l_camerette2.jpg\" alt=\"\" \/><\/a><\/p>\n<p><a href=\"http:\/\/www.sangiuseppeosimo.it\/gallerie-immagini\/3-accoglienza\/detail\/10-refettorio-grande.html?tmpl=component#\"><img decoding=\"async\" src=\"http:\/\/www.sangiuseppeosimo.it\/images\/phocagallery\/thumbs\/phoca_thumb_l_refettorio%20grande.jpg\" alt=\"\" \/><\/a><\/p>\n<p>refeit\u00f3rio dos frades<\/p>\n<p><img loading=\"lazy\" decoding=\"async\" src=\"http:\/\/www.oarcanjo.net\/site\/wp-content\/uploads\/ft-sao-jose-cupertino-01.jpg\" alt=\"S\u00e3o Miguel Arcanjo feito por S\u00e3o Jos\u00e9 de Cupertino\" width=\"350\" height=\"459\" \/><\/p>\n<div id=\"themify_builder_content-10844\" data-postid=\"10844\" class=\"themify_builder_content themify_builder_content-10844 themify_builder themify_builder_front\">\n\t<\/div>\n<!-- \/themify_builder_content -->","protected":false},"excerpt":{"rendered":"<p>18 de Setembro Maravilhas da gra\u00e7a divina em meio a indig\u00eancias da natureza humana. Desprovido de qualidades naturais, esse Santo, cuja festa comemoramos neste m\u00eas, teria seu nome varrido pelo vento da Hist\u00f3ria n\u00e3o fosse sua radicalidade no amor a Deus e o rec\u00edproco amor do Criador \u00e0quele servo fiel, imitador do Profeta J\u00f3. Assim [&hellip;]<\/p>\n","protected":false},"author":14,"featured_media":0,"comment_status":"open","ping_status":"open","sticky":false,"template":"","format":"standard","meta":{"ngg_post_thumbnail":0,"footnotes":""},"categories":[186],"tags":[],"yoast_head":"<!-- This site is optimized with the Yoast SEO plugin v23.5 - https:\/\/yoast.com\/wordpress\/plugins\/seo\/ -->\n<title>S\u00e3o Jos\u00e9 de Cupertino - O Arcanjo no ar<\/title>\n<meta name=\"robots\" content=\"index, follow, max-snippet:-1, max-image-preview:large, max-video-preview:-1\" \/>\n<link rel=\"canonical\" href=\"https:\/\/www.oarcanjo.net\/site\/sao-jose-copertino\/\" \/>\n<meta property=\"og:locale\" content=\"pt_BR\" \/>\n<meta property=\"og:type\" content=\"article\" \/>\n<meta property=\"og:title\" content=\"S\u00e3o Jos\u00e9 de Cupertino - O Arcanjo no ar\" \/>\n<meta property=\"og:description\" content=\"18 de Setembro Maravilhas da gra\u00e7a divina em meio a indig\u00eancias da natureza humana. Desprovido de qualidades naturais, esse Santo, cuja festa comemoramos neste m\u00eas, teria seu nome varrido pelo vento da Hist\u00f3ria n\u00e3o fosse sua radicalidade no amor a Deus e o rec\u00edproco amor do Criador \u00e0quele servo fiel, imitador do Profeta J\u00f3. Assim [&hellip;]\" \/>\n<meta property=\"og:url\" content=\"https:\/\/www.oarcanjo.net\/site\/sao-jose-copertino\/\" \/>\n<meta property=\"og:site_name\" content=\"O Arcanjo no ar\" \/>\n<meta property=\"article:publisher\" content=\"https:\/\/www.facebook.com\/OArcanjoNoAr\/\" \/>\n<meta property=\"article:published_time\" content=\"2017-09-18T03:11:20+00:00\" \/>\n<meta property=\"article:modified_time\" content=\"2017-07-31T10:53:54+00:00\" \/>\n<meta property=\"og:image\" content=\"http:\/\/images.evangelizo.org\/images\/santibeati\/G\/San_Giuseppe_da_Copertino_Sacerdote\/San_Giuseppe_da_Copertino_B.jpg\" \/>\n<meta name=\"author\" content=\"danilo\" \/>\n<meta name=\"twitter:card\" content=\"summary_large_image\" \/>\n<meta name=\"twitter:label1\" content=\"Escrito por\" \/>\n\t<meta name=\"twitter:data1\" content=\"danilo\" \/>\n\t<meta name=\"twitter:label2\" content=\"Est. tempo de leitura\" \/>\n\t<meta name=\"twitter:data2\" content=\"9 minutos\" \/>\n<script type=\"application\/ld+json\" class=\"yoast-schema-graph\">{\"@context\":\"https:\/\/schema.org\",\"@graph\":[{\"@type\":\"Article\",\"@id\":\"https:\/\/www.oarcanjo.net\/site\/sao-jose-copertino\/#article\",\"isPartOf\":{\"@id\":\"https:\/\/www.oarcanjo.net\/site\/sao-jose-copertino\/\"},\"author\":{\"name\":\"danilo\",\"@id\":\"https:\/\/www.oarcanjo.net\/site\/#\/schema\/person\/5eb9480bedd2f3c97e430ce128c29c6c\"},\"headline\":\"S\u00e3o Jos\u00e9 de Cupertino\",\"datePublished\":\"2017-09-18T03:11:20+00:00\",\"dateModified\":\"2017-07-31T10:53:54+00:00\",\"mainEntityOfPage\":{\"@id\":\"https:\/\/www.oarcanjo.net\/site\/sao-jose-copertino\/\"},\"wordCount\":1881,\"commentCount\":6,\"publisher\":{\"@id\":\"https:\/\/www.oarcanjo.net\/site\/#organization\"},\"image\":{\"@id\":\"https:\/\/www.oarcanjo.net\/site\/sao-jose-copertino\/#primaryimage\"},\"thumbnailUrl\":\"http:\/\/images.evangelizo.org\/images\/santibeati\/G\/San_Giuseppe_da_Copertino_Sacerdote\/San_Giuseppe_da_Copertino_B.jpg\",\"articleSection\":[\"Testemunhos\"],\"inLanguage\":\"pt-BR\",\"potentialAction\":[{\"@type\":\"CommentAction\",\"name\":\"Comment\",\"target\":[\"https:\/\/www.oarcanjo.net\/site\/sao-jose-copertino\/#respond\"]}]},{\"@type\":\"WebPage\",\"@id\":\"https:\/\/www.oarcanjo.net\/site\/sao-jose-copertino\/\",\"url\":\"https:\/\/www.oarcanjo.net\/site\/sao-jose-copertino\/\",\"name\":\"S\u00e3o Jos\u00e9 de Cupertino - O Arcanjo no ar\",\"isPartOf\":{\"@id\":\"https:\/\/www.oarcanjo.net\/site\/#website\"},\"primaryImageOfPage\":{\"@id\":\"https:\/\/www.oarcanjo.net\/site\/sao-jose-copertino\/#primaryimage\"},\"image\":{\"@id\":\"https:\/\/www.oarcanjo.net\/site\/sao-jose-copertino\/#primaryimage\"},\"thumbnailUrl\":\"http:\/\/images.evangelizo.org\/images\/santibeati\/G\/San_Giuseppe_da_Copertino_Sacerdote\/San_Giuseppe_da_Copertino_B.jpg\",\"datePublished\":\"2017-09-18T03:11:20+00:00\",\"dateModified\":\"2017-07-31T10:53:54+00:00\",\"breadcrumb\":{\"@id\":\"https:\/\/www.oarcanjo.net\/site\/sao-jose-copertino\/#breadcrumb\"},\"inLanguage\":\"pt-BR\",\"potentialAction\":[{\"@type\":\"ReadAction\",\"target\":[\"https:\/\/www.oarcanjo.net\/site\/sao-jose-copertino\/\"]}]},{\"@type\":\"ImageObject\",\"inLanguage\":\"pt-BR\",\"@id\":\"https:\/\/www.oarcanjo.net\/site\/sao-jose-copertino\/#primaryimage\",\"url\":\"http:\/\/images.evangelizo.org\/images\/santibeati\/G\/San_Giuseppe_da_Copertino_Sacerdote\/San_Giuseppe_da_Copertino_B.jpg\",\"contentUrl\":\"http:\/\/images.evangelizo.org\/images\/santibeati\/G\/San_Giuseppe_da_Copertino_Sacerdote\/San_Giuseppe_da_Copertino_B.jpg\"},{\"@type\":\"BreadcrumbList\",\"@id\":\"https:\/\/www.oarcanjo.net\/site\/sao-jose-copertino\/#breadcrumb\",\"itemListElement\":[{\"@type\":\"ListItem\",\"position\":1,\"name\":\"In\u00edcio\",\"item\":\"https:\/\/www.oarcanjo.net\/site\/\"},{\"@type\":\"ListItem\",\"position\":2,\"name\":\"S\u00e3o Jos\u00e9 de Cupertino\"}]},{\"@type\":\"WebSite\",\"@id\":\"https:\/\/www.oarcanjo.net\/site\/#website\",\"url\":\"https:\/\/www.oarcanjo.net\/site\/\",\"name\":\"O Arcanjo no ar\",\"description\":\"Site da Par\u00f3quia S\u00e3o Miguel Arcanjo (Arquidiocese de SP)\",\"publisher\":{\"@id\":\"https:\/\/www.oarcanjo.net\/site\/#organization\"},\"potentialAction\":[{\"@type\":\"SearchAction\",\"target\":{\"@type\":\"EntryPoint\",\"urlTemplate\":\"https:\/\/www.oarcanjo.net\/site\/?s={search_term_string}\"},\"query-input\":{\"@type\":\"PropertyValueSpecification\",\"valueRequired\":true,\"valueName\":\"search_term_string\"}}],\"inLanguage\":\"pt-BR\"},{\"@type\":\"Organization\",\"@id\":\"https:\/\/www.oarcanjo.net\/site\/#organization\",\"name\":\"Par\u00f3quia S\u00e3o Miguel Arcanjo\",\"url\":\"https:\/\/www.oarcanjo.net\/site\/\",\"logo\":{\"@type\":\"ImageObject\",\"inLanguage\":\"pt-BR\",\"@id\":\"https:\/\/www.oarcanjo.net\/site\/#\/schema\/logo\/image\/\",\"url\":\"https:\/\/www.oarcanjo.net\/site\/wp-content\/uploads\/LogoOArcanjo.png\",\"contentUrl\":\"https:\/\/www.oarcanjo.net\/site\/wp-content\/uploads\/LogoOArcanjo.png\",\"width\":319,\"height\":99,\"caption\":\"Par\u00f3quia S\u00e3o Miguel Arcanjo\"},\"image\":{\"@id\":\"https:\/\/www.oarcanjo.net\/site\/#\/schema\/logo\/image\/\"},\"sameAs\":[\"https:\/\/www.facebook.com\/OArcanjoNoAr\/\"]},{\"@type\":\"Person\",\"@id\":\"https:\/\/www.oarcanjo.net\/site\/#\/schema\/person\/5eb9480bedd2f3c97e430ce128c29c6c\",\"name\":\"danilo\"}]}<\/script>\n<!-- \/ Yoast SEO plugin. -->","yoast_head_json":{"title":"S\u00e3o Jos\u00e9 de Cupertino - O Arcanjo no ar","robots":{"index":"index","follow":"follow","max-snippet":"max-snippet:-1","max-image-preview":"max-image-preview:large","max-video-preview":"max-video-preview:-1"},"canonical":"https:\/\/www.oarcanjo.net\/site\/sao-jose-copertino\/","og_locale":"pt_BR","og_type":"article","og_title":"S\u00e3o Jos\u00e9 de Cupertino - O Arcanjo no ar","og_description":"18 de Setembro Maravilhas da gra\u00e7a divina em meio a indig\u00eancias da natureza humana. Desprovido de qualidades naturais, esse Santo, cuja festa comemoramos neste m\u00eas, teria seu nome varrido pelo vento da Hist\u00f3ria n\u00e3o fosse sua radicalidade no amor a Deus e o rec\u00edproco amor do Criador \u00e0quele servo fiel, imitador do Profeta J\u00f3. Assim [&hellip;]","og_url":"https:\/\/www.oarcanjo.net\/site\/sao-jose-copertino\/","og_site_name":"O Arcanjo no ar","article_publisher":"https:\/\/www.facebook.com\/OArcanjoNoAr\/","article_published_time":"2017-09-18T03:11:20+00:00","article_modified_time":"2017-07-31T10:53:54+00:00","og_image":[{"url":"http:\/\/images.evangelizo.org\/images\/santibeati\/G\/San_Giuseppe_da_Copertino_Sacerdote\/San_Giuseppe_da_Copertino_B.jpg"}],"author":"danilo","twitter_card":"summary_large_image","twitter_misc":{"Escrito por":"danilo","Est. tempo de leitura":"9 minutos"},"schema":{"@context":"https:\/\/schema.org","@graph":[{"@type":"Article","@id":"https:\/\/www.oarcanjo.net\/site\/sao-jose-copertino\/#article","isPartOf":{"@id":"https:\/\/www.oarcanjo.net\/site\/sao-jose-copertino\/"},"author":{"name":"danilo","@id":"https:\/\/www.oarcanjo.net\/site\/#\/schema\/person\/5eb9480bedd2f3c97e430ce128c29c6c"},"headline":"S\u00e3o Jos\u00e9 de Cupertino","datePublished":"2017-09-18T03:11:20+00:00","dateModified":"2017-07-31T10:53:54+00:00","mainEntityOfPage":{"@id":"https:\/\/www.oarcanjo.net\/site\/sao-jose-copertino\/"},"wordCount":1881,"commentCount":6,"publisher":{"@id":"https:\/\/www.oarcanjo.net\/site\/#organization"},"image":{"@id":"https:\/\/www.oarcanjo.net\/site\/sao-jose-copertino\/#primaryimage"},"thumbnailUrl":"http:\/\/images.evangelizo.org\/images\/santibeati\/G\/San_Giuseppe_da_Copertino_Sacerdote\/San_Giuseppe_da_Copertino_B.jpg","articleSection":["Testemunhos"],"inLanguage":"pt-BR","potentialAction":[{"@type":"CommentAction","name":"Comment","target":["https:\/\/www.oarcanjo.net\/site\/sao-jose-copertino\/#respond"]}]},{"@type":"WebPage","@id":"https:\/\/www.oarcanjo.net\/site\/sao-jose-copertino\/","url":"https:\/\/www.oarcanjo.net\/site\/sao-jose-copertino\/","name":"S\u00e3o Jos\u00e9 de Cupertino - O Arcanjo no ar","isPartOf":{"@id":"https:\/\/www.oarcanjo.net\/site\/#website"},"primaryImageOfPage":{"@id":"https:\/\/www.oarcanjo.net\/site\/sao-jose-copertino\/#primaryimage"},"image":{"@id":"https:\/\/www.oarcanjo.net\/site\/sao-jose-copertino\/#primaryimage"},"thumbnailUrl":"http:\/\/images.evangelizo.org\/images\/santibeati\/G\/San_Giuseppe_da_Copertino_Sacerdote\/San_Giuseppe_da_Copertino_B.jpg","datePublished":"2017-09-18T03:11:20+00:00","dateModified":"2017-07-31T10:53:54+00:00","breadcrumb":{"@id":"https:\/\/www.oarcanjo.net\/site\/sao-jose-copertino\/#breadcrumb"},"inLanguage":"pt-BR","potentialAction":[{"@type":"ReadAction","target":["https:\/\/www.oarcanjo.net\/site\/sao-jose-copertino\/"]}]},{"@type":"ImageObject","inLanguage":"pt-BR","@id":"https:\/\/www.oarcanjo.net\/site\/sao-jose-copertino\/#primaryimage","url":"http:\/\/images.evangelizo.org\/images\/santibeati\/G\/San_Giuseppe_da_Copertino_Sacerdote\/San_Giuseppe_da_Copertino_B.jpg","contentUrl":"http:\/\/images.evangelizo.org\/images\/santibeati\/G\/San_Giuseppe_da_Copertino_Sacerdote\/San_Giuseppe_da_Copertino_B.jpg"},{"@type":"BreadcrumbList","@id":"https:\/\/www.oarcanjo.net\/site\/sao-jose-copertino\/#breadcrumb","itemListElement":[{"@type":"ListItem","position":1,"name":"In\u00edcio","item":"https:\/\/www.oarcanjo.net\/site\/"},{"@type":"ListItem","position":2,"name":"S\u00e3o Jos\u00e9 de Cupertino"}]},{"@type":"WebSite","@id":"https:\/\/www.oarcanjo.net\/site\/#website","url":"https:\/\/www.oarcanjo.net\/site\/","name":"O Arcanjo no ar","description":"Site da Par\u00f3quia S\u00e3o Miguel Arcanjo (Arquidiocese de SP)","publisher":{"@id":"https:\/\/www.oarcanjo.net\/site\/#organization"},"potentialAction":[{"@type":"SearchAction","target":{"@type":"EntryPoint","urlTemplate":"https:\/\/www.oarcanjo.net\/site\/?s={search_term_string}"},"query-input":{"@type":"PropertyValueSpecification","valueRequired":true,"valueName":"search_term_string"}}],"inLanguage":"pt-BR"},{"@type":"Organization","@id":"https:\/\/www.oarcanjo.net\/site\/#organization","name":"Par\u00f3quia S\u00e3o Miguel Arcanjo","url":"https:\/\/www.oarcanjo.net\/site\/","logo":{"@type":"ImageObject","inLanguage":"pt-BR","@id":"https:\/\/www.oarcanjo.net\/site\/#\/schema\/logo\/image\/","url":"https:\/\/www.oarcanjo.net\/site\/wp-content\/uploads\/LogoOArcanjo.png","contentUrl":"https:\/\/www.oarcanjo.net\/site\/wp-content\/uploads\/LogoOArcanjo.png","width":319,"height":99,"caption":"Par\u00f3quia S\u00e3o Miguel Arcanjo"},"image":{"@id":"https:\/\/www.oarcanjo.net\/site\/#\/schema\/logo\/image\/"},"sameAs":["https:\/\/www.facebook.com\/OArcanjoNoAr\/"]},{"@type":"Person","@id":"https:\/\/www.oarcanjo.net\/site\/#\/schema\/person\/5eb9480bedd2f3c97e430ce128c29c6c","name":"danilo"}]}},"publishpress_future_action":{"enabled":false,"date":"2026-05-09 01:04:34","action":"category","newStatus":"draft","terms":[],"taxonomy":"category"},"publishpress_future_workflow_manual_trigger":{"enabledWorkflows":[]},"_links":{"self":[{"href":"https:\/\/www.oarcanjo.net\/site\/wp-json\/wp\/v2\/posts\/10844"}],"collection":[{"href":"https:\/\/www.oarcanjo.net\/site\/wp-json\/wp\/v2\/posts"}],"about":[{"href":"https:\/\/www.oarcanjo.net\/site\/wp-json\/wp\/v2\/types\/post"}],"author":[{"embeddable":true,"href":"https:\/\/www.oarcanjo.net\/site\/wp-json\/wp\/v2\/users\/14"}],"replies":[{"embeddable":true,"href":"https:\/\/www.oarcanjo.net\/site\/wp-json\/wp\/v2\/comments?post=10844"}],"version-history":[{"count":0,"href":"https:\/\/www.oarcanjo.net\/site\/wp-json\/wp\/v2\/posts\/10844\/revisions"}],"wp:attachment":[{"href":"https:\/\/www.oarcanjo.net\/site\/wp-json\/wp\/v2\/media?parent=10844"}],"wp:term":[{"taxonomy":"category","embeddable":true,"href":"https:\/\/www.oarcanjo.net\/site\/wp-json\/wp\/v2\/categories?post=10844"},{"taxonomy":"post_tag","embeddable":true,"href":"https:\/\/www.oarcanjo.net\/site\/wp-json\/wp\/v2\/tags?post=10844"}],"curies":[{"name":"wp","href":"https:\/\/api.w.org\/{rel}","templated":true}]}}