
{"id":10849,"date":"2017-09-19T00:38:36","date_gmt":"2017-09-19T03:38:36","guid":{"rendered":"http:\/\/www.oarcanjo.net\/site\/?p=10849"},"modified":"2017-07-31T07:54:03","modified_gmt":"2017-07-31T10:54:03","slug":"sao-januario-ou-gennaro","status":"publish","type":"post","link":"https:\/\/www.oarcanjo.net\/site\/sao-januario-ou-gennaro\/","title":{"rendered":"S\u00e3o Janu\u00e1rio ou Gennaro"},"content":{"rendered":"<p><img loading=\"lazy\" decoding=\"async\" src=\"http:\/\/www.simpatias.org\/wp-content\/uploads\/2008\/10\/sao_gennaro_sao_januario_sao_genaro.jpg\" alt=\"\" width=\"312\" height=\"403\" \/><\/p>\n<p>19 de Setembro<\/p>\n<p>S\u00e3o Janu\u00e1rio nasceu em N\u00e1poles, no ano 270 d.C. Nada se sabe ao certo sobre os primeiros anos de sua vida. Em 302 foi ordenado sacerdote, e por sua piedade e virtude foi escolhido, pouco depois, para Bispo de Benevento. Sua caridade, infatig\u00e1vel zelo e solicitude pastoral desterraram de sua diocese a indig\u00eancia, tendo ele socorrido a todos os necessitados e aflitos.<\/p>\n<p>Quando em 304, o imperador romano Diocleciano desencadeou em todo o Imp\u00e9rio cruel persegui\u00e7\u00e3o contra o Cristianismo, obrigando os fi\u00e9is a oferecer sacrif\u00edcios \u00e0s divindades pag\u00e3s, nosso santo teve muitas ocasi\u00f5es de manifestar o valor de seu zelo, socorrendo os crist\u00e3os, n\u00e3o s\u00f3 nos limites de sua diocese, mas em todas as cidades circunvizinhas. Penetrava nos c\u00e1rceres, estimulando seus irm\u00e3os na f\u00e9 e perseveran\u00e7a final, alcan\u00e7ando tamb\u00e9m, naquela ocasi\u00e3o. grande n\u00famero de convers\u00f5es. O \u00eaxito de seu apostolado n\u00e3o tardou a despertar aten\u00e7\u00e3o de Drac\u00f4nio, governador da Camp\u00e2nia, que o mandou prender.<\/p>\n<p>Diante do tribunal, S\u00e3o Janu\u00e1rio foi reprovado pelo pr\u00f3-consul Tim\u00f3teo, que lhe apresentou a seguinte alternativa:<\/p>\n<p><em>\u2014 \u201cOu ofereces incenso aos deuses, ou renuncias \u00e0 vida\u201d.<\/em><\/p>\n<p><em>\u2014 \u201cN\u00e3o posso imolar ao inimigo, pois tenho a honra de sacrificar todos os dias ao verdadeiro Deus\u201d &#8211; respondeu com altaneria o santo, referindo-se \u00e0 celebra\u00e7\u00e3o eucar\u00edstica.<\/em><\/p>\n<p>Irado, o pr\u00f3-consul ordenou que o santo Bispo fosse lan\u00e7ado imediatamente numa fornalha ardente. Mas Deus quis renovar em favor de seu fiel servo o milagre dos tr\u00eas jovens israelitas, atirados tamb\u00e9m nas chamas, de que fala o Antigo Testamento. S\u00e3o Janu\u00e1rio saiu desta prova do fogo ileso, para grande surpresa dos pag\u00e3os.<\/p>\n<p>O tirano, atribuindo o prod\u00edgio a artes m\u00e1gicas, ordenou que S\u00e3o Janu\u00e1rio e mais seis outros crist\u00e3os fossem conduzidos a Puzzoles, onde seriam lan\u00e7ados \u00e0s feras na arena.<\/p>\n<p>No dia marcado para o suplicio, o povo lotou o anfiteatro da cidade. No centro da arena. S\u00e3o Janu\u00e1rio encorajava os companheiros: \u201c\u00c2nimo, irm\u00e3os, este \u00e9 o dia do nosso triunfo, combatamos com valor nosso sangue por Aquele Senhor, a quem devemos a vida\u201d.<\/p>\n<p>Mal terminara de falar foram libertados le\u00f5es, tigres e leopardos famintos, que correram em dire\u00e7\u00e3o \u00e0s v\u00edtimas. Mas, em lugar de despeda\u00e7\u00e1-las, prostraram-se diante do Bispo de Benevento e come\u00e7aram a lamber-lhes os p\u00e9s. Ouviu-se ent\u00e3o um grande murm\u00fario no anfiteatro, que reconhecia n\u00e3o existir outro verdadeiro Deus sen\u00e3o o dos crist\u00e3os. Muitos pediram clem\u00eancia. Mas o pr\u00f3-consul, cego de \u00f3dio, mandou decapitar aqueles crist\u00e3os, sendo executada a ordem na pra\u00e7a Vulc\u00e2nia, no dia 19 de setembro de 305.<\/p>\n<p>Os corpos dos m\u00e1rtires foram conduzidos pelos fi\u00e9is \u00e0s suas respectivas cidades. Segundo relataram as cr\u00f4nicas, uma piedosa mulher recolheu em duas ampolas o sangue que escorria do corpo de S\u00e3o Janu\u00e1rio, quando este era transportado para Benavento.<\/p>\n<p>Os restos mortais do Bispo m\u00e1rtir foram transladados para sua cidade nata \u2014 N\u00e1poles \u2014 em 432. No ano 820 voltaram para Benavento. Em 1497 retornaram definitivamente para N\u00e1poles, onde repousam at\u00e9 hoje, em majestosa Catedral g\u00f3tica. A\u00ed se realiza o perp\u00e9tuo sangue, que se d\u00e1 duas vezes por ano, no s\u00e1bado que antecede o primeiro domingo de maio anivers\u00e1rio da primeira translada\u00e7\u00e3o, e a 19 de setembro, festa do mart\u00edrio do santo e no dia 16 de dezembro (dia em que N\u00e1poles foi protegido da erup\u00e7\u00e3o do Ves\u00favio). As datas da liquefa\u00e7\u00e3o do sangue de S\u00e3o Janu\u00e1rio s\u00e3o celebradas com grande pompa e esplendor.<\/p>\n<p><a href=\"http:\/\/www.albanesi.it\/Mente\/Imma\/miracolo_san_gennaro.jpg\"><img decoding=\"async\" src=\"http:\/\/www.albanesi.it\/Mente\/Imma\/miracolo_san_gennaro.jpg\" border=\"0\" alt=\"\" \/><\/a><\/p>\n<p><img loading=\"lazy\" decoding=\"async\" src=\"http:\/\/blogs.reuters.com\/faithworld\/files\/2009\/09\/san-gennaro.jpg\" alt=\"\" width=\"450\" height=\"319\" \/><\/p>\n<p>As rel\u00edquias s\u00e3o expostas ao p\u00fablico, e se a liquefa\u00e7\u00e3o n\u00e3o se verifica imediatamente. iniciam-se preces coletivas. Se o milagre tarda, os fi\u00e9is compenetram-se de que a demora se deve a seus pecados. Rezam ent\u00e3o ora\u00e7\u00f5es penitenciais, como o salmo \u201cMiserere\u201d, composto pelo Santo Rei Davi.<\/p>\n<p>Quando o milagre ocorre, o Clero entoa solene Te Deum, a multid\u00e3o prorrompe em vivas. os sinos repicam e toda a cidade se rejubila.<\/p>\n<p>Entretanto, sempre que nas datas costumeiras o sangue n\u00e3o se liquefaz, Isso significa o aviso de tristes acontecimentos vindouros, segundo uma antiga tradi\u00e7\u00e3o nunca desmentida.<\/p>\n<p>O sangue de S\u00e3o Janu\u00e1rio est\u00e1 recolhido em duas ampolas de vidro, hermeticamente fechadas, protegido por duas l\u00e2minas de cristal transparente. A ampola maior possui 60 cm c\u00fabicos de volume; a menor tem capacidade de 25 cm c\u00fabicos. Em geral, o sangue endurecido ocupa at\u00e9 a metade da ampola maior; na menor, encontra-se disperso em fragmentos.<\/p>\n<p>A liquefa\u00e7\u00e3o do sangue produz-se espontaneamente, sob as mais variadas circunst\u00e2ncias, independentemente da temperatura ou do movimento, o sangue passa do estado pastoso ao fluido e, at\u00e9, fluid\u00edssimo. A liquefa\u00e7\u00e3o ocorre da periferia para o centro e vice-versa. Algumas vezes, o sangue liquefaz-se instant\u00e2nea e inteiramente, ou, por vezes, permanece um denso co\u00e1gulo em meio ao resto liquefeito. Alterar-se o colorido: desde o vermelho mais escuro at\u00e9 o rubro mais vivo. N\u00e3o poucas vezes surgem bolhas e sangue fresco e espumante sobe rapidamente at\u00e9 o topo da ampola maior.<\/p>\n<p>Trata-se verdadeiramente de sangue humano, comprovado por an\u00e1lises espectrosc\u00f3picas.<\/p>\n<p>H\u00e1 algumas peculiaridades, que constituem outros milagres dentro do milagre liquefa\u00e7\u00e3o, h\u00e1 uma varia\u00e7\u00e3o do volume: algumas vezes diminui e outras vezes aumenta at\u00e9 o dobro. Varia tamb\u00e9m quanto \u00e0 massa e quanto ao peso.<\/p>\n<p>Em janeiro de 1991, o prof. G. Sperindeo utilizando-se, com o m\u00e1ximo cuidado, de aparelhos de alta precis\u00e3o, encontrou uma varia\u00e7\u00e3o de cerca de 25 gramas. O peso aumentava enquanto o volume diminu\u00eda. Esse acr\u00e9scimo de peso contraria frontalmente o princ\u00edpio da conserva\u00e7\u00e3o da massa (uma das leis fundamentais da F\u00edsica) e \u00e9 absolutamente inexplic\u00e1vel, pois as ampolas encontram-se hermeticamente fechadas, sem possibilidade de receber acr\u00e9scimo de subst\u00e2ncias do exterior.<\/p>\n<p>A not\u00edcia escrita mais antiga e segura do milagre consta de uma cr\u00f4nica do s\u00e9culo XIV. Desde 1659, est\u00e3o rigorosamente anotadas todas as liquefa\u00e7\u00f5es, que j\u00e1 perfazem mais de dez mil!<\/p>\n<p>A rel\u00edquia de S\u00e3o Janu\u00e1rio tem protegido N\u00e1poles eficazmente contra a peste e as erup\u00e7\u00f5es do Ves\u00favio, distante da cidade apenas duas l\u00e9guas e meia. Por ocasi\u00e3o de uma erup\u00e7\u00e3o em 1707, que amea\u00e7ava destruir N\u00e1poles, o povo levou as ampolas em solene prociss\u00e3o at\u00e9 o sop\u00e9 do vulc\u00e3o; imediatamente a erup\u00e7\u00e3o cessou!<\/p>\n<p>Em 1944, o Ves\u00favio expeliu lavas, cinzas, pedras e uma poeira arenosa, que alcan\u00e7ou grande altura. Foi sua \u00faltima erup\u00e7\u00e3o. O vento levou essa poeira atrav\u00e9s do Mediterr\u00e2neo, a qual chegou a atingir a Gr\u00e9cia, a Turquia, a Espanha e o Marrocos. N\u00e1poles permaneceu imune.<\/p>\n<p>Supliquemos na data de hoje a este grande Santo Protetor, que salve n\u00e3o apenas N\u00e1poles, mas a It\u00e1lia e o mundo inteiro de um inc\u00eandio mil vezes pior do que o produzido por erup\u00e7\u00f5es vulc\u00e2nicas: o comunismo, a seita at\u00e9ia, antinatural e igualit\u00e1ria, que visa varrer da face da terra o nome crist\u00e3o.<\/p>\n<p><img loading=\"lazy\" decoding=\"async\" src=\"http:\/\/www.pompei.in\/foto\/pompei\/st__januarius_-_bust.jpg\" alt=\"\" width=\"278\" height=\"403\" \/><\/p>\n<div id=\"themify_builder_content-10849\" data-postid=\"10849\" class=\"themify_builder_content themify_builder_content-10849 themify_builder themify_builder_front\">\n\t<\/div>\n<!-- \/themify_builder_content -->","protected":false},"excerpt":{"rendered":"<p>19 de Setembro S\u00e3o Janu\u00e1rio nasceu em N\u00e1poles, no ano 270 d.C. Nada se sabe ao certo sobre os primeiros anos de sua vida. Em 302 foi ordenado sacerdote, e por sua piedade e virtude foi escolhido, pouco depois, para Bispo de Benevento. Sua caridade, infatig\u00e1vel zelo e solicitude pastoral desterraram de sua diocese a [&hellip;]<\/p>\n","protected":false},"author":14,"featured_media":0,"comment_status":"open","ping_status":"open","sticky":false,"template":"","format":"standard","meta":{"ngg_post_thumbnail":0,"footnotes":""},"categories":[186],"tags":[],"yoast_head":"<!-- This site is optimized with the Yoast SEO plugin v23.5 - https:\/\/yoast.com\/wordpress\/plugins\/seo\/ -->\n<title>S\u00e3o Janu\u00e1rio ou Gennaro - O Arcanjo no ar<\/title>\n<meta name=\"robots\" content=\"index, follow, max-snippet:-1, max-image-preview:large, max-video-preview:-1\" \/>\n<link rel=\"canonical\" href=\"https:\/\/www.oarcanjo.net\/site\/sao-januario-ou-gennaro\/\" \/>\n<meta property=\"og:locale\" content=\"pt_BR\" \/>\n<meta property=\"og:type\" content=\"article\" \/>\n<meta property=\"og:title\" content=\"S\u00e3o Janu\u00e1rio ou Gennaro - O Arcanjo no ar\" \/>\n<meta property=\"og:description\" content=\"19 de Setembro S\u00e3o Janu\u00e1rio nasceu em N\u00e1poles, no ano 270 d.C. Nada se sabe ao certo sobre os primeiros anos de sua vida. Em 302 foi ordenado sacerdote, e por sua piedade e virtude foi escolhido, pouco depois, para Bispo de Benevento. Sua caridade, infatig\u00e1vel zelo e solicitude pastoral desterraram de sua diocese a [&hellip;]\" \/>\n<meta property=\"og:url\" content=\"https:\/\/www.oarcanjo.net\/site\/sao-januario-ou-gennaro\/\" \/>\n<meta property=\"og:site_name\" content=\"O Arcanjo no ar\" \/>\n<meta property=\"article:publisher\" content=\"https:\/\/www.facebook.com\/OArcanjoNoAr\/\" \/>\n<meta property=\"article:published_time\" content=\"2017-09-19T03:38:36+00:00\" \/>\n<meta property=\"article:modified_time\" content=\"2017-07-31T10:54:03+00:00\" \/>\n<meta property=\"og:image\" content=\"http:\/\/www.simpatias.org\/wp-content\/uploads\/2008\/10\/sao_gennaro_sao_januario_sao_genaro.jpg\" \/>\n<meta name=\"author\" content=\"danilo\" \/>\n<meta name=\"twitter:card\" content=\"summary_large_image\" \/>\n<meta name=\"twitter:label1\" content=\"Escrito por\" \/>\n\t<meta name=\"twitter:data1\" content=\"danilo\" \/>\n\t<meta name=\"twitter:label2\" content=\"Est. tempo de leitura\" \/>\n\t<meta name=\"twitter:data2\" content=\"6 minutos\" \/>\n<script type=\"application\/ld+json\" class=\"yoast-schema-graph\">{\"@context\":\"https:\/\/schema.org\",\"@graph\":[{\"@type\":\"Article\",\"@id\":\"https:\/\/www.oarcanjo.net\/site\/sao-januario-ou-gennaro\/#article\",\"isPartOf\":{\"@id\":\"https:\/\/www.oarcanjo.net\/site\/sao-januario-ou-gennaro\/\"},\"author\":{\"name\":\"danilo\",\"@id\":\"https:\/\/www.oarcanjo.net\/site\/#\/schema\/person\/5eb9480bedd2f3c97e430ce128c29c6c\"},\"headline\":\"S\u00e3o Janu\u00e1rio ou Gennaro\",\"datePublished\":\"2017-09-19T03:38:36+00:00\",\"dateModified\":\"2017-07-31T10:54:03+00:00\",\"mainEntityOfPage\":{\"@id\":\"https:\/\/www.oarcanjo.net\/site\/sao-januario-ou-gennaro\/\"},\"wordCount\":1233,\"commentCount\":1,\"publisher\":{\"@id\":\"https:\/\/www.oarcanjo.net\/site\/#organization\"},\"image\":{\"@id\":\"https:\/\/www.oarcanjo.net\/site\/sao-januario-ou-gennaro\/#primaryimage\"},\"thumbnailUrl\":\"http:\/\/www.simpatias.org\/wp-content\/uploads\/2008\/10\/sao_gennaro_sao_januario_sao_genaro.jpg\",\"articleSection\":[\"Testemunhos\"],\"inLanguage\":\"pt-BR\",\"potentialAction\":[{\"@type\":\"CommentAction\",\"name\":\"Comment\",\"target\":[\"https:\/\/www.oarcanjo.net\/site\/sao-januario-ou-gennaro\/#respond\"]}]},{\"@type\":\"WebPage\",\"@id\":\"https:\/\/www.oarcanjo.net\/site\/sao-januario-ou-gennaro\/\",\"url\":\"https:\/\/www.oarcanjo.net\/site\/sao-januario-ou-gennaro\/\",\"name\":\"S\u00e3o Janu\u00e1rio ou Gennaro - O Arcanjo no ar\",\"isPartOf\":{\"@id\":\"https:\/\/www.oarcanjo.net\/site\/#website\"},\"primaryImageOfPage\":{\"@id\":\"https:\/\/www.oarcanjo.net\/site\/sao-januario-ou-gennaro\/#primaryimage\"},\"image\":{\"@id\":\"https:\/\/www.oarcanjo.net\/site\/sao-januario-ou-gennaro\/#primaryimage\"},\"thumbnailUrl\":\"http:\/\/www.simpatias.org\/wp-content\/uploads\/2008\/10\/sao_gennaro_sao_januario_sao_genaro.jpg\",\"datePublished\":\"2017-09-19T03:38:36+00:00\",\"dateModified\":\"2017-07-31T10:54:03+00:00\",\"breadcrumb\":{\"@id\":\"https:\/\/www.oarcanjo.net\/site\/sao-januario-ou-gennaro\/#breadcrumb\"},\"inLanguage\":\"pt-BR\",\"potentialAction\":[{\"@type\":\"ReadAction\",\"target\":[\"https:\/\/www.oarcanjo.net\/site\/sao-januario-ou-gennaro\/\"]}]},{\"@type\":\"ImageObject\",\"inLanguage\":\"pt-BR\",\"@id\":\"https:\/\/www.oarcanjo.net\/site\/sao-januario-ou-gennaro\/#primaryimage\",\"url\":\"http:\/\/www.simpatias.org\/wp-content\/uploads\/2008\/10\/sao_gennaro_sao_januario_sao_genaro.jpg\",\"contentUrl\":\"http:\/\/www.simpatias.org\/wp-content\/uploads\/2008\/10\/sao_gennaro_sao_januario_sao_genaro.jpg\"},{\"@type\":\"BreadcrumbList\",\"@id\":\"https:\/\/www.oarcanjo.net\/site\/sao-januario-ou-gennaro\/#breadcrumb\",\"itemListElement\":[{\"@type\":\"ListItem\",\"position\":1,\"name\":\"In\u00edcio\",\"item\":\"https:\/\/www.oarcanjo.net\/site\/\"},{\"@type\":\"ListItem\",\"position\":2,\"name\":\"S\u00e3o Janu\u00e1rio ou Gennaro\"}]},{\"@type\":\"WebSite\",\"@id\":\"https:\/\/www.oarcanjo.net\/site\/#website\",\"url\":\"https:\/\/www.oarcanjo.net\/site\/\",\"name\":\"O Arcanjo no ar\",\"description\":\"Site da Par\u00f3quia S\u00e3o Miguel Arcanjo (Arquidiocese de SP)\",\"publisher\":{\"@id\":\"https:\/\/www.oarcanjo.net\/site\/#organization\"},\"potentialAction\":[{\"@type\":\"SearchAction\",\"target\":{\"@type\":\"EntryPoint\",\"urlTemplate\":\"https:\/\/www.oarcanjo.net\/site\/?s={search_term_string}\"},\"query-input\":{\"@type\":\"PropertyValueSpecification\",\"valueRequired\":true,\"valueName\":\"search_term_string\"}}],\"inLanguage\":\"pt-BR\"},{\"@type\":\"Organization\",\"@id\":\"https:\/\/www.oarcanjo.net\/site\/#organization\",\"name\":\"Par\u00f3quia S\u00e3o Miguel Arcanjo\",\"url\":\"https:\/\/www.oarcanjo.net\/site\/\",\"logo\":{\"@type\":\"ImageObject\",\"inLanguage\":\"pt-BR\",\"@id\":\"https:\/\/www.oarcanjo.net\/site\/#\/schema\/logo\/image\/\",\"url\":\"https:\/\/www.oarcanjo.net\/site\/wp-content\/uploads\/LogoOArcanjo.png\",\"contentUrl\":\"https:\/\/www.oarcanjo.net\/site\/wp-content\/uploads\/LogoOArcanjo.png\",\"width\":319,\"height\":99,\"caption\":\"Par\u00f3quia S\u00e3o Miguel Arcanjo\"},\"image\":{\"@id\":\"https:\/\/www.oarcanjo.net\/site\/#\/schema\/logo\/image\/\"},\"sameAs\":[\"https:\/\/www.facebook.com\/OArcanjoNoAr\/\"]},{\"@type\":\"Person\",\"@id\":\"https:\/\/www.oarcanjo.net\/site\/#\/schema\/person\/5eb9480bedd2f3c97e430ce128c29c6c\",\"name\":\"danilo\"}]}<\/script>\n<!-- \/ Yoast SEO plugin. -->","yoast_head_json":{"title":"S\u00e3o Janu\u00e1rio ou Gennaro - O Arcanjo no ar","robots":{"index":"index","follow":"follow","max-snippet":"max-snippet:-1","max-image-preview":"max-image-preview:large","max-video-preview":"max-video-preview:-1"},"canonical":"https:\/\/www.oarcanjo.net\/site\/sao-januario-ou-gennaro\/","og_locale":"pt_BR","og_type":"article","og_title":"S\u00e3o Janu\u00e1rio ou Gennaro - O Arcanjo no ar","og_description":"19 de Setembro S\u00e3o Janu\u00e1rio nasceu em N\u00e1poles, no ano 270 d.C. Nada se sabe ao certo sobre os primeiros anos de sua vida. Em 302 foi ordenado sacerdote, e por sua piedade e virtude foi escolhido, pouco depois, para Bispo de Benevento. Sua caridade, infatig\u00e1vel zelo e solicitude pastoral desterraram de sua diocese a [&hellip;]","og_url":"https:\/\/www.oarcanjo.net\/site\/sao-januario-ou-gennaro\/","og_site_name":"O Arcanjo no ar","article_publisher":"https:\/\/www.facebook.com\/OArcanjoNoAr\/","article_published_time":"2017-09-19T03:38:36+00:00","article_modified_time":"2017-07-31T10:54:03+00:00","og_image":[{"url":"http:\/\/www.simpatias.org\/wp-content\/uploads\/2008\/10\/sao_gennaro_sao_januario_sao_genaro.jpg"}],"author":"danilo","twitter_card":"summary_large_image","twitter_misc":{"Escrito por":"danilo","Est. tempo de leitura":"6 minutos"},"schema":{"@context":"https:\/\/schema.org","@graph":[{"@type":"Article","@id":"https:\/\/www.oarcanjo.net\/site\/sao-januario-ou-gennaro\/#article","isPartOf":{"@id":"https:\/\/www.oarcanjo.net\/site\/sao-januario-ou-gennaro\/"},"author":{"name":"danilo","@id":"https:\/\/www.oarcanjo.net\/site\/#\/schema\/person\/5eb9480bedd2f3c97e430ce128c29c6c"},"headline":"S\u00e3o Janu\u00e1rio ou Gennaro","datePublished":"2017-09-19T03:38:36+00:00","dateModified":"2017-07-31T10:54:03+00:00","mainEntityOfPage":{"@id":"https:\/\/www.oarcanjo.net\/site\/sao-januario-ou-gennaro\/"},"wordCount":1233,"commentCount":1,"publisher":{"@id":"https:\/\/www.oarcanjo.net\/site\/#organization"},"image":{"@id":"https:\/\/www.oarcanjo.net\/site\/sao-januario-ou-gennaro\/#primaryimage"},"thumbnailUrl":"http:\/\/www.simpatias.org\/wp-content\/uploads\/2008\/10\/sao_gennaro_sao_januario_sao_genaro.jpg","articleSection":["Testemunhos"],"inLanguage":"pt-BR","potentialAction":[{"@type":"CommentAction","name":"Comment","target":["https:\/\/www.oarcanjo.net\/site\/sao-januario-ou-gennaro\/#respond"]}]},{"@type":"WebPage","@id":"https:\/\/www.oarcanjo.net\/site\/sao-januario-ou-gennaro\/","url":"https:\/\/www.oarcanjo.net\/site\/sao-januario-ou-gennaro\/","name":"S\u00e3o Janu\u00e1rio ou Gennaro - O Arcanjo no ar","isPartOf":{"@id":"https:\/\/www.oarcanjo.net\/site\/#website"},"primaryImageOfPage":{"@id":"https:\/\/www.oarcanjo.net\/site\/sao-januario-ou-gennaro\/#primaryimage"},"image":{"@id":"https:\/\/www.oarcanjo.net\/site\/sao-januario-ou-gennaro\/#primaryimage"},"thumbnailUrl":"http:\/\/www.simpatias.org\/wp-content\/uploads\/2008\/10\/sao_gennaro_sao_januario_sao_genaro.jpg","datePublished":"2017-09-19T03:38:36+00:00","dateModified":"2017-07-31T10:54:03+00:00","breadcrumb":{"@id":"https:\/\/www.oarcanjo.net\/site\/sao-januario-ou-gennaro\/#breadcrumb"},"inLanguage":"pt-BR","potentialAction":[{"@type":"ReadAction","target":["https:\/\/www.oarcanjo.net\/site\/sao-januario-ou-gennaro\/"]}]},{"@type":"ImageObject","inLanguage":"pt-BR","@id":"https:\/\/www.oarcanjo.net\/site\/sao-januario-ou-gennaro\/#primaryimage","url":"http:\/\/www.simpatias.org\/wp-content\/uploads\/2008\/10\/sao_gennaro_sao_januario_sao_genaro.jpg","contentUrl":"http:\/\/www.simpatias.org\/wp-content\/uploads\/2008\/10\/sao_gennaro_sao_januario_sao_genaro.jpg"},{"@type":"BreadcrumbList","@id":"https:\/\/www.oarcanjo.net\/site\/sao-januario-ou-gennaro\/#breadcrumb","itemListElement":[{"@type":"ListItem","position":1,"name":"In\u00edcio","item":"https:\/\/www.oarcanjo.net\/site\/"},{"@type":"ListItem","position":2,"name":"S\u00e3o Janu\u00e1rio ou Gennaro"}]},{"@type":"WebSite","@id":"https:\/\/www.oarcanjo.net\/site\/#website","url":"https:\/\/www.oarcanjo.net\/site\/","name":"O Arcanjo no ar","description":"Site da Par\u00f3quia S\u00e3o Miguel Arcanjo (Arquidiocese de SP)","publisher":{"@id":"https:\/\/www.oarcanjo.net\/site\/#organization"},"potentialAction":[{"@type":"SearchAction","target":{"@type":"EntryPoint","urlTemplate":"https:\/\/www.oarcanjo.net\/site\/?s={search_term_string}"},"query-input":{"@type":"PropertyValueSpecification","valueRequired":true,"valueName":"search_term_string"}}],"inLanguage":"pt-BR"},{"@type":"Organization","@id":"https:\/\/www.oarcanjo.net\/site\/#organization","name":"Par\u00f3quia S\u00e3o Miguel Arcanjo","url":"https:\/\/www.oarcanjo.net\/site\/","logo":{"@type":"ImageObject","inLanguage":"pt-BR","@id":"https:\/\/www.oarcanjo.net\/site\/#\/schema\/logo\/image\/","url":"https:\/\/www.oarcanjo.net\/site\/wp-content\/uploads\/LogoOArcanjo.png","contentUrl":"https:\/\/www.oarcanjo.net\/site\/wp-content\/uploads\/LogoOArcanjo.png","width":319,"height":99,"caption":"Par\u00f3quia S\u00e3o Miguel Arcanjo"},"image":{"@id":"https:\/\/www.oarcanjo.net\/site\/#\/schema\/logo\/image\/"},"sameAs":["https:\/\/www.facebook.com\/OArcanjoNoAr\/"]},{"@type":"Person","@id":"https:\/\/www.oarcanjo.net\/site\/#\/schema\/person\/5eb9480bedd2f3c97e430ce128c29c6c","name":"danilo"}]}},"publishpress_future_action":{"enabled":false,"date":"2026-05-09 01:05:15","action":"category","newStatus":"draft","terms":[],"taxonomy":"category"},"publishpress_future_workflow_manual_trigger":{"enabledWorkflows":[]},"_links":{"self":[{"href":"https:\/\/www.oarcanjo.net\/site\/wp-json\/wp\/v2\/posts\/10849"}],"collection":[{"href":"https:\/\/www.oarcanjo.net\/site\/wp-json\/wp\/v2\/posts"}],"about":[{"href":"https:\/\/www.oarcanjo.net\/site\/wp-json\/wp\/v2\/types\/post"}],"author":[{"embeddable":true,"href":"https:\/\/www.oarcanjo.net\/site\/wp-json\/wp\/v2\/users\/14"}],"replies":[{"embeddable":true,"href":"https:\/\/www.oarcanjo.net\/site\/wp-json\/wp\/v2\/comments?post=10849"}],"version-history":[{"count":0,"href":"https:\/\/www.oarcanjo.net\/site\/wp-json\/wp\/v2\/posts\/10849\/revisions"}],"wp:attachment":[{"href":"https:\/\/www.oarcanjo.net\/site\/wp-json\/wp\/v2\/media?parent=10849"}],"wp:term":[{"taxonomy":"category","embeddable":true,"href":"https:\/\/www.oarcanjo.net\/site\/wp-json\/wp\/v2\/categories?post=10849"},{"taxonomy":"post_tag","embeddable":true,"href":"https:\/\/www.oarcanjo.net\/site\/wp-json\/wp\/v2\/tags?post=10849"}],"curies":[{"name":"wp","href":"https:\/\/api.w.org\/{rel}","templated":true}]}}