
{"id":10853,"date":"2017-09-19T00:07:47","date_gmt":"2017-09-19T03:07:47","guid":{"rendered":"http:\/\/www.oarcanjo.net\/site\/?p=10853"},"modified":"2017-07-31T07:53:59","modified_gmt":"2017-07-31T10:53:59","slug":"santo-afonso-de-orozco","status":"publish","type":"post","link":"https:\/\/www.oarcanjo.net\/site\/santo-afonso-de-orozco\/","title":{"rendered":"Santo Afonso de Orozco"},"content":{"rendered":"<p><img loading=\"lazy\" decoding=\"async\" src=\"http:\/\/4.bp.blogspot.com\/_t8uDdoOfnys\/SNOvZfY5qtI\/AAAAAAAAAOc\/kAzmMcolI1g\/s200\/alonso.orozco.jpg\" alt=\"\" width=\"144\" height=\"200\" \/><\/p>\n<p>19 de Setembro<\/p>\n<p>Afonso ou Alonso, como se diz no seu idioma natal, nasceu em Ortopesa, na cidade de Toledo, Espanha, no ano de 1500. Seus pais o batizaram com esse nome em homenagem a santo Ildefonso, o grande defensor da doutrina da virgindade de Maria.<\/p>\n<p>Na inf\u00e2ncia, Afonso estudou em Talavera de la Reina e cantou no coro na catedral de Toledo. A m\u00fasica sempre foi sua grande paix\u00e3o. Mais tarde, foi enviado \u00e0 cidade de Salamanca para continuar seus estudos e l\u00e1 sentiu-se atra\u00eddo pelo ambiente de santidade do convento dos agostinianos. Logo depois, ingressou na Ordem, onde fez os primeiros votos em 1523. Uma vez ordenado sacerdote, foi nomeado pregador da Ordem, ocupando, ainda, v\u00e1rios cargos, como os de p\u00e1roco do Convento S\u00e3o Tom\u00e1s de Vilanova e definidor da Prov\u00edncia de Castela, \u00e0 qual pertencia.<\/p>\n<p>Afonso era severo consigo mesmo, muito rigoroso e cr\u00edtico, mas tinha uma compreens\u00e3o e toler\u00e2ncia enorme para com os fi\u00e9is e os outros cl\u00e9rigos. Quando era superior do Convento de Valladolid, foi nomeado pregador real do imperador Carlos V, depois tamb\u00e9m de Filipe II, tendo, por esse motivo, transferido a sua resid\u00eancia de Valladolid para Madri, pois a sede da Corte tamb\u00e9m fora transferida para aquela cidade. Em 1560, passou a viver no Convento agostiniano de S\u00e3o Filipe.<\/p>\n<p>Eloq\u00fcente pregador, tinha, tamb\u00e9m, um forte carisma, que fazia com que todas as pessoas se aproximassem dele, sem distin\u00e7\u00e3o. Por isso gozava de uma extraordin\u00e1ria popularidade, mesmo nos ambientes mais formais. Mereceu a estima do rei, dos nobres e de grandes personagens da \u00e9poca. A infanta Isabel Clara Eug\u00eania deixou o seu testemunho no processo de canoniza\u00e7\u00e3o, bem como os escritores Francisco de Quevedo e Lope de Vega.<\/p>\n<p>O conjunto de sua correspond\u00eancia revelou-nos o amplo c\u00edrculo de sua amizade. Mas n\u00e3o s\u00f3 os nobres tiveram esse privil\u00e9gio, o povo simples e humilde tamb\u00e9m desfrutou de sua estimada companhia. Todos admiravam o estilo de vida de Afonso, pois amparou a todos com seu apoio pessoal, visitando doentes em hospitais, e os encarcerados.<\/p>\n<p>Apesar de ter fama de santidade, sendo chamado em vida de &#8220;o santo de S\u00e3o Filipe&#8221;, numa refer\u00eancia ao convento em que residia, n\u00e3o se sentia confirmado na gra\u00e7a. Ele foi atormentado v\u00e1rias vezes por tenta\u00e7\u00f5es, como o amor, a liberdade, e muitas vezes pensou em abandonar a vida religiosa, por n\u00e3o se sentir totalmente digno dela. Mesmo renunciando a todos os privil\u00e9gios de sua posi\u00e7\u00e3o de pregador r\u00e9gio, participou, assiduamente, da vida em comunidade apenas como um simples frade.<\/p>\n<p>Ele nos deixou uma obra liter\u00e1ria, escrita na l\u00edngua latina, de grande relev\u00e2ncia para a Igreja, especialmente da doutrina mariana. Grande devoto de Maria, sentia-se muito alegre e \u00e0 vontade escrevendo para ela. Fundou dois conventos de agostinianos e tr\u00eas de monjas agostinianas de clausura, transmitindo a todos um testemunho de amor pela vida contemplativa.<\/p>\n<p>Afonso morreu em Madri, em 19 de setembro de 1591, no Col\u00e9gio de Dona Maria de Arag\u00e3o, que ele pr\u00f3prio havia fundado. Beatificado em 1882, atualmente seus restos mortais s\u00e3o venerados no mosteiro das agostinianas em Madri. Em 2003, o papa Jo\u00e3o Paulo II declarou santo Alonso de Orozco, cuja festa foi marcada para o dia de sua morte.<\/p>\n<div id=\"themify_builder_content-10853\" data-postid=\"10853\" class=\"themify_builder_content themify_builder_content-10853 themify_builder themify_builder_front\">\n\t<\/div>\n<!-- \/themify_builder_content -->","protected":false},"excerpt":{"rendered":"<p>19 de Setembro Afonso ou Alonso, como se diz no seu idioma natal, nasceu em Ortopesa, na cidade de Toledo, Espanha, no ano de 1500. Seus pais o batizaram com esse nome em homenagem a santo Ildefonso, o grande defensor da doutrina da virgindade de Maria. Na inf\u00e2ncia, Afonso estudou em Talavera de la Reina [&hellip;]<\/p>\n","protected":false},"author":14,"featured_media":0,"comment_status":"open","ping_status":"open","sticky":false,"template":"","format":"standard","meta":{"ngg_post_thumbnail":0,"footnotes":""},"categories":[186],"tags":[],"yoast_head":"<!-- This site is optimized with the Yoast SEO plugin v23.5 - https:\/\/yoast.com\/wordpress\/plugins\/seo\/ -->\n<title>Santo Afonso de Orozco - O Arcanjo no ar<\/title>\n<meta name=\"robots\" content=\"index, follow, max-snippet:-1, max-image-preview:large, max-video-preview:-1\" \/>\n<link rel=\"canonical\" href=\"https:\/\/www.oarcanjo.net\/site\/santo-afonso-de-orozco\/\" \/>\n<meta property=\"og:locale\" content=\"pt_BR\" \/>\n<meta property=\"og:type\" content=\"article\" \/>\n<meta property=\"og:title\" content=\"Santo Afonso de Orozco - O Arcanjo no ar\" \/>\n<meta property=\"og:description\" content=\"19 de Setembro Afonso ou Alonso, como se diz no seu idioma natal, nasceu em Ortopesa, na cidade de Toledo, Espanha, no ano de 1500. Seus pais o batizaram com esse nome em homenagem a santo Ildefonso, o grande defensor da doutrina da virgindade de Maria. Na inf\u00e2ncia, Afonso estudou em Talavera de la Reina [&hellip;]\" \/>\n<meta property=\"og:url\" content=\"https:\/\/www.oarcanjo.net\/site\/santo-afonso-de-orozco\/\" \/>\n<meta property=\"og:site_name\" content=\"O Arcanjo no ar\" \/>\n<meta property=\"article:publisher\" content=\"https:\/\/www.facebook.com\/OArcanjoNoAr\/\" \/>\n<meta property=\"article:published_time\" content=\"2017-09-19T03:07:47+00:00\" \/>\n<meta property=\"article:modified_time\" content=\"2017-07-31T10:53:59+00:00\" \/>\n<meta property=\"og:image\" content=\"http:\/\/4.bp.blogspot.com\/_t8uDdoOfnys\/SNOvZfY5qtI\/AAAAAAAAAOc\/kAzmMcolI1g\/s200\/alonso.orozco.jpg\" \/>\n<meta name=\"author\" content=\"danilo\" \/>\n<meta name=\"twitter:card\" content=\"summary_large_image\" \/>\n<meta name=\"twitter:label1\" content=\"Escrito por\" \/>\n\t<meta name=\"twitter:data1\" content=\"danilo\" \/>\n\t<meta name=\"twitter:label2\" content=\"Est. tempo de leitura\" \/>\n\t<meta name=\"twitter:data2\" content=\"3 minutos\" \/>\n<script type=\"application\/ld+json\" class=\"yoast-schema-graph\">{\"@context\":\"https:\/\/schema.org\",\"@graph\":[{\"@type\":\"Article\",\"@id\":\"https:\/\/www.oarcanjo.net\/site\/santo-afonso-de-orozco\/#article\",\"isPartOf\":{\"@id\":\"https:\/\/www.oarcanjo.net\/site\/santo-afonso-de-orozco\/\"},\"author\":{\"name\":\"danilo\",\"@id\":\"https:\/\/www.oarcanjo.net\/site\/#\/schema\/person\/5eb9480bedd2f3c97e430ce128c29c6c\"},\"headline\":\"Santo Afonso de Orozco\",\"datePublished\":\"2017-09-19T03:07:47+00:00\",\"dateModified\":\"2017-07-31T10:53:59+00:00\",\"mainEntityOfPage\":{\"@id\":\"https:\/\/www.oarcanjo.net\/site\/santo-afonso-de-orozco\/\"},\"wordCount\":573,\"commentCount\":0,\"publisher\":{\"@id\":\"https:\/\/www.oarcanjo.net\/site\/#organization\"},\"image\":{\"@id\":\"https:\/\/www.oarcanjo.net\/site\/santo-afonso-de-orozco\/#primaryimage\"},\"thumbnailUrl\":\"http:\/\/4.bp.blogspot.com\/_t8uDdoOfnys\/SNOvZfY5qtI\/AAAAAAAAAOc\/kAzmMcolI1g\/s200\/alonso.orozco.jpg\",\"articleSection\":[\"Testemunhos\"],\"inLanguage\":\"pt-BR\",\"potentialAction\":[{\"@type\":\"CommentAction\",\"name\":\"Comment\",\"target\":[\"https:\/\/www.oarcanjo.net\/site\/santo-afonso-de-orozco\/#respond\"]}]},{\"@type\":\"WebPage\",\"@id\":\"https:\/\/www.oarcanjo.net\/site\/santo-afonso-de-orozco\/\",\"url\":\"https:\/\/www.oarcanjo.net\/site\/santo-afonso-de-orozco\/\",\"name\":\"Santo Afonso de Orozco - O Arcanjo no ar\",\"isPartOf\":{\"@id\":\"https:\/\/www.oarcanjo.net\/site\/#website\"},\"primaryImageOfPage\":{\"@id\":\"https:\/\/www.oarcanjo.net\/site\/santo-afonso-de-orozco\/#primaryimage\"},\"image\":{\"@id\":\"https:\/\/www.oarcanjo.net\/site\/santo-afonso-de-orozco\/#primaryimage\"},\"thumbnailUrl\":\"http:\/\/4.bp.blogspot.com\/_t8uDdoOfnys\/SNOvZfY5qtI\/AAAAAAAAAOc\/kAzmMcolI1g\/s200\/alonso.orozco.jpg\",\"datePublished\":\"2017-09-19T03:07:47+00:00\",\"dateModified\":\"2017-07-31T10:53:59+00:00\",\"breadcrumb\":{\"@id\":\"https:\/\/www.oarcanjo.net\/site\/santo-afonso-de-orozco\/#breadcrumb\"},\"inLanguage\":\"pt-BR\",\"potentialAction\":[{\"@type\":\"ReadAction\",\"target\":[\"https:\/\/www.oarcanjo.net\/site\/santo-afonso-de-orozco\/\"]}]},{\"@type\":\"ImageObject\",\"inLanguage\":\"pt-BR\",\"@id\":\"https:\/\/www.oarcanjo.net\/site\/santo-afonso-de-orozco\/#primaryimage\",\"url\":\"http:\/\/4.bp.blogspot.com\/_t8uDdoOfnys\/SNOvZfY5qtI\/AAAAAAAAAOc\/kAzmMcolI1g\/s200\/alonso.orozco.jpg\",\"contentUrl\":\"http:\/\/4.bp.blogspot.com\/_t8uDdoOfnys\/SNOvZfY5qtI\/AAAAAAAAAOc\/kAzmMcolI1g\/s200\/alonso.orozco.jpg\"},{\"@type\":\"BreadcrumbList\",\"@id\":\"https:\/\/www.oarcanjo.net\/site\/santo-afonso-de-orozco\/#breadcrumb\",\"itemListElement\":[{\"@type\":\"ListItem\",\"position\":1,\"name\":\"In\u00edcio\",\"item\":\"https:\/\/www.oarcanjo.net\/site\/\"},{\"@type\":\"ListItem\",\"position\":2,\"name\":\"Santo Afonso de Orozco\"}]},{\"@type\":\"WebSite\",\"@id\":\"https:\/\/www.oarcanjo.net\/site\/#website\",\"url\":\"https:\/\/www.oarcanjo.net\/site\/\",\"name\":\"O Arcanjo no ar\",\"description\":\"Site da Par\u00f3quia S\u00e3o Miguel Arcanjo (Arquidiocese de SP)\",\"publisher\":{\"@id\":\"https:\/\/www.oarcanjo.net\/site\/#organization\"},\"potentialAction\":[{\"@type\":\"SearchAction\",\"target\":{\"@type\":\"EntryPoint\",\"urlTemplate\":\"https:\/\/www.oarcanjo.net\/site\/?s={search_term_string}\"},\"query-input\":{\"@type\":\"PropertyValueSpecification\",\"valueRequired\":true,\"valueName\":\"search_term_string\"}}],\"inLanguage\":\"pt-BR\"},{\"@type\":\"Organization\",\"@id\":\"https:\/\/www.oarcanjo.net\/site\/#organization\",\"name\":\"Par\u00f3quia S\u00e3o Miguel Arcanjo\",\"url\":\"https:\/\/www.oarcanjo.net\/site\/\",\"logo\":{\"@type\":\"ImageObject\",\"inLanguage\":\"pt-BR\",\"@id\":\"https:\/\/www.oarcanjo.net\/site\/#\/schema\/logo\/image\/\",\"url\":\"https:\/\/www.oarcanjo.net\/site\/wp-content\/uploads\/LogoOArcanjo.png\",\"contentUrl\":\"https:\/\/www.oarcanjo.net\/site\/wp-content\/uploads\/LogoOArcanjo.png\",\"width\":319,\"height\":99,\"caption\":\"Par\u00f3quia S\u00e3o Miguel Arcanjo\"},\"image\":{\"@id\":\"https:\/\/www.oarcanjo.net\/site\/#\/schema\/logo\/image\/\"},\"sameAs\":[\"https:\/\/www.facebook.com\/OArcanjoNoAr\/\"]},{\"@type\":\"Person\",\"@id\":\"https:\/\/www.oarcanjo.net\/site\/#\/schema\/person\/5eb9480bedd2f3c97e430ce128c29c6c\",\"name\":\"danilo\"}]}<\/script>\n<!-- \/ Yoast SEO plugin. -->","yoast_head_json":{"title":"Santo Afonso de Orozco - O Arcanjo no ar","robots":{"index":"index","follow":"follow","max-snippet":"max-snippet:-1","max-image-preview":"max-image-preview:large","max-video-preview":"max-video-preview:-1"},"canonical":"https:\/\/www.oarcanjo.net\/site\/santo-afonso-de-orozco\/","og_locale":"pt_BR","og_type":"article","og_title":"Santo Afonso de Orozco - O Arcanjo no ar","og_description":"19 de Setembro Afonso ou Alonso, como se diz no seu idioma natal, nasceu em Ortopesa, na cidade de Toledo, Espanha, no ano de 1500. Seus pais o batizaram com esse nome em homenagem a santo Ildefonso, o grande defensor da doutrina da virgindade de Maria. Na inf\u00e2ncia, Afonso estudou em Talavera de la Reina [&hellip;]","og_url":"https:\/\/www.oarcanjo.net\/site\/santo-afonso-de-orozco\/","og_site_name":"O Arcanjo no ar","article_publisher":"https:\/\/www.facebook.com\/OArcanjoNoAr\/","article_published_time":"2017-09-19T03:07:47+00:00","article_modified_time":"2017-07-31T10:53:59+00:00","og_image":[{"url":"http:\/\/4.bp.blogspot.com\/_t8uDdoOfnys\/SNOvZfY5qtI\/AAAAAAAAAOc\/kAzmMcolI1g\/s200\/alonso.orozco.jpg"}],"author":"danilo","twitter_card":"summary_large_image","twitter_misc":{"Escrito por":"danilo","Est. tempo de leitura":"3 minutos"},"schema":{"@context":"https:\/\/schema.org","@graph":[{"@type":"Article","@id":"https:\/\/www.oarcanjo.net\/site\/santo-afonso-de-orozco\/#article","isPartOf":{"@id":"https:\/\/www.oarcanjo.net\/site\/santo-afonso-de-orozco\/"},"author":{"name":"danilo","@id":"https:\/\/www.oarcanjo.net\/site\/#\/schema\/person\/5eb9480bedd2f3c97e430ce128c29c6c"},"headline":"Santo Afonso de Orozco","datePublished":"2017-09-19T03:07:47+00:00","dateModified":"2017-07-31T10:53:59+00:00","mainEntityOfPage":{"@id":"https:\/\/www.oarcanjo.net\/site\/santo-afonso-de-orozco\/"},"wordCount":573,"commentCount":0,"publisher":{"@id":"https:\/\/www.oarcanjo.net\/site\/#organization"},"image":{"@id":"https:\/\/www.oarcanjo.net\/site\/santo-afonso-de-orozco\/#primaryimage"},"thumbnailUrl":"http:\/\/4.bp.blogspot.com\/_t8uDdoOfnys\/SNOvZfY5qtI\/AAAAAAAAAOc\/kAzmMcolI1g\/s200\/alonso.orozco.jpg","articleSection":["Testemunhos"],"inLanguage":"pt-BR","potentialAction":[{"@type":"CommentAction","name":"Comment","target":["https:\/\/www.oarcanjo.net\/site\/santo-afonso-de-orozco\/#respond"]}]},{"@type":"WebPage","@id":"https:\/\/www.oarcanjo.net\/site\/santo-afonso-de-orozco\/","url":"https:\/\/www.oarcanjo.net\/site\/santo-afonso-de-orozco\/","name":"Santo Afonso de Orozco - O Arcanjo no ar","isPartOf":{"@id":"https:\/\/www.oarcanjo.net\/site\/#website"},"primaryImageOfPage":{"@id":"https:\/\/www.oarcanjo.net\/site\/santo-afonso-de-orozco\/#primaryimage"},"image":{"@id":"https:\/\/www.oarcanjo.net\/site\/santo-afonso-de-orozco\/#primaryimage"},"thumbnailUrl":"http:\/\/4.bp.blogspot.com\/_t8uDdoOfnys\/SNOvZfY5qtI\/AAAAAAAAAOc\/kAzmMcolI1g\/s200\/alonso.orozco.jpg","datePublished":"2017-09-19T03:07:47+00:00","dateModified":"2017-07-31T10:53:59+00:00","breadcrumb":{"@id":"https:\/\/www.oarcanjo.net\/site\/santo-afonso-de-orozco\/#breadcrumb"},"inLanguage":"pt-BR","potentialAction":[{"@type":"ReadAction","target":["https:\/\/www.oarcanjo.net\/site\/santo-afonso-de-orozco\/"]}]},{"@type":"ImageObject","inLanguage":"pt-BR","@id":"https:\/\/www.oarcanjo.net\/site\/santo-afonso-de-orozco\/#primaryimage","url":"http:\/\/4.bp.blogspot.com\/_t8uDdoOfnys\/SNOvZfY5qtI\/AAAAAAAAAOc\/kAzmMcolI1g\/s200\/alonso.orozco.jpg","contentUrl":"http:\/\/4.bp.blogspot.com\/_t8uDdoOfnys\/SNOvZfY5qtI\/AAAAAAAAAOc\/kAzmMcolI1g\/s200\/alonso.orozco.jpg"},{"@type":"BreadcrumbList","@id":"https:\/\/www.oarcanjo.net\/site\/santo-afonso-de-orozco\/#breadcrumb","itemListElement":[{"@type":"ListItem","position":1,"name":"In\u00edcio","item":"https:\/\/www.oarcanjo.net\/site\/"},{"@type":"ListItem","position":2,"name":"Santo Afonso de Orozco"}]},{"@type":"WebSite","@id":"https:\/\/www.oarcanjo.net\/site\/#website","url":"https:\/\/www.oarcanjo.net\/site\/","name":"O Arcanjo no ar","description":"Site da Par\u00f3quia S\u00e3o Miguel Arcanjo (Arquidiocese de SP)","publisher":{"@id":"https:\/\/www.oarcanjo.net\/site\/#organization"},"potentialAction":[{"@type":"SearchAction","target":{"@type":"EntryPoint","urlTemplate":"https:\/\/www.oarcanjo.net\/site\/?s={search_term_string}"},"query-input":{"@type":"PropertyValueSpecification","valueRequired":true,"valueName":"search_term_string"}}],"inLanguage":"pt-BR"},{"@type":"Organization","@id":"https:\/\/www.oarcanjo.net\/site\/#organization","name":"Par\u00f3quia S\u00e3o Miguel Arcanjo","url":"https:\/\/www.oarcanjo.net\/site\/","logo":{"@type":"ImageObject","inLanguage":"pt-BR","@id":"https:\/\/www.oarcanjo.net\/site\/#\/schema\/logo\/image\/","url":"https:\/\/www.oarcanjo.net\/site\/wp-content\/uploads\/LogoOArcanjo.png","contentUrl":"https:\/\/www.oarcanjo.net\/site\/wp-content\/uploads\/LogoOArcanjo.png","width":319,"height":99,"caption":"Par\u00f3quia S\u00e3o Miguel Arcanjo"},"image":{"@id":"https:\/\/www.oarcanjo.net\/site\/#\/schema\/logo\/image\/"},"sameAs":["https:\/\/www.facebook.com\/OArcanjoNoAr\/"]},{"@type":"Person","@id":"https:\/\/www.oarcanjo.net\/site\/#\/schema\/person\/5eb9480bedd2f3c97e430ce128c29c6c","name":"danilo"}]}},"publishpress_future_action":{"enabled":false,"date":"2026-05-09 01:04:34","action":"category","newStatus":"draft","terms":[],"taxonomy":"category"},"publishpress_future_workflow_manual_trigger":{"enabledWorkflows":[]},"_links":{"self":[{"href":"https:\/\/www.oarcanjo.net\/site\/wp-json\/wp\/v2\/posts\/10853"}],"collection":[{"href":"https:\/\/www.oarcanjo.net\/site\/wp-json\/wp\/v2\/posts"}],"about":[{"href":"https:\/\/www.oarcanjo.net\/site\/wp-json\/wp\/v2\/types\/post"}],"author":[{"embeddable":true,"href":"https:\/\/www.oarcanjo.net\/site\/wp-json\/wp\/v2\/users\/14"}],"replies":[{"embeddable":true,"href":"https:\/\/www.oarcanjo.net\/site\/wp-json\/wp\/v2\/comments?post=10853"}],"version-history":[{"count":0,"href":"https:\/\/www.oarcanjo.net\/site\/wp-json\/wp\/v2\/posts\/10853\/revisions"}],"wp:attachment":[{"href":"https:\/\/www.oarcanjo.net\/site\/wp-json\/wp\/v2\/media?parent=10853"}],"wp:term":[{"taxonomy":"category","embeddable":true,"href":"https:\/\/www.oarcanjo.net\/site\/wp-json\/wp\/v2\/categories?post=10853"},{"taxonomy":"post_tag","embeddable":true,"href":"https:\/\/www.oarcanjo.net\/site\/wp-json\/wp\/v2\/tags?post=10853"}],"curies":[{"name":"wp","href":"https:\/\/api.w.org\/{rel}","templated":true}]}}