
{"id":10856,"date":"2010-09-16T23:01:12","date_gmt":"2010-09-17T02:01:12","guid":{"rendered":"http:\/\/www.oarcanjo.net\/site\/?p=10856"},"modified":"2010-09-16T23:01:12","modified_gmt":"2010-09-17T02:01:12","slug":"pela-liberdade-de-consciencia","status":"publish","type":"post","link":"https:\/\/www.oarcanjo.net\/site\/pela-liberdade-de-consciencia\/","title":{"rendered":"Pela liberdade de consci\u00eancia"},"content":{"rendered":"<p>Dom Dem\u00e9trio Valentini<\/p>\n<p>Algumas observa\u00e7\u00f5es se fazem oportunas, no contexto do processo eleitoral que estamos vivendo. Em meio ao bombardeio di\u00e1rio da campanha, sempre \u00e9 bom tomar a devida dist\u00e2ncia, para captar com clareza os crit\u00e9rios a serem levados em conta para iluminar a decis\u00e3o de cada eleitor.<\/p>\n<p>Os candidatos t\u00eam todo o direito de tentar convencer os eleitores a apoiarem suas propostas e a votarem nos seus nomes.<\/p>\n<p>Por sua vez, os eleitores t\u00eam todo o direito de votar, livremente, em quem eles querem.<\/p>\n<p>Por outro lado, ningu\u00e9m tem o direito de exigir o voto de um eleitor, seja por que motivo for. Muito menos por tentativa de compra do voto. Cada eleitor deveria ter a for\u00e7a de repudiar esta tentativa. Mas como pode acontecer a debilidade de eleitores, a pr\u00f3pria lei, entre n\u00f3s, tomou a iniciativa de proibir a compra de votos e de coibir esta pr\u00e1tica com o rem\u00e9dio mais adequado, que \u00e9 a cassa\u00e7\u00e3o da candidatura.<\/p>\n<p>Mas tamb\u00e9m, ningu\u00e9m tem o direito de proibir que se vote em determinado candidato, seja por que motivo for. Quem deve decidir se algu\u00e9m merece ser votado ou n\u00e3o, s\u00e3o os eleitores, atrav\u00e9s do voto, no dia das elei\u00e7\u00f5es.<\/p>\n<p>Portanto, diante da urna eletr\u00f4nica, cada eleitor tem o direito de conferir sua consci\u00eancia e votar em quem ele quiser.<\/p>\n<p>Por diversos motivos, n\u00e3o \u00e9 bom pressionar indevidamente a consci\u00eancia dos eleitores, visando for\u00e7\u00e1-los a votar em determinado candidato.<\/p>\n<p>Em primeiro lugar, n\u00e3o \u00e9 bom para a democracia que alguns decidam pelos outros. Pois tanto mais forte ser\u00e1 a pr\u00e1tica democr\u00e1tica, quanto mais os eleitores forem capazes de discernir por conta pr\u00f3pria em quem devem votar.<\/p>\n<p>Mas \u00e9 pior ainda para a religi\u00e3o, seja qual for, pressionar seus adeptos para que votem em determinados candidatos, ou proibir que votem em determinados outros, em nome de convic\u00e7\u00f5es religiosas. A religi\u00e3o que n\u00e3o \u00e9 capaz de incentivar a liberdade de consci\u00eancia dos seus seguidores, que se retire de campo. Pois a religi\u00e3o n\u00e3o pode se tornar aliada da domina\u00e7\u00e3o das consci\u00eancias.<\/p>\n<p>Portanto, seja quem for, bispo, padre, pastor, ningu\u00e9m se arrogue o direito de decidir pela consci\u00eancia dos outros. Fazer isto \u00e9 usurpar um espa\u00e7o que \u00e9 sagrado, \u00e9 invadir a intimidade da consci\u00eancia do outro, intrometendo-se onde n\u00e3o lhe cabe estar.<\/p>\n<p>Assim se apresentam os princ\u00edpios, que por si pr\u00f3prios j\u00e1 seriam suficientes para todos se sentirem \u00e0 vontade, como eleitores livres e soberanos, com todo o direito de votar em quem cada um quiser.<\/p>\n<p>Mas a gente sabe que em tempo de propaganda eleitoral a realidade se complica, por expedientes anti\u00e9ticos, sobretudo pela dissemina\u00e7\u00e3o de acusa\u00e7\u00f5es, que visam deturpar o nome dos advers\u00e1rios, e tirar vantagem eleitorais.<\/p>\n<p>A\u00ed aparecem situa\u00e7\u00f5es que precisam ser esclarecidas. \u00c9 curioso, por exemplo, que as mesmas pessoas que questionavam o plebiscito sobre os limites da propriedade, alegando que ele n\u00e3o contava com a aprova\u00e7\u00e3o da CNBB, agora difundem cartas procedentes de sub-comiss\u00f5es, de sub-regionais, ou cartas individuais de determinados bispos ou padres, e pretendem invocar sobre estes escritos a autoridade de toda a institui\u00e7\u00e3o, quando o Presidente da CNBB, D. Geraldo Lyrio Rocha j\u00e1 esclareceu, enfaticamente, que a CNBB n\u00e3o ap\u00f3ia nenhum partido e nenhum candidato, nem igualmente pro\u00edbe nenhum partido ou candidato.<\/p>\n<p>Mas dado o joio lan\u00e7ado na seara com ast\u00facia de maligno, talvez fosse conveniente um novo posicionamento do Presidente da CNBB, institui\u00e7\u00e3o que em tantas oportunidades j\u00e1 deu contribui\u00e7\u00f5es preciosas para o processo democr\u00e1tico brasileiro, e cujo nome n\u00e3o pode agora ficar prejudicado por expedientes que destoam de sua tradi\u00e7\u00e3o.<\/p>\n<p>Portanto, cada um \u00e9 livre de votar em quem quiser. Se quiser votar na Marina, vote! Se quiser votar no Serra, vote! Se quiser votar na Dilma, vote! E se quiser votar em qualquer um dos outros candidatos, vote! Mas vote livremente, levado pela decis\u00e3o a que chegou por sua pr\u00f3pria consci\u00eancia.<\/p>\n<div id=\"themify_builder_content-10856\" data-postid=\"10856\" class=\"themify_builder_content themify_builder_content-10856 themify_builder themify_builder_front\">\n\t<\/div>\n<!-- \/themify_builder_content -->","protected":false},"excerpt":{"rendered":"<p>Dom Dem\u00e9trio Valentini Algumas observa\u00e7\u00f5es se fazem oportunas, no contexto do processo eleitoral que estamos vivendo. Em meio ao bombardeio di\u00e1rio da campanha, sempre \u00e9 bom tomar a devida dist\u00e2ncia, para captar com clareza os crit\u00e9rios a serem levados em conta para iluminar a decis\u00e3o de cada eleitor. Os candidatos t\u00eam todo o direito de [&hellip;]<\/p>\n","protected":false},"author":5,"featured_media":0,"comment_status":"open","ping_status":"open","sticky":false,"template":"","format":"standard","meta":{"ngg_post_thumbnail":0,"footnotes":""},"categories":[9],"tags":[63,41,103,1709],"yoast_head":"<!-- This site is optimized with the Yoast SEO plugin v23.5 - https:\/\/yoast.com\/wordpress\/plugins\/seo\/ -->\n<title>Pela liberdade de consci\u00eancia - O Arcanjo no ar<\/title>\n<meta name=\"robots\" content=\"index, follow, max-snippet:-1, max-image-preview:large, max-video-preview:-1\" \/>\n<link rel=\"canonical\" href=\"https:\/\/www.oarcanjo.net\/site\/pela-liberdade-de-consciencia\/\" \/>\n<meta property=\"og:locale\" content=\"pt_BR\" \/>\n<meta property=\"og:type\" content=\"article\" \/>\n<meta property=\"og:title\" content=\"Pela liberdade de consci\u00eancia - O Arcanjo no ar\" \/>\n<meta property=\"og:description\" content=\"Dom Dem\u00e9trio Valentini Algumas observa\u00e7\u00f5es se fazem oportunas, no contexto do processo eleitoral que estamos vivendo. Em meio ao bombardeio di\u00e1rio da campanha, sempre \u00e9 bom tomar a devida dist\u00e2ncia, para captar com clareza os crit\u00e9rios a serem levados em conta para iluminar a decis\u00e3o de cada eleitor. Os candidatos t\u00eam todo o direito de [&hellip;]\" \/>\n<meta property=\"og:url\" content=\"https:\/\/www.oarcanjo.net\/site\/pela-liberdade-de-consciencia\/\" \/>\n<meta property=\"og:site_name\" content=\"O Arcanjo no ar\" \/>\n<meta property=\"article:publisher\" content=\"https:\/\/www.facebook.com\/OArcanjoNoAr\/\" \/>\n<meta property=\"article:published_time\" content=\"2010-09-17T02:01:12+00:00\" \/>\n<meta property=\"og:image\" content=\"https:\/\/www.oarcanjo.net\/site\/wp-content\/uploads\/logo-o-arcanjo-no-ar-facebook.png\" \/>\n\t<meta property=\"og:image:width\" content=\"300\" \/>\n\t<meta property=\"og:image:height\" content=\"300\" \/>\n\t<meta property=\"og:image:type\" content=\"image\/png\" \/>\n<meta name=\"author\" content=\"editor\" \/>\n<meta name=\"twitter:card\" content=\"summary_large_image\" \/>\n<meta name=\"twitter:label1\" content=\"Escrito por\" \/>\n\t<meta name=\"twitter:data1\" content=\"editor\" \/>\n\t<meta name=\"twitter:label2\" content=\"Est. tempo de leitura\" \/>\n\t<meta name=\"twitter:data2\" content=\"3 minutos\" \/>\n<script type=\"application\/ld+json\" class=\"yoast-schema-graph\">{\"@context\":\"https:\/\/schema.org\",\"@graph\":[{\"@type\":\"Article\",\"@id\":\"https:\/\/www.oarcanjo.net\/site\/pela-liberdade-de-consciencia\/#article\",\"isPartOf\":{\"@id\":\"https:\/\/www.oarcanjo.net\/site\/pela-liberdade-de-consciencia\/\"},\"author\":{\"name\":\"editor\",\"@id\":\"https:\/\/www.oarcanjo.net\/site\/#\/schema\/person\/f7024d007863202483a31326673a0838\"},\"headline\":\"Pela liberdade de consci\u00eancia\",\"datePublished\":\"2010-09-17T02:01:12+00:00\",\"dateModified\":\"2010-09-17T02:01:12+00:00\",\"mainEntityOfPage\":{\"@id\":\"https:\/\/www.oarcanjo.net\/site\/pela-liberdade-de-consciencia\/\"},\"wordCount\":701,\"commentCount\":0,\"publisher\":{\"@id\":\"https:\/\/www.oarcanjo.net\/site\/#organization\"},\"keywords\":[\"CNBB\",\"elei\u00e7\u00f5es\",\"f\u00e9 e pol\u00edtica\",\"liberdade de escolha\"],\"articleSection\":[\"Reflex\u00f5es\"],\"inLanguage\":\"pt-BR\",\"potentialAction\":[{\"@type\":\"CommentAction\",\"name\":\"Comment\",\"target\":[\"https:\/\/www.oarcanjo.net\/site\/pela-liberdade-de-consciencia\/#respond\"]}]},{\"@type\":\"WebPage\",\"@id\":\"https:\/\/www.oarcanjo.net\/site\/pela-liberdade-de-consciencia\/\",\"url\":\"https:\/\/www.oarcanjo.net\/site\/pela-liberdade-de-consciencia\/\",\"name\":\"Pela liberdade de consci\u00eancia - O Arcanjo no ar\",\"isPartOf\":{\"@id\":\"https:\/\/www.oarcanjo.net\/site\/#website\"},\"datePublished\":\"2010-09-17T02:01:12+00:00\",\"dateModified\":\"2010-09-17T02:01:12+00:00\",\"breadcrumb\":{\"@id\":\"https:\/\/www.oarcanjo.net\/site\/pela-liberdade-de-consciencia\/#breadcrumb\"},\"inLanguage\":\"pt-BR\",\"potentialAction\":[{\"@type\":\"ReadAction\",\"target\":[\"https:\/\/www.oarcanjo.net\/site\/pela-liberdade-de-consciencia\/\"]}]},{\"@type\":\"BreadcrumbList\",\"@id\":\"https:\/\/www.oarcanjo.net\/site\/pela-liberdade-de-consciencia\/#breadcrumb\",\"itemListElement\":[{\"@type\":\"ListItem\",\"position\":1,\"name\":\"In\u00edcio\",\"item\":\"https:\/\/www.oarcanjo.net\/site\/\"},{\"@type\":\"ListItem\",\"position\":2,\"name\":\"Pela liberdade de consci\u00eancia\"}]},{\"@type\":\"WebSite\",\"@id\":\"https:\/\/www.oarcanjo.net\/site\/#website\",\"url\":\"https:\/\/www.oarcanjo.net\/site\/\",\"name\":\"O Arcanjo no ar\",\"description\":\"Site da Par\u00f3quia S\u00e3o Miguel Arcanjo (Arquidiocese de SP)\",\"publisher\":{\"@id\":\"https:\/\/www.oarcanjo.net\/site\/#organization\"},\"potentialAction\":[{\"@type\":\"SearchAction\",\"target\":{\"@type\":\"EntryPoint\",\"urlTemplate\":\"https:\/\/www.oarcanjo.net\/site\/?s={search_term_string}\"},\"query-input\":{\"@type\":\"PropertyValueSpecification\",\"valueRequired\":true,\"valueName\":\"search_term_string\"}}],\"inLanguage\":\"pt-BR\"},{\"@type\":\"Organization\",\"@id\":\"https:\/\/www.oarcanjo.net\/site\/#organization\",\"name\":\"Par\u00f3quia S\u00e3o Miguel Arcanjo\",\"url\":\"https:\/\/www.oarcanjo.net\/site\/\",\"logo\":{\"@type\":\"ImageObject\",\"inLanguage\":\"pt-BR\",\"@id\":\"https:\/\/www.oarcanjo.net\/site\/#\/schema\/logo\/image\/\",\"url\":\"https:\/\/www.oarcanjo.net\/site\/wp-content\/uploads\/LogoOArcanjo.png\",\"contentUrl\":\"https:\/\/www.oarcanjo.net\/site\/wp-content\/uploads\/LogoOArcanjo.png\",\"width\":319,\"height\":99,\"caption\":\"Par\u00f3quia S\u00e3o Miguel Arcanjo\"},\"image\":{\"@id\":\"https:\/\/www.oarcanjo.net\/site\/#\/schema\/logo\/image\/\"},\"sameAs\":[\"https:\/\/www.facebook.com\/OArcanjoNoAr\/\"]},{\"@type\":\"Person\",\"@id\":\"https:\/\/www.oarcanjo.net\/site\/#\/schema\/person\/f7024d007863202483a31326673a0838\",\"name\":\"editor\",\"sameAs\":[\"http:\/\/www.oarcanjo.net\"]}]}<\/script>\n<!-- \/ Yoast SEO plugin. -->","yoast_head_json":{"title":"Pela liberdade de consci\u00eancia - O Arcanjo no ar","robots":{"index":"index","follow":"follow","max-snippet":"max-snippet:-1","max-image-preview":"max-image-preview:large","max-video-preview":"max-video-preview:-1"},"canonical":"https:\/\/www.oarcanjo.net\/site\/pela-liberdade-de-consciencia\/","og_locale":"pt_BR","og_type":"article","og_title":"Pela liberdade de consci\u00eancia - O Arcanjo no ar","og_description":"Dom Dem\u00e9trio Valentini Algumas observa\u00e7\u00f5es se fazem oportunas, no contexto do processo eleitoral que estamos vivendo. Em meio ao bombardeio di\u00e1rio da campanha, sempre \u00e9 bom tomar a devida dist\u00e2ncia, para captar com clareza os crit\u00e9rios a serem levados em conta para iluminar a decis\u00e3o de cada eleitor. Os candidatos t\u00eam todo o direito de [&hellip;]","og_url":"https:\/\/www.oarcanjo.net\/site\/pela-liberdade-de-consciencia\/","og_site_name":"O Arcanjo no ar","article_publisher":"https:\/\/www.facebook.com\/OArcanjoNoAr\/","article_published_time":"2010-09-17T02:01:12+00:00","og_image":[{"width":300,"height":300,"url":"https:\/\/www.oarcanjo.net\/site\/wp-content\/uploads\/logo-o-arcanjo-no-ar-facebook.png","type":"image\/png"}],"author":"editor","twitter_card":"summary_large_image","twitter_misc":{"Escrito por":"editor","Est. tempo de leitura":"3 minutos"},"schema":{"@context":"https:\/\/schema.org","@graph":[{"@type":"Article","@id":"https:\/\/www.oarcanjo.net\/site\/pela-liberdade-de-consciencia\/#article","isPartOf":{"@id":"https:\/\/www.oarcanjo.net\/site\/pela-liberdade-de-consciencia\/"},"author":{"name":"editor","@id":"https:\/\/www.oarcanjo.net\/site\/#\/schema\/person\/f7024d007863202483a31326673a0838"},"headline":"Pela liberdade de consci\u00eancia","datePublished":"2010-09-17T02:01:12+00:00","dateModified":"2010-09-17T02:01:12+00:00","mainEntityOfPage":{"@id":"https:\/\/www.oarcanjo.net\/site\/pela-liberdade-de-consciencia\/"},"wordCount":701,"commentCount":0,"publisher":{"@id":"https:\/\/www.oarcanjo.net\/site\/#organization"},"keywords":["CNBB","elei\u00e7\u00f5es","f\u00e9 e pol\u00edtica","liberdade de escolha"],"articleSection":["Reflex\u00f5es"],"inLanguage":"pt-BR","potentialAction":[{"@type":"CommentAction","name":"Comment","target":["https:\/\/www.oarcanjo.net\/site\/pela-liberdade-de-consciencia\/#respond"]}]},{"@type":"WebPage","@id":"https:\/\/www.oarcanjo.net\/site\/pela-liberdade-de-consciencia\/","url":"https:\/\/www.oarcanjo.net\/site\/pela-liberdade-de-consciencia\/","name":"Pela liberdade de consci\u00eancia - O Arcanjo no ar","isPartOf":{"@id":"https:\/\/www.oarcanjo.net\/site\/#website"},"datePublished":"2010-09-17T02:01:12+00:00","dateModified":"2010-09-17T02:01:12+00:00","breadcrumb":{"@id":"https:\/\/www.oarcanjo.net\/site\/pela-liberdade-de-consciencia\/#breadcrumb"},"inLanguage":"pt-BR","potentialAction":[{"@type":"ReadAction","target":["https:\/\/www.oarcanjo.net\/site\/pela-liberdade-de-consciencia\/"]}]},{"@type":"BreadcrumbList","@id":"https:\/\/www.oarcanjo.net\/site\/pela-liberdade-de-consciencia\/#breadcrumb","itemListElement":[{"@type":"ListItem","position":1,"name":"In\u00edcio","item":"https:\/\/www.oarcanjo.net\/site\/"},{"@type":"ListItem","position":2,"name":"Pela liberdade de consci\u00eancia"}]},{"@type":"WebSite","@id":"https:\/\/www.oarcanjo.net\/site\/#website","url":"https:\/\/www.oarcanjo.net\/site\/","name":"O Arcanjo no ar","description":"Site da Par\u00f3quia S\u00e3o Miguel Arcanjo (Arquidiocese de SP)","publisher":{"@id":"https:\/\/www.oarcanjo.net\/site\/#organization"},"potentialAction":[{"@type":"SearchAction","target":{"@type":"EntryPoint","urlTemplate":"https:\/\/www.oarcanjo.net\/site\/?s={search_term_string}"},"query-input":{"@type":"PropertyValueSpecification","valueRequired":true,"valueName":"search_term_string"}}],"inLanguage":"pt-BR"},{"@type":"Organization","@id":"https:\/\/www.oarcanjo.net\/site\/#organization","name":"Par\u00f3quia S\u00e3o Miguel Arcanjo","url":"https:\/\/www.oarcanjo.net\/site\/","logo":{"@type":"ImageObject","inLanguage":"pt-BR","@id":"https:\/\/www.oarcanjo.net\/site\/#\/schema\/logo\/image\/","url":"https:\/\/www.oarcanjo.net\/site\/wp-content\/uploads\/LogoOArcanjo.png","contentUrl":"https:\/\/www.oarcanjo.net\/site\/wp-content\/uploads\/LogoOArcanjo.png","width":319,"height":99,"caption":"Par\u00f3quia S\u00e3o Miguel Arcanjo"},"image":{"@id":"https:\/\/www.oarcanjo.net\/site\/#\/schema\/logo\/image\/"},"sameAs":["https:\/\/www.facebook.com\/OArcanjoNoAr\/"]},{"@type":"Person","@id":"https:\/\/www.oarcanjo.net\/site\/#\/schema\/person\/f7024d007863202483a31326673a0838","name":"editor","sameAs":["http:\/\/www.oarcanjo.net"]}]}},"publishpress_future_action":{"enabled":false,"date":"2026-05-10 06:59:54","action":"category","newStatus":"draft","terms":[],"taxonomy":"category"},"publishpress_future_workflow_manual_trigger":{"enabledWorkflows":[]},"_links":{"self":[{"href":"https:\/\/www.oarcanjo.net\/site\/wp-json\/wp\/v2\/posts\/10856"}],"collection":[{"href":"https:\/\/www.oarcanjo.net\/site\/wp-json\/wp\/v2\/posts"}],"about":[{"href":"https:\/\/www.oarcanjo.net\/site\/wp-json\/wp\/v2\/types\/post"}],"author":[{"embeddable":true,"href":"https:\/\/www.oarcanjo.net\/site\/wp-json\/wp\/v2\/users\/5"}],"replies":[{"embeddable":true,"href":"https:\/\/www.oarcanjo.net\/site\/wp-json\/wp\/v2\/comments?post=10856"}],"version-history":[{"count":0,"href":"https:\/\/www.oarcanjo.net\/site\/wp-json\/wp\/v2\/posts\/10856\/revisions"}],"wp:attachment":[{"href":"https:\/\/www.oarcanjo.net\/site\/wp-json\/wp\/v2\/media?parent=10856"}],"wp:term":[{"taxonomy":"category","embeddable":true,"href":"https:\/\/www.oarcanjo.net\/site\/wp-json\/wp\/v2\/categories?post=10856"},{"taxonomy":"post_tag","embeddable":true,"href":"https:\/\/www.oarcanjo.net\/site\/wp-json\/wp\/v2\/tags?post=10856"}],"curies":[{"name":"wp","href":"https:\/\/api.w.org\/{rel}","templated":true}]}}