
{"id":10860,"date":"2010-09-15T23:04:40","date_gmt":"2010-09-16T02:04:40","guid":{"rendered":"http:\/\/www.oarcanjo.net\/site\/?p=10860"},"modified":"2010-09-16T23:07:04","modified_gmt":"2010-09-17T02:07:04","slug":"sinais-dos-tempos-2","status":"publish","type":"post","link":"https:\/\/www.oarcanjo.net\/site\/sinais-dos-tempos-2\/","title":{"rendered":"Sinais dos Tempos"},"content":{"rendered":"<p>Frei Betto<\/p>\n<p>O mercado \u00e9 o novo fetiche religioso da sociedade em que vivemos. Antigamente, nossos av\u00f3s consultavam a B\u00edblia, a palavra de Deus, diante dos fatos da vida. Nossos pais, o servi\u00e7o de meteorologia: &#8220;Ser\u00e1 que vai chover?&#8221;. Hoje, consulta-se o mercado: &#8220;O d\u00f3lar desvalorizou? Subiu a Bolsa? Como oscilou o mercado de capitais?&#8221;.<\/p>\n<p>Diante de uma cat\u00e1strofe, de um acontecimento inesperado, dizem os comentaristas econ\u00f4micos: &#8220;Vamos ver como o mercado re age&#8221;. Fico imaginando um senhor, Mr. Mercado, tran cado em seu castelo e gritando pelo celular: &#8220;N\u00e3o gostei da fala do ministro, estou irado.&#8221; Na mesma hora os telejornais destacam: &#8220;O mercado n\u00e3o reagiu bem frente ao discurso ministerial&#8221;.<\/p>\n<p>Para as ag\u00eancias de publicidade, o mercado no Brasil compreende cerca de 40 milh\u00f5es de consumidores. Neste pa\u00eds de 190 milh\u00f5es de habitantes, uma minoria tem acesso aos bens sup\u00e9rfluos. Os demais, s\u00f3 aos de necessidade indispens\u00e1vel.<\/p>\n<p>O grande desafio das pessoas em idade produtiva, hoje, \u00e9 como se inserir no mercado. Devem ser competitivas, ter qualifica\u00e7\u00e3o, disputar espa\u00e7os. Sabem que o sistema recomenda n\u00e3o levarem a s\u00e9rio conota\u00e7\u00f5es \u00e9ticas e encarar como quim\u00e9rico um planejamento de inclus\u00e3o das maiorias. O mercado \u00e9, agora, internacional, globalizado; move-se segundo suas pr\u00f3prias regras, e n\u00e3o de acordo com as necessidades humanas.<\/p>\n<p>A crise da modernidade \u00e9, portanto, tamb\u00e9m a do racionalismo. No in\u00edcio da modernidade, principalmente na \u00e9poca dos iluministas, a religi\u00e3o era considerada supersti\u00e7\u00e3o. Camponeses da Idade M\u00e9dia regavam seus campos com \u00e1gua benta, agradeciam aos padres (que, diga-se de passagem, cobravam pela \u00e1gua benta) e depois louvavam a Deus pela boa colheita. At\u00e9 o dia em que apareceu um senhor oferecendo a eles um pozinho preto, o adubo, que tamb\u00e9m custava dinheiro, mas n\u00e3o dependia da ira ou do agrado divino &#8211; bastava aplic\u00e1-lo \u00e0 terra e aquilo facilitava a colheita.<\/p>\n<p>O adubo funcionou melhor que a \u00e1gua benta! Muitos camponeses perderam a f\u00e9, porque a concep\u00e7\u00e3o de Deus predominante na Idade M\u00e9dia era a de um Ser utilit\u00e1rio. (Por isso se costuma dizer, em teologia, que Deus n\u00e3o \u00e9 nem sup\u00e9rfluo nem necess\u00e1rio; \u00e9 gratuito, como todo amor).<\/p>\n<p>Outrora, falava-se em produ\u00e7\u00e3o; quem tinha um capital, precisava investi-lo, produzir. Hoje, fala-se em especula\u00e7\u00e3o. Dinheiro produz dinheiro. A cada dia, atrav\u00e9s de computadores, bilh\u00f5es de d\u00f3lares rodam o planeta em busca de melhores lucros. Passam da Bolsa de Singapura para a de T\u00f3quio, desta para a de Buenos Aires, desta para a de S\u00e3o Paulo, desta para a de Nova York, e assim por diante. Agora, em Singapura, provavelmente estar\u00e3o discutindo o que fazer com US$ 6 bilh\u00f5es dispon\u00edveis no mercado.<\/p>\n<p>Outrora, falava-se em marginaliza\u00e7\u00e3o. Algu\u00e9m marginalizado no emprego ainda tinha esperan\u00e7a de voltar ao centro. Hoje, marginaliza\u00e7\u00e3o cedeu lugar a outro termo, exclus\u00e3o &#8211; o ser humano exclu\u00eddo n\u00e3o tem esperan\u00e7a de volta, porque o neoliberalismo \u00e9 intrinsecamente excludente. A exclus\u00e3o n\u00e3o \u00e9 um problema para ele, tal como a marginaliza\u00e7\u00e3o era para o liberalismo: \u00e9 parte da l\u00f3gica de crescimento do sistema e da acumula\u00e7\u00e3o de riquezas.<\/p>\n<p>Antes, falava-se em Estado, o importante era fortalecer o Estado. Um ministro da ditadura militar chegou a declarar: &#8220;Vamos fazer crescer o bolo, depois haveremos de dividi-lo.&#8221; S\u00f3 que o bolo cresceu, e o gato comeu; n\u00e3o se viu o resultado. Aqueles mesmos pol\u00edticos que advogavam o crescimento do Estado defendem, hoje, a sua destrui\u00e7\u00e3o, com o sofisticado lema da \u2018privatiza\u00e7\u00e3o\u2019.<\/p>\n<p>N\u00e3o sou radicalmente contr\u00e1rio \u00e0 privatiza\u00e7\u00e3o, nem estatista. H\u00e1 pa\u00edses ricos &#8211; como a Fran\u00e7a e o Reino Unido &#8211; nos quais os servi\u00e7os p\u00fablicos estatais funcionam muito bem. N\u00e3o \u00e9 por serem p\u00fablicas que as empresas e os servi\u00e7os devem operar negativamente. A hist\u00f3ria \u00e9 outra: muitos pol\u00edticos, que deveriam ser homens p\u00fablicos, est\u00e3o prioritariamente ligados a empresas privadas, de maneira que n\u00e3o t\u00eam interesse em que as coisas p\u00fablicas, estatais, funcionem bem. O maior exemplo disso \u00e9 o servi\u00e7o de sa\u00fade no Brasil. S\u00e3o US$ 8 bilh\u00f5es circulando por ano nos planos privados de sa\u00fade, que atendem apenas 30 milh\u00f5es de pessoas numa popula\u00e7\u00e3o de 190 milh\u00f5es. Por que o SUS haveria de funcio nar bem? Outrora, algu\u00e9m ficava doente e dava gra\u00e7as a Deus por conseguir um lugar no hospital. Hoje, as pessoas morrem de medo de ir para o hospital. Hospital virou antessala de cemit\u00e9rio.<\/p>\n<p>A privatiza\u00e7\u00e3o n\u00e3o \u00e9 s\u00f3 econ\u00f4mica, \u00e9 tamb\u00e9m filos\u00f3fica, metaf\u00edsica. Tem reflexos na nossa subjetividade. Tamb\u00e9m nos tornamos seres cada vez mais privatizados, menos solid\u00e1rios, menos interessados nas causas coletivas e menos mobiliz\u00e1veis para as grandes quest\u00f5es. A privatiza\u00e7\u00e3o invade at\u00e9 mesmo o espa\u00e7o da religi\u00e3o: proliferam as cren\u00e7as \u2018privatizantes\u2019, que t\u00eam conex\u00e3o direta com Deus. Isso \u00e9 \u00f3timo para quem considera que o pr\u00f3ximo incomoda. \u00c9 a privatiza\u00e7\u00e3o da f\u00e9, destituindo-a da sua dimens\u00e3o social e pol\u00edtica.<\/p>\n<p>Enfim, hoje fala-se em globaliza\u00e7\u00e3o; \u00f3timo que o planeta tenha se transformado numa aldeia. O que preocupa \u00e9 constatar que esse modelo \u00e9, de fato, a imposi\u00e7\u00e3o ao planeta do paradigma anglo-sax\u00f4nico. Melhor cham\u00e1-lo de globocoloniza\u00e7\u00e3o!<\/p>\n<div id=\"themify_builder_content-10860\" data-postid=\"10860\" class=\"themify_builder_content themify_builder_content-10860 themify_builder themify_builder_front\">\n\t<\/div>\n<!-- \/themify_builder_content -->","protected":false},"excerpt":{"rendered":"<p>O mercado \u00e9 o novo fetiche religioso da sociedade em que vivemos. Antigamente, nossos av\u00f3s consultavam a B\u00edblia, a palavra de Deus, diante dos fatos da vida. Nossos pais, o servi\u00e7o de meteorologia: &#8220;Ser\u00e1 que vai chover?&#8221;. Hoje, consulta-se o mercado<\/p>\n","protected":false},"author":5,"featured_media":0,"comment_status":"open","ping_status":"open","sticky":false,"template":"","format":"standard","meta":{"ngg_post_thumbnail":0,"footnotes":""},"categories":[9],"tags":[1386,1711,37,799],"yoast_head":"<!-- This site is optimized with the Yoast SEO plugin v23.5 - https:\/\/yoast.com\/wordpress\/plugins\/seo\/ -->\n<title>Sinais dos Tempos - O Arcanjo no ar<\/title>\n<meta name=\"robots\" content=\"index, follow, max-snippet:-1, max-image-preview:large, max-video-preview:-1\" \/>\n<link rel=\"canonical\" href=\"https:\/\/www.oarcanjo.net\/site\/sinais-dos-tempos-2\/\" \/>\n<meta property=\"og:locale\" content=\"pt_BR\" \/>\n<meta property=\"og:type\" content=\"article\" \/>\n<meta property=\"og:title\" content=\"Sinais dos Tempos - O Arcanjo no ar\" \/>\n<meta property=\"og:description\" content=\"O mercado \u00e9 o novo fetiche religioso da sociedade em que vivemos. Antigamente, nossos av\u00f3s consultavam a B\u00edblia, a palavra de Deus, diante dos fatos da vida. Nossos pais, o servi\u00e7o de meteorologia: &quot;Ser\u00e1 que vai chover?&quot;. Hoje, consulta-se o mercado\" \/>\n<meta property=\"og:url\" content=\"https:\/\/www.oarcanjo.net\/site\/sinais-dos-tempos-2\/\" \/>\n<meta property=\"og:site_name\" content=\"O Arcanjo no ar\" \/>\n<meta property=\"article:publisher\" content=\"https:\/\/www.facebook.com\/OArcanjoNoAr\/\" \/>\n<meta property=\"article:published_time\" content=\"2010-09-16T02:04:40+00:00\" \/>\n<meta property=\"article:modified_time\" content=\"2010-09-17T02:07:04+00:00\" \/>\n<meta property=\"og:image\" content=\"https:\/\/www.oarcanjo.net\/site\/wp-content\/uploads\/logo-o-arcanjo-no-ar-facebook.png\" \/>\n\t<meta property=\"og:image:width\" content=\"300\" \/>\n\t<meta property=\"og:image:height\" content=\"300\" \/>\n\t<meta property=\"og:image:type\" content=\"image\/png\" \/>\n<meta name=\"author\" content=\"editor\" \/>\n<meta name=\"twitter:card\" content=\"summary_large_image\" \/>\n<meta name=\"twitter:label1\" content=\"Escrito por\" \/>\n\t<meta name=\"twitter:data1\" content=\"editor\" \/>\n\t<meta name=\"twitter:label2\" content=\"Est. tempo de leitura\" \/>\n\t<meta name=\"twitter:data2\" content=\"5 minutos\" \/>\n<script type=\"application\/ld+json\" class=\"yoast-schema-graph\">{\"@context\":\"https:\/\/schema.org\",\"@graph\":[{\"@type\":\"Article\",\"@id\":\"https:\/\/www.oarcanjo.net\/site\/sinais-dos-tempos-2\/#article\",\"isPartOf\":{\"@id\":\"https:\/\/www.oarcanjo.net\/site\/sinais-dos-tempos-2\/\"},\"author\":{\"name\":\"editor\",\"@id\":\"https:\/\/www.oarcanjo.net\/site\/#\/schema\/person\/f7024d007863202483a31326673a0838\"},\"headline\":\"Sinais dos Tempos\",\"datePublished\":\"2010-09-16T02:04:40+00:00\",\"dateModified\":\"2010-09-17T02:07:04+00:00\",\"mainEntityOfPage\":{\"@id\":\"https:\/\/www.oarcanjo.net\/site\/sinais-dos-tempos-2\/\"},\"wordCount\":919,\"commentCount\":0,\"publisher\":{\"@id\":\"https:\/\/www.oarcanjo.net\/site\/#organization\"},\"keywords\":[\"Dom Paulo Evaristo Arns\",\"luta pela vida\",\"pobreza\",\"servi\u00e7o\"],\"articleSection\":[\"Reflex\u00f5es\"],\"inLanguage\":\"pt-BR\",\"potentialAction\":[{\"@type\":\"CommentAction\",\"name\":\"Comment\",\"target\":[\"https:\/\/www.oarcanjo.net\/site\/sinais-dos-tempos-2\/#respond\"]}]},{\"@type\":\"WebPage\",\"@id\":\"https:\/\/www.oarcanjo.net\/site\/sinais-dos-tempos-2\/\",\"url\":\"https:\/\/www.oarcanjo.net\/site\/sinais-dos-tempos-2\/\",\"name\":\"Sinais dos Tempos - O Arcanjo no ar\",\"isPartOf\":{\"@id\":\"https:\/\/www.oarcanjo.net\/site\/#website\"},\"datePublished\":\"2010-09-16T02:04:40+00:00\",\"dateModified\":\"2010-09-17T02:07:04+00:00\",\"breadcrumb\":{\"@id\":\"https:\/\/www.oarcanjo.net\/site\/sinais-dos-tempos-2\/#breadcrumb\"},\"inLanguage\":\"pt-BR\",\"potentialAction\":[{\"@type\":\"ReadAction\",\"target\":[\"https:\/\/www.oarcanjo.net\/site\/sinais-dos-tempos-2\/\"]}]},{\"@type\":\"BreadcrumbList\",\"@id\":\"https:\/\/www.oarcanjo.net\/site\/sinais-dos-tempos-2\/#breadcrumb\",\"itemListElement\":[{\"@type\":\"ListItem\",\"position\":1,\"name\":\"In\u00edcio\",\"item\":\"https:\/\/www.oarcanjo.net\/site\/\"},{\"@type\":\"ListItem\",\"position\":2,\"name\":\"Sinais dos Tempos\"}]},{\"@type\":\"WebSite\",\"@id\":\"https:\/\/www.oarcanjo.net\/site\/#website\",\"url\":\"https:\/\/www.oarcanjo.net\/site\/\",\"name\":\"O Arcanjo no ar\",\"description\":\"Site da Par\u00f3quia S\u00e3o Miguel Arcanjo (Arquidiocese de SP)\",\"publisher\":{\"@id\":\"https:\/\/www.oarcanjo.net\/site\/#organization\"},\"potentialAction\":[{\"@type\":\"SearchAction\",\"target\":{\"@type\":\"EntryPoint\",\"urlTemplate\":\"https:\/\/www.oarcanjo.net\/site\/?s={search_term_string}\"},\"query-input\":{\"@type\":\"PropertyValueSpecification\",\"valueRequired\":true,\"valueName\":\"search_term_string\"}}],\"inLanguage\":\"pt-BR\"},{\"@type\":\"Organization\",\"@id\":\"https:\/\/www.oarcanjo.net\/site\/#organization\",\"name\":\"Par\u00f3quia S\u00e3o Miguel Arcanjo\",\"url\":\"https:\/\/www.oarcanjo.net\/site\/\",\"logo\":{\"@type\":\"ImageObject\",\"inLanguage\":\"pt-BR\",\"@id\":\"https:\/\/www.oarcanjo.net\/site\/#\/schema\/logo\/image\/\",\"url\":\"https:\/\/www.oarcanjo.net\/site\/wp-content\/uploads\/LogoOArcanjo.png\",\"contentUrl\":\"https:\/\/www.oarcanjo.net\/site\/wp-content\/uploads\/LogoOArcanjo.png\",\"width\":319,\"height\":99,\"caption\":\"Par\u00f3quia S\u00e3o Miguel Arcanjo\"},\"image\":{\"@id\":\"https:\/\/www.oarcanjo.net\/site\/#\/schema\/logo\/image\/\"},\"sameAs\":[\"https:\/\/www.facebook.com\/OArcanjoNoAr\/\"]},{\"@type\":\"Person\",\"@id\":\"https:\/\/www.oarcanjo.net\/site\/#\/schema\/person\/f7024d007863202483a31326673a0838\",\"name\":\"editor\",\"sameAs\":[\"http:\/\/www.oarcanjo.net\"]}]}<\/script>\n<!-- \/ Yoast SEO plugin. -->","yoast_head_json":{"title":"Sinais dos Tempos - O Arcanjo no ar","robots":{"index":"index","follow":"follow","max-snippet":"max-snippet:-1","max-image-preview":"max-image-preview:large","max-video-preview":"max-video-preview:-1"},"canonical":"https:\/\/www.oarcanjo.net\/site\/sinais-dos-tempos-2\/","og_locale":"pt_BR","og_type":"article","og_title":"Sinais dos Tempos - O Arcanjo no ar","og_description":"O mercado \u00e9 o novo fetiche religioso da sociedade em que vivemos. Antigamente, nossos av\u00f3s consultavam a B\u00edblia, a palavra de Deus, diante dos fatos da vida. Nossos pais, o servi\u00e7o de meteorologia: \"Ser\u00e1 que vai chover?\". Hoje, consulta-se o mercado","og_url":"https:\/\/www.oarcanjo.net\/site\/sinais-dos-tempos-2\/","og_site_name":"O Arcanjo no ar","article_publisher":"https:\/\/www.facebook.com\/OArcanjoNoAr\/","article_published_time":"2010-09-16T02:04:40+00:00","article_modified_time":"2010-09-17T02:07:04+00:00","og_image":[{"width":300,"height":300,"url":"https:\/\/www.oarcanjo.net\/site\/wp-content\/uploads\/logo-o-arcanjo-no-ar-facebook.png","type":"image\/png"}],"author":"editor","twitter_card":"summary_large_image","twitter_misc":{"Escrito por":"editor","Est. tempo de leitura":"5 minutos"},"schema":{"@context":"https:\/\/schema.org","@graph":[{"@type":"Article","@id":"https:\/\/www.oarcanjo.net\/site\/sinais-dos-tempos-2\/#article","isPartOf":{"@id":"https:\/\/www.oarcanjo.net\/site\/sinais-dos-tempos-2\/"},"author":{"name":"editor","@id":"https:\/\/www.oarcanjo.net\/site\/#\/schema\/person\/f7024d007863202483a31326673a0838"},"headline":"Sinais dos Tempos","datePublished":"2010-09-16T02:04:40+00:00","dateModified":"2010-09-17T02:07:04+00:00","mainEntityOfPage":{"@id":"https:\/\/www.oarcanjo.net\/site\/sinais-dos-tempos-2\/"},"wordCount":919,"commentCount":0,"publisher":{"@id":"https:\/\/www.oarcanjo.net\/site\/#organization"},"keywords":["Dom Paulo Evaristo Arns","luta pela vida","pobreza","servi\u00e7o"],"articleSection":["Reflex\u00f5es"],"inLanguage":"pt-BR","potentialAction":[{"@type":"CommentAction","name":"Comment","target":["https:\/\/www.oarcanjo.net\/site\/sinais-dos-tempos-2\/#respond"]}]},{"@type":"WebPage","@id":"https:\/\/www.oarcanjo.net\/site\/sinais-dos-tempos-2\/","url":"https:\/\/www.oarcanjo.net\/site\/sinais-dos-tempos-2\/","name":"Sinais dos Tempos - O Arcanjo no ar","isPartOf":{"@id":"https:\/\/www.oarcanjo.net\/site\/#website"},"datePublished":"2010-09-16T02:04:40+00:00","dateModified":"2010-09-17T02:07:04+00:00","breadcrumb":{"@id":"https:\/\/www.oarcanjo.net\/site\/sinais-dos-tempos-2\/#breadcrumb"},"inLanguage":"pt-BR","potentialAction":[{"@type":"ReadAction","target":["https:\/\/www.oarcanjo.net\/site\/sinais-dos-tempos-2\/"]}]},{"@type":"BreadcrumbList","@id":"https:\/\/www.oarcanjo.net\/site\/sinais-dos-tempos-2\/#breadcrumb","itemListElement":[{"@type":"ListItem","position":1,"name":"In\u00edcio","item":"https:\/\/www.oarcanjo.net\/site\/"},{"@type":"ListItem","position":2,"name":"Sinais dos Tempos"}]},{"@type":"WebSite","@id":"https:\/\/www.oarcanjo.net\/site\/#website","url":"https:\/\/www.oarcanjo.net\/site\/","name":"O Arcanjo no ar","description":"Site da Par\u00f3quia S\u00e3o Miguel Arcanjo (Arquidiocese de SP)","publisher":{"@id":"https:\/\/www.oarcanjo.net\/site\/#organization"},"potentialAction":[{"@type":"SearchAction","target":{"@type":"EntryPoint","urlTemplate":"https:\/\/www.oarcanjo.net\/site\/?s={search_term_string}"},"query-input":{"@type":"PropertyValueSpecification","valueRequired":true,"valueName":"search_term_string"}}],"inLanguage":"pt-BR"},{"@type":"Organization","@id":"https:\/\/www.oarcanjo.net\/site\/#organization","name":"Par\u00f3quia S\u00e3o Miguel Arcanjo","url":"https:\/\/www.oarcanjo.net\/site\/","logo":{"@type":"ImageObject","inLanguage":"pt-BR","@id":"https:\/\/www.oarcanjo.net\/site\/#\/schema\/logo\/image\/","url":"https:\/\/www.oarcanjo.net\/site\/wp-content\/uploads\/LogoOArcanjo.png","contentUrl":"https:\/\/www.oarcanjo.net\/site\/wp-content\/uploads\/LogoOArcanjo.png","width":319,"height":99,"caption":"Par\u00f3quia S\u00e3o Miguel Arcanjo"},"image":{"@id":"https:\/\/www.oarcanjo.net\/site\/#\/schema\/logo\/image\/"},"sameAs":["https:\/\/www.facebook.com\/OArcanjoNoAr\/"]},{"@type":"Person","@id":"https:\/\/www.oarcanjo.net\/site\/#\/schema\/person\/f7024d007863202483a31326673a0838","name":"editor","sameAs":["http:\/\/www.oarcanjo.net"]}]}},"publishpress_future_action":{"enabled":false,"date":"2026-05-10 05:38:47","action":"category","newStatus":"draft","terms":[],"taxonomy":"category"},"publishpress_future_workflow_manual_trigger":{"enabledWorkflows":[]},"_links":{"self":[{"href":"https:\/\/www.oarcanjo.net\/site\/wp-json\/wp\/v2\/posts\/10860"}],"collection":[{"href":"https:\/\/www.oarcanjo.net\/site\/wp-json\/wp\/v2\/posts"}],"about":[{"href":"https:\/\/www.oarcanjo.net\/site\/wp-json\/wp\/v2\/types\/post"}],"author":[{"embeddable":true,"href":"https:\/\/www.oarcanjo.net\/site\/wp-json\/wp\/v2\/users\/5"}],"replies":[{"embeddable":true,"href":"https:\/\/www.oarcanjo.net\/site\/wp-json\/wp\/v2\/comments?post=10860"}],"version-history":[{"count":0,"href":"https:\/\/www.oarcanjo.net\/site\/wp-json\/wp\/v2\/posts\/10860\/revisions"}],"wp:attachment":[{"href":"https:\/\/www.oarcanjo.net\/site\/wp-json\/wp\/v2\/media?parent=10860"}],"wp:term":[{"taxonomy":"category","embeddable":true,"href":"https:\/\/www.oarcanjo.net\/site\/wp-json\/wp\/v2\/categories?post=10860"},{"taxonomy":"post_tag","embeddable":true,"href":"https:\/\/www.oarcanjo.net\/site\/wp-json\/wp\/v2\/tags?post=10860"}],"curies":[{"name":"wp","href":"https:\/\/api.w.org\/{rel}","templated":true}]}}