
{"id":1094,"date":"2008-12-19T07:46:13","date_gmt":"2008-12-19T10:46:13","guid":{"rendered":"http:\/\/www.oarcanjo.net\/site\/?p=1094"},"modified":"2008-12-19T08:46:29","modified_gmt":"2008-12-19T11:46:29","slug":"comunicacao-e-comunhao","status":"publish","type":"post","link":"https:\/\/www.oarcanjo.net\/site\/comunicacao-e-comunhao\/","title":{"rendered":"Comunica\u00e7\u00e3o e comunh\u00e3o!"},"content":{"rendered":"<p>A experi\u00eancia de comunica\u00e7\u00e3o e comunh\u00e3o que &#8220;O Arcanjo no ar&#8221; tem nos proporcionado \u00e9 uma grande gra\u00e7a! A nossa uni\u00e3o parece ainda maior, nos sentimos mais pr\u00f3ximos uns dos outros, podendo nos comunicar, expressar nossos sentimentos e emo\u00e7\u00f5es.<\/p>\n<p>A alegria de receber o retorno da Novena de Natal \u00e9 imenso e muito importante, a corrrente de ora\u00e7\u00e3o pelo Vitor e por todos os doentes nos comove. A nossa comunidade deu um grande passo com a equipe de comunica\u00e7\u00e3o que n\u00e3o mede esfo\u00e7os para que a criatividade e t\u00e9cnica estejam a servi\u00e7o da evangeliza\u00e7\u00e3o.<\/p>\n<p>O apoio da Universidade S\u00e3o Judas \u00e9 um grande valor e garantia de qualidade. Cada um de n\u00f3s sinta-se correspons\u00e1vel por este trabalho,mandando sugest\u00f5es, deixando suas impress\u00f5es e sobretudo estando on line com Deus e seus irm\u00e3os.<\/p>\n<div id=\"themify_builder_content-1094\" data-postid=\"1094\" class=\"themify_builder_content themify_builder_content-1094 themify_builder themify_builder_front\">\n\t<\/div>\n<!-- \/themify_builder_content -->","protected":false},"excerpt":{"rendered":"<p>A experi\u00eancia de comunica\u00e7\u00e3o e comunh\u00e3o que &#8220;O Arcanjo no ar&#8221; tem nos proporcionado \u00e9 uma grande gra\u00e7a! A nossa uni\u00e3o parece ainda maior, nos sentimos mais pr\u00f3ximos uns dos outros, podendo nos comunicar, expressar nossos sentimentos e emo\u00e7\u00f5es. A alegria de receber o retorno da Novena de Natal \u00e9 imenso e muito importante, a [&hellip;]<\/p>\n","protected":false},"author":4,"featured_media":0,"comment_status":"open","ping_status":"open","sticky":false,"template":"","format":"standard","meta":{"ngg_post_thumbnail":0,"footnotes":""},"categories":[4],"tags":[156,27,18],"yoast_head":"<!-- This site is optimized with the Yoast SEO plugin v23.5 - https:\/\/yoast.com\/wordpress\/plugins\/seo\/ -->\n<title>Comunica\u00e7\u00e3o e comunh\u00e3o! - O Arcanjo no ar<\/title>\n<meta name=\"robots\" content=\"index, follow, max-snippet:-1, max-image-preview:large, max-video-preview:-1\" \/>\n<link rel=\"canonical\" href=\"https:\/\/www.oarcanjo.net\/site\/comunicacao-e-comunhao\/\" \/>\n<meta property=\"og:locale\" content=\"pt_BR\" \/>\n<meta property=\"og:type\" content=\"article\" \/>\n<meta property=\"og:title\" content=\"Comunica\u00e7\u00e3o e comunh\u00e3o! - O Arcanjo no ar\" \/>\n<meta property=\"og:description\" content=\"A experi\u00eancia de comunica\u00e7\u00e3o e comunh\u00e3o que &#8220;O Arcanjo no ar&#8221; tem nos proporcionado \u00e9 uma grande gra\u00e7a! A nossa uni\u00e3o parece ainda maior, nos sentimos mais pr\u00f3ximos uns dos outros, podendo nos comunicar, expressar nossos sentimentos e emo\u00e7\u00f5es. A alegria de receber o retorno da Novena de Natal \u00e9 imenso e muito importante, a [&hellip;]\" \/>\n<meta property=\"og:url\" content=\"https:\/\/www.oarcanjo.net\/site\/comunicacao-e-comunhao\/\" \/>\n<meta property=\"og:site_name\" content=\"O Arcanjo no ar\" \/>\n<meta property=\"article:publisher\" content=\"https:\/\/www.facebook.com\/OArcanjoNoAr\/\" \/>\n<meta property=\"article:published_time\" content=\"2008-12-19T10:46:13+00:00\" \/>\n<meta property=\"article:modified_time\" content=\"2008-12-19T11:46:29+00:00\" \/>\n<meta property=\"og:image\" content=\"https:\/\/www.oarcanjo.net\/site\/wp-content\/uploads\/logo-o-arcanjo-no-ar-facebook.png\" \/>\n\t<meta property=\"og:image:width\" content=\"300\" \/>\n\t<meta property=\"og:image:height\" content=\"300\" \/>\n\t<meta property=\"og:image:type\" content=\"image\/png\" \/>\n<meta name=\"author\" content=\"julio\" \/>\n<meta name=\"twitter:card\" content=\"summary_large_image\" \/>\n<meta name=\"twitter:label1\" content=\"Escrito por\" \/>\n\t<meta name=\"twitter:data1\" content=\"julio\" \/>\n\t<meta name=\"twitter:label2\" content=\"Est. tempo de leitura\" \/>\n\t<meta name=\"twitter:data2\" content=\"1 minuto\" \/>\n<script type=\"application\/ld+json\" class=\"yoast-schema-graph\">{\"@context\":\"https:\/\/schema.org\",\"@graph\":[{\"@type\":\"Article\",\"@id\":\"https:\/\/www.oarcanjo.net\/site\/comunicacao-e-comunhao\/#article\",\"isPartOf\":{\"@id\":\"https:\/\/www.oarcanjo.net\/site\/comunicacao-e-comunhao\/\"},\"author\":{\"name\":\"julio\",\"@id\":\"https:\/\/www.oarcanjo.net\/site\/#\/schema\/person\/d78ea01c648c91e29c364b516767079e\"},\"headline\":\"Comunica\u00e7\u00e3o e comunh\u00e3o!\",\"datePublished\":\"2008-12-19T10:46:13+00:00\",\"dateModified\":\"2008-12-19T11:46:29+00:00\",\"mainEntityOfPage\":{\"@id\":\"https:\/\/www.oarcanjo.net\/site\/comunicacao-e-comunhao\/\"},\"wordCount\":154,\"commentCount\":2,\"publisher\":{\"@id\":\"https:\/\/www.oarcanjo.net\/site\/#organization\"},\"keywords\":[\"comunh\u00e3o\",\"comunica\u00e7\u00e3o\",\"evangeliza\u00e7\u00e3o\"],\"articleSection\":[\"Blog\"],\"inLanguage\":\"pt-BR\",\"potentialAction\":[{\"@type\":\"CommentAction\",\"name\":\"Comment\",\"target\":[\"https:\/\/www.oarcanjo.net\/site\/comunicacao-e-comunhao\/#respond\"]}]},{\"@type\":\"WebPage\",\"@id\":\"https:\/\/www.oarcanjo.net\/site\/comunicacao-e-comunhao\/\",\"url\":\"https:\/\/www.oarcanjo.net\/site\/comunicacao-e-comunhao\/\",\"name\":\"Comunica\u00e7\u00e3o e comunh\u00e3o! - O Arcanjo no ar\",\"isPartOf\":{\"@id\":\"https:\/\/www.oarcanjo.net\/site\/#website\"},\"datePublished\":\"2008-12-19T10:46:13+00:00\",\"dateModified\":\"2008-12-19T11:46:29+00:00\",\"breadcrumb\":{\"@id\":\"https:\/\/www.oarcanjo.net\/site\/comunicacao-e-comunhao\/#breadcrumb\"},\"inLanguage\":\"pt-BR\",\"potentialAction\":[{\"@type\":\"ReadAction\",\"target\":[\"https:\/\/www.oarcanjo.net\/site\/comunicacao-e-comunhao\/\"]}]},{\"@type\":\"BreadcrumbList\",\"@id\":\"https:\/\/www.oarcanjo.net\/site\/comunicacao-e-comunhao\/#breadcrumb\",\"itemListElement\":[{\"@type\":\"ListItem\",\"position\":1,\"name\":\"In\u00edcio\",\"item\":\"https:\/\/www.oarcanjo.net\/site\/\"},{\"@type\":\"ListItem\",\"position\":2,\"name\":\"Comunica\u00e7\u00e3o e comunh\u00e3o!\"}]},{\"@type\":\"WebSite\",\"@id\":\"https:\/\/www.oarcanjo.net\/site\/#website\",\"url\":\"https:\/\/www.oarcanjo.net\/site\/\",\"name\":\"O Arcanjo no ar\",\"description\":\"Site da Par\u00f3quia S\u00e3o Miguel Arcanjo (Arquidiocese de SP)\",\"publisher\":{\"@id\":\"https:\/\/www.oarcanjo.net\/site\/#organization\"},\"potentialAction\":[{\"@type\":\"SearchAction\",\"target\":{\"@type\":\"EntryPoint\",\"urlTemplate\":\"https:\/\/www.oarcanjo.net\/site\/?s={search_term_string}\"},\"query-input\":{\"@type\":\"PropertyValueSpecification\",\"valueRequired\":true,\"valueName\":\"search_term_string\"}}],\"inLanguage\":\"pt-BR\"},{\"@type\":\"Organization\",\"@id\":\"https:\/\/www.oarcanjo.net\/site\/#organization\",\"name\":\"Par\u00f3quia S\u00e3o Miguel Arcanjo\",\"url\":\"https:\/\/www.oarcanjo.net\/site\/\",\"logo\":{\"@type\":\"ImageObject\",\"inLanguage\":\"pt-BR\",\"@id\":\"https:\/\/www.oarcanjo.net\/site\/#\/schema\/logo\/image\/\",\"url\":\"https:\/\/www.oarcanjo.net\/site\/wp-content\/uploads\/LogoOArcanjo.png\",\"contentUrl\":\"https:\/\/www.oarcanjo.net\/site\/wp-content\/uploads\/LogoOArcanjo.png\",\"width\":319,\"height\":99,\"caption\":\"Par\u00f3quia S\u00e3o Miguel Arcanjo\"},\"image\":{\"@id\":\"https:\/\/www.oarcanjo.net\/site\/#\/schema\/logo\/image\/\"},\"sameAs\":[\"https:\/\/www.facebook.com\/OArcanjoNoAr\/\"]},{\"@type\":\"Person\",\"@id\":\"https:\/\/www.oarcanjo.net\/site\/#\/schema\/person\/d78ea01c648c91e29c364b516767079e\",\"name\":\"julio\",\"sameAs\":[\"http:\/\/www.oarcanjo.net\"]}]}<\/script>\n<!-- \/ Yoast SEO plugin. -->","yoast_head_json":{"title":"Comunica\u00e7\u00e3o e comunh\u00e3o! - O Arcanjo no ar","robots":{"index":"index","follow":"follow","max-snippet":"max-snippet:-1","max-image-preview":"max-image-preview:large","max-video-preview":"max-video-preview:-1"},"canonical":"https:\/\/www.oarcanjo.net\/site\/comunicacao-e-comunhao\/","og_locale":"pt_BR","og_type":"article","og_title":"Comunica\u00e7\u00e3o e comunh\u00e3o! - O Arcanjo no ar","og_description":"A experi\u00eancia de comunica\u00e7\u00e3o e comunh\u00e3o que &#8220;O Arcanjo no ar&#8221; tem nos proporcionado \u00e9 uma grande gra\u00e7a! A nossa uni\u00e3o parece ainda maior, nos sentimos mais pr\u00f3ximos uns dos outros, podendo nos comunicar, expressar nossos sentimentos e emo\u00e7\u00f5es. A alegria de receber o retorno da Novena de Natal \u00e9 imenso e muito importante, a [&hellip;]","og_url":"https:\/\/www.oarcanjo.net\/site\/comunicacao-e-comunhao\/","og_site_name":"O Arcanjo no ar","article_publisher":"https:\/\/www.facebook.com\/OArcanjoNoAr\/","article_published_time":"2008-12-19T10:46:13+00:00","article_modified_time":"2008-12-19T11:46:29+00:00","og_image":[{"width":300,"height":300,"url":"https:\/\/www.oarcanjo.net\/site\/wp-content\/uploads\/logo-o-arcanjo-no-ar-facebook.png","type":"image\/png"}],"author":"julio","twitter_card":"summary_large_image","twitter_misc":{"Escrito por":"julio","Est. tempo de leitura":"1 minuto"},"schema":{"@context":"https:\/\/schema.org","@graph":[{"@type":"Article","@id":"https:\/\/www.oarcanjo.net\/site\/comunicacao-e-comunhao\/#article","isPartOf":{"@id":"https:\/\/www.oarcanjo.net\/site\/comunicacao-e-comunhao\/"},"author":{"name":"julio","@id":"https:\/\/www.oarcanjo.net\/site\/#\/schema\/person\/d78ea01c648c91e29c364b516767079e"},"headline":"Comunica\u00e7\u00e3o e comunh\u00e3o!","datePublished":"2008-12-19T10:46:13+00:00","dateModified":"2008-12-19T11:46:29+00:00","mainEntityOfPage":{"@id":"https:\/\/www.oarcanjo.net\/site\/comunicacao-e-comunhao\/"},"wordCount":154,"commentCount":2,"publisher":{"@id":"https:\/\/www.oarcanjo.net\/site\/#organization"},"keywords":["comunh\u00e3o","comunica\u00e7\u00e3o","evangeliza\u00e7\u00e3o"],"articleSection":["Blog"],"inLanguage":"pt-BR","potentialAction":[{"@type":"CommentAction","name":"Comment","target":["https:\/\/www.oarcanjo.net\/site\/comunicacao-e-comunhao\/#respond"]}]},{"@type":"WebPage","@id":"https:\/\/www.oarcanjo.net\/site\/comunicacao-e-comunhao\/","url":"https:\/\/www.oarcanjo.net\/site\/comunicacao-e-comunhao\/","name":"Comunica\u00e7\u00e3o e comunh\u00e3o! - O Arcanjo no ar","isPartOf":{"@id":"https:\/\/www.oarcanjo.net\/site\/#website"},"datePublished":"2008-12-19T10:46:13+00:00","dateModified":"2008-12-19T11:46:29+00:00","breadcrumb":{"@id":"https:\/\/www.oarcanjo.net\/site\/comunicacao-e-comunhao\/#breadcrumb"},"inLanguage":"pt-BR","potentialAction":[{"@type":"ReadAction","target":["https:\/\/www.oarcanjo.net\/site\/comunicacao-e-comunhao\/"]}]},{"@type":"BreadcrumbList","@id":"https:\/\/www.oarcanjo.net\/site\/comunicacao-e-comunhao\/#breadcrumb","itemListElement":[{"@type":"ListItem","position":1,"name":"In\u00edcio","item":"https:\/\/www.oarcanjo.net\/site\/"},{"@type":"ListItem","position":2,"name":"Comunica\u00e7\u00e3o e comunh\u00e3o!"}]},{"@type":"WebSite","@id":"https:\/\/www.oarcanjo.net\/site\/#website","url":"https:\/\/www.oarcanjo.net\/site\/","name":"O Arcanjo no ar","description":"Site da Par\u00f3quia S\u00e3o Miguel Arcanjo (Arquidiocese de SP)","publisher":{"@id":"https:\/\/www.oarcanjo.net\/site\/#organization"},"potentialAction":[{"@type":"SearchAction","target":{"@type":"EntryPoint","urlTemplate":"https:\/\/www.oarcanjo.net\/site\/?s={search_term_string}"},"query-input":{"@type":"PropertyValueSpecification","valueRequired":true,"valueName":"search_term_string"}}],"inLanguage":"pt-BR"},{"@type":"Organization","@id":"https:\/\/www.oarcanjo.net\/site\/#organization","name":"Par\u00f3quia S\u00e3o Miguel Arcanjo","url":"https:\/\/www.oarcanjo.net\/site\/","logo":{"@type":"ImageObject","inLanguage":"pt-BR","@id":"https:\/\/www.oarcanjo.net\/site\/#\/schema\/logo\/image\/","url":"https:\/\/www.oarcanjo.net\/site\/wp-content\/uploads\/LogoOArcanjo.png","contentUrl":"https:\/\/www.oarcanjo.net\/site\/wp-content\/uploads\/LogoOArcanjo.png","width":319,"height":99,"caption":"Par\u00f3quia S\u00e3o Miguel Arcanjo"},"image":{"@id":"https:\/\/www.oarcanjo.net\/site\/#\/schema\/logo\/image\/"},"sameAs":["https:\/\/www.facebook.com\/OArcanjoNoAr\/"]},{"@type":"Person","@id":"https:\/\/www.oarcanjo.net\/site\/#\/schema\/person\/d78ea01c648c91e29c364b516767079e","name":"julio","sameAs":["http:\/\/www.oarcanjo.net"]}]}},"publishpress_future_action":{"enabled":false,"date":"2026-05-08 02:07:15","action":"category","newStatus":"draft","terms":[],"taxonomy":"category"},"publishpress_future_workflow_manual_trigger":{"enabledWorkflows":[]},"_links":{"self":[{"href":"https:\/\/www.oarcanjo.net\/site\/wp-json\/wp\/v2\/posts\/1094"}],"collection":[{"href":"https:\/\/www.oarcanjo.net\/site\/wp-json\/wp\/v2\/posts"}],"about":[{"href":"https:\/\/www.oarcanjo.net\/site\/wp-json\/wp\/v2\/types\/post"}],"author":[{"embeddable":true,"href":"https:\/\/www.oarcanjo.net\/site\/wp-json\/wp\/v2\/users\/4"}],"replies":[{"embeddable":true,"href":"https:\/\/www.oarcanjo.net\/site\/wp-json\/wp\/v2\/comments?post=1094"}],"version-history":[{"count":0,"href":"https:\/\/www.oarcanjo.net\/site\/wp-json\/wp\/v2\/posts\/1094\/revisions"}],"wp:attachment":[{"href":"https:\/\/www.oarcanjo.net\/site\/wp-json\/wp\/v2\/media?parent=1094"}],"wp:term":[{"taxonomy":"category","embeddable":true,"href":"https:\/\/www.oarcanjo.net\/site\/wp-json\/wp\/v2\/categories?post=1094"},{"taxonomy":"post_tag","embeddable":true,"href":"https:\/\/www.oarcanjo.net\/site\/wp-json\/wp\/v2\/tags?post=1094"}],"curies":[{"name":"wp","href":"https:\/\/api.w.org\/{rel}","templated":true}]}}