
{"id":10947,"date":"2017-09-20T07:08:15","date_gmt":"2017-09-20T10:08:15","guid":{"rendered":"http:\/\/www.oarcanjo.net\/site\/?p=10947"},"modified":"2017-07-31T07:55:02","modified_gmt":"2017-07-31T10:55:02","slug":"santo-andre-kim-taegon-e-companheiros","status":"publish","type":"post","link":"https:\/\/www.oarcanjo.net\/site\/santo-andre-kim-taegon-e-companheiros\/","title":{"rendered":"Santo Andr\u00e9 Kim Taegon e companheiros"},"content":{"rendered":"<p><img loading=\"lazy\" decoding=\"async\" src=\"http:\/\/4.bp.blogspot.com\/_z-c0Sh5Zlrs\/SLMCyR8htKI\/AAAAAAAACTY\/O2eKI4xbp-E\/s400\/Santo+Andr%C3%A9+Kim+Taegon+e+Companheiros.jpg\" alt=\"\" width=\"150\" height=\"190\" \/><\/p>\n<p>20 de Setembro<\/p>\n<p>A Igreja coreana tem, talvez, uma caracter\u00edstica \u00fanica no mundo cat\u00f3lico. Foi fundada e estabelecida apenas por leigos. Surgiu no in\u00edcio de 1600, a partir dos contatos anuais das delega\u00e7\u00f5es coreanas que visitavam Pequim, na China, na\u00e7\u00e3o que sempre foi uma refer\u00eancia no Extremo Oriente para troca de cultura.<\/p>\n<p>Ali os coreanos tomaram conhecimento do cristianismo. Especialmente por meio do livro do grande padre Mateus Ricci, &#8220;A verdadeira doutrina de Deus&#8221;. Foi o leigo Lee Byeok que se inspirou nele para, ent\u00e3o, fundar a primeira comunidade cat\u00f3lica atuante na Cor\u00e9ia.<\/p>\n<p>As visitas \u00e0 China continuaram e os crist\u00e3os coreanos foram, ent\u00e3o, informados, pelo bispo de Pequim, de que suas atividades precisavam seguir a hierarquia e organiza\u00e7\u00e3o ditada pelo Vaticano, a Santa S\u00e9 de Roma. Teria de ser gerida por um sacerdote consagrado, o qual foi enviado oficialmente para l\u00e1 em 1785.<\/p>\n<p>Em pouco tempo, a comunidade cresceu, possuindo milhares de fi\u00e9is, Por\u00e9m come\u00e7aram a sofrer persegui\u00e7\u00f5es por parte dos governantes e poderosos, inimigos da liberdade, justi\u00e7a e fraternidade pregadas pelos mission\u00e1rios. Tentando acabar com o cristianismo, matavam seus seguidores. N\u00e3o sabiam que o sangue dos m\u00e1rtires \u00e9 semente de crist\u00e3os, como j\u00e1 dissera o imperador Tertuliano, no in\u00edcio dos tempos crist\u00e3os. Assim, patrocinaram uma verdadeira carnificina entre 1785 e 1882, quando o governo decretou a liberdade religiosa.<\/p>\n<p>Foram dez mil m\u00e1rtires. Desses, a Igreja canonizou muitos que foram agrupados para uma s\u00f3 festa, liderados por Andr\u00e9 Kim Taegon, o primeiro sacerdote m\u00e1rtir coreano. Vejamos o seu caminho no apostolado.<\/p>\n<p>Andr\u00e9 nasceu em 1821, numa fam\u00edlia da nobreza coreana, profundamente crist\u00e3. Seu pai, por causa das persegui\u00e7\u00f5es, havia formado uma &#8220;Igreja particular&#8221; em sua casa, nos moldes daquelas dos crist\u00e3os dos primeiros tempos, para rezarem, pregarem o Evangelho e receberem os sacramentos. Tudo funcionou at\u00e9 ser denunciado e morto, aos quarenta e quatro anos, por n\u00e3o renegar a f\u00e9 em Cristo.<\/p>\n<p>Andr\u00e9 tinha quinze anos e sobreviveu com os familiares, gra\u00e7as \u00e0 ajuda dos mission\u00e1rios franceses, que os enviaram para a China, onde o jovem se preparou para o sacerd\u00f3cio e retornou di\u00e1cono, em 1844. Depois, numa viagem perigosa vivida, tanto na ida quanto na volta, num clima de persegui\u00e7\u00e3o, foi para Xangai, onde o bispo o ordenou sacerdote.<\/p>\n<p>Devido \u00e0 sua condi\u00e7\u00e3o de nobre e conhecedor dos costumes e pensamento local, obteve \u00f3timos resultados no seu apostolado de evangeliza\u00e7\u00e3o. At\u00e9 que, a pedido do bispo, um mission\u00e1rio franc\u00eas, seguiu em comitiva num barco clandestino para um encontro com as autoridades eclesi\u00e1sticas de Pequim, que aguardavam documentos coreanos a serem enviados ao Vaticano. Foram descobertos e presos. Outros da comunidade foram localizados, inclusive os seus parentes.<\/p>\n<p>Andr\u00e9 era um nobre, por isso foi interrogado at\u00e9 pelo rei, no intuito de que renegasse a f\u00e9 e denunciasse seus companheiros. Como n\u00e3o o fez, foi severamente torturado por um longo per\u00edodo e depois morto por decapita\u00e7\u00e3o, no dia 16 de setembro de 1846 em Seul, Cor\u00e9ia.<\/p>\n<p>Na mesma ocasi\u00e3o, foram martirizados cento e tr\u00eas homens, mulheres, velhos e crian\u00e7as, sacerdotes e leigos, ricos e pobres. De nada adiantou, pois a jovem Igreja coreana floresceu com os seus m\u00e1rtires. Em 1984, o papa Jo\u00e3o Paulo II, cercado de uma grande multid\u00e3o de crist\u00e3os coreanos, canonizou santo Andr\u00e9 Kim Taegon e seus companheiros, determinando o dia 20 de setembro para a celebra\u00e7\u00e3o lit\u00fargica.<\/p>\n<p><img loading=\"lazy\" decoding=\"async\" src=\"http:\/\/4.bp.blogspot.com\/_VsL8VkjSZWw\/SNQ7iIrt7QI\/AAAAAAAAAS4\/CzP75vNUmz8\/s400\/103_MARTYRS_COR%C3%89E.jpg\" alt=\"\" width=\"300\" height=\"243\" \/><\/p>\n<div id=\"themify_builder_content-10947\" data-postid=\"10947\" class=\"themify_builder_content themify_builder_content-10947 themify_builder themify_builder_front\">\n\t<\/div>\n<!-- \/themify_builder_content -->","protected":false},"excerpt":{"rendered":"<p>20 de Setembro A Igreja coreana tem, talvez, uma caracter\u00edstica \u00fanica no mundo cat\u00f3lico. Foi fundada e estabelecida apenas por leigos. Surgiu no in\u00edcio de 1600, a partir dos contatos anuais das delega\u00e7\u00f5es coreanas que visitavam Pequim, na China, na\u00e7\u00e3o que sempre foi uma refer\u00eancia no Extremo Oriente para troca de cultura. Ali os coreanos [&hellip;]<\/p>\n","protected":false},"author":14,"featured_media":0,"comment_status":"open","ping_status":"open","sticky":false,"template":"","format":"standard","meta":{"ngg_post_thumbnail":0,"footnotes":""},"categories":[186],"tags":[],"yoast_head":"<!-- This site is optimized with the Yoast SEO plugin v23.5 - https:\/\/yoast.com\/wordpress\/plugins\/seo\/ -->\n<title>Santo Andr\u00e9 Kim Taegon e companheiros - O Arcanjo no ar<\/title>\n<meta name=\"robots\" content=\"index, follow, max-snippet:-1, max-image-preview:large, max-video-preview:-1\" \/>\n<link rel=\"canonical\" href=\"https:\/\/www.oarcanjo.net\/site\/santo-andre-kim-taegon-e-companheiros\/\" \/>\n<meta property=\"og:locale\" content=\"pt_BR\" \/>\n<meta property=\"og:type\" content=\"article\" \/>\n<meta property=\"og:title\" content=\"Santo Andr\u00e9 Kim Taegon e companheiros - O Arcanjo no ar\" \/>\n<meta property=\"og:description\" content=\"20 de Setembro A Igreja coreana tem, talvez, uma caracter\u00edstica \u00fanica no mundo cat\u00f3lico. Foi fundada e estabelecida apenas por leigos. Surgiu no in\u00edcio de 1600, a partir dos contatos anuais das delega\u00e7\u00f5es coreanas que visitavam Pequim, na China, na\u00e7\u00e3o que sempre foi uma refer\u00eancia no Extremo Oriente para troca de cultura. Ali os coreanos [&hellip;]\" \/>\n<meta property=\"og:url\" content=\"https:\/\/www.oarcanjo.net\/site\/santo-andre-kim-taegon-e-companheiros\/\" \/>\n<meta property=\"og:site_name\" content=\"O Arcanjo no ar\" \/>\n<meta property=\"article:publisher\" content=\"https:\/\/www.facebook.com\/OArcanjoNoAr\/\" \/>\n<meta property=\"article:published_time\" content=\"2017-09-20T10:08:15+00:00\" \/>\n<meta property=\"article:modified_time\" content=\"2017-07-31T10:55:02+00:00\" \/>\n<meta property=\"og:image\" content=\"http:\/\/4.bp.blogspot.com\/_z-c0Sh5Zlrs\/SLMCyR8htKI\/AAAAAAAACTY\/O2eKI4xbp-E\/s400\/Santo+Andr%C3%A9+Kim+Taegon+e+Companheiros.jpg\" \/>\n<meta name=\"author\" content=\"danilo\" \/>\n<meta name=\"twitter:card\" content=\"summary_large_image\" \/>\n<meta name=\"twitter:label1\" content=\"Escrito por\" \/>\n\t<meta name=\"twitter:data1\" content=\"danilo\" \/>\n\t<meta name=\"twitter:label2\" content=\"Est. tempo de leitura\" \/>\n\t<meta name=\"twitter:data2\" content=\"3 minutos\" \/>\n<script type=\"application\/ld+json\" class=\"yoast-schema-graph\">{\"@context\":\"https:\/\/schema.org\",\"@graph\":[{\"@type\":\"Article\",\"@id\":\"https:\/\/www.oarcanjo.net\/site\/santo-andre-kim-taegon-e-companheiros\/#article\",\"isPartOf\":{\"@id\":\"https:\/\/www.oarcanjo.net\/site\/santo-andre-kim-taegon-e-companheiros\/\"},\"author\":{\"name\":\"danilo\",\"@id\":\"https:\/\/www.oarcanjo.net\/site\/#\/schema\/person\/5eb9480bedd2f3c97e430ce128c29c6c\"},\"headline\":\"Santo Andr\u00e9 Kim Taegon e companheiros\",\"datePublished\":\"2017-09-20T10:08:15+00:00\",\"dateModified\":\"2017-07-31T10:55:02+00:00\",\"mainEntityOfPage\":{\"@id\":\"https:\/\/www.oarcanjo.net\/site\/santo-andre-kim-taegon-e-companheiros\/\"},\"wordCount\":594,\"commentCount\":1,\"publisher\":{\"@id\":\"https:\/\/www.oarcanjo.net\/site\/#organization\"},\"image\":{\"@id\":\"https:\/\/www.oarcanjo.net\/site\/santo-andre-kim-taegon-e-companheiros\/#primaryimage\"},\"thumbnailUrl\":\"http:\/\/4.bp.blogspot.com\/_z-c0Sh5Zlrs\/SLMCyR8htKI\/AAAAAAAACTY\/O2eKI4xbp-E\/s400\/Santo+Andr%C3%A9+Kim+Taegon+e+Companheiros.jpg\",\"articleSection\":[\"Testemunhos\"],\"inLanguage\":\"pt-BR\",\"potentialAction\":[{\"@type\":\"CommentAction\",\"name\":\"Comment\",\"target\":[\"https:\/\/www.oarcanjo.net\/site\/santo-andre-kim-taegon-e-companheiros\/#respond\"]}]},{\"@type\":\"WebPage\",\"@id\":\"https:\/\/www.oarcanjo.net\/site\/santo-andre-kim-taegon-e-companheiros\/\",\"url\":\"https:\/\/www.oarcanjo.net\/site\/santo-andre-kim-taegon-e-companheiros\/\",\"name\":\"Santo Andr\u00e9 Kim Taegon e companheiros - O Arcanjo no ar\",\"isPartOf\":{\"@id\":\"https:\/\/www.oarcanjo.net\/site\/#website\"},\"primaryImageOfPage\":{\"@id\":\"https:\/\/www.oarcanjo.net\/site\/santo-andre-kim-taegon-e-companheiros\/#primaryimage\"},\"image\":{\"@id\":\"https:\/\/www.oarcanjo.net\/site\/santo-andre-kim-taegon-e-companheiros\/#primaryimage\"},\"thumbnailUrl\":\"http:\/\/4.bp.blogspot.com\/_z-c0Sh5Zlrs\/SLMCyR8htKI\/AAAAAAAACTY\/O2eKI4xbp-E\/s400\/Santo+Andr%C3%A9+Kim+Taegon+e+Companheiros.jpg\",\"datePublished\":\"2017-09-20T10:08:15+00:00\",\"dateModified\":\"2017-07-31T10:55:02+00:00\",\"breadcrumb\":{\"@id\":\"https:\/\/www.oarcanjo.net\/site\/santo-andre-kim-taegon-e-companheiros\/#breadcrumb\"},\"inLanguage\":\"pt-BR\",\"potentialAction\":[{\"@type\":\"ReadAction\",\"target\":[\"https:\/\/www.oarcanjo.net\/site\/santo-andre-kim-taegon-e-companheiros\/\"]}]},{\"@type\":\"ImageObject\",\"inLanguage\":\"pt-BR\",\"@id\":\"https:\/\/www.oarcanjo.net\/site\/santo-andre-kim-taegon-e-companheiros\/#primaryimage\",\"url\":\"http:\/\/4.bp.blogspot.com\/_z-c0Sh5Zlrs\/SLMCyR8htKI\/AAAAAAAACTY\/O2eKI4xbp-E\/s400\/Santo+Andr%C3%A9+Kim+Taegon+e+Companheiros.jpg\",\"contentUrl\":\"http:\/\/4.bp.blogspot.com\/_z-c0Sh5Zlrs\/SLMCyR8htKI\/AAAAAAAACTY\/O2eKI4xbp-E\/s400\/Santo+Andr%C3%A9+Kim+Taegon+e+Companheiros.jpg\"},{\"@type\":\"BreadcrumbList\",\"@id\":\"https:\/\/www.oarcanjo.net\/site\/santo-andre-kim-taegon-e-companheiros\/#breadcrumb\",\"itemListElement\":[{\"@type\":\"ListItem\",\"position\":1,\"name\":\"In\u00edcio\",\"item\":\"https:\/\/www.oarcanjo.net\/site\/\"},{\"@type\":\"ListItem\",\"position\":2,\"name\":\"Santo Andr\u00e9 Kim Taegon e companheiros\"}]},{\"@type\":\"WebSite\",\"@id\":\"https:\/\/www.oarcanjo.net\/site\/#website\",\"url\":\"https:\/\/www.oarcanjo.net\/site\/\",\"name\":\"O Arcanjo no ar\",\"description\":\"Site da Par\u00f3quia S\u00e3o Miguel Arcanjo (Arquidiocese de SP)\",\"publisher\":{\"@id\":\"https:\/\/www.oarcanjo.net\/site\/#organization\"},\"potentialAction\":[{\"@type\":\"SearchAction\",\"target\":{\"@type\":\"EntryPoint\",\"urlTemplate\":\"https:\/\/www.oarcanjo.net\/site\/?s={search_term_string}\"},\"query-input\":{\"@type\":\"PropertyValueSpecification\",\"valueRequired\":true,\"valueName\":\"search_term_string\"}}],\"inLanguage\":\"pt-BR\"},{\"@type\":\"Organization\",\"@id\":\"https:\/\/www.oarcanjo.net\/site\/#organization\",\"name\":\"Par\u00f3quia S\u00e3o Miguel Arcanjo\",\"url\":\"https:\/\/www.oarcanjo.net\/site\/\",\"logo\":{\"@type\":\"ImageObject\",\"inLanguage\":\"pt-BR\",\"@id\":\"https:\/\/www.oarcanjo.net\/site\/#\/schema\/logo\/image\/\",\"url\":\"https:\/\/www.oarcanjo.net\/site\/wp-content\/uploads\/LogoOArcanjo.png\",\"contentUrl\":\"https:\/\/www.oarcanjo.net\/site\/wp-content\/uploads\/LogoOArcanjo.png\",\"width\":319,\"height\":99,\"caption\":\"Par\u00f3quia S\u00e3o Miguel Arcanjo\"},\"image\":{\"@id\":\"https:\/\/www.oarcanjo.net\/site\/#\/schema\/logo\/image\/\"},\"sameAs\":[\"https:\/\/www.facebook.com\/OArcanjoNoAr\/\"]},{\"@type\":\"Person\",\"@id\":\"https:\/\/www.oarcanjo.net\/site\/#\/schema\/person\/5eb9480bedd2f3c97e430ce128c29c6c\",\"name\":\"danilo\"}]}<\/script>\n<!-- \/ Yoast SEO plugin. -->","yoast_head_json":{"title":"Santo Andr\u00e9 Kim Taegon e companheiros - O Arcanjo no ar","robots":{"index":"index","follow":"follow","max-snippet":"max-snippet:-1","max-image-preview":"max-image-preview:large","max-video-preview":"max-video-preview:-1"},"canonical":"https:\/\/www.oarcanjo.net\/site\/santo-andre-kim-taegon-e-companheiros\/","og_locale":"pt_BR","og_type":"article","og_title":"Santo Andr\u00e9 Kim Taegon e companheiros - O Arcanjo no ar","og_description":"20 de Setembro A Igreja coreana tem, talvez, uma caracter\u00edstica \u00fanica no mundo cat\u00f3lico. Foi fundada e estabelecida apenas por leigos. Surgiu no in\u00edcio de 1600, a partir dos contatos anuais das delega\u00e7\u00f5es coreanas que visitavam Pequim, na China, na\u00e7\u00e3o que sempre foi uma refer\u00eancia no Extremo Oriente para troca de cultura. Ali os coreanos [&hellip;]","og_url":"https:\/\/www.oarcanjo.net\/site\/santo-andre-kim-taegon-e-companheiros\/","og_site_name":"O Arcanjo no ar","article_publisher":"https:\/\/www.facebook.com\/OArcanjoNoAr\/","article_published_time":"2017-09-20T10:08:15+00:00","article_modified_time":"2017-07-31T10:55:02+00:00","og_image":[{"url":"http:\/\/4.bp.blogspot.com\/_z-c0Sh5Zlrs\/SLMCyR8htKI\/AAAAAAAACTY\/O2eKI4xbp-E\/s400\/Santo+Andr%C3%A9+Kim+Taegon+e+Companheiros.jpg"}],"author":"danilo","twitter_card":"summary_large_image","twitter_misc":{"Escrito por":"danilo","Est. tempo de leitura":"3 minutos"},"schema":{"@context":"https:\/\/schema.org","@graph":[{"@type":"Article","@id":"https:\/\/www.oarcanjo.net\/site\/santo-andre-kim-taegon-e-companheiros\/#article","isPartOf":{"@id":"https:\/\/www.oarcanjo.net\/site\/santo-andre-kim-taegon-e-companheiros\/"},"author":{"name":"danilo","@id":"https:\/\/www.oarcanjo.net\/site\/#\/schema\/person\/5eb9480bedd2f3c97e430ce128c29c6c"},"headline":"Santo Andr\u00e9 Kim Taegon e companheiros","datePublished":"2017-09-20T10:08:15+00:00","dateModified":"2017-07-31T10:55:02+00:00","mainEntityOfPage":{"@id":"https:\/\/www.oarcanjo.net\/site\/santo-andre-kim-taegon-e-companheiros\/"},"wordCount":594,"commentCount":1,"publisher":{"@id":"https:\/\/www.oarcanjo.net\/site\/#organization"},"image":{"@id":"https:\/\/www.oarcanjo.net\/site\/santo-andre-kim-taegon-e-companheiros\/#primaryimage"},"thumbnailUrl":"http:\/\/4.bp.blogspot.com\/_z-c0Sh5Zlrs\/SLMCyR8htKI\/AAAAAAAACTY\/O2eKI4xbp-E\/s400\/Santo+Andr%C3%A9+Kim+Taegon+e+Companheiros.jpg","articleSection":["Testemunhos"],"inLanguage":"pt-BR","potentialAction":[{"@type":"CommentAction","name":"Comment","target":["https:\/\/www.oarcanjo.net\/site\/santo-andre-kim-taegon-e-companheiros\/#respond"]}]},{"@type":"WebPage","@id":"https:\/\/www.oarcanjo.net\/site\/santo-andre-kim-taegon-e-companheiros\/","url":"https:\/\/www.oarcanjo.net\/site\/santo-andre-kim-taegon-e-companheiros\/","name":"Santo Andr\u00e9 Kim Taegon e companheiros - O Arcanjo no ar","isPartOf":{"@id":"https:\/\/www.oarcanjo.net\/site\/#website"},"primaryImageOfPage":{"@id":"https:\/\/www.oarcanjo.net\/site\/santo-andre-kim-taegon-e-companheiros\/#primaryimage"},"image":{"@id":"https:\/\/www.oarcanjo.net\/site\/santo-andre-kim-taegon-e-companheiros\/#primaryimage"},"thumbnailUrl":"http:\/\/4.bp.blogspot.com\/_z-c0Sh5Zlrs\/SLMCyR8htKI\/AAAAAAAACTY\/O2eKI4xbp-E\/s400\/Santo+Andr%C3%A9+Kim+Taegon+e+Companheiros.jpg","datePublished":"2017-09-20T10:08:15+00:00","dateModified":"2017-07-31T10:55:02+00:00","breadcrumb":{"@id":"https:\/\/www.oarcanjo.net\/site\/santo-andre-kim-taegon-e-companheiros\/#breadcrumb"},"inLanguage":"pt-BR","potentialAction":[{"@type":"ReadAction","target":["https:\/\/www.oarcanjo.net\/site\/santo-andre-kim-taegon-e-companheiros\/"]}]},{"@type":"ImageObject","inLanguage":"pt-BR","@id":"https:\/\/www.oarcanjo.net\/site\/santo-andre-kim-taegon-e-companheiros\/#primaryimage","url":"http:\/\/4.bp.blogspot.com\/_z-c0Sh5Zlrs\/SLMCyR8htKI\/AAAAAAAACTY\/O2eKI4xbp-E\/s400\/Santo+Andr%C3%A9+Kim+Taegon+e+Companheiros.jpg","contentUrl":"http:\/\/4.bp.blogspot.com\/_z-c0Sh5Zlrs\/SLMCyR8htKI\/AAAAAAAACTY\/O2eKI4xbp-E\/s400\/Santo+Andr%C3%A9+Kim+Taegon+e+Companheiros.jpg"},{"@type":"BreadcrumbList","@id":"https:\/\/www.oarcanjo.net\/site\/santo-andre-kim-taegon-e-companheiros\/#breadcrumb","itemListElement":[{"@type":"ListItem","position":1,"name":"In\u00edcio","item":"https:\/\/www.oarcanjo.net\/site\/"},{"@type":"ListItem","position":2,"name":"Santo Andr\u00e9 Kim Taegon e companheiros"}]},{"@type":"WebSite","@id":"https:\/\/www.oarcanjo.net\/site\/#website","url":"https:\/\/www.oarcanjo.net\/site\/","name":"O Arcanjo no ar","description":"Site da Par\u00f3quia S\u00e3o Miguel Arcanjo (Arquidiocese de SP)","publisher":{"@id":"https:\/\/www.oarcanjo.net\/site\/#organization"},"potentialAction":[{"@type":"SearchAction","target":{"@type":"EntryPoint","urlTemplate":"https:\/\/www.oarcanjo.net\/site\/?s={search_term_string}"},"query-input":{"@type":"PropertyValueSpecification","valueRequired":true,"valueName":"search_term_string"}}],"inLanguage":"pt-BR"},{"@type":"Organization","@id":"https:\/\/www.oarcanjo.net\/site\/#organization","name":"Par\u00f3quia S\u00e3o Miguel Arcanjo","url":"https:\/\/www.oarcanjo.net\/site\/","logo":{"@type":"ImageObject","inLanguage":"pt-BR","@id":"https:\/\/www.oarcanjo.net\/site\/#\/schema\/logo\/image\/","url":"https:\/\/www.oarcanjo.net\/site\/wp-content\/uploads\/LogoOArcanjo.png","contentUrl":"https:\/\/www.oarcanjo.net\/site\/wp-content\/uploads\/LogoOArcanjo.png","width":319,"height":99,"caption":"Par\u00f3quia S\u00e3o Miguel Arcanjo"},"image":{"@id":"https:\/\/www.oarcanjo.net\/site\/#\/schema\/logo\/image\/"},"sameAs":["https:\/\/www.facebook.com\/OArcanjoNoAr\/"]},{"@type":"Person","@id":"https:\/\/www.oarcanjo.net\/site\/#\/schema\/person\/5eb9480bedd2f3c97e430ce128c29c6c","name":"danilo"}]}},"publishpress_future_action":{"enabled":false,"date":"2026-05-09 02:29:34","action":"category","newStatus":"draft","terms":[],"taxonomy":"category"},"publishpress_future_workflow_manual_trigger":{"enabledWorkflows":[]},"_links":{"self":[{"href":"https:\/\/www.oarcanjo.net\/site\/wp-json\/wp\/v2\/posts\/10947"}],"collection":[{"href":"https:\/\/www.oarcanjo.net\/site\/wp-json\/wp\/v2\/posts"}],"about":[{"href":"https:\/\/www.oarcanjo.net\/site\/wp-json\/wp\/v2\/types\/post"}],"author":[{"embeddable":true,"href":"https:\/\/www.oarcanjo.net\/site\/wp-json\/wp\/v2\/users\/14"}],"replies":[{"embeddable":true,"href":"https:\/\/www.oarcanjo.net\/site\/wp-json\/wp\/v2\/comments?post=10947"}],"version-history":[{"count":0,"href":"https:\/\/www.oarcanjo.net\/site\/wp-json\/wp\/v2\/posts\/10947\/revisions"}],"wp:attachment":[{"href":"https:\/\/www.oarcanjo.net\/site\/wp-json\/wp\/v2\/media?parent=10947"}],"wp:term":[{"taxonomy":"category","embeddable":true,"href":"https:\/\/www.oarcanjo.net\/site\/wp-json\/wp\/v2\/categories?post=10947"},{"taxonomy":"post_tag","embeddable":true,"href":"https:\/\/www.oarcanjo.net\/site\/wp-json\/wp\/v2\/tags?post=10947"}],"curies":[{"name":"wp","href":"https:\/\/api.w.org\/{rel}","templated":true}]}}