
{"id":10949,"date":"2017-09-20T07:11:18","date_gmt":"2017-09-20T10:11:18","guid":{"rendered":"http:\/\/www.oarcanjo.net\/site\/?p=10949"},"modified":"2017-07-31T07:55:37","modified_gmt":"2017-07-31T10:55:37","slug":"santa-candida","status":"publish","type":"post","link":"https:\/\/www.oarcanjo.net\/site\/santa-candida\/","title":{"rendered":"Santa C\u00e2ndida"},"content":{"rendered":"<p><img loading=\"lazy\" decoding=\"async\" src=\"http:\/\/3.bp.blogspot.com\/_z-c0Sh5Zlrs\/SLMCpYn4h_I\/AAAAAAAACTQ\/8X1KFhUHq9o\/s400\/Santa+C%C3%A2ndida.jpg\" alt=\"\" width=\"150\" height=\"190\" \/><\/p>\n<p>20 de Setembro<\/p>\n<p>A primeira refer\u00eancia sobre santa C\u00e2ndida foi encontrada no calend\u00e1rio da Igreja de C\u00f3rdoba e em alguns documentos da antiga Gal\u00edcia, ambas na Espanha. Mas foi pela tradi\u00e7\u00e3o crist\u00e3 do povo napolitano, na It\u00e1lia, que se concluiu a hist\u00f3ria desta santa.<\/p>\n<p>A vida crist\u00e3 de C\u00e2ndida iniciou quando ela foi convertida, segundo essa tradi\u00e7\u00e3o, pelo pr\u00f3prio ap\u00f3stolo Pedro, de passagem por N\u00e1poles. Naquela \u00e9poca, o ap\u00f3stolo, com destino a Roma, atravessou N\u00e1poles, onde a primeira pessoa que encontrou na estrada foi a pequena C\u00e2ndida. Percebeu, imediatamente, que a pobre crian\u00e7a estava doente. Parou e perguntou-lhe se conhecia a palavra de Jesus Cristo. Diante da negativa e em seu ardor de levar a mensagem do Evangelho, Pedro falou-lhe da Boa-Nova, da f\u00e9 e da religi\u00e3o dos crist\u00e3os; curou-a dos males que sofria e a converteu em Cristo.<\/p>\n<p>Assim, C\u00e2ndida foi colhida pela luz de Deus e curada do f\u00edsico e da alma. Chegou em casa falando sobre o cristianismo e contando tudo o que o ap\u00f3stolo Pedro lhe dissera. Muito intrigado e confuso, Aspreno, um parente que a criava, saiu para procur\u00e1-lo. Quando se encontraram, com muito zelo Pedro converteu tamb\u00e9m Aspreno, que o hospedou em sua modesta casa por alguns dias. O ap\u00f3stolo acabou por catequizar os dois e, em seguida, batizou-os e ministrou-lhes a primeira eucaristia durante a celebra\u00e7\u00e3o da santa missa. Esse local recebeu o nome de &#8220;Ara Petri&#8221;, que significa Altar de Pedro. Depois, antes de partir, o ap\u00f3stolo consagrou Aspreno primeiro bispo de N\u00e1poles e pediu para a pequena C\u00e2ndida continuar com a evangeliza\u00e7\u00e3o, salvando as almas para Nosso Senhor Jesus Cristo.<\/p>\n<p>Aquele lugar onde fora celebrada a santa missa por s\u00e3o Pedro tornou-se de grande venera\u00e7\u00e3o por C\u00e2ndida. Ela deixou seu lar com todos os confortos, preferindo passar seus dias numa gruta escura nas proximidades de &#8220;Ara Petri&#8221;, onde vivia em penit\u00eancia e ora\u00e7\u00e3o, catequizando e convertendo muitos pag\u00e3os. Ap\u00f3s alguns anos, o n\u00famero de crist\u00e3os havia aumentado muito. Por isso, quando o imperador romano ordenou as persegui\u00e7\u00f5es contra a Igreja, os convertidos foram obrigados a fugir ou esconder-se. Ent\u00e3o, o bispo Aspreno embarcou C\u00e2ndida, junto com outros crist\u00e3os, com destino a Cartago, no norte da \u00c1frica, tentando mant\u00ea-los a salvo da implac\u00e1vel persegui\u00e7\u00e3o, mas n\u00e3o conseguiu. Foram alcan\u00e7ados, presos e torturados. C\u00e2ndida foi levada a julgamento e condenada \u00e0 morte porque se negou a renunciar \u00e0 f\u00e9 em Cristo.<\/p>\n<p>No Martirol\u00f3gio Romano, encontramos registrado que a virgem e m\u00e1rtir crist\u00e3 C\u00e2ndida morreu no Anfiteatro dos mart\u00edrios de Cartago, no dia 20 de setembro. Suas rel\u00edquias, encontradas nas Catacumbas de Priscila, agora est\u00e3o guardadas na igreja Santa Maria dos Milagres, em Roma.<\/p>\n<p>Muitos s\u00e9culos mais tarde, pesquisas arqueol\u00f3gicas feitas na cidade de N\u00e1poles encontraram no local &#8220;Ara Petri&#8221; um antigo cemit\u00e9rio de crist\u00e3os. O fato colocou ainda mais devo\u00e7\u00e3o sobre a figura de santa C\u00e2ndida, eleita pelos fi\u00e9is como padroeira das fam\u00edlias e dos doentes. Ela recebe, no dia 20 de setembro, as tradicionais homenagens lit\u00fargicas confirmadas pela Igreja.<\/p>\n<div id=\"themify_builder_content-10949\" data-postid=\"10949\" class=\"themify_builder_content themify_builder_content-10949 themify_builder themify_builder_front\">\n\t<\/div>\n<!-- \/themify_builder_content -->","protected":false},"excerpt":{"rendered":"<p>20 de Setembro A primeira refer\u00eancia sobre santa C\u00e2ndida foi encontrada no calend\u00e1rio da Igreja de C\u00f3rdoba e em alguns documentos da antiga Gal\u00edcia, ambas na Espanha. Mas foi pela tradi\u00e7\u00e3o crist\u00e3 do povo napolitano, na It\u00e1lia, que se concluiu a hist\u00f3ria desta santa. A vida crist\u00e3 de C\u00e2ndida iniciou quando ela foi convertida, segundo [&hellip;]<\/p>\n","protected":false},"author":14,"featured_media":0,"comment_status":"open","ping_status":"open","sticky":false,"template":"","format":"standard","meta":{"ngg_post_thumbnail":0,"footnotes":""},"categories":[186],"tags":[],"yoast_head":"<!-- This site is optimized with the Yoast SEO plugin v23.5 - https:\/\/yoast.com\/wordpress\/plugins\/seo\/ -->\n<title>Santa C\u00e2ndida - O Arcanjo no ar<\/title>\n<meta name=\"robots\" content=\"index, follow, max-snippet:-1, max-image-preview:large, max-video-preview:-1\" \/>\n<link rel=\"canonical\" href=\"https:\/\/www.oarcanjo.net\/site\/santa-candida\/\" \/>\n<meta property=\"og:locale\" content=\"pt_BR\" \/>\n<meta property=\"og:type\" content=\"article\" \/>\n<meta property=\"og:title\" content=\"Santa C\u00e2ndida - O Arcanjo no ar\" \/>\n<meta property=\"og:description\" content=\"20 de Setembro A primeira refer\u00eancia sobre santa C\u00e2ndida foi encontrada no calend\u00e1rio da Igreja de C\u00f3rdoba e em alguns documentos da antiga Gal\u00edcia, ambas na Espanha. Mas foi pela tradi\u00e7\u00e3o crist\u00e3 do povo napolitano, na It\u00e1lia, que se concluiu a hist\u00f3ria desta santa. A vida crist\u00e3 de C\u00e2ndida iniciou quando ela foi convertida, segundo [&hellip;]\" \/>\n<meta property=\"og:url\" content=\"https:\/\/www.oarcanjo.net\/site\/santa-candida\/\" \/>\n<meta property=\"og:site_name\" content=\"O Arcanjo no ar\" \/>\n<meta property=\"article:publisher\" content=\"https:\/\/www.facebook.com\/OArcanjoNoAr\/\" \/>\n<meta property=\"article:published_time\" content=\"2017-09-20T10:11:18+00:00\" \/>\n<meta property=\"article:modified_time\" content=\"2017-07-31T10:55:37+00:00\" \/>\n<meta property=\"og:image\" content=\"http:\/\/3.bp.blogspot.com\/_z-c0Sh5Zlrs\/SLMCpYn4h_I\/AAAAAAAACTQ\/8X1KFhUHq9o\/s400\/Santa+C%C3%A2ndida.jpg\" \/>\n<meta name=\"author\" content=\"danilo\" \/>\n<meta name=\"twitter:card\" content=\"summary_large_image\" \/>\n<meta name=\"twitter:label1\" content=\"Escrito por\" \/>\n\t<meta name=\"twitter:data1\" content=\"danilo\" \/>\n\t<meta name=\"twitter:label2\" content=\"Est. tempo de leitura\" \/>\n\t<meta name=\"twitter:data2\" content=\"3 minutos\" \/>\n<script type=\"application\/ld+json\" class=\"yoast-schema-graph\">{\"@context\":\"https:\/\/schema.org\",\"@graph\":[{\"@type\":\"Article\",\"@id\":\"https:\/\/www.oarcanjo.net\/site\/santa-candida\/#article\",\"isPartOf\":{\"@id\":\"https:\/\/www.oarcanjo.net\/site\/santa-candida\/\"},\"author\":{\"name\":\"danilo\",\"@id\":\"https:\/\/www.oarcanjo.net\/site\/#\/schema\/person\/5eb9480bedd2f3c97e430ce128c29c6c\"},\"headline\":\"Santa C\u00e2ndida\",\"datePublished\":\"2017-09-20T10:11:18+00:00\",\"dateModified\":\"2017-07-31T10:55:37+00:00\",\"mainEntityOfPage\":{\"@id\":\"https:\/\/www.oarcanjo.net\/site\/santa-candida\/\"},\"wordCount\":560,\"commentCount\":0,\"publisher\":{\"@id\":\"https:\/\/www.oarcanjo.net\/site\/#organization\"},\"image\":{\"@id\":\"https:\/\/www.oarcanjo.net\/site\/santa-candida\/#primaryimage\"},\"thumbnailUrl\":\"http:\/\/3.bp.blogspot.com\/_z-c0Sh5Zlrs\/SLMCpYn4h_I\/AAAAAAAACTQ\/8X1KFhUHq9o\/s400\/Santa+C%C3%A2ndida.jpg\",\"articleSection\":[\"Testemunhos\"],\"inLanguage\":\"pt-BR\",\"potentialAction\":[{\"@type\":\"CommentAction\",\"name\":\"Comment\",\"target\":[\"https:\/\/www.oarcanjo.net\/site\/santa-candida\/#respond\"]}]},{\"@type\":\"WebPage\",\"@id\":\"https:\/\/www.oarcanjo.net\/site\/santa-candida\/\",\"url\":\"https:\/\/www.oarcanjo.net\/site\/santa-candida\/\",\"name\":\"Santa C\u00e2ndida - O Arcanjo no ar\",\"isPartOf\":{\"@id\":\"https:\/\/www.oarcanjo.net\/site\/#website\"},\"primaryImageOfPage\":{\"@id\":\"https:\/\/www.oarcanjo.net\/site\/santa-candida\/#primaryimage\"},\"image\":{\"@id\":\"https:\/\/www.oarcanjo.net\/site\/santa-candida\/#primaryimage\"},\"thumbnailUrl\":\"http:\/\/3.bp.blogspot.com\/_z-c0Sh5Zlrs\/SLMCpYn4h_I\/AAAAAAAACTQ\/8X1KFhUHq9o\/s400\/Santa+C%C3%A2ndida.jpg\",\"datePublished\":\"2017-09-20T10:11:18+00:00\",\"dateModified\":\"2017-07-31T10:55:37+00:00\",\"breadcrumb\":{\"@id\":\"https:\/\/www.oarcanjo.net\/site\/santa-candida\/#breadcrumb\"},\"inLanguage\":\"pt-BR\",\"potentialAction\":[{\"@type\":\"ReadAction\",\"target\":[\"https:\/\/www.oarcanjo.net\/site\/santa-candida\/\"]}]},{\"@type\":\"ImageObject\",\"inLanguage\":\"pt-BR\",\"@id\":\"https:\/\/www.oarcanjo.net\/site\/santa-candida\/#primaryimage\",\"url\":\"http:\/\/3.bp.blogspot.com\/_z-c0Sh5Zlrs\/SLMCpYn4h_I\/AAAAAAAACTQ\/8X1KFhUHq9o\/s400\/Santa+C%C3%A2ndida.jpg\",\"contentUrl\":\"http:\/\/3.bp.blogspot.com\/_z-c0Sh5Zlrs\/SLMCpYn4h_I\/AAAAAAAACTQ\/8X1KFhUHq9o\/s400\/Santa+C%C3%A2ndida.jpg\"},{\"@type\":\"BreadcrumbList\",\"@id\":\"https:\/\/www.oarcanjo.net\/site\/santa-candida\/#breadcrumb\",\"itemListElement\":[{\"@type\":\"ListItem\",\"position\":1,\"name\":\"In\u00edcio\",\"item\":\"https:\/\/www.oarcanjo.net\/site\/\"},{\"@type\":\"ListItem\",\"position\":2,\"name\":\"Santa C\u00e2ndida\"}]},{\"@type\":\"WebSite\",\"@id\":\"https:\/\/www.oarcanjo.net\/site\/#website\",\"url\":\"https:\/\/www.oarcanjo.net\/site\/\",\"name\":\"O Arcanjo no ar\",\"description\":\"Site da Par\u00f3quia S\u00e3o Miguel Arcanjo (Arquidiocese de SP)\",\"publisher\":{\"@id\":\"https:\/\/www.oarcanjo.net\/site\/#organization\"},\"potentialAction\":[{\"@type\":\"SearchAction\",\"target\":{\"@type\":\"EntryPoint\",\"urlTemplate\":\"https:\/\/www.oarcanjo.net\/site\/?s={search_term_string}\"},\"query-input\":{\"@type\":\"PropertyValueSpecification\",\"valueRequired\":true,\"valueName\":\"search_term_string\"}}],\"inLanguage\":\"pt-BR\"},{\"@type\":\"Organization\",\"@id\":\"https:\/\/www.oarcanjo.net\/site\/#organization\",\"name\":\"Par\u00f3quia S\u00e3o Miguel Arcanjo\",\"url\":\"https:\/\/www.oarcanjo.net\/site\/\",\"logo\":{\"@type\":\"ImageObject\",\"inLanguage\":\"pt-BR\",\"@id\":\"https:\/\/www.oarcanjo.net\/site\/#\/schema\/logo\/image\/\",\"url\":\"https:\/\/www.oarcanjo.net\/site\/wp-content\/uploads\/LogoOArcanjo.png\",\"contentUrl\":\"https:\/\/www.oarcanjo.net\/site\/wp-content\/uploads\/LogoOArcanjo.png\",\"width\":319,\"height\":99,\"caption\":\"Par\u00f3quia S\u00e3o Miguel Arcanjo\"},\"image\":{\"@id\":\"https:\/\/www.oarcanjo.net\/site\/#\/schema\/logo\/image\/\"},\"sameAs\":[\"https:\/\/www.facebook.com\/OArcanjoNoAr\/\"]},{\"@type\":\"Person\",\"@id\":\"https:\/\/www.oarcanjo.net\/site\/#\/schema\/person\/5eb9480bedd2f3c97e430ce128c29c6c\",\"name\":\"danilo\"}]}<\/script>\n<!-- \/ Yoast SEO plugin. -->","yoast_head_json":{"title":"Santa C\u00e2ndida - O Arcanjo no ar","robots":{"index":"index","follow":"follow","max-snippet":"max-snippet:-1","max-image-preview":"max-image-preview:large","max-video-preview":"max-video-preview:-1"},"canonical":"https:\/\/www.oarcanjo.net\/site\/santa-candida\/","og_locale":"pt_BR","og_type":"article","og_title":"Santa C\u00e2ndida - O Arcanjo no ar","og_description":"20 de Setembro A primeira refer\u00eancia sobre santa C\u00e2ndida foi encontrada no calend\u00e1rio da Igreja de C\u00f3rdoba e em alguns documentos da antiga Gal\u00edcia, ambas na Espanha. Mas foi pela tradi\u00e7\u00e3o crist\u00e3 do povo napolitano, na It\u00e1lia, que se concluiu a hist\u00f3ria desta santa. A vida crist\u00e3 de C\u00e2ndida iniciou quando ela foi convertida, segundo [&hellip;]","og_url":"https:\/\/www.oarcanjo.net\/site\/santa-candida\/","og_site_name":"O Arcanjo no ar","article_publisher":"https:\/\/www.facebook.com\/OArcanjoNoAr\/","article_published_time":"2017-09-20T10:11:18+00:00","article_modified_time":"2017-07-31T10:55:37+00:00","og_image":[{"url":"http:\/\/3.bp.blogspot.com\/_z-c0Sh5Zlrs\/SLMCpYn4h_I\/AAAAAAAACTQ\/8X1KFhUHq9o\/s400\/Santa+C%C3%A2ndida.jpg"}],"author":"danilo","twitter_card":"summary_large_image","twitter_misc":{"Escrito por":"danilo","Est. tempo de leitura":"3 minutos"},"schema":{"@context":"https:\/\/schema.org","@graph":[{"@type":"Article","@id":"https:\/\/www.oarcanjo.net\/site\/santa-candida\/#article","isPartOf":{"@id":"https:\/\/www.oarcanjo.net\/site\/santa-candida\/"},"author":{"name":"danilo","@id":"https:\/\/www.oarcanjo.net\/site\/#\/schema\/person\/5eb9480bedd2f3c97e430ce128c29c6c"},"headline":"Santa C\u00e2ndida","datePublished":"2017-09-20T10:11:18+00:00","dateModified":"2017-07-31T10:55:37+00:00","mainEntityOfPage":{"@id":"https:\/\/www.oarcanjo.net\/site\/santa-candida\/"},"wordCount":560,"commentCount":0,"publisher":{"@id":"https:\/\/www.oarcanjo.net\/site\/#organization"},"image":{"@id":"https:\/\/www.oarcanjo.net\/site\/santa-candida\/#primaryimage"},"thumbnailUrl":"http:\/\/3.bp.blogspot.com\/_z-c0Sh5Zlrs\/SLMCpYn4h_I\/AAAAAAAACTQ\/8X1KFhUHq9o\/s400\/Santa+C%C3%A2ndida.jpg","articleSection":["Testemunhos"],"inLanguage":"pt-BR","potentialAction":[{"@type":"CommentAction","name":"Comment","target":["https:\/\/www.oarcanjo.net\/site\/santa-candida\/#respond"]}]},{"@type":"WebPage","@id":"https:\/\/www.oarcanjo.net\/site\/santa-candida\/","url":"https:\/\/www.oarcanjo.net\/site\/santa-candida\/","name":"Santa C\u00e2ndida - O Arcanjo no ar","isPartOf":{"@id":"https:\/\/www.oarcanjo.net\/site\/#website"},"primaryImageOfPage":{"@id":"https:\/\/www.oarcanjo.net\/site\/santa-candida\/#primaryimage"},"image":{"@id":"https:\/\/www.oarcanjo.net\/site\/santa-candida\/#primaryimage"},"thumbnailUrl":"http:\/\/3.bp.blogspot.com\/_z-c0Sh5Zlrs\/SLMCpYn4h_I\/AAAAAAAACTQ\/8X1KFhUHq9o\/s400\/Santa+C%C3%A2ndida.jpg","datePublished":"2017-09-20T10:11:18+00:00","dateModified":"2017-07-31T10:55:37+00:00","breadcrumb":{"@id":"https:\/\/www.oarcanjo.net\/site\/santa-candida\/#breadcrumb"},"inLanguage":"pt-BR","potentialAction":[{"@type":"ReadAction","target":["https:\/\/www.oarcanjo.net\/site\/santa-candida\/"]}]},{"@type":"ImageObject","inLanguage":"pt-BR","@id":"https:\/\/www.oarcanjo.net\/site\/santa-candida\/#primaryimage","url":"http:\/\/3.bp.blogspot.com\/_z-c0Sh5Zlrs\/SLMCpYn4h_I\/AAAAAAAACTQ\/8X1KFhUHq9o\/s400\/Santa+C%C3%A2ndida.jpg","contentUrl":"http:\/\/3.bp.blogspot.com\/_z-c0Sh5Zlrs\/SLMCpYn4h_I\/AAAAAAAACTQ\/8X1KFhUHq9o\/s400\/Santa+C%C3%A2ndida.jpg"},{"@type":"BreadcrumbList","@id":"https:\/\/www.oarcanjo.net\/site\/santa-candida\/#breadcrumb","itemListElement":[{"@type":"ListItem","position":1,"name":"In\u00edcio","item":"https:\/\/www.oarcanjo.net\/site\/"},{"@type":"ListItem","position":2,"name":"Santa C\u00e2ndida"}]},{"@type":"WebSite","@id":"https:\/\/www.oarcanjo.net\/site\/#website","url":"https:\/\/www.oarcanjo.net\/site\/","name":"O Arcanjo no ar","description":"Site da Par\u00f3quia S\u00e3o Miguel Arcanjo (Arquidiocese de SP)","publisher":{"@id":"https:\/\/www.oarcanjo.net\/site\/#organization"},"potentialAction":[{"@type":"SearchAction","target":{"@type":"EntryPoint","urlTemplate":"https:\/\/www.oarcanjo.net\/site\/?s={search_term_string}"},"query-input":{"@type":"PropertyValueSpecification","valueRequired":true,"valueName":"search_term_string"}}],"inLanguage":"pt-BR"},{"@type":"Organization","@id":"https:\/\/www.oarcanjo.net\/site\/#organization","name":"Par\u00f3quia S\u00e3o Miguel Arcanjo","url":"https:\/\/www.oarcanjo.net\/site\/","logo":{"@type":"ImageObject","inLanguage":"pt-BR","@id":"https:\/\/www.oarcanjo.net\/site\/#\/schema\/logo\/image\/","url":"https:\/\/www.oarcanjo.net\/site\/wp-content\/uploads\/LogoOArcanjo.png","contentUrl":"https:\/\/www.oarcanjo.net\/site\/wp-content\/uploads\/LogoOArcanjo.png","width":319,"height":99,"caption":"Par\u00f3quia S\u00e3o Miguel Arcanjo"},"image":{"@id":"https:\/\/www.oarcanjo.net\/site\/#\/schema\/logo\/image\/"},"sameAs":["https:\/\/www.facebook.com\/OArcanjoNoAr\/"]},{"@type":"Person","@id":"https:\/\/www.oarcanjo.net\/site\/#\/schema\/person\/5eb9480bedd2f3c97e430ce128c29c6c","name":"danilo"}]}},"publishpress_future_action":{"enabled":false,"date":"2026-05-09 00:56:39","action":"category","newStatus":"draft","terms":[],"taxonomy":"category"},"publishpress_future_workflow_manual_trigger":{"enabledWorkflows":[]},"_links":{"self":[{"href":"https:\/\/www.oarcanjo.net\/site\/wp-json\/wp\/v2\/posts\/10949"}],"collection":[{"href":"https:\/\/www.oarcanjo.net\/site\/wp-json\/wp\/v2\/posts"}],"about":[{"href":"https:\/\/www.oarcanjo.net\/site\/wp-json\/wp\/v2\/types\/post"}],"author":[{"embeddable":true,"href":"https:\/\/www.oarcanjo.net\/site\/wp-json\/wp\/v2\/users\/14"}],"replies":[{"embeddable":true,"href":"https:\/\/www.oarcanjo.net\/site\/wp-json\/wp\/v2\/comments?post=10949"}],"version-history":[{"count":0,"href":"https:\/\/www.oarcanjo.net\/site\/wp-json\/wp\/v2\/posts\/10949\/revisions"}],"wp:attachment":[{"href":"https:\/\/www.oarcanjo.net\/site\/wp-json\/wp\/v2\/media?parent=10949"}],"wp:term":[{"taxonomy":"category","embeddable":true,"href":"https:\/\/www.oarcanjo.net\/site\/wp-json\/wp\/v2\/categories?post=10949"},{"taxonomy":"post_tag","embeddable":true,"href":"https:\/\/www.oarcanjo.net\/site\/wp-json\/wp\/v2\/tags?post=10949"}],"curies":[{"name":"wp","href":"https:\/\/api.w.org\/{rel}","templated":true}]}}