
{"id":10951,"date":"2017-09-21T00:11:26","date_gmt":"2017-09-21T03:11:26","guid":{"rendered":"http:\/\/www.oarcanjo.net\/site\/?p=10951"},"modified":"2017-07-31T07:55:45","modified_gmt":"2017-07-31T10:55:45","slug":"sao-mateus","status":"publish","type":"post","link":"https:\/\/www.oarcanjo.net\/site\/sao-mateus\/","title":{"rendered":"S\u00e3o Mateus"},"content":{"rendered":"<p><img loading=\"lazy\" decoding=\"async\" src=\"http:\/\/blog.cancaonova.com\/pensandobem\/files\/2009\/09\/sao-mateus.jpeg\" alt=\"\" width=\"333\" height=\"400\" \/><\/p>\n<p>21 de Setembro<\/p>\n<p>No tempo de Jesus Cristo, na \u00e9poca em que a Palestina era apenas uma prov\u00edncia romana, os impostos cobrados eram onerosos e pesavam brutalmente sobre os ombros dos judeus. A cobran\u00e7a desses impostos era feita por rendeiros p\u00fablicos, considerados homens cru\u00e9is, sanguessugas, verdadeiros esfoladores do povo. Um dos piores rendeiros da \u00e9poca era Levi, filho de Alfeu, que, mais tarde, trocaria seu nome para Mateus, o &#8220;dom de Deus&#8221;. Um dia, depois de pregar, Jesus caminhava pelas ruas da cidade de Cafarnaum e encontrou com o cruel Levi. Olhou-o com firmeza nos olhos e disse: &#8220;Segue-me&#8221;. Levi, imediatamente, levantou-se, abandonou seu rendoso neg\u00f3cio, mudou de vida, de nome e seguiu Jesus.<\/p>\n<p>Acredita-se, mesmo, que tal mudan\u00e7a n\u00e3o tenha realmente ocorrido dessa forma, mas sim pelo seu pr\u00f3prio e espont\u00e2neo entusiasmo no Messias. Na verdade, o que se imagina \u00e9 que Levi havia algum tempo cultivava a vontade de seguir as palavras do profeta e que aquela atitude tenha sido definitiva para coloc\u00e1-lo para sempre no caminho da f\u00e9 crist\u00e3.<\/p>\n<p>Daquele dia em diante, com o nome j\u00e1 trocado para Mateus, tornou-se um dos maiores seguidores e ap\u00f3stolos de Cristo, acompanhando-o em todas as suas caminhadas e prega\u00e7\u00f5es pela Palestina. S\u00e3o Mateus foi o primeiro ap\u00f3stolo a escrever um livro contando a vida e a morte de Jesus Cristo, ao qual ele deu o nome de Evangelho e que foi amplamente usado pelos primeiros crist\u00e3os da Palestina. Quando o ap\u00f3stolo s\u00e3o Bartolomeu viajou para as \u00cdndias, levou consigo uma c\u00f3pia.<\/p>\n<p>Depois da morte e ressurrei\u00e7\u00e3o de Jesus, os ap\u00f3stolos espalharam-se pelo mundo e Mateus foi para a Ar\u00e1bia e a P\u00e9rsia para evangelizar aqueles povos. Por\u00e9m foi v\u00edtima de uma grande persegui\u00e7\u00e3o por parte dos sacerdotes locais, que mandaram arrancar-lhe os olhos e o encarceraram para depois ser sacrificado aos deuses. Mas Deus n\u00e3o o abandonou e mandou um anjo que curou seus olhos e o libertou. Mateus seguiu, ent\u00e3o, para a Eti\u00f3pia, onde mais uma vez foi perseguido por feiticeiros que se opunham \u00e0 evangeliza\u00e7\u00e3o. Por\u00e9m o pr\u00edncipe herdeiro morreu e Mateus foi chamado ao pal\u00e1cio. Por uma gra\u00e7a divina fez o filho da rainha Candece ressuscitar, causando grande espanto e admira\u00e7\u00e3o entre os presentes. Com esse ato, Mateus conseguiu converter grande parte da popula\u00e7\u00e3o. Na \u00e9poca, a Igreja da Eti\u00f3pia passou a ser uma das mais ativas e florescentes dos tempos apost\u00f3licos.<\/p>\n<p>S\u00e3o Mateus morreu por ordem do rei Hitarco, sobrinho do rei Egipo, no altar da igreja em que celebrava o santo of\u00edcio da missa. Isso aconteceu porque n\u00e3o intercedeu em favor do pedido de casamento feito pelo monarca, e recusado pela jovem Efig\u00eania, que havia decidido consagrar-se a Jesus. Inconformado com a atitude do santo homem, Hitarco mandou que seus soldados o executassem.<\/p>\n<p>No ano 930, as rel\u00edquias mortais do ap\u00f3stolo s\u00e3o Mateus foram transportadas para Salerno, na It\u00e1lia, onde, at\u00e9 hoje, \u00e9 festejado como padroeiro da cidade. A Igreja determinou o dia 21 de setembro para a celebra\u00e7\u00e3o de s\u00e3o Mateus, ap\u00f3stolo.<\/p>\n<p><img loading=\"lazy\" decoding=\"async\" src=\"http:\/\/www.catedralescatolicas.com\/wp-content\/uploads\/2010\/04\/Salerno_CathedralInnerFront_catedral-de-salerno-italy-italia.jpg\" alt=\"\" width=\"537\" height=\"403\" \/><\/p>\n<p>Catedral de Salerno<\/p>\n<p>Ora\u00e7\u00e3o<br \/>\nS\u00e3o Mateus que deixastes a riqueza para seguir com entusiasmo o chamado do Mestre e fazendo da pobreza um hino de louvor a Jesus, intercedei por mim, que me encontro em afli\u00e7\u00e3o. V\u00f3s que ouvistes do Mestre as palavras:&#8221; N\u00e3o ajunteis para v\u00f3s os tesouros da terra, a onde a tra\u00e7a e o coruncho oa destroem, e onde ladr\u00f5es arrombam e roubam, mas ajunteis para v\u00f3s os tessouros do c\u00e9u!&#8221;. Ensinai-me \u00f3 S\u00e3o Mateus o verdadeiro valor das coisas terrenas e n\u00e3o permita que a gan\u00e2ncia e a soberba dirijam meus atos. Protegei o que \u00e9 meu e de minha fam\u00edlia da gan\u00e2ncia e do alcance alheio, para que as minhas posses n\u00e3o lhes causem cobi\u00e7a nem invejam atos il\u00edcitos desvairados. Ensinai-me por fim, a ajuntar tessouros no c\u00e9u e a servir a Deus e n\u00e3o ao dinheiro.<br \/>\nAm\u00e9m<\/p>\n<div id=\"themify_builder_content-10951\" data-postid=\"10951\" class=\"themify_builder_content themify_builder_content-10951 themify_builder themify_builder_front\">\n\t<\/div>\n<!-- \/themify_builder_content -->","protected":false},"excerpt":{"rendered":"<p>21 de Setembro No tempo de Jesus Cristo, na \u00e9poca em que a Palestina era apenas uma prov\u00edncia romana, os impostos cobrados eram onerosos e pesavam brutalmente sobre os ombros dos judeus. A cobran\u00e7a desses impostos era feita por rendeiros p\u00fablicos, considerados homens cru\u00e9is, sanguessugas, verdadeiros esfoladores do povo. Um dos piores rendeiros da \u00e9poca [&hellip;]<\/p>\n","protected":false},"author":14,"featured_media":0,"comment_status":"open","ping_status":"open","sticky":false,"template":"","format":"standard","meta":{"ngg_post_thumbnail":0,"footnotes":""},"categories":[186],"tags":[],"yoast_head":"<!-- This site is optimized with the Yoast SEO plugin v23.5 - https:\/\/yoast.com\/wordpress\/plugins\/seo\/ -->\n<title>S\u00e3o Mateus - O Arcanjo no ar<\/title>\n<meta name=\"robots\" content=\"index, follow, max-snippet:-1, max-image-preview:large, max-video-preview:-1\" \/>\n<link rel=\"canonical\" href=\"https:\/\/www.oarcanjo.net\/site\/sao-mateus\/\" \/>\n<meta property=\"og:locale\" content=\"pt_BR\" \/>\n<meta property=\"og:type\" content=\"article\" \/>\n<meta property=\"og:title\" content=\"S\u00e3o Mateus - O Arcanjo no ar\" \/>\n<meta property=\"og:description\" content=\"21 de Setembro No tempo de Jesus Cristo, na \u00e9poca em que a Palestina era apenas uma prov\u00edncia romana, os impostos cobrados eram onerosos e pesavam brutalmente sobre os ombros dos judeus. A cobran\u00e7a desses impostos era feita por rendeiros p\u00fablicos, considerados homens cru\u00e9is, sanguessugas, verdadeiros esfoladores do povo. Um dos piores rendeiros da \u00e9poca [&hellip;]\" \/>\n<meta property=\"og:url\" content=\"https:\/\/www.oarcanjo.net\/site\/sao-mateus\/\" \/>\n<meta property=\"og:site_name\" content=\"O Arcanjo no ar\" \/>\n<meta property=\"article:publisher\" content=\"https:\/\/www.facebook.com\/OArcanjoNoAr\/\" \/>\n<meta property=\"article:published_time\" content=\"2017-09-21T03:11:26+00:00\" \/>\n<meta property=\"article:modified_time\" content=\"2017-07-31T10:55:45+00:00\" \/>\n<meta property=\"og:image\" content=\"http:\/\/blog.cancaonova.com\/pensandobem\/files\/2009\/09\/sao-mateus.jpeg\" \/>\n<meta name=\"author\" content=\"danilo\" \/>\n<meta name=\"twitter:card\" content=\"summary_large_image\" \/>\n<meta name=\"twitter:label1\" content=\"Escrito por\" \/>\n\t<meta name=\"twitter:data1\" content=\"danilo\" \/>\n\t<meta name=\"twitter:label2\" content=\"Est. tempo de leitura\" \/>\n\t<meta name=\"twitter:data2\" content=\"4 minutos\" \/>\n<script type=\"application\/ld+json\" class=\"yoast-schema-graph\">{\"@context\":\"https:\/\/schema.org\",\"@graph\":[{\"@type\":\"Article\",\"@id\":\"https:\/\/www.oarcanjo.net\/site\/sao-mateus\/#article\",\"isPartOf\":{\"@id\":\"https:\/\/www.oarcanjo.net\/site\/sao-mateus\/\"},\"author\":{\"name\":\"danilo\",\"@id\":\"https:\/\/www.oarcanjo.net\/site\/#\/schema\/person\/5eb9480bedd2f3c97e430ce128c29c6c\"},\"headline\":\"S\u00e3o Mateus\",\"datePublished\":\"2017-09-21T03:11:26+00:00\",\"dateModified\":\"2017-07-31T10:55:45+00:00\",\"mainEntityOfPage\":{\"@id\":\"https:\/\/www.oarcanjo.net\/site\/sao-mateus\/\"},\"wordCount\":706,\"commentCount\":2,\"publisher\":{\"@id\":\"https:\/\/www.oarcanjo.net\/site\/#organization\"},\"image\":{\"@id\":\"https:\/\/www.oarcanjo.net\/site\/sao-mateus\/#primaryimage\"},\"thumbnailUrl\":\"http:\/\/blog.cancaonova.com\/pensandobem\/files\/2009\/09\/sao-mateus.jpeg\",\"articleSection\":[\"Testemunhos\"],\"inLanguage\":\"pt-BR\",\"potentialAction\":[{\"@type\":\"CommentAction\",\"name\":\"Comment\",\"target\":[\"https:\/\/www.oarcanjo.net\/site\/sao-mateus\/#respond\"]}]},{\"@type\":\"WebPage\",\"@id\":\"https:\/\/www.oarcanjo.net\/site\/sao-mateus\/\",\"url\":\"https:\/\/www.oarcanjo.net\/site\/sao-mateus\/\",\"name\":\"S\u00e3o Mateus - O Arcanjo no ar\",\"isPartOf\":{\"@id\":\"https:\/\/www.oarcanjo.net\/site\/#website\"},\"primaryImageOfPage\":{\"@id\":\"https:\/\/www.oarcanjo.net\/site\/sao-mateus\/#primaryimage\"},\"image\":{\"@id\":\"https:\/\/www.oarcanjo.net\/site\/sao-mateus\/#primaryimage\"},\"thumbnailUrl\":\"http:\/\/blog.cancaonova.com\/pensandobem\/files\/2009\/09\/sao-mateus.jpeg\",\"datePublished\":\"2017-09-21T03:11:26+00:00\",\"dateModified\":\"2017-07-31T10:55:45+00:00\",\"breadcrumb\":{\"@id\":\"https:\/\/www.oarcanjo.net\/site\/sao-mateus\/#breadcrumb\"},\"inLanguage\":\"pt-BR\",\"potentialAction\":[{\"@type\":\"ReadAction\",\"target\":[\"https:\/\/www.oarcanjo.net\/site\/sao-mateus\/\"]}]},{\"@type\":\"ImageObject\",\"inLanguage\":\"pt-BR\",\"@id\":\"https:\/\/www.oarcanjo.net\/site\/sao-mateus\/#primaryimage\",\"url\":\"http:\/\/blog.cancaonova.com\/pensandobem\/files\/2009\/09\/sao-mateus.jpeg\",\"contentUrl\":\"http:\/\/blog.cancaonova.com\/pensandobem\/files\/2009\/09\/sao-mateus.jpeg\"},{\"@type\":\"BreadcrumbList\",\"@id\":\"https:\/\/www.oarcanjo.net\/site\/sao-mateus\/#breadcrumb\",\"itemListElement\":[{\"@type\":\"ListItem\",\"position\":1,\"name\":\"In\u00edcio\",\"item\":\"https:\/\/www.oarcanjo.net\/site\/\"},{\"@type\":\"ListItem\",\"position\":2,\"name\":\"S\u00e3o Mateus\"}]},{\"@type\":\"WebSite\",\"@id\":\"https:\/\/www.oarcanjo.net\/site\/#website\",\"url\":\"https:\/\/www.oarcanjo.net\/site\/\",\"name\":\"O Arcanjo no ar\",\"description\":\"Site da Par\u00f3quia S\u00e3o Miguel Arcanjo (Arquidiocese de SP)\",\"publisher\":{\"@id\":\"https:\/\/www.oarcanjo.net\/site\/#organization\"},\"potentialAction\":[{\"@type\":\"SearchAction\",\"target\":{\"@type\":\"EntryPoint\",\"urlTemplate\":\"https:\/\/www.oarcanjo.net\/site\/?s={search_term_string}\"},\"query-input\":{\"@type\":\"PropertyValueSpecification\",\"valueRequired\":true,\"valueName\":\"search_term_string\"}}],\"inLanguage\":\"pt-BR\"},{\"@type\":\"Organization\",\"@id\":\"https:\/\/www.oarcanjo.net\/site\/#organization\",\"name\":\"Par\u00f3quia S\u00e3o Miguel Arcanjo\",\"url\":\"https:\/\/www.oarcanjo.net\/site\/\",\"logo\":{\"@type\":\"ImageObject\",\"inLanguage\":\"pt-BR\",\"@id\":\"https:\/\/www.oarcanjo.net\/site\/#\/schema\/logo\/image\/\",\"url\":\"https:\/\/www.oarcanjo.net\/site\/wp-content\/uploads\/LogoOArcanjo.png\",\"contentUrl\":\"https:\/\/www.oarcanjo.net\/site\/wp-content\/uploads\/LogoOArcanjo.png\",\"width\":319,\"height\":99,\"caption\":\"Par\u00f3quia S\u00e3o Miguel Arcanjo\"},\"image\":{\"@id\":\"https:\/\/www.oarcanjo.net\/site\/#\/schema\/logo\/image\/\"},\"sameAs\":[\"https:\/\/www.facebook.com\/OArcanjoNoAr\/\"]},{\"@type\":\"Person\",\"@id\":\"https:\/\/www.oarcanjo.net\/site\/#\/schema\/person\/5eb9480bedd2f3c97e430ce128c29c6c\",\"name\":\"danilo\"}]}<\/script>\n<!-- \/ Yoast SEO plugin. -->","yoast_head_json":{"title":"S\u00e3o Mateus - O Arcanjo no ar","robots":{"index":"index","follow":"follow","max-snippet":"max-snippet:-1","max-image-preview":"max-image-preview:large","max-video-preview":"max-video-preview:-1"},"canonical":"https:\/\/www.oarcanjo.net\/site\/sao-mateus\/","og_locale":"pt_BR","og_type":"article","og_title":"S\u00e3o Mateus - O Arcanjo no ar","og_description":"21 de Setembro No tempo de Jesus Cristo, na \u00e9poca em que a Palestina era apenas uma prov\u00edncia romana, os impostos cobrados eram onerosos e pesavam brutalmente sobre os ombros dos judeus. A cobran\u00e7a desses impostos era feita por rendeiros p\u00fablicos, considerados homens cru\u00e9is, sanguessugas, verdadeiros esfoladores do povo. Um dos piores rendeiros da \u00e9poca [&hellip;]","og_url":"https:\/\/www.oarcanjo.net\/site\/sao-mateus\/","og_site_name":"O Arcanjo no ar","article_publisher":"https:\/\/www.facebook.com\/OArcanjoNoAr\/","article_published_time":"2017-09-21T03:11:26+00:00","article_modified_time":"2017-07-31T10:55:45+00:00","og_image":[{"url":"http:\/\/blog.cancaonova.com\/pensandobem\/files\/2009\/09\/sao-mateus.jpeg"}],"author":"danilo","twitter_card":"summary_large_image","twitter_misc":{"Escrito por":"danilo","Est. tempo de leitura":"4 minutos"},"schema":{"@context":"https:\/\/schema.org","@graph":[{"@type":"Article","@id":"https:\/\/www.oarcanjo.net\/site\/sao-mateus\/#article","isPartOf":{"@id":"https:\/\/www.oarcanjo.net\/site\/sao-mateus\/"},"author":{"name":"danilo","@id":"https:\/\/www.oarcanjo.net\/site\/#\/schema\/person\/5eb9480bedd2f3c97e430ce128c29c6c"},"headline":"S\u00e3o Mateus","datePublished":"2017-09-21T03:11:26+00:00","dateModified":"2017-07-31T10:55:45+00:00","mainEntityOfPage":{"@id":"https:\/\/www.oarcanjo.net\/site\/sao-mateus\/"},"wordCount":706,"commentCount":2,"publisher":{"@id":"https:\/\/www.oarcanjo.net\/site\/#organization"},"image":{"@id":"https:\/\/www.oarcanjo.net\/site\/sao-mateus\/#primaryimage"},"thumbnailUrl":"http:\/\/blog.cancaonova.com\/pensandobem\/files\/2009\/09\/sao-mateus.jpeg","articleSection":["Testemunhos"],"inLanguage":"pt-BR","potentialAction":[{"@type":"CommentAction","name":"Comment","target":["https:\/\/www.oarcanjo.net\/site\/sao-mateus\/#respond"]}]},{"@type":"WebPage","@id":"https:\/\/www.oarcanjo.net\/site\/sao-mateus\/","url":"https:\/\/www.oarcanjo.net\/site\/sao-mateus\/","name":"S\u00e3o Mateus - O Arcanjo no ar","isPartOf":{"@id":"https:\/\/www.oarcanjo.net\/site\/#website"},"primaryImageOfPage":{"@id":"https:\/\/www.oarcanjo.net\/site\/sao-mateus\/#primaryimage"},"image":{"@id":"https:\/\/www.oarcanjo.net\/site\/sao-mateus\/#primaryimage"},"thumbnailUrl":"http:\/\/blog.cancaonova.com\/pensandobem\/files\/2009\/09\/sao-mateus.jpeg","datePublished":"2017-09-21T03:11:26+00:00","dateModified":"2017-07-31T10:55:45+00:00","breadcrumb":{"@id":"https:\/\/www.oarcanjo.net\/site\/sao-mateus\/#breadcrumb"},"inLanguage":"pt-BR","potentialAction":[{"@type":"ReadAction","target":["https:\/\/www.oarcanjo.net\/site\/sao-mateus\/"]}]},{"@type":"ImageObject","inLanguage":"pt-BR","@id":"https:\/\/www.oarcanjo.net\/site\/sao-mateus\/#primaryimage","url":"http:\/\/blog.cancaonova.com\/pensandobem\/files\/2009\/09\/sao-mateus.jpeg","contentUrl":"http:\/\/blog.cancaonova.com\/pensandobem\/files\/2009\/09\/sao-mateus.jpeg"},{"@type":"BreadcrumbList","@id":"https:\/\/www.oarcanjo.net\/site\/sao-mateus\/#breadcrumb","itemListElement":[{"@type":"ListItem","position":1,"name":"In\u00edcio","item":"https:\/\/www.oarcanjo.net\/site\/"},{"@type":"ListItem","position":2,"name":"S\u00e3o Mateus"}]},{"@type":"WebSite","@id":"https:\/\/www.oarcanjo.net\/site\/#website","url":"https:\/\/www.oarcanjo.net\/site\/","name":"O Arcanjo no ar","description":"Site da Par\u00f3quia S\u00e3o Miguel Arcanjo (Arquidiocese de SP)","publisher":{"@id":"https:\/\/www.oarcanjo.net\/site\/#organization"},"potentialAction":[{"@type":"SearchAction","target":{"@type":"EntryPoint","urlTemplate":"https:\/\/www.oarcanjo.net\/site\/?s={search_term_string}"},"query-input":{"@type":"PropertyValueSpecification","valueRequired":true,"valueName":"search_term_string"}}],"inLanguage":"pt-BR"},{"@type":"Organization","@id":"https:\/\/www.oarcanjo.net\/site\/#organization","name":"Par\u00f3quia S\u00e3o Miguel Arcanjo","url":"https:\/\/www.oarcanjo.net\/site\/","logo":{"@type":"ImageObject","inLanguage":"pt-BR","@id":"https:\/\/www.oarcanjo.net\/site\/#\/schema\/logo\/image\/","url":"https:\/\/www.oarcanjo.net\/site\/wp-content\/uploads\/LogoOArcanjo.png","contentUrl":"https:\/\/www.oarcanjo.net\/site\/wp-content\/uploads\/LogoOArcanjo.png","width":319,"height":99,"caption":"Par\u00f3quia S\u00e3o Miguel Arcanjo"},"image":{"@id":"https:\/\/www.oarcanjo.net\/site\/#\/schema\/logo\/image\/"},"sameAs":["https:\/\/www.facebook.com\/OArcanjoNoAr\/"]},{"@type":"Person","@id":"https:\/\/www.oarcanjo.net\/site\/#\/schema\/person\/5eb9480bedd2f3c97e430ce128c29c6c","name":"danilo"}]}},"publishpress_future_action":{"enabled":false,"date":"2026-05-09 00:57:04","action":"category","newStatus":"draft","terms":[],"taxonomy":"category"},"publishpress_future_workflow_manual_trigger":{"enabledWorkflows":[]},"_links":{"self":[{"href":"https:\/\/www.oarcanjo.net\/site\/wp-json\/wp\/v2\/posts\/10951"}],"collection":[{"href":"https:\/\/www.oarcanjo.net\/site\/wp-json\/wp\/v2\/posts"}],"about":[{"href":"https:\/\/www.oarcanjo.net\/site\/wp-json\/wp\/v2\/types\/post"}],"author":[{"embeddable":true,"href":"https:\/\/www.oarcanjo.net\/site\/wp-json\/wp\/v2\/users\/14"}],"replies":[{"embeddable":true,"href":"https:\/\/www.oarcanjo.net\/site\/wp-json\/wp\/v2\/comments?post=10951"}],"version-history":[{"count":0,"href":"https:\/\/www.oarcanjo.net\/site\/wp-json\/wp\/v2\/posts\/10951\/revisions"}],"wp:attachment":[{"href":"https:\/\/www.oarcanjo.net\/site\/wp-json\/wp\/v2\/media?parent=10951"}],"wp:term":[{"taxonomy":"category","embeddable":true,"href":"https:\/\/www.oarcanjo.net\/site\/wp-json\/wp\/v2\/categories?post=10951"},{"taxonomy":"post_tag","embeddable":true,"href":"https:\/\/www.oarcanjo.net\/site\/wp-json\/wp\/v2\/tags?post=10951"}],"curies":[{"name":"wp","href":"https:\/\/api.w.org\/{rel}","templated":true}]}}