
{"id":10955,"date":"2017-09-22T00:38:14","date_gmt":"2017-09-22T03:38:14","guid":{"rendered":"http:\/\/www.oarcanjo.net\/site\/?p=10955"},"modified":"2017-07-31T07:55:48","modified_gmt":"2017-07-31T10:55:48","slug":"sao-mauricio-e-companheiros","status":"publish","type":"post","link":"https:\/\/www.oarcanjo.net\/site\/sao-mauricio-e-companheiros\/","title":{"rendered":"S\u00e3o Maur\u00edcio e companheiros"},"content":{"rendered":"<p><img loading=\"lazy\" decoding=\"async\" src=\"http:\/\/4.bp.blogspot.com\/_Gi98QrfzZD4\/Sq2HGe3H1FI\/AAAAAAAAA-Y\/YeyXEs6k3oY\/s320\/sao_mauricio.jpg\" alt=\"\" width=\"194\" height=\"320\" \/><\/p>\n<p>22 de Setembro<\/p>\n<p>Diocleciano, assim que foi aclamado imperador, no ano 284, imediatamente nomeou Maximiano Herc\u00faleo governador do Ocidente, com a incumb\u00eancia de entrar em combate contra os g\u00e1lios, agora chamados franceses, os quais j\u00e1 haviam dado in\u00edcio \u00e0 luta armada para vingarem-se da morte de Carino, filho do at\u00e9 ent\u00e3o imperador, que fora assassinado pelo sanguin\u00e1rio Diocleciano por ocasi\u00e3o da sua tomada do poder.<\/p>\n<p>No alto Egito, foi recrutado um batalh\u00e3o de soldados crist\u00e3os, conhecidos como &#8220;a legi\u00e3o de soldados crist\u00e3os da Tebaida&#8221;, chefiados pelo comandante Maur\u00edcio. Apesar do \u00f3dio que Maximiano nutria pelos crist\u00e3os, a incorpora\u00e7\u00e3o de tais soldados em seu ex\u00e9rcito n\u00e3o era nenhum acontecimento especial ou extraordin\u00e1rio, uma vez que o pr\u00f3prio imperador Diocleciano, na \u00e9poca, era simpatizante confesso deles. At\u00e9 mesmo confiava-lhes cargos administrativos important\u00edssimos no Imp\u00e9rio. Nesse per\u00edodo, ele ainda n\u00e3o via ou citava os crist\u00e3os como uma amea\u00e7a ao Imp\u00e9rio Romano.<\/p>\n<p>Depois de muitas batalhas, durante um per\u00edodo de descanso de tr\u00eas dias em Octodorum, por ordem do imperador haveria tr\u00eas dias de comemora\u00e7\u00f5es e grandes festas religiosas, nas quais os deuses pag\u00e3os seriam homenageados pela vit\u00f3ria conseguida sobre o inimigo. \u00c9 claro que os soldados crist\u00e3os da legi\u00e3o tebaica recusaram-se a participar de tal festa.<\/p>\n<p>Ent\u00e3o, decidiram levantar acampamento e seguiram para Agaunum, uma aldeia a cinco quil\u00f4metros de dist\u00e2ncia da cidade. Esse ato irritou o governador Maximiano, que ordenou o retorno imediato do batalh\u00e3o crist\u00e3o, para que se aliassem ao restante do ex\u00e9rcito, nas solenidades aos deuses.<\/p>\n<p>Comandados por Maur\u00edcio e com o apoio, principalmente, de Exup\u00e9rio, C\u00e2ndido, Vitor, Inoc\u00eancio e Vital, todos os soldados da tropa de Tebaida recusaram-se, novamente, a participar dos festejos. A irrita\u00e7\u00e3o de Maximiano aumentou ainda mais, e a tal ponto, que imediatamente deu ordem a seu ex\u00e9rcito para marchar contra eles.<\/p>\n<p>Maur\u00edcio e seus companheiros foram, ent\u00e3o, massacrados pelos soldados pag\u00e3os. O campo ficou forrado de sangue e cad\u00e1veres. Naquele lugar e naquela \u00e9poca, foi erguida uma igreja em honra e culto a esses santos m\u00e1rtires do cristianismo, encontrada somente por volta do ano 1893. A maioria das rel\u00edquias dos corpos dos soldados crist\u00e3os da legi\u00e3o tebaica, atualmente, s\u00e3o veneradas no Convento de S\u00e3o Mauricio de Agaunum, na regi\u00e3o do Valese, atual Su\u00ed\u00e7a. Especialmente no dia 22 de setembro, determinado pelo calend\u00e1rio oficial da Igreja de Roma.<\/p>\n<p><img loading=\"lazy\" decoding=\"async\" src=\"http:\/\/2.bp.blogspot.com\/_z-c0Sh5Zlrs\/SLMDwjHqpiI\/AAAAAAAACT0\/v77eQEKdaS0\/s400\/S%C3%A3o+Maur%C3%ADcio+e+Companheiros.jpg\" alt=\"\" width=\"150\" height=\"190\" \/><\/p>\n<div id=\"themify_builder_content-10955\" data-postid=\"10955\" class=\"themify_builder_content themify_builder_content-10955 themify_builder themify_builder_front\">\n\t<\/div>\n<!-- \/themify_builder_content -->","protected":false},"excerpt":{"rendered":"<p>22 de Setembro Diocleciano, assim que foi aclamado imperador, no ano 284, imediatamente nomeou Maximiano Herc\u00faleo governador do Ocidente, com a incumb\u00eancia de entrar em combate contra os g\u00e1lios, agora chamados franceses, os quais j\u00e1 haviam dado in\u00edcio \u00e0 luta armada para vingarem-se da morte de Carino, filho do at\u00e9 ent\u00e3o imperador, que fora assassinado [&hellip;]<\/p>\n","protected":false},"author":14,"featured_media":0,"comment_status":"open","ping_status":"open","sticky":false,"template":"","format":"standard","meta":{"ngg_post_thumbnail":0,"footnotes":""},"categories":[186],"tags":[],"yoast_head":"<!-- This site is optimized with the Yoast SEO plugin v23.5 - https:\/\/yoast.com\/wordpress\/plugins\/seo\/ -->\n<title>S\u00e3o Maur\u00edcio e companheiros - O Arcanjo no ar<\/title>\n<meta name=\"robots\" content=\"index, follow, max-snippet:-1, max-image-preview:large, max-video-preview:-1\" \/>\n<link rel=\"canonical\" href=\"https:\/\/www.oarcanjo.net\/site\/sao-mauricio-e-companheiros\/\" \/>\n<meta property=\"og:locale\" content=\"pt_BR\" \/>\n<meta property=\"og:type\" content=\"article\" \/>\n<meta property=\"og:title\" content=\"S\u00e3o Maur\u00edcio e companheiros - O Arcanjo no ar\" \/>\n<meta property=\"og:description\" content=\"22 de Setembro Diocleciano, assim que foi aclamado imperador, no ano 284, imediatamente nomeou Maximiano Herc\u00faleo governador do Ocidente, com a incumb\u00eancia de entrar em combate contra os g\u00e1lios, agora chamados franceses, os quais j\u00e1 haviam dado in\u00edcio \u00e0 luta armada para vingarem-se da morte de Carino, filho do at\u00e9 ent\u00e3o imperador, que fora assassinado [&hellip;]\" \/>\n<meta property=\"og:url\" content=\"https:\/\/www.oarcanjo.net\/site\/sao-mauricio-e-companheiros\/\" \/>\n<meta property=\"og:site_name\" content=\"O Arcanjo no ar\" \/>\n<meta property=\"article:publisher\" content=\"https:\/\/www.facebook.com\/OArcanjoNoAr\/\" \/>\n<meta property=\"article:published_time\" content=\"2017-09-22T03:38:14+00:00\" \/>\n<meta property=\"article:modified_time\" content=\"2017-07-31T10:55:48+00:00\" \/>\n<meta property=\"og:image\" content=\"http:\/\/4.bp.blogspot.com\/_Gi98QrfzZD4\/Sq2HGe3H1FI\/AAAAAAAAA-Y\/YeyXEs6k3oY\/s320\/sao_mauricio.jpg\" \/>\n<meta name=\"author\" content=\"danilo\" \/>\n<meta name=\"twitter:card\" content=\"summary_large_image\" \/>\n<meta name=\"twitter:label1\" content=\"Escrito por\" \/>\n\t<meta name=\"twitter:data1\" content=\"danilo\" \/>\n\t<meta name=\"twitter:label2\" content=\"Est. tempo de leitura\" \/>\n\t<meta name=\"twitter:data2\" content=\"2 minutos\" \/>\n<script type=\"application\/ld+json\" class=\"yoast-schema-graph\">{\"@context\":\"https:\/\/schema.org\",\"@graph\":[{\"@type\":\"Article\",\"@id\":\"https:\/\/www.oarcanjo.net\/site\/sao-mauricio-e-companheiros\/#article\",\"isPartOf\":{\"@id\":\"https:\/\/www.oarcanjo.net\/site\/sao-mauricio-e-companheiros\/\"},\"author\":{\"name\":\"danilo\",\"@id\":\"https:\/\/www.oarcanjo.net\/site\/#\/schema\/person\/5eb9480bedd2f3c97e430ce128c29c6c\"},\"headline\":\"S\u00e3o Maur\u00edcio e companheiros\",\"datePublished\":\"2017-09-22T03:38:14+00:00\",\"dateModified\":\"2017-07-31T10:55:48+00:00\",\"mainEntityOfPage\":{\"@id\":\"https:\/\/www.oarcanjo.net\/site\/sao-mauricio-e-companheiros\/\"},\"wordCount\":440,\"commentCount\":0,\"publisher\":{\"@id\":\"https:\/\/www.oarcanjo.net\/site\/#organization\"},\"image\":{\"@id\":\"https:\/\/www.oarcanjo.net\/site\/sao-mauricio-e-companheiros\/#primaryimage\"},\"thumbnailUrl\":\"http:\/\/4.bp.blogspot.com\/_Gi98QrfzZD4\/Sq2HGe3H1FI\/AAAAAAAAA-Y\/YeyXEs6k3oY\/s320\/sao_mauricio.jpg\",\"articleSection\":[\"Testemunhos\"],\"inLanguage\":\"pt-BR\",\"potentialAction\":[{\"@type\":\"CommentAction\",\"name\":\"Comment\",\"target\":[\"https:\/\/www.oarcanjo.net\/site\/sao-mauricio-e-companheiros\/#respond\"]}]},{\"@type\":\"WebPage\",\"@id\":\"https:\/\/www.oarcanjo.net\/site\/sao-mauricio-e-companheiros\/\",\"url\":\"https:\/\/www.oarcanjo.net\/site\/sao-mauricio-e-companheiros\/\",\"name\":\"S\u00e3o Maur\u00edcio e companheiros - O Arcanjo no ar\",\"isPartOf\":{\"@id\":\"https:\/\/www.oarcanjo.net\/site\/#website\"},\"primaryImageOfPage\":{\"@id\":\"https:\/\/www.oarcanjo.net\/site\/sao-mauricio-e-companheiros\/#primaryimage\"},\"image\":{\"@id\":\"https:\/\/www.oarcanjo.net\/site\/sao-mauricio-e-companheiros\/#primaryimage\"},\"thumbnailUrl\":\"http:\/\/4.bp.blogspot.com\/_Gi98QrfzZD4\/Sq2HGe3H1FI\/AAAAAAAAA-Y\/YeyXEs6k3oY\/s320\/sao_mauricio.jpg\",\"datePublished\":\"2017-09-22T03:38:14+00:00\",\"dateModified\":\"2017-07-31T10:55:48+00:00\",\"breadcrumb\":{\"@id\":\"https:\/\/www.oarcanjo.net\/site\/sao-mauricio-e-companheiros\/#breadcrumb\"},\"inLanguage\":\"pt-BR\",\"potentialAction\":[{\"@type\":\"ReadAction\",\"target\":[\"https:\/\/www.oarcanjo.net\/site\/sao-mauricio-e-companheiros\/\"]}]},{\"@type\":\"ImageObject\",\"inLanguage\":\"pt-BR\",\"@id\":\"https:\/\/www.oarcanjo.net\/site\/sao-mauricio-e-companheiros\/#primaryimage\",\"url\":\"http:\/\/4.bp.blogspot.com\/_Gi98QrfzZD4\/Sq2HGe3H1FI\/AAAAAAAAA-Y\/YeyXEs6k3oY\/s320\/sao_mauricio.jpg\",\"contentUrl\":\"http:\/\/4.bp.blogspot.com\/_Gi98QrfzZD4\/Sq2HGe3H1FI\/AAAAAAAAA-Y\/YeyXEs6k3oY\/s320\/sao_mauricio.jpg\"},{\"@type\":\"BreadcrumbList\",\"@id\":\"https:\/\/www.oarcanjo.net\/site\/sao-mauricio-e-companheiros\/#breadcrumb\",\"itemListElement\":[{\"@type\":\"ListItem\",\"position\":1,\"name\":\"In\u00edcio\",\"item\":\"https:\/\/www.oarcanjo.net\/site\/\"},{\"@type\":\"ListItem\",\"position\":2,\"name\":\"S\u00e3o Maur\u00edcio e companheiros\"}]},{\"@type\":\"WebSite\",\"@id\":\"https:\/\/www.oarcanjo.net\/site\/#website\",\"url\":\"https:\/\/www.oarcanjo.net\/site\/\",\"name\":\"O Arcanjo no ar\",\"description\":\"Site da Par\u00f3quia S\u00e3o Miguel Arcanjo (Arquidiocese de SP)\",\"publisher\":{\"@id\":\"https:\/\/www.oarcanjo.net\/site\/#organization\"},\"potentialAction\":[{\"@type\":\"SearchAction\",\"target\":{\"@type\":\"EntryPoint\",\"urlTemplate\":\"https:\/\/www.oarcanjo.net\/site\/?s={search_term_string}\"},\"query-input\":{\"@type\":\"PropertyValueSpecification\",\"valueRequired\":true,\"valueName\":\"search_term_string\"}}],\"inLanguage\":\"pt-BR\"},{\"@type\":\"Organization\",\"@id\":\"https:\/\/www.oarcanjo.net\/site\/#organization\",\"name\":\"Par\u00f3quia S\u00e3o Miguel Arcanjo\",\"url\":\"https:\/\/www.oarcanjo.net\/site\/\",\"logo\":{\"@type\":\"ImageObject\",\"inLanguage\":\"pt-BR\",\"@id\":\"https:\/\/www.oarcanjo.net\/site\/#\/schema\/logo\/image\/\",\"url\":\"https:\/\/www.oarcanjo.net\/site\/wp-content\/uploads\/LogoOArcanjo.png\",\"contentUrl\":\"https:\/\/www.oarcanjo.net\/site\/wp-content\/uploads\/LogoOArcanjo.png\",\"width\":319,\"height\":99,\"caption\":\"Par\u00f3quia S\u00e3o Miguel Arcanjo\"},\"image\":{\"@id\":\"https:\/\/www.oarcanjo.net\/site\/#\/schema\/logo\/image\/\"},\"sameAs\":[\"https:\/\/www.facebook.com\/OArcanjoNoAr\/\"]},{\"@type\":\"Person\",\"@id\":\"https:\/\/www.oarcanjo.net\/site\/#\/schema\/person\/5eb9480bedd2f3c97e430ce128c29c6c\",\"name\":\"danilo\"}]}<\/script>\n<!-- \/ Yoast SEO plugin. -->","yoast_head_json":{"title":"S\u00e3o Maur\u00edcio e companheiros - O Arcanjo no ar","robots":{"index":"index","follow":"follow","max-snippet":"max-snippet:-1","max-image-preview":"max-image-preview:large","max-video-preview":"max-video-preview:-1"},"canonical":"https:\/\/www.oarcanjo.net\/site\/sao-mauricio-e-companheiros\/","og_locale":"pt_BR","og_type":"article","og_title":"S\u00e3o Maur\u00edcio e companheiros - O Arcanjo no ar","og_description":"22 de Setembro Diocleciano, assim que foi aclamado imperador, no ano 284, imediatamente nomeou Maximiano Herc\u00faleo governador do Ocidente, com a incumb\u00eancia de entrar em combate contra os g\u00e1lios, agora chamados franceses, os quais j\u00e1 haviam dado in\u00edcio \u00e0 luta armada para vingarem-se da morte de Carino, filho do at\u00e9 ent\u00e3o imperador, que fora assassinado [&hellip;]","og_url":"https:\/\/www.oarcanjo.net\/site\/sao-mauricio-e-companheiros\/","og_site_name":"O Arcanjo no ar","article_publisher":"https:\/\/www.facebook.com\/OArcanjoNoAr\/","article_published_time":"2017-09-22T03:38:14+00:00","article_modified_time":"2017-07-31T10:55:48+00:00","og_image":[{"url":"http:\/\/4.bp.blogspot.com\/_Gi98QrfzZD4\/Sq2HGe3H1FI\/AAAAAAAAA-Y\/YeyXEs6k3oY\/s320\/sao_mauricio.jpg"}],"author":"danilo","twitter_card":"summary_large_image","twitter_misc":{"Escrito por":"danilo","Est. tempo de leitura":"2 minutos"},"schema":{"@context":"https:\/\/schema.org","@graph":[{"@type":"Article","@id":"https:\/\/www.oarcanjo.net\/site\/sao-mauricio-e-companheiros\/#article","isPartOf":{"@id":"https:\/\/www.oarcanjo.net\/site\/sao-mauricio-e-companheiros\/"},"author":{"name":"danilo","@id":"https:\/\/www.oarcanjo.net\/site\/#\/schema\/person\/5eb9480bedd2f3c97e430ce128c29c6c"},"headline":"S\u00e3o Maur\u00edcio e companheiros","datePublished":"2017-09-22T03:38:14+00:00","dateModified":"2017-07-31T10:55:48+00:00","mainEntityOfPage":{"@id":"https:\/\/www.oarcanjo.net\/site\/sao-mauricio-e-companheiros\/"},"wordCount":440,"commentCount":0,"publisher":{"@id":"https:\/\/www.oarcanjo.net\/site\/#organization"},"image":{"@id":"https:\/\/www.oarcanjo.net\/site\/sao-mauricio-e-companheiros\/#primaryimage"},"thumbnailUrl":"http:\/\/4.bp.blogspot.com\/_Gi98QrfzZD4\/Sq2HGe3H1FI\/AAAAAAAAA-Y\/YeyXEs6k3oY\/s320\/sao_mauricio.jpg","articleSection":["Testemunhos"],"inLanguage":"pt-BR","potentialAction":[{"@type":"CommentAction","name":"Comment","target":["https:\/\/www.oarcanjo.net\/site\/sao-mauricio-e-companheiros\/#respond"]}]},{"@type":"WebPage","@id":"https:\/\/www.oarcanjo.net\/site\/sao-mauricio-e-companheiros\/","url":"https:\/\/www.oarcanjo.net\/site\/sao-mauricio-e-companheiros\/","name":"S\u00e3o Maur\u00edcio e companheiros - O Arcanjo no ar","isPartOf":{"@id":"https:\/\/www.oarcanjo.net\/site\/#website"},"primaryImageOfPage":{"@id":"https:\/\/www.oarcanjo.net\/site\/sao-mauricio-e-companheiros\/#primaryimage"},"image":{"@id":"https:\/\/www.oarcanjo.net\/site\/sao-mauricio-e-companheiros\/#primaryimage"},"thumbnailUrl":"http:\/\/4.bp.blogspot.com\/_Gi98QrfzZD4\/Sq2HGe3H1FI\/AAAAAAAAA-Y\/YeyXEs6k3oY\/s320\/sao_mauricio.jpg","datePublished":"2017-09-22T03:38:14+00:00","dateModified":"2017-07-31T10:55:48+00:00","breadcrumb":{"@id":"https:\/\/www.oarcanjo.net\/site\/sao-mauricio-e-companheiros\/#breadcrumb"},"inLanguage":"pt-BR","potentialAction":[{"@type":"ReadAction","target":["https:\/\/www.oarcanjo.net\/site\/sao-mauricio-e-companheiros\/"]}]},{"@type":"ImageObject","inLanguage":"pt-BR","@id":"https:\/\/www.oarcanjo.net\/site\/sao-mauricio-e-companheiros\/#primaryimage","url":"http:\/\/4.bp.blogspot.com\/_Gi98QrfzZD4\/Sq2HGe3H1FI\/AAAAAAAAA-Y\/YeyXEs6k3oY\/s320\/sao_mauricio.jpg","contentUrl":"http:\/\/4.bp.blogspot.com\/_Gi98QrfzZD4\/Sq2HGe3H1FI\/AAAAAAAAA-Y\/YeyXEs6k3oY\/s320\/sao_mauricio.jpg"},{"@type":"BreadcrumbList","@id":"https:\/\/www.oarcanjo.net\/site\/sao-mauricio-e-companheiros\/#breadcrumb","itemListElement":[{"@type":"ListItem","position":1,"name":"In\u00edcio","item":"https:\/\/www.oarcanjo.net\/site\/"},{"@type":"ListItem","position":2,"name":"S\u00e3o Maur\u00edcio e companheiros"}]},{"@type":"WebSite","@id":"https:\/\/www.oarcanjo.net\/site\/#website","url":"https:\/\/www.oarcanjo.net\/site\/","name":"O Arcanjo no ar","description":"Site da Par\u00f3quia S\u00e3o Miguel Arcanjo (Arquidiocese de SP)","publisher":{"@id":"https:\/\/www.oarcanjo.net\/site\/#organization"},"potentialAction":[{"@type":"SearchAction","target":{"@type":"EntryPoint","urlTemplate":"https:\/\/www.oarcanjo.net\/site\/?s={search_term_string}"},"query-input":{"@type":"PropertyValueSpecification","valueRequired":true,"valueName":"search_term_string"}}],"inLanguage":"pt-BR"},{"@type":"Organization","@id":"https:\/\/www.oarcanjo.net\/site\/#organization","name":"Par\u00f3quia S\u00e3o Miguel Arcanjo","url":"https:\/\/www.oarcanjo.net\/site\/","logo":{"@type":"ImageObject","inLanguage":"pt-BR","@id":"https:\/\/www.oarcanjo.net\/site\/#\/schema\/logo\/image\/","url":"https:\/\/www.oarcanjo.net\/site\/wp-content\/uploads\/LogoOArcanjo.png","contentUrl":"https:\/\/www.oarcanjo.net\/site\/wp-content\/uploads\/LogoOArcanjo.png","width":319,"height":99,"caption":"Par\u00f3quia S\u00e3o Miguel Arcanjo"},"image":{"@id":"https:\/\/www.oarcanjo.net\/site\/#\/schema\/logo\/image\/"},"sameAs":["https:\/\/www.facebook.com\/OArcanjoNoAr\/"]},{"@type":"Person","@id":"https:\/\/www.oarcanjo.net\/site\/#\/schema\/person\/5eb9480bedd2f3c97e430ce128c29c6c","name":"danilo"}]}},"publishpress_future_action":{"enabled":false,"date":"2026-05-09 01:04:27","action":"category","newStatus":"draft","terms":[],"taxonomy":"category"},"publishpress_future_workflow_manual_trigger":{"enabledWorkflows":[]},"_links":{"self":[{"href":"https:\/\/www.oarcanjo.net\/site\/wp-json\/wp\/v2\/posts\/10955"}],"collection":[{"href":"https:\/\/www.oarcanjo.net\/site\/wp-json\/wp\/v2\/posts"}],"about":[{"href":"https:\/\/www.oarcanjo.net\/site\/wp-json\/wp\/v2\/types\/post"}],"author":[{"embeddable":true,"href":"https:\/\/www.oarcanjo.net\/site\/wp-json\/wp\/v2\/users\/14"}],"replies":[{"embeddable":true,"href":"https:\/\/www.oarcanjo.net\/site\/wp-json\/wp\/v2\/comments?post=10955"}],"version-history":[{"count":0,"href":"https:\/\/www.oarcanjo.net\/site\/wp-json\/wp\/v2\/posts\/10955\/revisions"}],"wp:attachment":[{"href":"https:\/\/www.oarcanjo.net\/site\/wp-json\/wp\/v2\/media?parent=10955"}],"wp:term":[{"taxonomy":"category","embeddable":true,"href":"https:\/\/www.oarcanjo.net\/site\/wp-json\/wp\/v2\/categories?post=10955"},{"taxonomy":"post_tag","embeddable":true,"href":"https:\/\/www.oarcanjo.net\/site\/wp-json\/wp\/v2\/tags?post=10955"}],"curies":[{"name":"wp","href":"https:\/\/api.w.org\/{rel}","templated":true}]}}