
{"id":10957,"date":"2017-09-20T00:39:47","date_gmt":"2017-09-20T03:39:47","guid":{"rendered":"http:\/\/www.oarcanjo.net\/site\/?p=10957"},"modified":"2017-07-31T07:54:07","modified_gmt":"2017-07-31T10:54:07","slug":"bem-aventurado-inacio-de-santhia","status":"publish","type":"post","link":"https:\/\/www.oarcanjo.net\/site\/bem-aventurado-inacio-de-santhia\/","title":{"rendered":"Bem Aventurado In\u00e1cio de Santhi\u00e1"},"content":{"rendered":"<p><img loading=\"lazy\" decoding=\"async\" src=\"http:\/\/www.jornaluniao.com.br\/files\/image\/22_09_2009\/22-santo.jpg\" alt=\"\" width=\"150\" height=\"190\" \/><\/p>\n<p>22 de Setembro<\/p>\n<p>Louren\u00e7o Maur\u00edcio nasceu no dia 5 de junho de 1686, em Santhi\u00e1, prov\u00edncia de Vercelli, It\u00e1lia. Era o quarto de seis filhos, da rica fam\u00edlia dos Belvisotti, crist\u00e3, bem posicionada e muito conceituada socialmente. Aos sete anos, ficou \u00f3rf\u00e3o de pai, mas a sua m\u00e3e cuidou para que os filhos recebessem uma excelente instru\u00e7\u00e3o por meio de um sacerdote piedoso. Assim, al\u00e9m de uma forma\u00e7\u00e3o liter\u00e1ria invej\u00e1vel, ele cresceu na ora\u00e7\u00e3o e amadureceu a sua voca\u00e7\u00e3o sacerdotal.<\/p>\n<p>Completou os estudos teol\u00f3gicos em Vercelli, no ano de 1710. Depois de seis anos de frutuoso minist\u00e9rio sacerdotal, entrou na Ordem dos Frades Capuchinhos, emitindo os votos religiosos em 1717 e tomando o nome de frei In\u00e1cio. Desde ent\u00e3o, foi enviado para v\u00e1rios conventos, sempre obediente e honrado por poder servir os irm\u00e3os da Ordem com a sua humilde pessoa.<\/p>\n<p>In\u00e1cio de Santhi\u00e1 foi enviado para Turim-Monte, em 1727, para ser: prefeito de sacristia e confessor dos padres seculares e dos fi\u00e9is paroquianos, tarefa que desempenhou tamb\u00e9m nos \u00faltimos vinte e quatro anos de vida. Nesse minist\u00e9rio, demonstrou toda sua caridade paterna, sabedoria e ci\u00eancia, adquiridas nos livros e por meio das ora\u00e7\u00f5es contemplativas. Dedicava os seus dias inteiramente ao servi\u00e7o do confession\u00e1rio. Com isso, a sua fama de bom conselheiro espiritual difundiu-se rapidamente, trazendo para a par\u00f3quia uma grande quantidade de religiosos, sacerdotes e fi\u00e9is desejosos de uma verdadeira orienta\u00e7\u00e3o no caminho da santidade. A todos recebia com a maior caridade, porque os pecadores eram os filhos mais doentes e necessitados de acolhida e compreens\u00e3o. Passou a ser chamado de &#8220;padre dos pecadores e dos desesperados&#8221;.<\/p>\n<p>Em 1731, o seu bom conceito de guia experiente e s\u00e1bio levou-o a ocupar os cargos de mestre dos novi\u00e7os e vig\u00e1rio do Convento de Mondov\u00ed, onde tamb\u00e9m a sua fama de santidade se espalhou entre a popula\u00e7\u00e3o, entusiasmando especialmente os jovens. Durante quatorze anos In\u00e1cio ficou na dire\u00e7\u00e3o do noviciado de Mondov\u00ed. Sua \u00fanica inten\u00e7\u00e3o era formar os jovens para a vida, a mortifica\u00e7\u00e3o, a penit\u00eancia, e instru\u00eda, corrigia e encorajava com aten\u00e7\u00e3o e palavras amorosas, fazendo o caminho dif\u00edcil tornar-se ameno. A sua fun\u00e7\u00e3o de mestre dos novi\u00e7os s\u00f3 foi interrompida devido a uma grave doen\u00e7a nos olhos, que quase o cegou. Por isso regressou a Turim, no final de 1744, para receber o tratamento adequado.<\/p>\n<p>Foi assim que o frei In\u00e1cio retomou o seu apostolado do confession\u00e1rio, exercido at\u00e9 os seus \u00faltimos dias. Morreu com sua fama de santidade no dia 21 de setembro de 1770, em admir\u00e1vel tranq\u00fcilidade. A not\u00edcia espalhou-se rapidamente e uma multid\u00e3o de fi\u00e9is de todas as classes sociais acorreu para saudar pela \u00faltima vez o &#8220;santinho do Monte&#8221;, como era chamado. Os milagres atribu\u00eddos \u00e0 sua intercess\u00e3o logo surgiram e o seu culto ganhou vigor entre os devotos. At\u00e9 que, em 1966, o papa Paulo VI declarou bem-aventurado In\u00e1cio de Santhi\u00e1, para ser venerado no dia seguinte \u00e0 data de sua morte.<\/p>\n<div id=\"themify_builder_content-10957\" data-postid=\"10957\" class=\"themify_builder_content themify_builder_content-10957 themify_builder themify_builder_front\">\n\t<\/div>\n<!-- \/themify_builder_content -->","protected":false},"excerpt":{"rendered":"<p>22 de Setembro Louren\u00e7o Maur\u00edcio nasceu no dia 5 de junho de 1686, em Santhi\u00e1, prov\u00edncia de Vercelli, It\u00e1lia. Era o quarto de seis filhos, da rica fam\u00edlia dos Belvisotti, crist\u00e3, bem posicionada e muito conceituada socialmente. Aos sete anos, ficou \u00f3rf\u00e3o de pai, mas a sua m\u00e3e cuidou para que os filhos recebessem uma [&hellip;]<\/p>\n","protected":false},"author":14,"featured_media":0,"comment_status":"open","ping_status":"open","sticky":false,"template":"","format":"standard","meta":{"ngg_post_thumbnail":0,"footnotes":""},"categories":[186],"tags":[],"yoast_head":"<!-- This site is optimized with the Yoast SEO plugin v23.5 - https:\/\/yoast.com\/wordpress\/plugins\/seo\/ -->\n<title>Bem Aventurado In\u00e1cio de Santhi\u00e1 - O Arcanjo no ar<\/title>\n<meta name=\"robots\" content=\"index, follow, max-snippet:-1, max-image-preview:large, max-video-preview:-1\" \/>\n<link rel=\"canonical\" href=\"https:\/\/www.oarcanjo.net\/site\/bem-aventurado-inacio-de-santhia\/\" \/>\n<meta property=\"og:locale\" content=\"pt_BR\" \/>\n<meta property=\"og:type\" content=\"article\" \/>\n<meta property=\"og:title\" content=\"Bem Aventurado In\u00e1cio de Santhi\u00e1 - O Arcanjo no ar\" \/>\n<meta property=\"og:description\" content=\"22 de Setembro Louren\u00e7o Maur\u00edcio nasceu no dia 5 de junho de 1686, em Santhi\u00e1, prov\u00edncia de Vercelli, It\u00e1lia. Era o quarto de seis filhos, da rica fam\u00edlia dos Belvisotti, crist\u00e3, bem posicionada e muito conceituada socialmente. Aos sete anos, ficou \u00f3rf\u00e3o de pai, mas a sua m\u00e3e cuidou para que os filhos recebessem uma [&hellip;]\" \/>\n<meta property=\"og:url\" content=\"https:\/\/www.oarcanjo.net\/site\/bem-aventurado-inacio-de-santhia\/\" \/>\n<meta property=\"og:site_name\" content=\"O Arcanjo no ar\" \/>\n<meta property=\"article:publisher\" content=\"https:\/\/www.facebook.com\/OArcanjoNoAr\/\" \/>\n<meta property=\"article:published_time\" content=\"2017-09-20T03:39:47+00:00\" \/>\n<meta property=\"article:modified_time\" content=\"2017-07-31T10:54:07+00:00\" \/>\n<meta property=\"og:image\" content=\"http:\/\/www.jornaluniao.com.br\/files\/image\/22_09_2009\/22-santo.jpg\" \/>\n<meta name=\"author\" content=\"danilo\" \/>\n<meta name=\"twitter:card\" content=\"summary_large_image\" \/>\n<meta name=\"twitter:label1\" content=\"Escrito por\" \/>\n\t<meta name=\"twitter:data1\" content=\"danilo\" \/>\n\t<meta name=\"twitter:label2\" content=\"Est. tempo de leitura\" \/>\n\t<meta name=\"twitter:data2\" content=\"3 minutos\" \/>\n<script type=\"application\/ld+json\" class=\"yoast-schema-graph\">{\"@context\":\"https:\/\/schema.org\",\"@graph\":[{\"@type\":\"Article\",\"@id\":\"https:\/\/www.oarcanjo.net\/site\/bem-aventurado-inacio-de-santhia\/#article\",\"isPartOf\":{\"@id\":\"https:\/\/www.oarcanjo.net\/site\/bem-aventurado-inacio-de-santhia\/\"},\"author\":{\"name\":\"danilo\",\"@id\":\"https:\/\/www.oarcanjo.net\/site\/#\/schema\/person\/5eb9480bedd2f3c97e430ce128c29c6c\"},\"headline\":\"Bem Aventurado In\u00e1cio de Santhi\u00e1\",\"datePublished\":\"2017-09-20T03:39:47+00:00\",\"dateModified\":\"2017-07-31T10:54:07+00:00\",\"mainEntityOfPage\":{\"@id\":\"https:\/\/www.oarcanjo.net\/site\/bem-aventurado-inacio-de-santhia\/\"},\"wordCount\":538,\"commentCount\":0,\"publisher\":{\"@id\":\"https:\/\/www.oarcanjo.net\/site\/#organization\"},\"image\":{\"@id\":\"https:\/\/www.oarcanjo.net\/site\/bem-aventurado-inacio-de-santhia\/#primaryimage\"},\"thumbnailUrl\":\"http:\/\/www.jornaluniao.com.br\/files\/image\/22_09_2009\/22-santo.jpg\",\"articleSection\":[\"Testemunhos\"],\"inLanguage\":\"pt-BR\",\"potentialAction\":[{\"@type\":\"CommentAction\",\"name\":\"Comment\",\"target\":[\"https:\/\/www.oarcanjo.net\/site\/bem-aventurado-inacio-de-santhia\/#respond\"]}]},{\"@type\":\"WebPage\",\"@id\":\"https:\/\/www.oarcanjo.net\/site\/bem-aventurado-inacio-de-santhia\/\",\"url\":\"https:\/\/www.oarcanjo.net\/site\/bem-aventurado-inacio-de-santhia\/\",\"name\":\"Bem Aventurado In\u00e1cio de Santhi\u00e1 - O Arcanjo no ar\",\"isPartOf\":{\"@id\":\"https:\/\/www.oarcanjo.net\/site\/#website\"},\"primaryImageOfPage\":{\"@id\":\"https:\/\/www.oarcanjo.net\/site\/bem-aventurado-inacio-de-santhia\/#primaryimage\"},\"image\":{\"@id\":\"https:\/\/www.oarcanjo.net\/site\/bem-aventurado-inacio-de-santhia\/#primaryimage\"},\"thumbnailUrl\":\"http:\/\/www.jornaluniao.com.br\/files\/image\/22_09_2009\/22-santo.jpg\",\"datePublished\":\"2017-09-20T03:39:47+00:00\",\"dateModified\":\"2017-07-31T10:54:07+00:00\",\"breadcrumb\":{\"@id\":\"https:\/\/www.oarcanjo.net\/site\/bem-aventurado-inacio-de-santhia\/#breadcrumb\"},\"inLanguage\":\"pt-BR\",\"potentialAction\":[{\"@type\":\"ReadAction\",\"target\":[\"https:\/\/www.oarcanjo.net\/site\/bem-aventurado-inacio-de-santhia\/\"]}]},{\"@type\":\"ImageObject\",\"inLanguage\":\"pt-BR\",\"@id\":\"https:\/\/www.oarcanjo.net\/site\/bem-aventurado-inacio-de-santhia\/#primaryimage\",\"url\":\"http:\/\/www.jornaluniao.com.br\/files\/image\/22_09_2009\/22-santo.jpg\",\"contentUrl\":\"http:\/\/www.jornaluniao.com.br\/files\/image\/22_09_2009\/22-santo.jpg\"},{\"@type\":\"BreadcrumbList\",\"@id\":\"https:\/\/www.oarcanjo.net\/site\/bem-aventurado-inacio-de-santhia\/#breadcrumb\",\"itemListElement\":[{\"@type\":\"ListItem\",\"position\":1,\"name\":\"In\u00edcio\",\"item\":\"https:\/\/www.oarcanjo.net\/site\/\"},{\"@type\":\"ListItem\",\"position\":2,\"name\":\"Bem Aventurado In\u00e1cio de Santhi\u00e1\"}]},{\"@type\":\"WebSite\",\"@id\":\"https:\/\/www.oarcanjo.net\/site\/#website\",\"url\":\"https:\/\/www.oarcanjo.net\/site\/\",\"name\":\"O Arcanjo no ar\",\"description\":\"Site da Par\u00f3quia S\u00e3o Miguel Arcanjo (Arquidiocese de SP)\",\"publisher\":{\"@id\":\"https:\/\/www.oarcanjo.net\/site\/#organization\"},\"potentialAction\":[{\"@type\":\"SearchAction\",\"target\":{\"@type\":\"EntryPoint\",\"urlTemplate\":\"https:\/\/www.oarcanjo.net\/site\/?s={search_term_string}\"},\"query-input\":{\"@type\":\"PropertyValueSpecification\",\"valueRequired\":true,\"valueName\":\"search_term_string\"}}],\"inLanguage\":\"pt-BR\"},{\"@type\":\"Organization\",\"@id\":\"https:\/\/www.oarcanjo.net\/site\/#organization\",\"name\":\"Par\u00f3quia S\u00e3o Miguel Arcanjo\",\"url\":\"https:\/\/www.oarcanjo.net\/site\/\",\"logo\":{\"@type\":\"ImageObject\",\"inLanguage\":\"pt-BR\",\"@id\":\"https:\/\/www.oarcanjo.net\/site\/#\/schema\/logo\/image\/\",\"url\":\"https:\/\/www.oarcanjo.net\/site\/wp-content\/uploads\/LogoOArcanjo.png\",\"contentUrl\":\"https:\/\/www.oarcanjo.net\/site\/wp-content\/uploads\/LogoOArcanjo.png\",\"width\":319,\"height\":99,\"caption\":\"Par\u00f3quia S\u00e3o Miguel Arcanjo\"},\"image\":{\"@id\":\"https:\/\/www.oarcanjo.net\/site\/#\/schema\/logo\/image\/\"},\"sameAs\":[\"https:\/\/www.facebook.com\/OArcanjoNoAr\/\"]},{\"@type\":\"Person\",\"@id\":\"https:\/\/www.oarcanjo.net\/site\/#\/schema\/person\/5eb9480bedd2f3c97e430ce128c29c6c\",\"name\":\"danilo\"}]}<\/script>\n<!-- \/ Yoast SEO plugin. -->","yoast_head_json":{"title":"Bem Aventurado In\u00e1cio de Santhi\u00e1 - O Arcanjo no ar","robots":{"index":"index","follow":"follow","max-snippet":"max-snippet:-1","max-image-preview":"max-image-preview:large","max-video-preview":"max-video-preview:-1"},"canonical":"https:\/\/www.oarcanjo.net\/site\/bem-aventurado-inacio-de-santhia\/","og_locale":"pt_BR","og_type":"article","og_title":"Bem Aventurado In\u00e1cio de Santhi\u00e1 - O Arcanjo no ar","og_description":"22 de Setembro Louren\u00e7o Maur\u00edcio nasceu no dia 5 de junho de 1686, em Santhi\u00e1, prov\u00edncia de Vercelli, It\u00e1lia. Era o quarto de seis filhos, da rica fam\u00edlia dos Belvisotti, crist\u00e3, bem posicionada e muito conceituada socialmente. Aos sete anos, ficou \u00f3rf\u00e3o de pai, mas a sua m\u00e3e cuidou para que os filhos recebessem uma [&hellip;]","og_url":"https:\/\/www.oarcanjo.net\/site\/bem-aventurado-inacio-de-santhia\/","og_site_name":"O Arcanjo no ar","article_publisher":"https:\/\/www.facebook.com\/OArcanjoNoAr\/","article_published_time":"2017-09-20T03:39:47+00:00","article_modified_time":"2017-07-31T10:54:07+00:00","og_image":[{"url":"http:\/\/www.jornaluniao.com.br\/files\/image\/22_09_2009\/22-santo.jpg"}],"author":"danilo","twitter_card":"summary_large_image","twitter_misc":{"Escrito por":"danilo","Est. tempo de leitura":"3 minutos"},"schema":{"@context":"https:\/\/schema.org","@graph":[{"@type":"Article","@id":"https:\/\/www.oarcanjo.net\/site\/bem-aventurado-inacio-de-santhia\/#article","isPartOf":{"@id":"https:\/\/www.oarcanjo.net\/site\/bem-aventurado-inacio-de-santhia\/"},"author":{"name":"danilo","@id":"https:\/\/www.oarcanjo.net\/site\/#\/schema\/person\/5eb9480bedd2f3c97e430ce128c29c6c"},"headline":"Bem Aventurado In\u00e1cio de Santhi\u00e1","datePublished":"2017-09-20T03:39:47+00:00","dateModified":"2017-07-31T10:54:07+00:00","mainEntityOfPage":{"@id":"https:\/\/www.oarcanjo.net\/site\/bem-aventurado-inacio-de-santhia\/"},"wordCount":538,"commentCount":0,"publisher":{"@id":"https:\/\/www.oarcanjo.net\/site\/#organization"},"image":{"@id":"https:\/\/www.oarcanjo.net\/site\/bem-aventurado-inacio-de-santhia\/#primaryimage"},"thumbnailUrl":"http:\/\/www.jornaluniao.com.br\/files\/image\/22_09_2009\/22-santo.jpg","articleSection":["Testemunhos"],"inLanguage":"pt-BR","potentialAction":[{"@type":"CommentAction","name":"Comment","target":["https:\/\/www.oarcanjo.net\/site\/bem-aventurado-inacio-de-santhia\/#respond"]}]},{"@type":"WebPage","@id":"https:\/\/www.oarcanjo.net\/site\/bem-aventurado-inacio-de-santhia\/","url":"https:\/\/www.oarcanjo.net\/site\/bem-aventurado-inacio-de-santhia\/","name":"Bem Aventurado In\u00e1cio de Santhi\u00e1 - O Arcanjo no ar","isPartOf":{"@id":"https:\/\/www.oarcanjo.net\/site\/#website"},"primaryImageOfPage":{"@id":"https:\/\/www.oarcanjo.net\/site\/bem-aventurado-inacio-de-santhia\/#primaryimage"},"image":{"@id":"https:\/\/www.oarcanjo.net\/site\/bem-aventurado-inacio-de-santhia\/#primaryimage"},"thumbnailUrl":"http:\/\/www.jornaluniao.com.br\/files\/image\/22_09_2009\/22-santo.jpg","datePublished":"2017-09-20T03:39:47+00:00","dateModified":"2017-07-31T10:54:07+00:00","breadcrumb":{"@id":"https:\/\/www.oarcanjo.net\/site\/bem-aventurado-inacio-de-santhia\/#breadcrumb"},"inLanguage":"pt-BR","potentialAction":[{"@type":"ReadAction","target":["https:\/\/www.oarcanjo.net\/site\/bem-aventurado-inacio-de-santhia\/"]}]},{"@type":"ImageObject","inLanguage":"pt-BR","@id":"https:\/\/www.oarcanjo.net\/site\/bem-aventurado-inacio-de-santhia\/#primaryimage","url":"http:\/\/www.jornaluniao.com.br\/files\/image\/22_09_2009\/22-santo.jpg","contentUrl":"http:\/\/www.jornaluniao.com.br\/files\/image\/22_09_2009\/22-santo.jpg"},{"@type":"BreadcrumbList","@id":"https:\/\/www.oarcanjo.net\/site\/bem-aventurado-inacio-de-santhia\/#breadcrumb","itemListElement":[{"@type":"ListItem","position":1,"name":"In\u00edcio","item":"https:\/\/www.oarcanjo.net\/site\/"},{"@type":"ListItem","position":2,"name":"Bem Aventurado In\u00e1cio de Santhi\u00e1"}]},{"@type":"WebSite","@id":"https:\/\/www.oarcanjo.net\/site\/#website","url":"https:\/\/www.oarcanjo.net\/site\/","name":"O Arcanjo no ar","description":"Site da Par\u00f3quia S\u00e3o Miguel Arcanjo (Arquidiocese de SP)","publisher":{"@id":"https:\/\/www.oarcanjo.net\/site\/#organization"},"potentialAction":[{"@type":"SearchAction","target":{"@type":"EntryPoint","urlTemplate":"https:\/\/www.oarcanjo.net\/site\/?s={search_term_string}"},"query-input":{"@type":"PropertyValueSpecification","valueRequired":true,"valueName":"search_term_string"}}],"inLanguage":"pt-BR"},{"@type":"Organization","@id":"https:\/\/www.oarcanjo.net\/site\/#organization","name":"Par\u00f3quia S\u00e3o Miguel Arcanjo","url":"https:\/\/www.oarcanjo.net\/site\/","logo":{"@type":"ImageObject","inLanguage":"pt-BR","@id":"https:\/\/www.oarcanjo.net\/site\/#\/schema\/logo\/image\/","url":"https:\/\/www.oarcanjo.net\/site\/wp-content\/uploads\/LogoOArcanjo.png","contentUrl":"https:\/\/www.oarcanjo.net\/site\/wp-content\/uploads\/LogoOArcanjo.png","width":319,"height":99,"caption":"Par\u00f3quia S\u00e3o Miguel Arcanjo"},"image":{"@id":"https:\/\/www.oarcanjo.net\/site\/#\/schema\/logo\/image\/"},"sameAs":["https:\/\/www.facebook.com\/OArcanjoNoAr\/"]},{"@type":"Person","@id":"https:\/\/www.oarcanjo.net\/site\/#\/schema\/person\/5eb9480bedd2f3c97e430ce128c29c6c","name":"danilo"}]}},"publishpress_future_action":{"enabled":false,"date":"2026-05-09 02:29:40","action":"category","newStatus":"draft","terms":[],"taxonomy":"category"},"publishpress_future_workflow_manual_trigger":{"enabledWorkflows":[]},"_links":{"self":[{"href":"https:\/\/www.oarcanjo.net\/site\/wp-json\/wp\/v2\/posts\/10957"}],"collection":[{"href":"https:\/\/www.oarcanjo.net\/site\/wp-json\/wp\/v2\/posts"}],"about":[{"href":"https:\/\/www.oarcanjo.net\/site\/wp-json\/wp\/v2\/types\/post"}],"author":[{"embeddable":true,"href":"https:\/\/www.oarcanjo.net\/site\/wp-json\/wp\/v2\/users\/14"}],"replies":[{"embeddable":true,"href":"https:\/\/www.oarcanjo.net\/site\/wp-json\/wp\/v2\/comments?post=10957"}],"version-history":[{"count":0,"href":"https:\/\/www.oarcanjo.net\/site\/wp-json\/wp\/v2\/posts\/10957\/revisions"}],"wp:attachment":[{"href":"https:\/\/www.oarcanjo.net\/site\/wp-json\/wp\/v2\/media?parent=10957"}],"wp:term":[{"taxonomy":"category","embeddable":true,"href":"https:\/\/www.oarcanjo.net\/site\/wp-json\/wp\/v2\/categories?post=10957"},{"taxonomy":"post_tag","embeddable":true,"href":"https:\/\/www.oarcanjo.net\/site\/wp-json\/wp\/v2\/tags?post=10957"}],"curies":[{"name":"wp","href":"https:\/\/api.w.org\/{rel}","templated":true}]}}