
{"id":10961,"date":"2017-09-23T00:44:28","date_gmt":"2017-09-23T03:44:28","guid":{"rendered":"http:\/\/www.oarcanjo.net\/site\/?p=10961"},"modified":"2017-07-31T07:55:54","modified_gmt":"2017-07-31T10:55:54","slug":"sao-lino","status":"publish","type":"post","link":"https:\/\/www.oarcanjo.net\/site\/sao-lino\/","title":{"rendered":"S\u00e3o Lino"},"content":{"rendered":"<p><img loading=\"lazy\" decoding=\"async\" src=\"http:\/\/www.paulinas.org.br\/diafeliz\/images\/santo\/LinoPapa.gif\" alt=\"\" width=\"150\" height=\"190\" \/><\/p>\n<p>23 de Setembro<\/p>\n<p>Lino foi o primeiro sucessor de Pedro na sede de Roma, o segundo papa da Igreja e o primeiro papa italiano. Ele era filho de Herculano, origin\u00e1rio da Toscana. Os dados anteriores de sua vida s\u00e3o ignorados. Lino ainda n\u00e3o era crist\u00e3o quando foi para Roma, que, ent\u00e3o, era o centro da administra\u00e7\u00e3o do Imp\u00e9rio e tamb\u00e9m dos estudos. Foi quando conheceu os ap\u00f3stolos Pedro e Paulo, que o converteram ao cristianismo, tornando-se um dos primeiros disc\u00edpulos.<\/p>\n<p>O pr\u00f3prio Paulo citou-o na segunda carta que enviou de Roma a Tim\u00f3teo: &#8220;Sa\u00fadam-te Eubulo, Prudente, Lino, Cl\u00e1udia e todos os irm\u00e3os&#8230;&#8221; Lino, sem d\u00favida, desfrutava de grande confian\u00e7a e respeitabilidade, tanto por parte de Pedro como de Paulo. Os tempos em que Lino viveu, juntamente com os ap\u00f3stolos, foram terr\u00edveis para toda a comunidade crist\u00e3. O imperador era Nero, que incendiou Roma no ano 64 e declarou que todos os crist\u00e3os eram inimigos do Imp\u00e9rio. As persegui\u00e7\u00f5es tiveram in\u00edcio e duraram s\u00e9culos, com sangrentas matan\u00e7as e mart\u00edrios. A mando do imperador, o ap\u00f3stolo Pedro foi preso, martirizado e morto.<\/p>\n<p>Lino foi papa da Igreja em Roma por nove anos, governou entre 67 e 76. E fez parte do clero romano, porque o pr\u00f3prio ap\u00f3stolo Pedro o indicou para a sua sucess\u00e3o, por causa da sua santidade de vida e pela capacidade de administrador. A hist\u00f3ria da Igreja diz que o papa Lino sagrou quinze bispos e os enviou, como pregadores do Evangelho, para diversas cidades da It\u00e1lia. Ordenou dezoito sacerdotes para os servi\u00e7os de novas comunidades de crist\u00e3os que surgiam em Roma. E governou a Igreja num per\u00edodo de sucessivos sobressaltos e trag\u00e9dias pol\u00edticas que marcaram os imperadores Nero, Galba, Vit\u00e9lio e Vespasiano.<\/p>\n<p>O papa Lino tamb\u00e9m sentiu a dolorosa repercuss\u00e3o da destrui\u00e7\u00e3o completa de Jerusal\u00e9m no ano 70, durante a chamada &#8220;guerra judaica&#8221;. Ele, durante os anos de governo, foi muito requisitado a reanimar e a orientar os crist\u00e3os na verdadeira f\u00e9 para manter a Igreja unida. Foi o papa que elaborou as primeiras normas de disciplina eclesi\u00e1stica e lit\u00fargica, e planejou a divis\u00e3o de Roma em setores, ou par\u00f3quias.<\/p>\n<p>O papa Lino tamb\u00e9m foi martirizado em Roma, no ano 77, e sepultado ao lado do t\u00famulo de s\u00e3o Pedro, no Vaticano. Sua mem\u00f3ria \u00e9 comemorada no dia 23 de setembro.<\/p>\n<div id=\"themify_builder_content-10961\" data-postid=\"10961\" class=\"themify_builder_content themify_builder_content-10961 themify_builder themify_builder_front\">\n\t<\/div>\n<!-- \/themify_builder_content -->","protected":false},"excerpt":{"rendered":"<p>23 de Setembro Lino foi o primeiro sucessor de Pedro na sede de Roma, o segundo papa da Igreja e o primeiro papa italiano. Ele era filho de Herculano, origin\u00e1rio da Toscana. Os dados anteriores de sua vida s\u00e3o ignorados. Lino ainda n\u00e3o era crist\u00e3o quando foi para Roma, que, ent\u00e3o, era o centro da [&hellip;]<\/p>\n","protected":false},"author":14,"featured_media":0,"comment_status":"open","ping_status":"open","sticky":false,"template":"","format":"standard","meta":{"ngg_post_thumbnail":0,"footnotes":""},"categories":[186],"tags":[],"yoast_head":"<!-- This site is optimized with the Yoast SEO plugin v23.5 - https:\/\/yoast.com\/wordpress\/plugins\/seo\/ -->\n<title>S\u00e3o Lino - O Arcanjo no ar<\/title>\n<meta name=\"robots\" content=\"index, follow, max-snippet:-1, max-image-preview:large, max-video-preview:-1\" \/>\n<link rel=\"canonical\" href=\"https:\/\/www.oarcanjo.net\/site\/sao-lino\/\" \/>\n<meta property=\"og:locale\" content=\"pt_BR\" \/>\n<meta property=\"og:type\" content=\"article\" \/>\n<meta property=\"og:title\" content=\"S\u00e3o Lino - O Arcanjo no ar\" \/>\n<meta property=\"og:description\" content=\"23 de Setembro Lino foi o primeiro sucessor de Pedro na sede de Roma, o segundo papa da Igreja e o primeiro papa italiano. Ele era filho de Herculano, origin\u00e1rio da Toscana. Os dados anteriores de sua vida s\u00e3o ignorados. Lino ainda n\u00e3o era crist\u00e3o quando foi para Roma, que, ent\u00e3o, era o centro da [&hellip;]\" \/>\n<meta property=\"og:url\" content=\"https:\/\/www.oarcanjo.net\/site\/sao-lino\/\" \/>\n<meta property=\"og:site_name\" content=\"O Arcanjo no ar\" \/>\n<meta property=\"article:publisher\" content=\"https:\/\/www.facebook.com\/OArcanjoNoAr\/\" \/>\n<meta property=\"article:published_time\" content=\"2017-09-23T03:44:28+00:00\" \/>\n<meta property=\"article:modified_time\" content=\"2017-07-31T10:55:54+00:00\" \/>\n<meta property=\"og:image\" content=\"http:\/\/www.paulinas.org.br\/diafeliz\/images\/santo\/LinoPapa.gif\" \/>\n<meta name=\"author\" content=\"danilo\" \/>\n<meta name=\"twitter:card\" content=\"summary_large_image\" \/>\n<meta name=\"twitter:label1\" content=\"Escrito por\" \/>\n\t<meta name=\"twitter:data1\" content=\"danilo\" \/>\n\t<meta name=\"twitter:label2\" content=\"Est. tempo de leitura\" \/>\n\t<meta name=\"twitter:data2\" content=\"2 minutos\" \/>\n<script type=\"application\/ld+json\" class=\"yoast-schema-graph\">{\"@context\":\"https:\/\/schema.org\",\"@graph\":[{\"@type\":\"Article\",\"@id\":\"https:\/\/www.oarcanjo.net\/site\/sao-lino\/#article\",\"isPartOf\":{\"@id\":\"https:\/\/www.oarcanjo.net\/site\/sao-lino\/\"},\"author\":{\"name\":\"danilo\",\"@id\":\"https:\/\/www.oarcanjo.net\/site\/#\/schema\/person\/5eb9480bedd2f3c97e430ce128c29c6c\"},\"headline\":\"S\u00e3o Lino\",\"datePublished\":\"2017-09-23T03:44:28+00:00\",\"dateModified\":\"2017-07-31T10:55:54+00:00\",\"mainEntityOfPage\":{\"@id\":\"https:\/\/www.oarcanjo.net\/site\/sao-lino\/\"},\"wordCount\":429,\"commentCount\":0,\"publisher\":{\"@id\":\"https:\/\/www.oarcanjo.net\/site\/#organization\"},\"image\":{\"@id\":\"https:\/\/www.oarcanjo.net\/site\/sao-lino\/#primaryimage\"},\"thumbnailUrl\":\"http:\/\/www.paulinas.org.br\/diafeliz\/images\/santo\/LinoPapa.gif\",\"articleSection\":[\"Testemunhos\"],\"inLanguage\":\"pt-BR\",\"potentialAction\":[{\"@type\":\"CommentAction\",\"name\":\"Comment\",\"target\":[\"https:\/\/www.oarcanjo.net\/site\/sao-lino\/#respond\"]}]},{\"@type\":\"WebPage\",\"@id\":\"https:\/\/www.oarcanjo.net\/site\/sao-lino\/\",\"url\":\"https:\/\/www.oarcanjo.net\/site\/sao-lino\/\",\"name\":\"S\u00e3o Lino - O Arcanjo no ar\",\"isPartOf\":{\"@id\":\"https:\/\/www.oarcanjo.net\/site\/#website\"},\"primaryImageOfPage\":{\"@id\":\"https:\/\/www.oarcanjo.net\/site\/sao-lino\/#primaryimage\"},\"image\":{\"@id\":\"https:\/\/www.oarcanjo.net\/site\/sao-lino\/#primaryimage\"},\"thumbnailUrl\":\"http:\/\/www.paulinas.org.br\/diafeliz\/images\/santo\/LinoPapa.gif\",\"datePublished\":\"2017-09-23T03:44:28+00:00\",\"dateModified\":\"2017-07-31T10:55:54+00:00\",\"breadcrumb\":{\"@id\":\"https:\/\/www.oarcanjo.net\/site\/sao-lino\/#breadcrumb\"},\"inLanguage\":\"pt-BR\",\"potentialAction\":[{\"@type\":\"ReadAction\",\"target\":[\"https:\/\/www.oarcanjo.net\/site\/sao-lino\/\"]}]},{\"@type\":\"ImageObject\",\"inLanguage\":\"pt-BR\",\"@id\":\"https:\/\/www.oarcanjo.net\/site\/sao-lino\/#primaryimage\",\"url\":\"http:\/\/www.paulinas.org.br\/diafeliz\/images\/santo\/LinoPapa.gif\",\"contentUrl\":\"http:\/\/www.paulinas.org.br\/diafeliz\/images\/santo\/LinoPapa.gif\"},{\"@type\":\"BreadcrumbList\",\"@id\":\"https:\/\/www.oarcanjo.net\/site\/sao-lino\/#breadcrumb\",\"itemListElement\":[{\"@type\":\"ListItem\",\"position\":1,\"name\":\"In\u00edcio\",\"item\":\"https:\/\/www.oarcanjo.net\/site\/\"},{\"@type\":\"ListItem\",\"position\":2,\"name\":\"S\u00e3o Lino\"}]},{\"@type\":\"WebSite\",\"@id\":\"https:\/\/www.oarcanjo.net\/site\/#website\",\"url\":\"https:\/\/www.oarcanjo.net\/site\/\",\"name\":\"O Arcanjo no ar\",\"description\":\"Site da Par\u00f3quia S\u00e3o Miguel Arcanjo (Arquidiocese de SP)\",\"publisher\":{\"@id\":\"https:\/\/www.oarcanjo.net\/site\/#organization\"},\"potentialAction\":[{\"@type\":\"SearchAction\",\"target\":{\"@type\":\"EntryPoint\",\"urlTemplate\":\"https:\/\/www.oarcanjo.net\/site\/?s={search_term_string}\"},\"query-input\":{\"@type\":\"PropertyValueSpecification\",\"valueRequired\":true,\"valueName\":\"search_term_string\"}}],\"inLanguage\":\"pt-BR\"},{\"@type\":\"Organization\",\"@id\":\"https:\/\/www.oarcanjo.net\/site\/#organization\",\"name\":\"Par\u00f3quia S\u00e3o Miguel Arcanjo\",\"url\":\"https:\/\/www.oarcanjo.net\/site\/\",\"logo\":{\"@type\":\"ImageObject\",\"inLanguage\":\"pt-BR\",\"@id\":\"https:\/\/www.oarcanjo.net\/site\/#\/schema\/logo\/image\/\",\"url\":\"https:\/\/www.oarcanjo.net\/site\/wp-content\/uploads\/LogoOArcanjo.png\",\"contentUrl\":\"https:\/\/www.oarcanjo.net\/site\/wp-content\/uploads\/LogoOArcanjo.png\",\"width\":319,\"height\":99,\"caption\":\"Par\u00f3quia S\u00e3o Miguel Arcanjo\"},\"image\":{\"@id\":\"https:\/\/www.oarcanjo.net\/site\/#\/schema\/logo\/image\/\"},\"sameAs\":[\"https:\/\/www.facebook.com\/OArcanjoNoAr\/\"]},{\"@type\":\"Person\",\"@id\":\"https:\/\/www.oarcanjo.net\/site\/#\/schema\/person\/5eb9480bedd2f3c97e430ce128c29c6c\",\"name\":\"danilo\"}]}<\/script>\n<!-- \/ Yoast SEO plugin. -->","yoast_head_json":{"title":"S\u00e3o Lino - O Arcanjo no ar","robots":{"index":"index","follow":"follow","max-snippet":"max-snippet:-1","max-image-preview":"max-image-preview:large","max-video-preview":"max-video-preview:-1"},"canonical":"https:\/\/www.oarcanjo.net\/site\/sao-lino\/","og_locale":"pt_BR","og_type":"article","og_title":"S\u00e3o Lino - O Arcanjo no ar","og_description":"23 de Setembro Lino foi o primeiro sucessor de Pedro na sede de Roma, o segundo papa da Igreja e o primeiro papa italiano. Ele era filho de Herculano, origin\u00e1rio da Toscana. Os dados anteriores de sua vida s\u00e3o ignorados. Lino ainda n\u00e3o era crist\u00e3o quando foi para Roma, que, ent\u00e3o, era o centro da [&hellip;]","og_url":"https:\/\/www.oarcanjo.net\/site\/sao-lino\/","og_site_name":"O Arcanjo no ar","article_publisher":"https:\/\/www.facebook.com\/OArcanjoNoAr\/","article_published_time":"2017-09-23T03:44:28+00:00","article_modified_time":"2017-07-31T10:55:54+00:00","og_image":[{"url":"http:\/\/www.paulinas.org.br\/diafeliz\/images\/santo\/LinoPapa.gif"}],"author":"danilo","twitter_card":"summary_large_image","twitter_misc":{"Escrito por":"danilo","Est. tempo de leitura":"2 minutos"},"schema":{"@context":"https:\/\/schema.org","@graph":[{"@type":"Article","@id":"https:\/\/www.oarcanjo.net\/site\/sao-lino\/#article","isPartOf":{"@id":"https:\/\/www.oarcanjo.net\/site\/sao-lino\/"},"author":{"name":"danilo","@id":"https:\/\/www.oarcanjo.net\/site\/#\/schema\/person\/5eb9480bedd2f3c97e430ce128c29c6c"},"headline":"S\u00e3o Lino","datePublished":"2017-09-23T03:44:28+00:00","dateModified":"2017-07-31T10:55:54+00:00","mainEntityOfPage":{"@id":"https:\/\/www.oarcanjo.net\/site\/sao-lino\/"},"wordCount":429,"commentCount":0,"publisher":{"@id":"https:\/\/www.oarcanjo.net\/site\/#organization"},"image":{"@id":"https:\/\/www.oarcanjo.net\/site\/sao-lino\/#primaryimage"},"thumbnailUrl":"http:\/\/www.paulinas.org.br\/diafeliz\/images\/santo\/LinoPapa.gif","articleSection":["Testemunhos"],"inLanguage":"pt-BR","potentialAction":[{"@type":"CommentAction","name":"Comment","target":["https:\/\/www.oarcanjo.net\/site\/sao-lino\/#respond"]}]},{"@type":"WebPage","@id":"https:\/\/www.oarcanjo.net\/site\/sao-lino\/","url":"https:\/\/www.oarcanjo.net\/site\/sao-lino\/","name":"S\u00e3o Lino - O Arcanjo no ar","isPartOf":{"@id":"https:\/\/www.oarcanjo.net\/site\/#website"},"primaryImageOfPage":{"@id":"https:\/\/www.oarcanjo.net\/site\/sao-lino\/#primaryimage"},"image":{"@id":"https:\/\/www.oarcanjo.net\/site\/sao-lino\/#primaryimage"},"thumbnailUrl":"http:\/\/www.paulinas.org.br\/diafeliz\/images\/santo\/LinoPapa.gif","datePublished":"2017-09-23T03:44:28+00:00","dateModified":"2017-07-31T10:55:54+00:00","breadcrumb":{"@id":"https:\/\/www.oarcanjo.net\/site\/sao-lino\/#breadcrumb"},"inLanguage":"pt-BR","potentialAction":[{"@type":"ReadAction","target":["https:\/\/www.oarcanjo.net\/site\/sao-lino\/"]}]},{"@type":"ImageObject","inLanguage":"pt-BR","@id":"https:\/\/www.oarcanjo.net\/site\/sao-lino\/#primaryimage","url":"http:\/\/www.paulinas.org.br\/diafeliz\/images\/santo\/LinoPapa.gif","contentUrl":"http:\/\/www.paulinas.org.br\/diafeliz\/images\/santo\/LinoPapa.gif"},{"@type":"BreadcrumbList","@id":"https:\/\/www.oarcanjo.net\/site\/sao-lino\/#breadcrumb","itemListElement":[{"@type":"ListItem","position":1,"name":"In\u00edcio","item":"https:\/\/www.oarcanjo.net\/site\/"},{"@type":"ListItem","position":2,"name":"S\u00e3o Lino"}]},{"@type":"WebSite","@id":"https:\/\/www.oarcanjo.net\/site\/#website","url":"https:\/\/www.oarcanjo.net\/site\/","name":"O Arcanjo no ar","description":"Site da Par\u00f3quia S\u00e3o Miguel Arcanjo (Arquidiocese de SP)","publisher":{"@id":"https:\/\/www.oarcanjo.net\/site\/#organization"},"potentialAction":[{"@type":"SearchAction","target":{"@type":"EntryPoint","urlTemplate":"https:\/\/www.oarcanjo.net\/site\/?s={search_term_string}"},"query-input":{"@type":"PropertyValueSpecification","valueRequired":true,"valueName":"search_term_string"}}],"inLanguage":"pt-BR"},{"@type":"Organization","@id":"https:\/\/www.oarcanjo.net\/site\/#organization","name":"Par\u00f3quia S\u00e3o Miguel Arcanjo","url":"https:\/\/www.oarcanjo.net\/site\/","logo":{"@type":"ImageObject","inLanguage":"pt-BR","@id":"https:\/\/www.oarcanjo.net\/site\/#\/schema\/logo\/image\/","url":"https:\/\/www.oarcanjo.net\/site\/wp-content\/uploads\/LogoOArcanjo.png","contentUrl":"https:\/\/www.oarcanjo.net\/site\/wp-content\/uploads\/LogoOArcanjo.png","width":319,"height":99,"caption":"Par\u00f3quia S\u00e3o Miguel Arcanjo"},"image":{"@id":"https:\/\/www.oarcanjo.net\/site\/#\/schema\/logo\/image\/"},"sameAs":["https:\/\/www.facebook.com\/OArcanjoNoAr\/"]},{"@type":"Person","@id":"https:\/\/www.oarcanjo.net\/site\/#\/schema\/person\/5eb9480bedd2f3c97e430ce128c29c6c","name":"danilo"}]}},"publishpress_future_action":{"enabled":false,"date":"2026-05-09 00:57:04","action":"category","newStatus":"draft","terms":[],"taxonomy":"category"},"publishpress_future_workflow_manual_trigger":{"enabledWorkflows":[]},"_links":{"self":[{"href":"https:\/\/www.oarcanjo.net\/site\/wp-json\/wp\/v2\/posts\/10961"}],"collection":[{"href":"https:\/\/www.oarcanjo.net\/site\/wp-json\/wp\/v2\/posts"}],"about":[{"href":"https:\/\/www.oarcanjo.net\/site\/wp-json\/wp\/v2\/types\/post"}],"author":[{"embeddable":true,"href":"https:\/\/www.oarcanjo.net\/site\/wp-json\/wp\/v2\/users\/14"}],"replies":[{"embeddable":true,"href":"https:\/\/www.oarcanjo.net\/site\/wp-json\/wp\/v2\/comments?post=10961"}],"version-history":[{"count":0,"href":"https:\/\/www.oarcanjo.net\/site\/wp-json\/wp\/v2\/posts\/10961\/revisions"}],"wp:attachment":[{"href":"https:\/\/www.oarcanjo.net\/site\/wp-json\/wp\/v2\/media?parent=10961"}],"wp:term":[{"taxonomy":"category","embeddable":true,"href":"https:\/\/www.oarcanjo.net\/site\/wp-json\/wp\/v2\/categories?post=10961"},{"taxonomy":"post_tag","embeddable":true,"href":"https:\/\/www.oarcanjo.net\/site\/wp-json\/wp\/v2\/tags?post=10961"}],"curies":[{"name":"wp","href":"https:\/\/api.w.org\/{rel}","templated":true}]}}