
{"id":10963,"date":"2017-09-23T00:55:43","date_gmt":"2017-09-23T03:55:43","guid":{"rendered":"http:\/\/www.oarcanjo.net\/site\/?p=10963"},"modified":"2017-07-31T08:01:10","modified_gmt":"2017-07-31T11:01:10","slug":"santa-tecla","status":"publish","type":"post","link":"https:\/\/www.oarcanjo.net\/site\/santa-tecla\/","title":{"rendered":"Santa Tecla"},"content":{"rendered":"<p><img loading=\"lazy\" decoding=\"async\" src=\"http:\/\/1.bp.blogspot.com\/_LLGsPvAD04A\/THuPET42l7I\/AAAAAAAAKM4\/5eSqhTKODko\/s1600\/Sta.+Tecla.jpg\" alt=\"\" width=\"291\" height=\"403\" \/><\/p>\n<p>23 de Setembro<\/p>\n<p>N\u00e3o se sabe exatamente se foi em Isa\u00faria ou na Lica\u00f4nia, Turquia, o local onde a virgem m\u00e1rtir Tecla nasceu. O que se sabe \u00e9 que \u00e9 uma das figuras mais importantes dos tempos apost\u00f3licos, muito celebrada entre os gregos.<\/p>\n<p>Tudo come\u00e7ou quando, um dia, ao ouvir uma conversa sobre o valor da castidade entre o ap\u00f3stolo Paulo e seu anfitri\u00e3o Ones\u00edforo, a jovem e pag\u00e3 Tecla foi tocada no cora\u00e7\u00e3o pelo discurso do santo. Ficou t\u00e3o impressionada que, naquele exato momento, resolveu n\u00e3o mais casar-se. Mas o faria muito em breve, pois havia sido prometida a um jovem de nome Tamiris.<\/p>\n<p>Quando a jovem resolveu desmanchar o casamento, tanto sua fam\u00edlia como a do noivo fizeram de tudo para demov\u00ea-la da id\u00e9ia. Tecla, por\u00e9m, manteve-se firme na convic\u00e7\u00e3o de converter-se. Isso despertou a ira de seu noivo, que conseguiu a pris\u00e3o e a tortura de s\u00e3o Paulo por influenciar a jovem, o que eles consideravam ser uma atitude demon\u00edaca por parte do ap\u00f3stolo.<\/p>\n<p>Nem assim Tamiris conseguiu que Tecla abandonasse os ensinamento de Cristo, que agora seguia. Ela foi, algumas vezes, procurar Paulo no c\u00e1rcere, para dar-lhe apoio e solidariedade. Com essa atitude, deixou seu ex-noivo ainda mais irado. Como conseq\u00fc\u00eancia, ele a denunciou para o proc\u00f4nsul, que a sentenciou \u00e0 morte na fogueira. Mas a condena\u00e7\u00e3o resultou numa surpresa: as chamas n\u00e3o a queimaram.<\/p>\n<p>Algum tempo depois, Tecla foi novamente julgada e condenada \u00e0 morte, s\u00f3 que, agora, seria atirada \u00e0s feras, diante do povo no Circo. Mais uma vez o prod\u00edgio se realizou e as feras deixaram-se acariciar por ela, cujas m\u00e3os lambiam mansamente. Pareciam mais com gatinhos do que com ferozes tigres e leopardos selvagens. Por fim, Tecla foi jogada dentro de uma escura caverna cheia de serpentes venenosas. De novo, nada lhe aconteceu.<\/p>\n<p>Conta uma da mais antigas tradi\u00e7\u00f5es crist\u00e3s que Tecla morreu aos noventa anos de idade, em Sel\u00eaucia, moderna Selefkie, na \u00c1sia Menor, depois de conseguir a convers\u00e3o de muitos pag\u00e3os. O corpo de santa Tecla teria sido sepultado nessa cidade, onde, depois, os imperadores crist\u00e3os mandaram erguer uma igreja dedicada \u00e0 sua mem\u00f3ria.<\/p>\n<p>Santa Tecla \u00e9 invocada pelos fi\u00e9is devotos como a padroeira dos agonizantes e tamb\u00e9m solicitada para interceder por eles contra os males da vista. A Igreja confirmou o seu culto pela tradi\u00e7\u00e3o dos fi\u00e9is e manteve o dia em que j\u00e1 habitualmente sua festa \u00e9 realizada.<\/p>\n<div id=\"themify_builder_content-10963\" data-postid=\"10963\" class=\"themify_builder_content themify_builder_content-10963 themify_builder themify_builder_front\">\n\t<\/div>\n<!-- \/themify_builder_content -->","protected":false},"excerpt":{"rendered":"<p>23 de Setembro N\u00e3o se sabe exatamente se foi em Isa\u00faria ou na Lica\u00f4nia, Turquia, o local onde a virgem m\u00e1rtir Tecla nasceu. O que se sabe \u00e9 que \u00e9 uma das figuras mais importantes dos tempos apost\u00f3licos, muito celebrada entre os gregos. Tudo come\u00e7ou quando, um dia, ao ouvir uma conversa sobre o valor [&hellip;]<\/p>\n","protected":false},"author":14,"featured_media":0,"comment_status":"open","ping_status":"open","sticky":false,"template":"","format":"standard","meta":{"ngg_post_thumbnail":0,"footnotes":""},"categories":[186],"tags":[],"yoast_head":"<!-- This site is optimized with the Yoast SEO plugin v23.5 - https:\/\/yoast.com\/wordpress\/plugins\/seo\/ -->\n<title>Santa Tecla - O Arcanjo no ar<\/title>\n<meta name=\"robots\" content=\"index, follow, max-snippet:-1, max-image-preview:large, max-video-preview:-1\" \/>\n<link rel=\"canonical\" href=\"https:\/\/www.oarcanjo.net\/site\/santa-tecla\/\" \/>\n<meta property=\"og:locale\" content=\"pt_BR\" \/>\n<meta property=\"og:type\" content=\"article\" \/>\n<meta property=\"og:title\" content=\"Santa Tecla - O Arcanjo no ar\" \/>\n<meta property=\"og:description\" content=\"23 de Setembro N\u00e3o se sabe exatamente se foi em Isa\u00faria ou na Lica\u00f4nia, Turquia, o local onde a virgem m\u00e1rtir Tecla nasceu. O que se sabe \u00e9 que \u00e9 uma das figuras mais importantes dos tempos apost\u00f3licos, muito celebrada entre os gregos. Tudo come\u00e7ou quando, um dia, ao ouvir uma conversa sobre o valor [&hellip;]\" \/>\n<meta property=\"og:url\" content=\"https:\/\/www.oarcanjo.net\/site\/santa-tecla\/\" \/>\n<meta property=\"og:site_name\" content=\"O Arcanjo no ar\" \/>\n<meta property=\"article:publisher\" content=\"https:\/\/www.facebook.com\/OArcanjoNoAr\/\" \/>\n<meta property=\"article:published_time\" content=\"2017-09-23T03:55:43+00:00\" \/>\n<meta property=\"article:modified_time\" content=\"2017-07-31T11:01:10+00:00\" \/>\n<meta property=\"og:image\" content=\"http:\/\/1.bp.blogspot.com\/_LLGsPvAD04A\/THuPET42l7I\/AAAAAAAAKM4\/5eSqhTKODko\/s1600\/Sta.+Tecla.jpg\" \/>\n<meta name=\"author\" content=\"danilo\" \/>\n<meta name=\"twitter:card\" content=\"summary_large_image\" \/>\n<meta name=\"twitter:label1\" content=\"Escrito por\" \/>\n\t<meta name=\"twitter:data1\" content=\"danilo\" \/>\n\t<meta name=\"twitter:label2\" content=\"Est. tempo de leitura\" \/>\n\t<meta name=\"twitter:data2\" content=\"2 minutos\" \/>\n<script type=\"application\/ld+json\" class=\"yoast-schema-graph\">{\"@context\":\"https:\/\/schema.org\",\"@graph\":[{\"@type\":\"Article\",\"@id\":\"https:\/\/www.oarcanjo.net\/site\/santa-tecla\/#article\",\"isPartOf\":{\"@id\":\"https:\/\/www.oarcanjo.net\/site\/santa-tecla\/\"},\"author\":{\"name\":\"danilo\",\"@id\":\"https:\/\/www.oarcanjo.net\/site\/#\/schema\/person\/5eb9480bedd2f3c97e430ce128c29c6c\"},\"headline\":\"Santa Tecla\",\"datePublished\":\"2017-09-23T03:55:43+00:00\",\"dateModified\":\"2017-07-31T11:01:10+00:00\",\"mainEntityOfPage\":{\"@id\":\"https:\/\/www.oarcanjo.net\/site\/santa-tecla\/\"},\"wordCount\":433,\"commentCount\":0,\"publisher\":{\"@id\":\"https:\/\/www.oarcanjo.net\/site\/#organization\"},\"image\":{\"@id\":\"https:\/\/www.oarcanjo.net\/site\/santa-tecla\/#primaryimage\"},\"thumbnailUrl\":\"http:\/\/1.bp.blogspot.com\/_LLGsPvAD04A\/THuPET42l7I\/AAAAAAAAKM4\/5eSqhTKODko\/s1600\/Sta.+Tecla.jpg\",\"articleSection\":[\"Testemunhos\"],\"inLanguage\":\"pt-BR\",\"potentialAction\":[{\"@type\":\"CommentAction\",\"name\":\"Comment\",\"target\":[\"https:\/\/www.oarcanjo.net\/site\/santa-tecla\/#respond\"]}]},{\"@type\":\"WebPage\",\"@id\":\"https:\/\/www.oarcanjo.net\/site\/santa-tecla\/\",\"url\":\"https:\/\/www.oarcanjo.net\/site\/santa-tecla\/\",\"name\":\"Santa Tecla - O Arcanjo no ar\",\"isPartOf\":{\"@id\":\"https:\/\/www.oarcanjo.net\/site\/#website\"},\"primaryImageOfPage\":{\"@id\":\"https:\/\/www.oarcanjo.net\/site\/santa-tecla\/#primaryimage\"},\"image\":{\"@id\":\"https:\/\/www.oarcanjo.net\/site\/santa-tecla\/#primaryimage\"},\"thumbnailUrl\":\"http:\/\/1.bp.blogspot.com\/_LLGsPvAD04A\/THuPET42l7I\/AAAAAAAAKM4\/5eSqhTKODko\/s1600\/Sta.+Tecla.jpg\",\"datePublished\":\"2017-09-23T03:55:43+00:00\",\"dateModified\":\"2017-07-31T11:01:10+00:00\",\"breadcrumb\":{\"@id\":\"https:\/\/www.oarcanjo.net\/site\/santa-tecla\/#breadcrumb\"},\"inLanguage\":\"pt-BR\",\"potentialAction\":[{\"@type\":\"ReadAction\",\"target\":[\"https:\/\/www.oarcanjo.net\/site\/santa-tecla\/\"]}]},{\"@type\":\"ImageObject\",\"inLanguage\":\"pt-BR\",\"@id\":\"https:\/\/www.oarcanjo.net\/site\/santa-tecla\/#primaryimage\",\"url\":\"http:\/\/1.bp.blogspot.com\/_LLGsPvAD04A\/THuPET42l7I\/AAAAAAAAKM4\/5eSqhTKODko\/s1600\/Sta.+Tecla.jpg\",\"contentUrl\":\"http:\/\/1.bp.blogspot.com\/_LLGsPvAD04A\/THuPET42l7I\/AAAAAAAAKM4\/5eSqhTKODko\/s1600\/Sta.+Tecla.jpg\"},{\"@type\":\"BreadcrumbList\",\"@id\":\"https:\/\/www.oarcanjo.net\/site\/santa-tecla\/#breadcrumb\",\"itemListElement\":[{\"@type\":\"ListItem\",\"position\":1,\"name\":\"In\u00edcio\",\"item\":\"https:\/\/www.oarcanjo.net\/site\/\"},{\"@type\":\"ListItem\",\"position\":2,\"name\":\"Santa Tecla\"}]},{\"@type\":\"WebSite\",\"@id\":\"https:\/\/www.oarcanjo.net\/site\/#website\",\"url\":\"https:\/\/www.oarcanjo.net\/site\/\",\"name\":\"O Arcanjo no ar\",\"description\":\"Site da Par\u00f3quia S\u00e3o Miguel Arcanjo (Arquidiocese de SP)\",\"publisher\":{\"@id\":\"https:\/\/www.oarcanjo.net\/site\/#organization\"},\"potentialAction\":[{\"@type\":\"SearchAction\",\"target\":{\"@type\":\"EntryPoint\",\"urlTemplate\":\"https:\/\/www.oarcanjo.net\/site\/?s={search_term_string}\"},\"query-input\":{\"@type\":\"PropertyValueSpecification\",\"valueRequired\":true,\"valueName\":\"search_term_string\"}}],\"inLanguage\":\"pt-BR\"},{\"@type\":\"Organization\",\"@id\":\"https:\/\/www.oarcanjo.net\/site\/#organization\",\"name\":\"Par\u00f3quia S\u00e3o Miguel Arcanjo\",\"url\":\"https:\/\/www.oarcanjo.net\/site\/\",\"logo\":{\"@type\":\"ImageObject\",\"inLanguage\":\"pt-BR\",\"@id\":\"https:\/\/www.oarcanjo.net\/site\/#\/schema\/logo\/image\/\",\"url\":\"https:\/\/www.oarcanjo.net\/site\/wp-content\/uploads\/LogoOArcanjo.png\",\"contentUrl\":\"https:\/\/www.oarcanjo.net\/site\/wp-content\/uploads\/LogoOArcanjo.png\",\"width\":319,\"height\":99,\"caption\":\"Par\u00f3quia S\u00e3o Miguel Arcanjo\"},\"image\":{\"@id\":\"https:\/\/www.oarcanjo.net\/site\/#\/schema\/logo\/image\/\"},\"sameAs\":[\"https:\/\/www.facebook.com\/OArcanjoNoAr\/\"]},{\"@type\":\"Person\",\"@id\":\"https:\/\/www.oarcanjo.net\/site\/#\/schema\/person\/5eb9480bedd2f3c97e430ce128c29c6c\",\"name\":\"danilo\"}]}<\/script>\n<!-- \/ Yoast SEO plugin. -->","yoast_head_json":{"title":"Santa Tecla - O Arcanjo no ar","robots":{"index":"index","follow":"follow","max-snippet":"max-snippet:-1","max-image-preview":"max-image-preview:large","max-video-preview":"max-video-preview:-1"},"canonical":"https:\/\/www.oarcanjo.net\/site\/santa-tecla\/","og_locale":"pt_BR","og_type":"article","og_title":"Santa Tecla - O Arcanjo no ar","og_description":"23 de Setembro N\u00e3o se sabe exatamente se foi em Isa\u00faria ou na Lica\u00f4nia, Turquia, o local onde a virgem m\u00e1rtir Tecla nasceu. O que se sabe \u00e9 que \u00e9 uma das figuras mais importantes dos tempos apost\u00f3licos, muito celebrada entre os gregos. Tudo come\u00e7ou quando, um dia, ao ouvir uma conversa sobre o valor [&hellip;]","og_url":"https:\/\/www.oarcanjo.net\/site\/santa-tecla\/","og_site_name":"O Arcanjo no ar","article_publisher":"https:\/\/www.facebook.com\/OArcanjoNoAr\/","article_published_time":"2017-09-23T03:55:43+00:00","article_modified_time":"2017-07-31T11:01:10+00:00","og_image":[{"url":"http:\/\/1.bp.blogspot.com\/_LLGsPvAD04A\/THuPET42l7I\/AAAAAAAAKM4\/5eSqhTKODko\/s1600\/Sta.+Tecla.jpg"}],"author":"danilo","twitter_card":"summary_large_image","twitter_misc":{"Escrito por":"danilo","Est. tempo de leitura":"2 minutos"},"schema":{"@context":"https:\/\/schema.org","@graph":[{"@type":"Article","@id":"https:\/\/www.oarcanjo.net\/site\/santa-tecla\/#article","isPartOf":{"@id":"https:\/\/www.oarcanjo.net\/site\/santa-tecla\/"},"author":{"name":"danilo","@id":"https:\/\/www.oarcanjo.net\/site\/#\/schema\/person\/5eb9480bedd2f3c97e430ce128c29c6c"},"headline":"Santa Tecla","datePublished":"2017-09-23T03:55:43+00:00","dateModified":"2017-07-31T11:01:10+00:00","mainEntityOfPage":{"@id":"https:\/\/www.oarcanjo.net\/site\/santa-tecla\/"},"wordCount":433,"commentCount":0,"publisher":{"@id":"https:\/\/www.oarcanjo.net\/site\/#organization"},"image":{"@id":"https:\/\/www.oarcanjo.net\/site\/santa-tecla\/#primaryimage"},"thumbnailUrl":"http:\/\/1.bp.blogspot.com\/_LLGsPvAD04A\/THuPET42l7I\/AAAAAAAAKM4\/5eSqhTKODko\/s1600\/Sta.+Tecla.jpg","articleSection":["Testemunhos"],"inLanguage":"pt-BR","potentialAction":[{"@type":"CommentAction","name":"Comment","target":["https:\/\/www.oarcanjo.net\/site\/santa-tecla\/#respond"]}]},{"@type":"WebPage","@id":"https:\/\/www.oarcanjo.net\/site\/santa-tecla\/","url":"https:\/\/www.oarcanjo.net\/site\/santa-tecla\/","name":"Santa Tecla - O Arcanjo no ar","isPartOf":{"@id":"https:\/\/www.oarcanjo.net\/site\/#website"},"primaryImageOfPage":{"@id":"https:\/\/www.oarcanjo.net\/site\/santa-tecla\/#primaryimage"},"image":{"@id":"https:\/\/www.oarcanjo.net\/site\/santa-tecla\/#primaryimage"},"thumbnailUrl":"http:\/\/1.bp.blogspot.com\/_LLGsPvAD04A\/THuPET42l7I\/AAAAAAAAKM4\/5eSqhTKODko\/s1600\/Sta.+Tecla.jpg","datePublished":"2017-09-23T03:55:43+00:00","dateModified":"2017-07-31T11:01:10+00:00","breadcrumb":{"@id":"https:\/\/www.oarcanjo.net\/site\/santa-tecla\/#breadcrumb"},"inLanguage":"pt-BR","potentialAction":[{"@type":"ReadAction","target":["https:\/\/www.oarcanjo.net\/site\/santa-tecla\/"]}]},{"@type":"ImageObject","inLanguage":"pt-BR","@id":"https:\/\/www.oarcanjo.net\/site\/santa-tecla\/#primaryimage","url":"http:\/\/1.bp.blogspot.com\/_LLGsPvAD04A\/THuPET42l7I\/AAAAAAAAKM4\/5eSqhTKODko\/s1600\/Sta.+Tecla.jpg","contentUrl":"http:\/\/1.bp.blogspot.com\/_LLGsPvAD04A\/THuPET42l7I\/AAAAAAAAKM4\/5eSqhTKODko\/s1600\/Sta.+Tecla.jpg"},{"@type":"BreadcrumbList","@id":"https:\/\/www.oarcanjo.net\/site\/santa-tecla\/#breadcrumb","itemListElement":[{"@type":"ListItem","position":1,"name":"In\u00edcio","item":"https:\/\/www.oarcanjo.net\/site\/"},{"@type":"ListItem","position":2,"name":"Santa Tecla"}]},{"@type":"WebSite","@id":"https:\/\/www.oarcanjo.net\/site\/#website","url":"https:\/\/www.oarcanjo.net\/site\/","name":"O Arcanjo no ar","description":"Site da Par\u00f3quia S\u00e3o Miguel Arcanjo (Arquidiocese de SP)","publisher":{"@id":"https:\/\/www.oarcanjo.net\/site\/#organization"},"potentialAction":[{"@type":"SearchAction","target":{"@type":"EntryPoint","urlTemplate":"https:\/\/www.oarcanjo.net\/site\/?s={search_term_string}"},"query-input":{"@type":"PropertyValueSpecification","valueRequired":true,"valueName":"search_term_string"}}],"inLanguage":"pt-BR"},{"@type":"Organization","@id":"https:\/\/www.oarcanjo.net\/site\/#organization","name":"Par\u00f3quia S\u00e3o Miguel Arcanjo","url":"https:\/\/www.oarcanjo.net\/site\/","logo":{"@type":"ImageObject","inLanguage":"pt-BR","@id":"https:\/\/www.oarcanjo.net\/site\/#\/schema\/logo\/image\/","url":"https:\/\/www.oarcanjo.net\/site\/wp-content\/uploads\/LogoOArcanjo.png","contentUrl":"https:\/\/www.oarcanjo.net\/site\/wp-content\/uploads\/LogoOArcanjo.png","width":319,"height":99,"caption":"Par\u00f3quia S\u00e3o Miguel Arcanjo"},"image":{"@id":"https:\/\/www.oarcanjo.net\/site\/#\/schema\/logo\/image\/"},"sameAs":["https:\/\/www.facebook.com\/OArcanjoNoAr\/"]},{"@type":"Person","@id":"https:\/\/www.oarcanjo.net\/site\/#\/schema\/person\/5eb9480bedd2f3c97e430ce128c29c6c","name":"danilo"}]}},"publishpress_future_action":{"enabled":false,"date":"2026-05-08 23:38:33","action":"category","newStatus":"draft","terms":[],"taxonomy":"category"},"publishpress_future_workflow_manual_trigger":{"enabledWorkflows":[]},"_links":{"self":[{"href":"https:\/\/www.oarcanjo.net\/site\/wp-json\/wp\/v2\/posts\/10963"}],"collection":[{"href":"https:\/\/www.oarcanjo.net\/site\/wp-json\/wp\/v2\/posts"}],"about":[{"href":"https:\/\/www.oarcanjo.net\/site\/wp-json\/wp\/v2\/types\/post"}],"author":[{"embeddable":true,"href":"https:\/\/www.oarcanjo.net\/site\/wp-json\/wp\/v2\/users\/14"}],"replies":[{"embeddable":true,"href":"https:\/\/www.oarcanjo.net\/site\/wp-json\/wp\/v2\/comments?post=10963"}],"version-history":[{"count":0,"href":"https:\/\/www.oarcanjo.net\/site\/wp-json\/wp\/v2\/posts\/10963\/revisions"}],"wp:attachment":[{"href":"https:\/\/www.oarcanjo.net\/site\/wp-json\/wp\/v2\/media?parent=10963"}],"wp:term":[{"taxonomy":"category","embeddable":true,"href":"https:\/\/www.oarcanjo.net\/site\/wp-json\/wp\/v2\/categories?post=10963"},{"taxonomy":"post_tag","embeddable":true,"href":"https:\/\/www.oarcanjo.net\/site\/wp-json\/wp\/v2\/tags?post=10963"}],"curies":[{"name":"wp","href":"https:\/\/api.w.org\/{rel}","templated":true}]}}