
{"id":10965,"date":"2017-09-23T00:57:40","date_gmt":"2017-09-23T03:57:40","guid":{"rendered":"http:\/\/www.oarcanjo.net\/site\/?p=10965"},"modified":"2017-07-31T08:01:15","modified_gmt":"2017-07-31T11:01:15","slug":"santo-padre-pio-de-pietrelcina","status":"publish","type":"post","link":"https:\/\/www.oarcanjo.net\/site\/santo-padre-pio-de-pietrelcina\/","title":{"rendered":"Santo Padre Pio de Pietrelcina"},"content":{"rendered":"<p><img loading=\"lazy\" decoding=\"async\" src=\"http:\/\/t1.gstatic.com\/images?q=tbn:ANd9GcRwcrMiTGrIeOQuREJ4Aolt6SUFsultS9_5sMseMn793J4Kz_c&amp;t=1&amp;usg=__6fL-8nepNMD0RVMg4SHfxl3wdeg=\" alt=\"\" width=\"200\" height=\"252\" \/>\u00a0 <img loading=\"lazy\" decoding=\"async\" src=\"http:\/\/fabianapaula.files.wordpress.com\/2008\/09\/padre-pio-sorrindo1.jpg\" alt=\"\" width=\"247\" height=\"338\" \/><\/p>\n<p>23 de Setembro<\/p>\n<p><strong><span style=\"font-family: Arial;color: #800000;font-size: x-large\"><em>Biografia<\/em><\/span><\/strong><\/p>\n<p><span style=\"font-family: Times New Roman;color: #800000\">Herdeiro espiritual de S\u00e3o Francisco de Assis, o Padre Pio de Pietrelcina foi o primeiro sacerdote a ter impresso sobre o seu corpo os estigmas da crucifix\u00e3o. Ele \u00e9 conhecido em todo mundo como o &#8220;Frei&#8221;estigmatizado. <\/span><\/p>\n<p><span style=\"font-family: Times New Roman;color: #800000\">O Padre Pio, a quem Deus deu dons particulares e carismas, se empenhou com todas as suas for\u00e7as pela salva\u00e7\u00e3o das almas. Os muito testemunhos sobre a grande santidade do Frei, chegam at\u00e9 os nossos dias, acompanhados de sentimentos de gratid\u00e3o. Suas intercess\u00f5es providencias junto a Deus foram para muitos homens causa de cura do corpo e motivo de renova\u00e7\u00e3o do esp\u00edrito.<\/span><\/p>\n<p><span style=\"font-family: Times New Roman;color: #800000\">O Padre Pio de Pietrelcina que se chamava Francesco Forgione, nasceu na Pietrelcina, num pequeno povo da Prov\u00edncia de Benevento, em 25 de maio de 1887. Pertencia a\u00a0 uma fam\u00edlia humilde tendo <\/span><strong><span style=\"font-family: Times New Roman;color: #800000\"><img loading=\"lazy\" decoding=\"async\" src=\"http:\/\/www.padrepio.catholicwebservices.com\/images\/padrepio2.jpg\" alt=\"padrepio2.jpg (5839 byte)\" width=\"123\" height=\"171\" align=\"left\" \/><\/span><\/strong><span style=\"font-family: Times New Roman;color: #800000\">como\u00a0 pai Grazio Forgione e a m\u00e3e Maria Giuseppa\u00a0 Di Nunzio tinham outros filhos. Desde muito menino Francesco experimentou em si o desejo de consagrar-se totalmente a Deus e este desejo o distinguia de seus coet\u00e2neos. Tal &#8220;diferen\u00e7a&#8221; foi observada por seus parentes e amigos.\u00a0 Narra a mam\u00e3e Peppa: &#8220;N\u00e3o cometeu nunca nenhuma falta,\u00a0 n\u00e3o tinha caprichos, sempre obedeceu a mim e a seu pai, a cada manh\u00e3 e a cada tarde ia \u00e0 igreja visitar a Jesus e a Virgem. Durante o dia n\u00e3o saia nunca com os seus companheiros. \u00c0s vezes eu dizia: &#8211; &#8220;Franc\u00ec v\u00e1 um pouco a brincar&#8221;. Ele se negava dizendo: &#8211; &#8220;N\u00e3o quero ir porque eles blasfemam&#8221;. Do di\u00e1rio do Padre Agostinho de San Marco em Lamis, o qual foi um dos diretores espirituais do Padre Pio, soube que o Padre Pio, desde 1892 quando tinha apenas cinco anos, viveu j\u00e1 suas primeiras experi\u00eancias m\u00edsticas espirituais. Os Extasies e as apari\u00e7\u00f5es foram freq\u00fcentes, mas\u00a0 para o menino pareciam serem absolutamente normais.<\/span><\/p>\n<p><span style=\"font-family: Times New Roman;color: #800000\">Com o passar do tempo, realizou-se para Francesco o que foi o seu maior sonho: consagrar totalmente a sua vida a Deus.<\/span><\/p>\n<p><span style=\"font-family: Times New Roman;color: #800000\">Em 6 de janeiro de 1903, aos dezesseis anos, entrou como cl\u00e9rigo na ordem dos Capuchinhos. Foi ordenado sacerdote na Catedral de Benevento, a 10 de agosto de 1910. Teve assim in\u00edcio sua vida sacerdotal que por causa de suas condi\u00e7\u00f5es prec\u00e1rias de sa\u00fade, se passou primeiro em muitos conventos da prov\u00edncia de Benevento. Esteve em v\u00e1rios conventos por motivo de sa\u00fade, assim, a partir de 4 setembro de 1916 chegou ao convento de San Giovanni Rotondo, sobre o Gargano, onde ficou at\u00e9 23 de setembro de 1968, dia de seu pranteado falecimento.<\/span><\/p>\n<p><span style=\"font-family: Times New Roman;color: #800000\">Nesse longo tempo o Padre Pio iniciava seus dias despertando-se a noite, muito antes da aurora, se dedicava a ora\u00e7\u00e3o e com grande fervor aproveitando a solid\u00e3o e sil\u00eancio da noite. Visitava diariamente por longas horas a Jesus Sacramentado, preparando-se \u00e0 Santa Missa, e da\u00ed sempre tirou as for\u00e7as necess\u00e1rias, para seu grande trabalho com as almas, levando-as at\u00e9 Deus no Sacramento da Confiss\u00e3o. Atendia confiss\u00e3o por longas horas, at\u00e9 14 horas di\u00e1rias, e assim salvou muitas almas.<\/span><\/p>\n<p><span style=\"font-family: Times New Roman;color: #800000\">Um dos acontecimentos que marcou intensamente a vida do Padre Pio foi que se verificou na manh\u00e3 do 20 de setembro de 1918, quando, rezando diante do Crucifixo do coro da velha e pequena igreja, o Padre Pio recebeu o maravilhoso presente dos estigmas. Os estigmas ou as feridas foram vis\u00edveis e ficaram abertas, frescas e sangrentas, por meio s\u00e9culo. Este fen\u00f4meno extraordin\u00e1rio tornou a chamar, sobre o Padre Pio a aten\u00e7\u00e3o dos m\u00e9dicos, dos estudiosos, dos jornalistas, enfim sobre toda a gente comum que, no per\u00edodo de muitas d\u00e9cadas foram a San Giovanni Rotondo para encontrar o santo frade.<\/span><\/p>\n<p><span style=\"font-family: Times New Roman;color: #800000\">\u00a0<\/span><\/p>\n<p><span style=\"font-family: Times New Roman;color: #800000\"><img loading=\"lazy\" decoding=\"async\" src=\"http:\/\/sal.zip.net\/images\/ESTIGM.jpg.JPG\" alt=\"\" width=\"273\" height=\"403\" \/><\/span><\/p>\n<p><span style=\"font-family: Times New Roman;color: #800000\">Numa carta ao Padre Benedetto, datada de 22 de outubro de 1918, o Padre Pio narra a sua &#8220;crucifix\u00e3o&#8221;: O que posso dizer aos que me perguntam como \u00e9 que aconteceu a minha crucifix\u00e3o? Meu Deus! Que confus\u00e3o e que humilha\u00e7\u00e3o eu tenho o dever de manifestar o que Tu tendes feito nessa mesquinha criatura!&#8221;<\/span><\/p>\n<p><span style=\"font-family: Times New Roman;color: #800000\">Foi na manh\u00e3 do 20 do m\u00eas passado ( setembro ) no coro, depois da celebra\u00e7\u00e3o da Santa Missa, quando fui surpreendido pelo descanso do esp\u00edrito, pareceu um doce sonho. Toso os sentidos interiores e exteriores, al\u00e9m das mesmas faculdades da alma, se encontraram numa quietude indescrit\u00edvel. Em tudo isso houve um sil\u00eancio em torno de mim e dentro de mim; senti em seguida uma grande paz e um abandono na completa priva\u00e7\u00e3o de tudo e uma disposi\u00e7\u00e3o na mesma rotina.<\/span><\/p>\n<p><span style=\"font-family: Times New Roman;color: #800000\">Tudo aconteceu num instante. E em quanto isso se passava, eu vi na minha frente um misterioso personagem parecido com aquele que tinha visto na tarde de 5 de agosto. Este era diferente <\/span><strong><span style=\"font-family: Times New Roman;color: #800000\"><img loading=\"lazy\" decoding=\"async\" src=\"http:\/\/www.padrepio.catholicwebservices.com\/images\/FOTO20.gif\" border=\"0\" alt=\"\" width=\"78\" height=\"110\" align=\"right\" \/><\/span><\/strong><span style=\"font-family: Times New Roman;color: #800000\">do primeiro, porque tinha as m\u00e3os, o p\u00e9s e o peito emanando sangue. A vis\u00e3o me aterrorizava, o que senti naquele instante em mim n\u00e3o sabia diz\u00ea-lo. Senti-me desfalecer e morreria, se Deus n\u00e3o tivesse intervindo sustentar o meu cora\u00e7\u00e3o, o qual sentia saltar-me do peito. A vis\u00e3o do personagem desapareceu e dei-me conta de que minhas m\u00e3os, p\u00e9s e peito foram feridos e jorravam sangue. Imaginais o supl\u00edcio que experimentei ent\u00e3o e que estou experimentando continuamente todos os dias. A ferida do cora\u00e7\u00e3o, continuamente, sangra. Come\u00e7a na quinta feira pela tarde at\u00e9 s\u00e1bado. Meu pai, eu morro de dor pelo supl\u00edcio e confus\u00e3o que experimento no mais \u00edntimo da alma. Temo morre en sangue, se Deus n\u00e3o ouvir os gemidos do meu pobre cora\u00e7\u00e3o, e ter piedade de retirar de mim est\u00e1 situa\u00e7\u00e3o&#8230;&#8221;<\/span><\/p>\n<p><span style=\"font-family: Times New Roman;color: #800000\">Durante anos, de todas as partes do mundo, os fi\u00e9is foram a este sacerdote estigmatizado, para conseguir a sua potente intercess\u00e3o junto a Deus. Cinq\u00fcenta anos passados na ora\u00e7\u00e3o, na humildade, no sofrimento e no sacrif\u00edcio, de onde para atuar seu amor, o Padre Pio realizou duas iniciativas em duas dire\u00e7\u00f5es: uma vertical at\u00e9 Deus com a funda\u00e7\u00e3o dos &#8220;Grupos de ruego&#8221;, hoje chamados &#8220;grupos de ora\u00e7\u00e3o&#8221;e outra horizontal at\u00e9 os irm\u00e3os, com a constru\u00e7\u00e3o de um moderno hospital: &#8220;Casa Al\u00edvio do Sofrimento&#8221;.<\/span><\/p>\n<p><span style=\"font-family: Times New Roman;color: #800000\">Em setembro os 1.968 milhares de devotos e filhos espirituais do Padre Pio se reuniram em um congresso em San Giovanni Rotondo para comemorar o 50 anivers\u00e1rio dos estigmas e celebrar o quarto congresso internacional dos Grupos de Ora\u00e7\u00e3o. Ningu\u00e9m imaginou que \u00e0s 2h30 da madrugada do dia 23 de setembro de 1968, seria o doloroso final da vida do Padre Pio de Pietrelcina. Deste maravilhoso frei, escolhido pro Deus para derramar a sua Divina Miseric\u00f3rdia de uma maneira especial.<\/span><\/p>\n<p><span style=\"color: #800000;font-size: x-large\">Milagres do Padre Pio<\/span><\/p>\n<p><strong>\u00a0<\/strong><strong>\u00c9 muito dif\u00edcil estabelecer uma defini\u00e7\u00e3o para a palavra &#8220;milagre&#8221;. Os Milagres s\u00e3o considerados express\u00f5es do sobrenatural. N\u00f3s tamb\u00e9m podemos dizer que um milagre \u00e9 um fen\u00f4meno que ocorre contr\u00e1rio as leis naturais e obedecem a uma for\u00e7a superior: a de Deus. A vida do Padre Pio \u00e9 cheia de milagres. Mas n\u00f3s temos que prestar aten\u00e7\u00e3o \u00e0 natureza do milagre que \u00e9 sempre divino. Desta maneira o Padre Pio sempre convidou as pessoas a\u00a0 agradecer Deus, verdadeiro autor dos milagres.\u00a0 <\/strong><\/p>\n<table border=\"1\" cellspacing=\"1\">\n<tbody>\n<tr>\n<td><strong>O primeiro milagre atribu\u00eddo ao do Padre Pio, aconteceu em 1908. Naquela \u00e9poca ele morava no convento de Montefusco. Um dia ele decidiu ir a floresta para colher castanhas em uma bolsa. Ele enviou esta bolsa para sua tia Daria em Pietrelcina. Ela sempre foi muito afetuosa para com ele. A sua tia recebeu a bolsa e comeu as castanhas e depois guardou-a como lembran\u00e7a. Poucos dias depois sua tia Daria estava procurando algo em uma gaveta onde o seu marido normalmente guardava p\u00f3lvora. Era noite e ela estava usando uma vela quando de repente a gaveta pegou fogo. O fogo atingiu Tia Daria e num instante, ela pegou a bolsa que tinha as castanhas de Padre Pio e a p\u00f4s na sua face. Imediatamente sua dor desapareceu e n\u00e3o ficou nenhuma ferida ou queimadura na sua face.<\/strong><\/td>\n<\/tr>\n<\/tbody>\n<\/table>\n<p><strong>\u00a0<\/strong><\/p>\n<table border=\"1\" cellspacing=\"1\">\n<tbody>\n<tr>\n<td><strong>Durante a Segunda Guerra Mundial, na It\u00e1lia, o p\u00e3o era racionado. No convento do Padre Pio havia sempre muitos convidados e pessoas pobres que iam at\u00e9 l\u00e1 pedir comida. Um dia, os monges foram para o refeit\u00f3rio e perceberam que na cesta tinha aproximadamente um quilo de p\u00e3o. Todos os irm\u00e3os rezaram e se sentaram antes de come\u00e7ar comer e o Padre Pio foi para a Igreja. Depois que um tempo que ele voltou com muitos p\u00e3es nas m\u00e3os. O Superior perguntou para Padre Pio: &#8220;Onde voc\u00ea conseguiu os p\u00e3es? &#8221; e Padre Pio respondeu:\u00a0 &#8220;Um peregrino \u00e0 porta me deu &#8220;. Ningu\u00e9m falou, mas todo o mundo concluiu que s\u00f3 Padre Pio poderia encontrar esse tal peregrino.\u00a0 <\/strong><\/td>\n<\/tr>\n<\/tbody>\n<\/table>\n<p><strong>\u00a0<\/strong><\/p>\n<table border=\"1\" cellspacing=\"1\">\n<tbody>\n<tr>\n<td><strong>Uma vez no convento do Padre Pio, um frade deixou de colocar h\u00f3stias suficientes para a celebra\u00e7\u00e3o, pois havia poucas dispon\u00edveis. Mas depois das confiss\u00f5es Padre Pio pegou as h\u00f3stias come\u00e7ou a entregar a Sagrada Comunh\u00e3o \u00e0s pessoas e ao t\u00e9rmino da celebra\u00e7\u00e3o sobraram muitas h\u00f3stias, mais do que eles tinham antes.\u00a0 <\/strong><\/td>\n<\/tr>\n<\/tbody>\n<\/table>\n<p><strong>\u00a0<\/strong><\/p>\n<table border=\"1\" cellspacing=\"1\">\n<tbody>\n<tr>\n<td><strong>Uma filha espiritual do Padre Pio estava lendo uma carta dele a beira de uma estrada. O vento fez a carta voar e rolar por uma ribanceira. A carta j\u00e1 estava longe quando deixou de voar e caiu e ficou presa numa pedra. Desse modo foi poss\u00edvel recuperar a carta. No dia seguinte ela encontrou com o Padre Pio que lhe disse: &#8220;Voc\u00ea tem que prestar mais aten\u00e7\u00e3o no vento da pr\u00f3xima vez. Se eu n\u00e3o tivesse posto meus p\u00e9s na carta ela teria se perdido\u201d.<\/strong><\/td>\n<\/tr>\n<\/tbody>\n<\/table>\n<p><strong>\u00a0<\/strong><\/p>\n<table border=\"1\" cellspacing=\"1\">\n<tbody>\n<tr>\n<td>Sra. Cleonice Morcaldi, filha espiritual do Padre Pio disse: &#8220;Durante a Segunda Guerra Mundial meu sobrinho estava prisioneiro. N\u00f3s n\u00e3o t\u00ednhamos recebido not\u00edcias durante um ano e todo mundo acreditou que ele havia morrido. Os Pais dele pensavam mesma coisa. Um dia a m\u00e3e dele foi ao Padre Pio e se ajoelhou em frente ao frade que estava no confession\u00e1rio e disse: &#8220;Por favor, diga-me se meu filho est\u00e1 vivo. Eu n\u00e3o vou embora se voc\u00ea n\u00e3o me falar. Padre Pio simpatizou-se com ela e tendo piedade de suas l\u00e1grimas disse: <strong>\u00a0<\/strong><strong>&#8220;Levante-se e fique tranq\u00fcila&#8221;. Alguns dias depois, eu n\u00e3o pude resistir\u00a0 diante da dor dos Pais, e assim decidi pedir um milagre para Padre Pio. Eu disse: &#8220;Padre, eu vou escrever uma carta a meu sobrinho Giovannino. Eu s\u00f3 escreverei o nome dele no envelope por que nos n\u00e3o sabemos onde ele est\u00e1. Voc\u00ea e seu Anjo da Guarda levar\u00e3o a carta at\u00e9 ele&#8221; Padre Pio n\u00e3o respondeu. Eu escrevi a carta\u00a0 e pus em minha mesa, de noite, para entrega-la na manh\u00e3 seguinte ao Padre Pio. Ao amanhecer para a minha grande surpresa e medo a carta n\u00e3o estava mais l\u00e1. Eu fui correndo at\u00e9 o Padre Pio para lhe agradecer e ele me disse: &#8220;D\u00ea gra\u00e7as a Nossa Senhora&#8221;. Quase quinze dias depois nosso sobrinho respondeu a carta. Ent\u00e3o toda nossa fam\u00edlia ficou contente, dando gra\u00e7as a Deus e ao Padre Pio\u201d. <\/strong><\/td>\n<\/tr>\n<\/tbody>\n<\/table>\n<p><strong>\u00a0<\/strong><\/p>\n<table border=\"1\" cellspacing=\"1\">\n<tbody>\n<tr>\n<td><strong>Durante a Segunda Guerra Mundial o filho de Sra. Luisa que era Oficial da Marinha brit\u00e2nica Real era motivo de angustia para a sua m\u00e3e, pois ela orava diariamente para o convers\u00e3o e salva\u00e7\u00e3o do seu filho. Um dia um viajante ingl\u00eas chegou a San Giovanni Rotondo, trazendo alguns jornais ingleses. Luisa quis ler os jornais. Ela leu not\u00edcias do afundamento do navio que o filho dela estava. Ela foi chorando ver o Padre Pio que a consolou imediatamente: \u201cQuem lhe falou que seu filho morreu? Na realidade Padre Pio p\u00f4de dizer exatamente o nome e o endere\u00e7o do hotel onde o jovem oficial estava, depois de ter escapado do naufr\u00e1gio no Atl\u00e2ntico. Ele estava no hotel a espera do novo cargo. Imediatamente Luisa lhe enviou uma carta e depois de 15 dias obteve uma resposta do seu filho\u201d.<\/strong><\/td>\n<\/tr>\n<\/tbody>\n<\/table>\n<p><strong>\u00a0<\/strong><\/p>\n<table border=\"1\" cellspacing=\"1\">\n<tbody>\n<tr>\n<td><strong>Havia uma tal mulher nobre e boa em San Giovanni Rotondo que o Padre Pio disse que era imposs\u00edvel, de achar qualquer falha em sua alma para perdoar. Em outras condi\u00e7\u00f5es; ela viveu para ir para o c\u00e9u. Ao t\u00e9rmino da Quaresma, Paulina, estava tremendamente doente. Os doutores n\u00e3o lhe deram esperan\u00e7as. O marido dela e as cinco crian\u00e7as deles foram para o convento rezar e pedir ajuda para Padre Pio. Duas das cinco crian\u00e7as correram em dire\u00e7\u00e3o ao Padre Pio chorando. O Padre Pio ficou perturbado; e ent\u00e3o tentou consol\u00e1-los prometendo que ia rezar para eles, nada mais!\u00a0 Alguns dias depois mais ou menos \u00e0s sete horas da manh\u00e3, as coisas mudaram. Na realidade ele pediu para Paulina, de forma que isto curou e ele disse-lhes: \u201cEla se recuperar\u00e1 no Dia da P\u00e1scoa. Mas durante a sexta-feira Santa, Paulina perdeu a consci\u00eancia, e ela logo depois no dia de s\u00e1bado havia entrado em estado de coma; finalmente, depois de algumas horas Paulina morreu. Alguns dos seus parentes levaram o vestido de noiva dela para vesti-la, isto de acordo com uma velha tradi\u00e7\u00e3o. Outros parentes correram para o convento para pedir um milagre ao Padre Pio. Ele lhes respondeu:\u201d Ela ressuscitar\u00e1 e foi para o altar para celebrar a Santa Missa. Quando o Padre Pio come\u00e7ou a cantar o Gl\u00f3ria e o som dos sinos que anunciam a ressurrei\u00e7\u00e3o de Cristo, ele deu um forte grito e os olhos dele estavam cheio de l\u00e1grimas. No mesmo momento ressuscitou Paulina e sem qualquer ajuda ela desceu da cama, se ajoelhou e orou tr\u00eas vezes o Credo. Ent\u00e3o eles se levantaram e sorriram. \u201cEla ressuscitou\u201d. Na realidade o Padre Pio n\u00e3o tinha dito, \u201cela ressuscitar\u00e1\u201d e sim \u201cela recuperar\u00e1\u201d. Quando eles lhe perguntaram que se passou durante o tempo que ela estava morta; ela respondeu: \u201cEu subi, eu subi, eu subi; at\u00e9 que eu entrei em uma grande luz, e de repente eu voltei\u201d.<\/strong><\/td>\n<\/tr>\n<\/tbody>\n<\/table>\n<p><strong>\u00a0<\/strong><\/p>\n<table border=\"1\" cellspacing=\"1\">\n<tbody>\n<tr>\n<td><strong>Testemunho de uma m\u00e3e: \u201cMinha primeira filha, nasceu em 1953 quando tinha um ano e meio; o Padre Pio salvou a sua vida em forma s\u00fabita e milagrosa. Na manh\u00e3 de 06 de Janeiro de 1955 meu marido e eu est\u00e1vamos na igreja assistindo \u00e0 Santa Missa e nossa filha estava em casa com o av\u00f4 dela. De repente um acidente aconteceu, e nossa filha se queimou com uma panela de \u00e1gua quente. A queimadura era t\u00e3o grande quanto s\u00e9ria; o atingiu desde est\u00f4mago at\u00e9 a parte de atr\u00e1s. O doutor recomendou para a hospitaliz\u00e1-la imediatamente; porque ela poderia morrer devido ao estado de gravidade suprema&#8230; Por isto ele n\u00e3o nos deu nenhum medicamento. Desesperada ao ver sofrendo a minha filha, nisso que o doutor se foi; eu invoquei fortemente o Padre Pio que entrevisse urgentemente. Enquanto eu estava pronta para lev\u00e1-la para o hospital, j\u00e1 era quase meio-dia; quando de repente a menina que estava s\u00f3 no quarto me chamou m\u00e3e, m\u00e3e olhe eu j\u00e1 n\u00e3o tenho nenhuma ferida\u201d. E quem desapareceu suas feridas? eu perguntei amedrontada e com grande curiosidade. Ela respondeu. \u201cM\u00e3e o Padre Pio veio, e ele curou minhas feridas pondo suas m\u00e3os sagradas em minha queimadura\u201d. Realmente para surpresa de todos, n\u00e3o havia nenhum sinal ou marca que havia alguma queimadura; o corpo de minha filha era totalmente saud\u00e1vel, e pensar que alguns minutos antes que o m\u00e9dico a condenou. <\/strong><\/td>\n<\/tr>\n<\/tbody>\n<\/table>\n<p><strong>\u00a0<\/strong><\/p>\n<table border=\"1\" cellspacing=\"1\">\n<tbody>\n<tr>\n<td><strong>Os camponeses de San Giovanni Rotondo se lembram com grande felicidade o evento seguinte: Estavam na primavera, as \u00e1rvores de am\u00eandoas floridas, enquanto estavam prometendo uma boa colheita. Mas infelizmente milh\u00f5es de lagartas vorazes chegaram e elas devoraram as folhas e as flores, n\u00e3o deixaram se quer as cascas. Depois de dois dias tentando parar aquela invas\u00e3o os camponeses estavam muito preocupados, porque para muitos deles as am\u00eandoas eram o \u00fanico recurso econ\u00f4mico &#8211; eles decidiram contar ao Padre Pio o problema. O Padre Pio teve uma bela vis\u00e3o das \u00e1rvores pela janela dele no convento e ele decidiu as aben\u00e7oar. Ele vestiu os vestu\u00e1rios sagrados e ele come\u00e7ou a rezar. Quando terminou, ele pegou a \u00e1gua benta e fez o sinal da Cruz, em dire\u00e7\u00e3o para as \u00e1rvores. Imediatamente as lagartas desapareceram, e no dia seguinte que as lagartas tinham desaparecido, as \u00e1rvores de am\u00eandoas, pareciam ter os brotos novamente. Era um desastre; a colheita estava perdida.\u00a0 O que aconteceu ent\u00e3o \u00e9 realmente incr\u00edvel!\u00a0 N\u00f3s tivemos a colheita mais abundante. Como \u00e9 poss\u00edvel que n\u00f3s tivemos uma colheita mais abundante a que aquelas que n\u00f3s normalmente tivemos? Nunca, em tempos normais n\u00f3s t\u00ednhamos tido uma colheita deste modo. Os cientistas nunca puderam dar uma explica\u00e7\u00e3o a este fen\u00f4meno.\u00a0 <\/strong><\/td>\n<\/tr>\n<\/tbody>\n<\/table>\n<p><strong>\u00a0<\/strong><\/p>\n<table border=\"1\" cellspacing=\"1\">\n<tbody>\n<tr>\n<td><strong>No jardim do convento eles tiveram v\u00e1rios tipos de \u00e1rvores; os ciprestes, algumas de fruta e algumas de espinho. Principalmente pelas tardes de ver\u00e3o, o Padre Pio desfrutava do clima, na sombra, junto com os amigos dele, e alguns convidados, uma vez, quando o Padre Pio estava falando com algumas pessoas, repentinamente muitos p\u00e1ssaros come\u00e7aram a cantar e fazer barulho \u00e0 sombra das \u00e1rvores. Os p\u00e1ssaros tinham composto uma sinfonia ali; Grackles, pardais, e outras esp\u00e9cies. O Padre Pio ficou aborrecido pela sinfonia, e olhando para os p\u00e1ssaros lhes falaram: \u201csilencio\u201d Naquele mesmo momento, os p\u00e1ssaros, os grilos e as cigarras estavam quietos.\u00a0 Pessoas que estavam no jardim, estava profundamente surpreso! Na realidade o Padre Pio tinha falado aos p\u00e1ssaros, igual a S\u00e3o Francisco.\u00a0 <\/strong><\/td>\n<\/tr>\n<\/tbody>\n<\/table>\n<p><strong>\u00a0<\/strong><\/p>\n<table border=\"1\" cellspacing=\"1\">\n<tbody>\n<tr>\n<td><strong>Outro testemunho, de um senhor que contou: \u201cMinha m\u00e3e vinha de Foggia e era um das primeiras filhas espirituais do Padre Pio. Ela tinha pedido para o Padre Pio a convers\u00e3o e a prote\u00e7\u00e3o\u201d de meu pai; quando em abril de 1945 eles iriam executa-lo. Ele estava na frente do pelot\u00e3o de tiroteio quando de repente pulou diante dele Padre Pio para proteg\u00ea-lo. O comandante do pelot\u00e3o deu a ordem de atirar; mas nenhum tiro foi disparado dos rifles dos sete membros do pelot\u00e3o e o comandante ficaram surpreendidos, eles verificaram seus rifles e n\u00e3o acharam nenhum problema. Assim o pelot\u00e3o; apontou para meu pai novamente, e o comandante pediu aos soldados dele para atirar novamente, E novamente acontece \u00e0 mesma coisa. Os rifles n\u00e3o trabalharam. Esta realidade misteriosa e inexplic\u00e1vel interrompeu a execu\u00e7\u00e3o. Meu pai voltou para casa e ele se converteu, ele recebeu os sacramentos sagrados em San Giovanni Rotondo quando fui agradecer Padre Pio. Deste modo minha m\u00e3e obteve os milagres que ela sempre tinha pedido ao Padre Pio: a convers\u00e3o do marido dela!\u00a0 <\/strong><\/td>\n<\/tr>\n<\/tbody>\n<\/table>\n<p><strong>\u00a0<\/strong><\/p>\n<table border=\"1\" cellspacing=\"1\">\n<tbody>\n<tr>\n<td><strong>Testemunho do Padre Honorato: \u201cEu entrei para San Giovanni Rotondo com um amigo em motocicleta. Eu cheguei para o convento alguns minutos antes do meio-dia. Dando meus cumprimentos ao superior, eu fui para a caixa de confiss\u00e3o cumprimentar o Padre Pio e beijar a m\u00e3o dele. Deveria ser se lembrado de que meu modelo de motocicleta foi chamado\u201d vespa &#8220;. Quando me viu o Padre Pio me falou: \u201ccansado pela viagem de vespa?\u201d Eu estava bastante surpreendido: na realidade o Padre Pio n\u00e3o me tinha visto quando eu cheguei para o convento, mas ele soube que tipo de transporte eu usei. A manh\u00e3 seguinte que n\u00f3s deixamos San Giovanni Rotondo com minha \u201cvespa\u201d e n\u00f3s partimos para San Miguel, a pr\u00f3xima cidade depois de\u00a0 San Giovanni Rotondo. O tanque de gasolina estava vazio, e n\u00f3s nos decidimos de ench\u00ea-lo em Monte San \u00c2ngelo. Mas assim que n\u00f3s alcan\u00e7amos aquela cidade pequena fomos deparados com um problema: todas as bombas de gasolina estavam fechadas. Desta forma, n\u00f3s decidimos voltar a San Giovanni Rotondo. Realmente esperamos achar algu\u00e9m na estrada que poderia nos dar um pouco de gasolina. No primeiro lugar eu estava angustiado por meus irm\u00e3os do convento, porque estava passando da hora do almo\u00e7o; coisa que n\u00e3o \u00e9 gentil&#8230; Mas sem a gasolina, para os poucos quil\u00f4metros, a moto come\u00e7ou a fazer um\u00a0 barulho e parou, verificamos o tanque, e estava vazio. Com tristeza eu contei a meu amigo que n\u00f3s s\u00f3 temos dez minutos para chegar para ao convento e almo\u00e7ar com nossos irm\u00e3os.N\u00e3o achamos nenhuma solu\u00e7\u00e3o, e por isto, meu amigo, deu um pontap\u00e9 no pedal. Incr\u00edvel! A motocicleta arrancou novamente! N\u00f3s empreendemos a viagem imediatamente a San Giovanni Rotondo sem desejar saber a raz\u00e3o porque a motocicleta tinha arrancado sem gasolina. Quando est\u00e1vamos chegando ao convento a motocicleta parou novamente. Destampamos o tanque e vimos que ele estava seco. Surpreendidos olhamos para nossos rel\u00f3gios: era dez minutos antes da hora do almo\u00e7o. Significou que n\u00f3s, n\u00f3s t\u00ednhamos coberto quinze quil\u00f4metros em uma m\u00e9dia de 180 quil\u00f4metros por hora. Sem a gasolina!\u201d.Eu entrei para o convento enquanto os irm\u00e3os estavam abaixando para o almo\u00e7o, e quando Fui procurar o Padre Pio, e ficamos olhando um para o outro e rindo.<\/strong><\/td>\n<\/tr>\n<\/tbody>\n<\/table>\n<p><strong>\u00a0<\/strong><\/p>\n<table border=\"1\" cellspacing=\"1\">\n<tbody>\n<tr>\n<td>Era o m\u00eas de maio em 1925.\u00a0 Uma mo\u00e7a, chamada Maria, teve um pequeno beb\u00ea, e sentia-o doente desde o seu nascimento, o que a deixava muito preocupada. Ap\u00f3s uma consulta ao m\u00e9dico, foi-lhe dito que a crian\u00e7a tinha uma doen\u00e7a muito complexa. N\u00e3o havia nenhuma esperan\u00e7a para o beb\u00ea: ele n\u00e3o poderia se recuperar. Ent\u00e3o, Maria decidiu ir de trem para a cidade de S\u00e3o Giovanni Rotondo. Mesmo vivendo em um pequeno povoado ao sul de Puglia (uma regi\u00e3o muito pobre no sul da It\u00e1lia), tinha ouvido alguns rumores em rela\u00e7\u00e3o ao padre Pio, um frade que apresentava os estigmas, como Jesus Cristo, e que fazia milares, recuperava os doentes e dava esperan\u00e7a para as pessoas deseperadas;<strong>\u00a0<\/strong> este relatos despertaram em Maria uma grande f\u00e9 e esperan\u00e7a, e imediatamente iniciou a viagem, mas durante o trajeto o beb\u00ea morreu. Ela velou aquele pequeno corpo a noite inteira e, ao amanhecer, colocou-o numa bolsa e fechou-a. Ap\u00f3s Maria ter perdido o filho, chegou ao convento de S\u00e3o Giovanni Rotondo. Ela n\u00e3o tinha mais nenhuma esperan\u00e7a! Mas n\u00e3o tinha perdido a f\u00e9. \u00c0 tarde, ap\u00f3s muitos esfor\u00e7os, estava em frente ao padre Pio. Conseguiu isto ficando na fila das pessoas que esperavam para confessar com o religioso. Continuava carregando a mala que continha o cad\u00e1ver do seu filho, que havia morrido h\u00e1 quase 24 horas. Maria ajoelhou-se diante do sacerdote, chorou deseperadamente suplicando ajuda ao padre Pio. Ele a olhou piedosamente. A m\u00e3e abriu a mala e mostrou o cad\u00e1ver de seu filho ao padre Pio. O pobre padre se condoeu profundamente com a tristeza daquela m\u00e3e. Ele tomou o pequeno corpo e p\u00f4s as m\u00e3os estigmatizadas na cabe\u00e7a do beb\u00ea, e ent\u00e3o orou voltado ao c\u00e9u. Depois de um tempo, a pobre criatura estava novamente viva. Um gesto, um movimento dos p\u00e9s, os bra\u00e7os&#8230; parecia que dormia e simplemente tinha acordado depois de um longo sono. Falando com a m\u00e3e ele disse: &#8220;M\u00e3e, por que voc\u00ea est\u00e1 chorando? Seu filho est\u00e1 dormindo!&#8221; A m\u00e3e e os gritos da multid\u00e3o encheram a igreja. Todo o mundo falava em milagre!<\/td>\n<\/tr>\n<\/tbody>\n<\/table>\n<p><strong>\u00a0<\/strong><\/p>\n<table border=\"1\" cellspacing=\"1\">\n<tbody>\n<tr>\n<td><strong>Um estanceiro saia muito tarde do convento, e quando se preparava para ir embora, notou que estava chovendo. Dirigiu-se ao padre Pio: \u201cEu n\u00e3o tenho guarda-chuva. Posso ficar aqui at\u00e9 de manh\u00e3? Se n\u00e3o puder ficar, vou me ensopar\u201d. &#8220;Eu sinto muito meu querido, n\u00e3o \u00e9 poss\u00edvel. Mas n\u00e3o se preocupe! Eu o acompanharei!&#8221;, respondeu-lhe padre Pio. O engenheiro pensou que teria sido muito melhor n\u00e3o fazer aquela penit\u00eancia, mas com a ajuda do padre Pio, a caminhada poderia ser menos rigorosa. Ent\u00e3o, ele colocou o seu chap\u00e9u e saiu para percorrer \u00e0 p\u00e9 as duas milhas entre o convento e o povoado. Mas, assim que saiu, percebeu com surpresa que n\u00e3o chovia mais. Havia somento uma garoa quando ele chegou na sua casa. \u201cMeu Deus\u201d, exclamou a sua mulher, que abriu a porta. \u201cVoc\u00ea deve estar molhado at\u00e9 os ossos!\u201d. \u201cNada\u201d, respondeu o estanceiro, \u201cn\u00e3o est\u00e1 chovendo\u201d. Os camponeses que l\u00e1 estavam olharam uns para os outros e confusos disseram: \u201cO que! N\u00e3o est\u00e1 chovendo mais? Est\u00e1 chovendo muito! Escute!\u201d. Eles abriram novamente a porta e estava chovendo torrencialmente. Comentaram que chovia h\u00e1 mais de uma hora ininterruptamente. \u201cComo voc\u00ea conseguiu vir para c\u00e1 sem estar molhado?\u201d perguntaram. O estanceiro respondeu: \u201cO padre Pio me falou que me acompanharia\u201d. Ent\u00e3o, os camponeses perceberam que tinha sido mais um milagre do padre Pio, e comentaram: \u201cAgora est\u00e1 tudo exclarecido\u201d. Dirigiram-se calmamente \u00e0 cozinha onde iriam jantar, quando a mulher disse: \u201cSem d\u00favida, a companhia do padre Pio \u00e9 muito melhor do que a de um guarda-chuva!\u201d.<\/strong><\/td>\n<\/tr>\n<\/tbody>\n<\/table>\n<p><strong>\u00a0<\/strong><\/p>\n<table border=\"1\" cellspacing=\"1\">\n<tbody>\n<tr>\n<td><strong>Um homem de Ascoli Piceno (uma cidade italiana) contou: \u201cL\u00e1 pelo final dos anos de 1950, eu fui para S\u00e3o Giovanni Rotondo com minha esposa para confessarmos e recebermos a absolvi\u00e7\u00e3o depois de cumprirmos a penit\u00eancia imposta pelo padre Pio. Anoitecia, e eu ainda estava no convento, quando encontrei o padre Pio, que disse: \u2018Voc\u00ea ainda est\u00e1 aqui?\u2019. \u2018Meu carango n\u00e3o deu partida\u2019, eu respondi. \u2018O que \u00e9 exatamente um carango\u2019, perguntou-me o padre Pio. <\/strong><strong>\u2018\u00c9 o meu carro\u2019, respondi. \u2018Vamos dar uma olhadinha\u2019, disse-me. Quando chegamos ao autom\u00f3vel, ele deu partida imediatamente sem qualquer problema. Eu e minha mulher viajamos toda a noite e, na manh\u00e3 seguinte, eu levei meu carro ao mec\u00e2nico para dar uma verificada. O mec\u00e2nico, depois de fazer os testes, disse que o sistema el\u00e9trico do carro estava completamente fora de uso, e n\u00e3o acreditou quando eu lhe falei que tinha viajado com o carro a noite inteira. Na realidade, era imposs\u00edvel cobrir 400 quilometros, entre San Giovanni Rotondo e Ascoli Piceno, com o carro naquele estado. Eu logo percebi: padre Pio tinha me ajudado e, assim, eu lhe agradeci mentalmente\u201d.<\/strong><\/td>\n<\/tr>\n<\/tbody>\n<\/table>\n<p><strong>\u00a0<\/strong><\/p>\n<table border=\"1\" cellspacing=\"1\">\n<tbody>\n<tr>\n<td>N\u00e3o era necess\u00e1rio repetir a mesma pergunta a padre Pio, mesmo que mentalmente. O marido de uma boa mulher estava muito doente. A senhora corre para o convento, mas ela se perguntava: &#8220;Como chegar ao padre Pio?\u201d Ela teria que esperar pelo menos tr\u00eas dias se quisesse conhec\u00ea-lo para uma confiss\u00e3o. Assim, durante a missa ela caminhava de um lado para o outro, contando para Nossa Senhora das Gra\u00e7as qual era o seu problema e pedindo, ao mesmo tempo, a ajuda do padre Pio. Assim, ap\u00f3s o t\u00e9rmino da missa, cruzou novamente a igreja para falar com o padre Pio. Alcan\u00e7ou-o, finalmente, num corredor onde ele normalmente passava. Ao v\u00ea-la, padre Pio disse: &#8220;Mulher com pouca f\u00e9, quando voc\u00ea vai parar de me pedir ajuda? Voc\u00ea pensa que eu sou surdo? Voc\u00ea j\u00e1 me falou isto cinco vezes quando voc\u00ea estava na minha frente, atr\u00e1s de mim, do meu lado direitoo e do meu lado esquerdo. Eu entendi! Eu entendi!&#8230; V\u00e1 para casa! Tudo est\u00e1 bem\u201d. De fato, ela encontrou o seu marido curado.<\/td>\n<\/tr>\n<\/tbody>\n<\/table>\n<p><span style=\"color: #800000;font-size: x-large\"><strong>Conhecimento sobrenatural<\/strong><\/span><\/p>\n<p><span style=\"color: #800000;font-size: x-large\"><img loading=\"lazy\" decoding=\"async\" src=\"http:\/\/www.adf.org.br\/home\/wp-content\/uploads\/2009\/10\/PadrePioMissa51.jpg\" alt=\"\" width=\"250\" height=\"367\" \/><img loading=\"lazy\" decoding=\"async\" src=\"http:\/\/t1.gstatic.com\/images?q=tbn:T7TxaFDxhLRrmM:http:\/\/reporterdecristo.com\/wp-content\/uploads\/2010\/08\/PadrePioMissa4.jpg&amp;t=1\" alt=\"\" width=\"183\" height=\"180\" \/><\/span><\/p>\n<p>Muitos Santos da Igreja cat\u00f3lica possu\u00edram o carisma que lhes permitia saber coisas distantes, ver o futuro ou ver e sentir a dist\u00e2ncia, enquanto usando os dons e as habilidades intelectuais normais deles. Padre Pio teve o carisma do conhecimento sobrenatural e ele poderia olhar de fato em uma pessoa e alcan\u00e7ar as partes mais secretas da alma. Muitos testemunhos existem neste carisma de padre Pio.\u00a0<\/p>\n<table border=\"1\" cellspacing=\"1\">\n<tbody>\n<tr>\n<td><strong>Uma mulher da Bolonha disse: &#8220;Uma vez minha m\u00e3e foi Pe. Pio com alguns dos amigos dela. Ela se encontrou com Pe. Pio assim que ele chegasse a San Giovanni Rotondo, na sacristia do convento. Pe. Pio lhe falou: &#8220;Por que voc\u00ea est\u00e1 aqui? V\u00e1 para casa, seu marido est\u00e1 doente&#8221;. Minha m\u00e3e pensou <\/strong><strong>que ele tinha deixado o marido dele em condi\u00e7\u00e3o boa. De qualquer maneira ela voltou pegando o primeiro trem para casa. Quando ela chegou a casa que ela perguntou pelo sa\u00fade de meu pai: n\u00e3o havia nenhuma not\u00edcia de melhora. Mas durante a noite meu pai teve dificuldades respirat\u00f3rias s\u00e9rias. Algo o apertou na garganta. \u00c0 noite, aos onze da noite, meu pai foi hospitalizado, e ele foi levado com urg\u00eancia ao centro cir\u00fargico. O cirurgi\u00e3o que o operou, extraiu pelo menos dele duas bacias de pus da garganta. Ent\u00e3o Pe. Pio tinha visto o que ia acontecer ao marido da senhora com anteced\u00eancia e, com a sugest\u00e3o dele e a ora\u00e7\u00e3o dele ele tinha tido influenciando na solu\u00e7\u00e3o problema de sa\u00fade do marido da minha m\u00e3e.\u00a0 <\/strong><\/td>\n<\/tr>\n<\/tbody>\n<\/table>\n<p><strong>\u00a0<\/strong><\/p>\n<table border=\"1\" cellspacing=\"1\">\n<tbody>\n<tr>\n<td><strong>O filho espiritual do Pe. Pio que morou em Roma, enquanto estando junto com alguns amigos, omitiu por vergonha fazer o que ele normalmente faria, quando passa-se por de uma Igreja, uma rever\u00eancia pequena, o sinal da cruz em considera\u00e7\u00e3o a Jesus. De repente ele ouviu a voz de Pe. Pio que disse: \u201cCovarde!\u201d Depois que alguns dias que ele foi para St. Giovanni Rotondo, lhe foi reprovado por Pe. Pio: &#8220;Tenha cuidado &#8211; Pe. Pio disse\u201deste tempo eu s\u00f3 o adverti, mas da pr\u00f3xima vez eu lhe darei um tapa\u201d <\/strong><\/td>\n<\/tr>\n<\/tbody>\n<\/table>\n<p><strong>\u00a0<\/strong><\/p>\n<table border=\"1\" cellspacing=\"1\">\n<tbody>\n<tr>\n<td><strong>Um dia, para o p\u00f4r-do-sol, que Pe. Pio estava no jardim do convento. Ele estava conversando agradavelmente com alguns crentes e filhos espirituais, quando ele percebeu por n\u00e3o ter com ele o len\u00e7o. Ent\u00e3o ele se dirigiu a um dos presentes e lhe falou: \u201cPor favor, aqui esta a chave de minha cela, vai l\u00e1 e leva o len\u00e7o.\u201d O homem foi para a cela, mas, al\u00e9m do len\u00e7o, ele levou uma das meio luvas de Pe. Pio e a p\u00f4s no bolso dele. Na realidade ele n\u00e3o p\u00f4de deixar a chance fosse perdida, de levar uma rel\u00edquia! Mas quando voltou para o jardim e deu o len\u00e7o, Pe. Pio lhe falou: \u201cObrigado, mas agora voc\u00ea retorne na minha cela e ponha novamente na gaveta a meia luva que p\u00f4s em seu bolso.\u201d <\/strong><\/td>\n<\/tr>\n<\/tbody>\n<\/table>\n<p><strong>\u00a0<\/strong><\/p>\n<table border=\"1\" cellspacing=\"1\">\n<tbody>\n<tr>\n<td><strong>Uma senhora ajoelhava-se em frente \u00e0 fotografia de um Pe. Pio todas as noites, antes de ir para cama, pedia a b\u00ean\u00e7\u00e3o dele. O marido dela que era cat\u00f3lico, mas, acreditou que o gesto\u00a0 era um exagero, e ria destes gestos de sua esposa, e a recriminava. Uma vez ele contou para Pe. Pio sobre o h\u00e1bito da esposa e o que fazia: \u201cTodas as noites minha esposa ajoelha em frente a sua fotografia e lhe pede que a \u201caben\u00e7oe\u201d. Pe. Pio lhe respondeu: &#8220;Eu sei, eu sei&#8230; e voc\u00ea come\u00e7a a ri.&#8221;\u00a0 <\/strong><\/td>\n<\/tr>\n<\/tbody>\n<\/table>\n<p><strong>\u00a0<\/strong><\/p>\n<table border=\"1\" cellspacing=\"1\">\n<tbody>\n<tr>\n<td><strong>Um homem era um bom cat\u00f3lico, e ele era estimado e apreciado nos ambientes da Igreja. Uma vez ele foi confessar-se a Pe. Pio. Considerando que ele quis justificar o seu pecado, ele come\u00e7ou falando sobre uma &#8220;crise espiritual&#8221;. De fato ele viveu no pecado. Na realidade depois de casado, ele vinha negligenciando sua esposa, tentando superar a crise junto com outra mulher. Infelizmente ele n\u00e3o p\u00f4de imaginar ficar um confessor &#8220;anormal&#8221; na frente. Na realidade Pe. Pio se levantou de repente e gritou: \u201c&#8230; mas que tipo de crise espiritual! Voc\u00ea \u00e9 um mentiroso e Deus est\u00e1 bravo com voc\u00ea. V\u00e1 embora!\u201d<\/strong><\/td>\n<\/tr>\n<\/tbody>\n<\/table>\n<p><strong>\u00a0<\/strong><\/p>\n<table border=\"1\" cellspacing=\"1\">\n<tbody>\n<tr>\n<td><strong>Um cavalheiro contou: &#8220;Eu tinha decidido deixar de fumar e oferecer para este pequeno sacrif\u00edcio a Pe. Pio. Desde ent\u00e3o, todas as noites, com o pacote intato de cigarros em minha m\u00e3o, eu fiquei em frente \u00e0 sua imagem, lhe falando: Pai&#8230; tem um anos&#8230; \u201cO segundo dia: \u201cPai, tem dois anos&#8230; \u201c\u00a0 Tr\u00eas meses depois, eu fui para San Giovanni Rotondo, para ver Pe. Pio depois de fazer a mesma coisa todas as noites. &#8220;Pai&#8221;, eu lhe diria assim que eu o vise, \u201cs\u00e3o 81 dias que eu n\u00e3o fumo, 81 pacotes&#8230; \u201c. E Pe. Pio disse: \u201cEu sei de tudo. Como voc\u00ea saiba, voc\u00ea me fez contar os pacotes todas as noites.\u201d\u00a0\u00a0 <\/strong><\/td>\n<\/tr>\n<\/tbody>\n<\/table>\n<p><strong>\u00a0<\/strong><\/p>\n<table border=\"1\" cellspacing=\"1\">\n<tbody>\n<tr>\n<td><strong>Um motorista do \u00f4nibus que transportou alguns turistas em viagem no Gargano, estava na sacristia a esperar, para regressar, quando Pe. Pio veio. O motorista do \u00f4nibus que estava no meio do grupo, de cerca de dez pessoas, foi notado por Pe. Pio que lhe falou: &#8220;Filho, voc\u00ea n\u00e3o pede uma b\u00ean\u00e7\u00e3o sequer? &#8220;. O motorista, pasmo, saiu do grupo e ele ajoelhou-se para receber a b\u00ean\u00e7\u00e3o de Pe. Pio. Mas Pe. Pio em vez do aben\u00e7oar, ele lhe perguntou: &#8220;Assim, o que o tem preocupado? \u201cNada o Pai, eu queria qualquer coisa. Eu confessei quando eu fui ao Monte Sant&#8217;Angelo e eu assisti \u00e0 Missa, at\u00e9 mesmo com os turistas eu estou guiando\u201d. \u201cE depois?\u201d \u201cEu comprei alguns objetos de religiosos\u201d. &#8220;N\u00e3o, eles n\u00e3o foram as imagens santas para lhe\u00a0 amaldi\u00e7oar, mas os doces&#8230; &#8220;. O motorista surpreendido se lembrou que depois que a Missa que ele tinha amaldi\u00e7oado porque o n\u00famero dos torrones comprados resultou ser inferior \u00e0 quantidade de turistas. O motorista, mortificou, tentou dizer algo mas Pe. Pio o puxando para longe do grupo e disse: &#8220;N\u00e3o \u00e9 bastante: na estrada, vindo a St. Giovanni Rotondo, voc\u00ea tem praguejado e ofendido,\u00a0 n\u00e3o se manteve direito.&#8221;\u00a0 O motorista que tinha respondido que para ele fazer qualquer coisa, come\u00e7ou a fazer um ato de contri\u00e7\u00e3o&#8221;.\u00a0 <\/strong><\/td>\n<\/tr>\n<\/tbody>\n<\/table>\n<p><strong>\u00a0<\/strong><\/p>\n<table border=\"1\" cellspacing=\"1\">\n<tbody>\n<tr>\n<td><strong>Uma senhora que era da Inglaterra foi para o confession\u00e1rio, mas Pe. Pio fechou a janela do confessional: &#8220;Eu n\u00e3o estou dispon\u00edvel para voc\u00ea.&#8221; Por que Pe. Pio n\u00e3o a quis confessar? Aquela mulher regressava todos os dias durantes duas semanas. Durante estas semanas ela tentou ser escutada por Pe. Pio no confession\u00e1rio. Finalmente Pe. Pio a confessou. Ent\u00e3o perguntou para Pe. Pio, por qual raz\u00e3o ele a tinha feito esperar todo aquelo tempo, Pe. Pio respondeu: &#8220;E voc\u00ea? Quanto tempo voc\u00ea deixou nosso Deus esperar? Voc\u00ea deveria desejar saber como o Jesus poderia o dar-lhe boas-vindas, depois que voc\u00ea cometesse tantos sacril\u00e9gios. Voc\u00ea comeu sua ora\u00e7\u00e3o durante anos, ao lado de seu marido e sua m\u00e3e, que voc\u00ea recebeu a Sagrada comunh\u00e3o em pecado mortal.&#8221; A mulher, ficou atordoada, e recebeu a absolvi\u00e7\u00e3o chorando. Quando, alguns dias depois ela partiu para a Inglaterra, ela estava muito contente.\u00a0 <\/strong><\/td>\n<\/tr>\n<\/tbody>\n<\/table>\n<p><strong>\u00a0<\/strong><\/p>\n<table border=\"1\" cellspacing=\"1\">\n<tbody>\n<tr>\n<td><strong>Um homem contou: &#8211; &#8220;Uma vez eu comi muitos figos. Eu tive uma d\u00favida disto. &#8220;Eu cometi um pecado da gula &#8211; eu pensei &#8211; para qual amanh\u00e3, sendo meu dia de confiss\u00e3o com Pe. Pio, eu confessarei isto.&#8221; O dia seguinte, eu estava entrando lentamente na estrada do convento, eu fiz o exame de consci\u00eancia. O pecado da gula n\u00e3o me veio a lembran\u00e7a. Eu me confessei mas antes de concluir a confiss\u00e3o, antes da absolvi\u00e7\u00e3o, eu falei para Pe. Pio: &#8220;Eu penso que estou esquecendo de uma culpa, talvez o mais s\u00e9rio, mas eu n\u00e3o me recordo disto&#8221;. n\u00e3o &#8220;preocupe&#8221; &#8211; ele me respondeu sorrindo &#8211; &#8220;para dois figos &#8220;.\u00a0 <\/strong><\/td>\n<\/tr>\n<\/tbody>\n<\/table>\n<p><strong>\u00a0<\/strong><\/p>\n<table border=\"1\" cellspacing=\"1\">\n<tbody>\n<tr>\n<td><strong>Deus v\u00ea tudo e n\u00f3s teremos que Lhe dar uma resposta para tudo. Os espet\u00e1culos de hist\u00f3ria seguintes que Deus sabe nossos pensamentos mais escondidos at\u00e9 mesmo. Um homem, em 1920 foi para o convento dos capuchinhos para confessar-se com Pe. Pio. Ele n\u00e3o era um grande penitente, como tantos outros. Ele pensava que tudo se excluiria no perd\u00e3o. Pertencendo a uma gangue de criminosos inveterados, este homem decidiu dar fim a sua esposa e juntar-se a uma outra mulher. Ele queria matar sua esposa e ao mesmo tempo ter um \u00e1libi. Ele sabia que sua esposa era devota de um Monge que vivia em uma pequena cidade do Gargano.\u00a0 Ningu\u00e9m o conhecia l\u00e1, e ele poderia p\u00f4r o plano homicida em a\u00e7\u00e3o. Um dia ele a convence com uma desculpa para ir junto com ela. Quando eles chegaram l\u00e1, ele a convidou a visitar aquele homem de quem todo o mundo fala tanto.\u00a0 Ele deixou s\u00f3 a esposa um Hotel da cidade, e s\u00f3 para o convento por reservar a confiss\u00e3o. Quando a esposa dele for falar com o monge ele ter\u00e1 um \u00e1libi na cidade. Procurou um bar e convidou alguns dos clientes a beber com ele. Depois, com uma desculpa sairia e mataria a esposa ele saindo da confiss\u00e3o. Tudo ao redor do convento \u00e9 rural e na luz l\u00e2nguida da noite ningu\u00e9m reconhecer\u00e1 qualquer coisa, at\u00e9 mesmo algu\u00e9m que enterra um corpo morto. Ent\u00e3o ele poderia voltar para o bar e continuar bebendo com os companheiros. O plano estava perfeito, mas, ele n\u00e3o\u00a0 imaginava enquanto planejava o homic\u00eddio, que algu\u00e9m estaria escutando. Quando ele chegou ao convento que ele viu Pe. Pio, que estava confessando. Neste momento ele teve um impulso, ajoelhou-se em frente ao confession\u00e1rio de Pe. Pio, mesmo n\u00e3o tendo ainda cometido o homic\u00eddio. Ele mal terminou o sinal da Cruz, ouviu uivos inconceb\u00edveis que sa\u00edam do confession\u00e1rio: &#8220;V\u00e1 embora! V\u00e1 embora! V\u00e1 embora! Voc\u00ea n\u00e3o sabe que era proibido para matar algu\u00e9m? &#8211; V\u00e1 embora! V\u00e1 embora! &#8221; &#8211; Ent\u00e3o Pe. Pio o levou pelo bra\u00e7o e o despachou. O homem estava atordoado, incr\u00e9dulo, desanimado. O homem corre para fora do mosteiro onde, ele caiu pr\u00f3ximo a um pedregulho, com a face na lama, e ele reconhece os horrores de sua vida, cheia de pecado. Em um tempo ele v\u00ea todo sua exist\u00eancia e, entre tormentos da mente, ele entende a maldade que tencionava cometer. Atormentado na profundidade do cora\u00e7\u00e3o, volta a Igreja e pede Pe. Pio para o confessar. Pe. Pio o concedeu a confiss\u00e3o, com do\u00e7ura infinita fala-lhe como tivesse o conhecido por muito tempo. O bastante para o ajudar a n\u00e3o esquecer nada daquela vida perdida, Pe. Pio o lista o momento-por-momento de vida dele, pecado depois de pecado, crime depois de crime com abund\u00e2ncia de detalhes. Ele alcan\u00e7a o \u00faltimo difamat\u00f3rio intencional matar a esposa dele. O homem escuta Pe. Pio que fala sobre o poss\u00edvel homic\u00eddio s\u00f3 ele conhecia na mente dele e que nenhuma outra sabia. Esvaziando, mas finalmente livre, ele se lan\u00e7a aos p\u00e9s do monge e ele que aben\u00e7oa. Mas ainda n\u00e3o acabara. Ao t\u00e9rmino da confiss\u00e3o, Pe. Pio lhe falou: &#8220;Voc\u00ea desejou ter algumas crian\u00e7as, n\u00e3o os tenha? &#8211; &#8220;Bem, n\u00e3o ofenda Deus mais e voc\u00ea ter\u00e1 uma crian\u00e7a!&#8221;. Aquele homem voltara exatamente depois um ano a Pe. Pio, totalmente convertido, e ele se tornou pai de uma crian\u00e7a que nasceu pela mesma esposa que ele quis matar.<\/strong><\/td>\n<\/tr>\n<\/tbody>\n<\/table>\n<p><strong>\u00a0<\/strong><\/p>\n<table border=\"1\" cellspacing=\"1\">\n<tbody>\n<tr>\n<td>O padre Guardi\u00e3o do convento de S\u00e3o Giovanni Rotondo contou: &#8211; &#8220;Certo dia, um comerciante de Pisa veio pedir ao Padre Pio para curar sua filha. O padre fixou-o e disse: &#8220;Tu est\u00e1s mais doente a que tua filha. Eu te vejo morto&#8221;. &#8220;N\u00e3o \u00e9 poss\u00edvel,\u00a0 eu estou muito bem&#8221;&#8230; &#8211; &#8220;Infeliz!\u201dGritou o Padre Pio &#8211; &#8220;Desgra\u00e7ado!\u201d Como pode dizer que est\u00e1s bem com tantos pecados na consci\u00eancia? \u00a1\u201cVejo pelo menos trinta e dois&#8221;!\u00a0 Imagine o susto do comerciante. Depois da confiss\u00e3o ele contou a\u00a0 todos os que quisessem escutar: \u00a1&#8221;Ele j\u00e1 sabia tudo e me disse tudo&#8221;!<\/td>\n<\/tr>\n<\/tbody>\n<\/table>\n<p><strong>\u00a0<\/strong><\/p>\n<table border=\"1\" cellspacing=\"1\">\n<tbody>\n<tr>\n<td>Um sacerdote contou, um fato ocorrido com um dos seus confrades, que veio de muito longe para se confessar com o Padre Pio. Ele teve que esperar muitas horas em Bolonha. Depois da confiss\u00e3o, o Padre Pio lhe perguntou: &#8220;Meu Filho, lembra daquilo?&#8221; \u2013 \u201cN\u00e3o, Padre!\u201d \u2013 \u201cVamos, pense um pouco&#8230;\u201d &#8211; Este examinou sua consci\u00eancia, por\u00e9m n\u00e3o encontrou nada. Ent\u00e3o o Padre Pio lhe disse com extrema do\u00e7ura: \u201cMeu filho, ontem quando voc\u00ea chegou \u00e0s 5:00 da manh\u00e3 em Bolonha, as Igrejas ainda estavam fechadas. Por\u00e9m, voc\u00ea inv\u00e9s de esperar, resolveu ir para um hotel descansar um pouco antes da Missa. Deitou na cama e dormiu t\u00e3o profundamente que s\u00f3 veio despertar as 3:00 da tarde. \u00c0quela hora, era muito tarde para celebrar a missa. Eu sei, que voc\u00ea n\u00e3o fez por maldade, por\u00e9m foi uma neglig\u00eancia que feriu a nosso Deus\u201d.<\/td>\n<\/tr>\n<\/tbody>\n<\/table>\n<p><strong>\u00a0<\/strong><\/p>\n<table border=\"1\" cellspacing=\"1\">\n<tbody>\n<tr>\n<td>No tempo em que grandes multid\u00f5es recorriam ao Padre Pio, foram enviados ao convento\u00a0 dois guardas civis que sempre o protegeram. Certo dia, na Sacristia, enquanto ele retirava-se, antes da celebra\u00e7\u00e3o da Santa Missa, o Padre se dirigiu sorrindo a um dos guardas civis: &#8220;Assim que terminar a celebra\u00e7\u00e3o, depois dos agradecimentos, venha aos meus aposentos, pois tenho que falar contigo&#8221;. O guarda civil se alegrou, e esperou\u00a0 que o Padre acabara e logo o procurou. &#8220;Sente-se&#8221;, disse o Padre Pio, &#8220;Daqui a oito dias voc\u00ea ir\u00e1 \u00e0\u00a0 casa de teu pai e l\u00e1 morrer\u00e1s, meu filho&#8221;. \u201cMas Padre, eu estou me sentindo muito bem&#8221;, disse o guarda civil. &#8220;N\u00e3o te preocupes&#8221;, acrescentou o capuchinho. &#8220;Voc\u00ea estar\u00e1 melhor se morreres em oito dias\u201d.Pois, o que \u00e9 esta vida? Uma romaria; estamos num trem! Pe\u00e7a licen\u00e7a a teu superior e v\u00e1 a tua casa despedir-se dos seus parentes, pois ir\u00e1 morrer. Porque se ficar aqui, voc\u00ea morrer\u00e1 e seus parentes n\u00e3o saber\u00e3o&#8221;. O guarda civil, transtornado com estas palavras perguntou: &#8220;Padre, posso contar o que voc\u00ea me disse?\u201d \u201c N\u00e3o, agora n\u00e3o, disse o Padre, s\u00f3 falar\u00e1s quando estiver em casa&#8221;. O jovem pediu uma licen\u00e7a para ir para sua casa. Mas, n\u00e3o quiseram conceder-la porque n\u00e3o havia nenhuma justificativa adequada, por\u00e9m pela intercess\u00e3o do\u00a0 Padre Pio, o guarda civil conseguiu a licen\u00e7a. chegando em casa o guarda civil contou a seus pais: &#8220;O Padre Pio me disse que eu irei morrer, ent\u00e3o vim para despedir-me de voc\u00eas&#8221;. Depois de oito dias o guarda civil morreu.\u00a0<\/td>\n<\/tr>\n<\/tbody>\n<\/table>\n<p><strong>\u00a0<\/strong><\/p>\n<table border=\"1\" cellspacing=\"1\">\n<tbody>\n<tr>\n<td>Os religiosos do convento de Venafro, que hospedaram o Padre Pio por algum tempo, foram testemunhas de vis\u00f5es e de outros fen\u00f4menos inexplic\u00e1veis. Quando esteve gravemente enfermo, o Padre Pio demonstrou estar em absoluta capacidade de ler os pensamentos das pessoas. Certo dia, o Padre Agostino foi\u00a0 visitar-lo. &#8220;Esta manh\u00e3 fa\u00e7a uma ora\u00e7\u00e3o particular por mim&#8221;, disse o Padre Pio. Indo para a Igreja, o Padre Agostino decidiu rezar de maneira muito especial pelo frei durante a Santa Missa, por\u00e9m logo depois ele\u00a0 esqueceu.\u00a0 O Padre Pio lhe perguntou: \u201cH\u00e1 rezado por mim?&#8221; \u201cEsqueci!\u201d. Disse o Padre Agostino. Ent\u00e3o o Padre Pio respondeu: &#8220;Menos mal que o bom Deus, aceitou o prop\u00f3sito que voc\u00ea tinha quando desceu as escadas\u201d.<\/td>\n<\/tr>\n<\/tbody>\n<\/table>\n<p><strong>\u00a0<\/strong><\/p>\n<table border=\"1\" cellspacing=\"1\">\n<tbody>\n<tr>\n<td>Certa vez, estando o Padre Pio ocupado, um\u00a0 homem solicita, insistentemente, a confiss\u00e3o dos seus pecados. O padre Pio levanta a cabe\u00e7a e responde: \u201cEste homem fez Deus esperar por ele vinte e cinco anos para se confessar e, ele n\u00e3o pode me esperar por cinco minutos?\u201d Este fato foi averiguado e foi comprovado que \u00e9 verdadeiro.\u00a0<\/td>\n<\/tr>\n<\/tbody>\n<\/table>\n<p><strong>\u00a0<\/strong><\/p>\n<table border=\"1\" cellspacing=\"1\">\n<tbody>\n<tr>\n<td>O esp\u00edrito prof\u00e9tico do Padre Pio nos chegou pelo Padre Carmelo Durante, que era Superior do Convento de S\u00e3o Giovanni Rotondo, por este testemunho: &#8220;Durante a \u00faltima guerra mundial, diariamente, fal\u00e1vamos das barulhentas vit\u00f3rias militares da Alemanha em todas as frentes de batalha. Lembro que numa manh\u00e3 na sala do convento, eu estava lendo um jornal, que trazia a not\u00edcia de que as tropas alem\u00e3s estavam indo em dire\u00e7\u00e3o a Moscou. Era para mim uma not\u00edcia importante, pois tratava-se do final da guerra com a vit\u00f3ria final da Alemanha: Saindo fora no corredor, encontrei o\u00a0 venerado Padre Pio, muito feliz, gritei: Padre, a guerra terminou! A Alemanha venceu!\u00a0\u00a0. &#8211; &#8220;O que foi que voc\u00ea disse?\u201d\u00a0 perguntou o Padre Pio &#8211; &#8220;Padre, o jornal disse\u2026.&#8221; Ent\u00e3o o Padre Pio exclamou: \u201cA Alemanha venceu a guerra?! A Alemanha, desta vez, perder\u00e1 a guerra, pior do que a outra vez. N\u00e3o esque\u00e7a!&#8221; &#8211; Eu repeti: &#8220;Padre, os alem\u00e3es j\u00e1 est\u00e3o pr\u00f3ximos de Moscou, por tanto&#8230;\u201d Ele acrescentou: &#8220;Lembra-te do que eu te disse!\u201d. Eu continuei:\u00a0 \u201cMas se Alemanha perde a guerra, a It\u00e1lia tamb\u00e9m a perder\u00e1!\u201d. &#8211; Ent\u00e3o Ele, respondeu: \u201cJ\u00e1 veremos se eles v\u00e3o acabar juntos&#8221;. Aquelas palavras eram completamente confusas, se lev\u00e1ssemos em conta a alian\u00e7a It\u00e1lia-Alemanha, por\u00e9m ficaram claras, no ano seguinte, depois da tr\u00e9gua com os anglo-americanos de 8 de setembro de 1943, com a declara\u00e7\u00e3o da guerra entre a\u00a0 It\u00e1lia e a Alemanha.<\/td>\n<\/tr>\n<\/tbody>\n<\/table>\n<p><strong>\u00a0<\/strong><\/p>\n<table border=\"1\" cellspacing=\"1\">\n<tbody>\n<tr>\n<td>Uma senhora contou que: &#8220;Participou de uma viaje organizada pela Par\u00f3quia de S\u00e3o Giovanni Rotondo com o objetivo de conhecer\u00a0 o Padre Pio, no ano de 1961. No \u00f4nibus tur\u00edstico um senhor, em alta voz, de repente disse: &#8220;Minha mulher queria que eu a acompanhasse numa visita a este &#8220;mentiroso&#8221;. A refer\u00eancia ao querido Padre foi evidente. Tive um aperto no cora\u00e7\u00e3o por causa daquele insulto. Quando\u00a0 chegaram em S\u00e3o Giovanni Rotondo; foram em seguida para a Igreja\u00a0 participar da\u00a0 Santa Missa. Quando terminou o\u00a0 Padre Pio passou no meio dos\u00a0\u00a0 romeiros, chegou pr\u00f3ximo de n\u00f3s e parou em frente daquele senhor que no \u00f4nibus\u00a0 tinha falado mal dele lhe disse: &#8220;Venha aqui! Fique em frente deste impostor&#8221;. O homem ficou p\u00e1lido, se ajoelhou e, gaguejando, conseguiu dizer somente: &#8220;Me perdoe, Padre! Me perdoe!&#8221;, ent\u00e3o o Padre Pio p\u00f4s a m\u00e3o na cabe\u00e7a dele e, aben\u00e7oando-o, acrescentou: &#8220;Levante-te, eu te perd\u00f4o&#8221;. Aquele senhor se converteu no mesmo instante, entre a admira\u00e7\u00e3o e a como\u00e7\u00e3o de todos.\u00a0<\/td>\n<\/tr>\n<\/tbody>\n<\/table>\n<p><strong>\u00a0<\/strong><\/p>\n<table border=\"1\" cellspacing=\"1\">\n<tbody>\n<tr>\n<td>Uma senhora contou que: &#8211; &#8220;No ano 1945 sua m\u00e3e a levou em S\u00e3o Giovanni Rotondo para que conhecesse ao Padre Pio pessoalmente e se confessasse com ele. Enquanto esperava a sua vez, pois tinha muita gente, pensava em tudo o que tinha que dizer ao Padre. Por\u00e9m quando estava na sua presen\u00e7a, ficou paralisada. O Padre Pio em seguida se deu conta da sua timidez e, com um sorriso lhe disse: &#8220;Voc\u00ea quer que eu fale por ti?&#8221;. Ela consentiu por meio de um sinal e, depois de algum instante, ficou pasma. \u201cN\u00e3o pude acreditar!\u201dO Padre Pio disse, palavra por palavra, tudo o que ela havia querido dizer-lhe. Ela se sentiu tranq\u00fcila, serena e mentalmente deu gra\u00e7as ao venerado Padre por obsequiar-la com esta experi\u00eancia de seu extraordin\u00e1rio carisma. Ela confiou\u00a0 a sa\u00fade da sua alma do seu corpo. Ele respondeu: \u201cSempre serei teu pai espiritual&#8221;. Ela se despediu dele com uma imensa alegria no cora\u00e7\u00e3o. Enquanto regressava de trem, sentiu um intenso perfume de flores do qual nunca esqueceu Era a presen\u00e7a do Padre Pio que a\u00a0 encheu de felicidade.\u00a0<\/td>\n<\/tr>\n<\/tbody>\n<\/table>\n<p>\u00a0<\/p>\n<p><strong>\u00a0<\/strong><strong>Padre Pio tinha poderes para\u00a0 reconhecer se um homem era um Padre e se os objetos que lhe<\/strong><strong> apresentavam j\u00e1 tinham sido aben\u00e7oados. . O fen\u00f4meno de &#8220;ierognosia&#8221; estava entre tantos outros carismas que o\u00a0 Padre Pio possu\u00eda. Um dia um cavalheiro que usava\u00a0 jaqueta amarra e\u00a0 arqueja, estava na sacristia junto com\u00a0\u00a0 outros homens que esperavam pela<\/strong><strong> chegada do Padre Pio. Ele estava na primeira fila. Quando Frei\u00a0 Pio o notou, lhe\u00a0 disse: &#8220;Irm\u00e3o, voc\u00ea tem vindo &#8220;disfar\u00e7ado&#8221;, mas voc\u00ea n\u00e3o tem por que se\u00a0 envergonhar de vir para\u00a0 me ver. Na pr\u00f3xima vez voc\u00ea pode voltar vestido como padre que \u00e9.\u00a0 <\/strong><\/p>\n<table border=\"1\" cellspacing=\"1\">\n<tbody>\n<tr>\n<td width=\"719\"><strong>Padre\u00a0 Pio falou para um homem jovem\u00a0 que vestia arqueje e su\u00e9ter para ir embora e voltar vestido com o h\u00e1bito dominicano.. Confuso, envergonhado, o homem jovem confessou na frente de\u00a0 todo o mundo que era um padre dominicano.\u00a0 <\/strong><\/td>\n<\/tr>\n<\/tbody>\n<\/table>\n<p>\u00a0<\/p>\n<table border=\"1\" cellspacing=\"1\">\n<tbody>\n<tr>\n<td><strong>\u00a0\u00c0s vezes, quando lhe foram mostrados a Frei\u00a0 Pio alguns objetos como coroas do Ros\u00e1rio ou\u00a0 imagens sagradas com o pedido de que as aben\u00e7oasse, ele devolveu alguns dos objetos ao solicitante\u00a0 com a declara\u00e7\u00e3o precisa: &#8220;Isto j\u00e1 foi aben\u00e7oado&#8221;. E era verdade.\u00a0\u00a0\u00a0\u00a0\u00a0\u00a0\u00a0\u00a0 <\/strong><\/td>\n<\/tr>\n<\/tbody>\n<\/table>\n<p><strong>\u00a0<\/strong><\/p>\n<table border=\"1\" cellspacing=\"1\">\n<tbody>\n<tr>\n<td><strong>\u00a0Padre Pio podia\u00a0 sentir se um copo\u00a0 de \u00e1gua era \u00e1gua benta. E se algu\u00e9m lhe dava uma garrafa com\u00a0 \u00e1gua de Lourdes dentro, sem lhe falar de onde esta \u00e1gua procedia, ele levava\u00a0 a garrafa at\u00e9 os\u00a0 l\u00e1bios e a beijava..\u00a0 <\/strong><\/td>\n<\/tr>\n<\/tbody>\n<\/table>\n<p><strong>\u00a0<\/strong><\/p>\n<table border=\"1\" cellspacing=\"1\">\n<tbody>\n<tr>\n<td><strong>Uma vez, um motorista de \u00f4nibus de Roma, a quem Nossa Senhora tinha se aparecido na\u00a0 caverna das Tr\u00eas Fontes de Roma (a Virgem da Revela\u00e7\u00e3o) foi se encontrar com Padre\u00a0 Pio. Ele contou: &#8220;Quando eu estava na\u00a0 frente dele &#8211; n\u00f3s nunca t\u00ednhamos nos encontrado antes &#8211; eu lhe dei um pequeno envelope, sem lhe contar o que continha. Padre\u00a0 Pio pegou\u00a0 o envelope, apertou-o sobre o peito com paix\u00e3o e\u00a0 n\u00e3o mo devolveu. O pequeno envelope continha\u00a0 um pouco de terra da caverna das Tr\u00eas Fontes.&#8221;<\/strong><\/td>\n<\/tr>\n<\/tbody>\n<\/table>\n<p><strong>Profetizou a Karol Wojtyla que seria Papa.<\/strong><\/p>\n<p>Quando o Sacerdote polon\u00eas Farol Wojtyla visitava a It\u00e1lia, sempre que podia, visitava a San Giovanni Rotondo para confessar- se com o Padre Pio. Em uma dessas ocasi\u00f5es, o Padre Pio pareceu \u00a0entrar em um breve \u00eaxtase e lhe disse: &#8220;V\u00e1s a ser Papa&#8221; \u00a0e \u00a0continuou: &#8220;Tamb\u00e9m \u00a0vejo sangue e mart\u00edrio em sua vida\u201d&#8230;<\/p>\n<p>Em 13 de maio de 1981, ocorreu o atentado contra aquele mesmo Sacerdote Polon\u00eas, \u00a0j\u00e1 Papa\u00a0 Jo\u00e3o Paulo II.\u00a0 O sangue foi derramado.\u00a0 Este mesmo Papa canoniza a Padre Pio, vinte e um ano mais tarde em 2.002 (16\/06).<\/p>\n<p>A profecia de Padre Pio coincide com al mensagem da terceira parte do Segredo de F\u00e1tima, revelada somente depois do atentado.<\/p>\n<p>CARTA DE JOAO PAULO II A PADRE PIO<\/p>\n<p><img decoding=\"async\" src=\"http:\/\/1.bp.blogspot.com\/_qmg6h49Kyi8\/SkekLtvt1MI\/AAAAAAAAAWg\/C6ogUacLpAo\/s1600\/imagem.JPG\" border=\"0\" alt=\"[imagem.JPG]\" \/><\/p>\n<p>Foi descoberta a algum tempo atr\u00e1s uma carta de Jo\u00e3o Paulo II a Pe. Pio, onde ele recorre a ora\u00e7\u00e3o do santo para receber de Deus verdadeiros milagres. Na verdade seu desejo \u00e9 agradecer gra\u00e7as j\u00e1 recebida e fazer novos pedidos de intercess\u00e3o.<\/p>\n<p>Nessa carta podemos meditar em muitos pontos. Partilho agora com voc\u00eas alguns deles:<\/p>\n<ol>\n<li>A humilda de de Jo\u00e3o Paulo II, que pelos seus frutos sabemos o quanto ele foi santo e aqui recorre \u00e0 ora\u00e7\u00e3o de um grande santo da nossa Igreja.<\/li>\n<li>A intimidade de Pe. Pio com Deus que O fazia abrir as portas do c\u00e9u para derramar gra\u00e7as sobre a terra.<\/li>\n<li>Os milagres que Deus reali zava atrav\u00e9s da predile\u00e7\u00e3o de Pe. Pio, j\u00e1 em vida e muito mais agora que ele j\u00e1 est\u00e1 na presen\u00e7a de Deus.<\/li>\n<li>O encontro de dois homens extremamente fi\u00e9is a Deus.<\/li>\n<\/ol>\n<p>\u00a0<\/p>\n<p><strong>CARTA<\/strong><\/p>\n<p><img decoding=\"async\" src=\"http:\/\/4.bp.blogspot.com\/_qmg6h49Kyi8\/Skelnq3oAKI\/AAAAAAAAAWo\/vVjeidxCEWc\/s1600\/imagem1.JPG\" border=\"0\" alt=\"[imagem1.JPG]\" \/><\/p>\n<p><strong>TRADU\u00c7\u00c3O<\/strong><\/p>\n<p><strong><br \/>\n<\/strong><\/p>\n<p>Roma, 14 de dezembro de 1963<\/p>\n<p>Muito Reverendo Padre,<\/p>\n<p>\u00a0A vossa paternidade se recorda certamente que antigamente, alguma vez no passado me foi permitido recomendar a sua ora\u00e7\u00e3o, casos particularmente dram\u00e1ticos e dignos de aten\u00e7\u00e3o.<\/p>\n<p>Irei, portanto, agradecer-lo vivamente tamb\u00e9m em nome dos interessados pela sua ora\u00e7\u00e3o em favor de uma senhora, de um m\u00e9dico cat\u00f3lico, doente de c\u00e2ncer, e do filho de um advogado de Crac\u00f3via, gravemente doente desde nascido. Ambos est\u00e3o gra\u00e7as a Deus bem.<\/p>\n<p>Mi permita al\u00e9m disso, Padre muito reverendo, confiar a sua ora\u00e7\u00e3o, uma senhora paral\u00edtica, desta arquidiocese.<\/p>\n<p>Nesse mesmo tempo me permita recomendar as urgentes dificuldades pastorais que a minha pobre a\u00e7\u00e3o encontra na presente situa\u00e7\u00e3o.<\/p>\n<p>Aproveito essa ocasi\u00e3o para renovar os sensos de minha religiosa sauda\u00e7\u00e3o, com o qual amo repetirda paternidade vossadevot\u00edssimo em Jesus Cristo.<\/p>\n<p>Exuma\u00e7\u00e3o e exposi\u00e7\u00e3o p\u00fablica<\/p>\n<p>O corpo de Padre Pio foi exumado em 20 de abril de 2008 e colocado em exposi\u00e7\u00e3o p\u00fablica, como parte dos comemorativos dos 40 anos de sua morte. O corpo foi retirado de sua sepultura, na igreja de Santa Maria das Gra\u00e7as, em S\u00e3o Giovanni Rotondo, no domingo 02 de mar\u00e7o de 2008, e exposto aos fi\u00e9is em 24 de abril, em comemora\u00e7\u00e3o dos 40 anos de sua morte.<\/p>\n<p>A opera\u00e7\u00e3o foi mantida em sigilo para evitar a chegada de uma multid\u00e3o de fi\u00e9is. O santu\u00e1rio de Padre Pio \u00e9 um dos mais visitados da It\u00e1lia e recebe milh\u00f5es de fi\u00e9is todos os anos. O anuncio da exuma\u00e7\u00e3o foi divulgado pelo arcebispo de S\u00e3o Giovanni Rotondo, Domenico D&#8217;Ambrosio.<\/p>\n<div>Segundo o cl\u00e9rigo, algumas partes do corpo estariam intactas. &#8220;Desde o come\u00e7o se via a barba, o queixo est\u00e1 perfeito e o resto do corpo bem conservado, d\u00e1 para ver bem o joelho, as m\u00e3os e as luvas, mas n\u00e3o os estigmas&#8221;, comentou o arcebispo.<\/div>\n<p>\u00a0<\/p>\n<p><img loading=\"lazy\" decoding=\"async\" src=\"http:\/\/4.bp.blogspot.com\/_N7qno7a5_DU\/Sh67VxYgH3I\/AAAAAAAALaI\/8DFKn1N1H30\/s400\/Tumulo+Padre+Pio.bmp\" alt=\"\" width=\"400\" height=\"266\" \/><\/p>\n<p><img loading=\"lazy\" decoding=\"async\" src=\"http:\/\/t1.gstatic.com\/images?q=tbn:uhoVae8Xp6PmxM:http:\/\/img156.imageshack.us\/img156\/159\/atgaaaamaz7rdho6iqaurigcs7.jpg&amp;t=1\" alt=\"\" width=\"275\" height=\"183\" \/><\/p>\n<p>O arcebipo Domenico D&#8217;Ambrosio (esq.), e alguns padres abrem o f\u00e9retro que cont\u00e9m os restos mortais do Padre Pio e observam o estado de seu corpo&#8230;<\/p>\n<p><img loading=\"lazy\" decoding=\"async\" src=\"http:\/\/saopio.files.wordpress.com\/2008\/03\/exumacao4.jpg?w=522&amp;h=341\" alt=\"exumacao4\" width=\"522\" height=\"341\" \/><\/p>\n<p>&#8230;que foi encontrado incorrupto<\/p>\n<p><img loading=\"lazy\" decoding=\"async\" src=\"http:\/\/2.bp.blogspot.com\/_WPjZST8SC40\/S74YZ4fubQI\/AAAAAAAA388\/3jAMUPOeyas\/s1600\/CW.jpg\" alt=\"\" width=\"463\" height=\"403\" \/><\/p>\n<p><img loading=\"lazy\" decoding=\"async\" src=\"http:\/\/2.bp.blogspot.com\/_59uGghQ-JHM\/SQDFuJXT6aI\/AAAAAAAAAD0\/W9pol_naAnE\/s320\/PP4.jpg\" alt=\"\" width=\"320\" height=\"213\" \/><\/p>\n<p><img loading=\"lazy\" decoding=\"async\" src=\"http:\/\/www.cancaonova.com\/portal\/arquivos\/fotos\/2008\/abril\/padrepio_grd.jpg\" alt=\"\" width=\"537\" height=\"403\" \/><\/p>\n<p><img loading=\"lazy\" decoding=\"async\" src=\"http:\/\/t0.gstatic.com\/images?q=tbn:ANd9GcQI1sbJesJ392rDDCGkYtEwawqhjWc2n2StrIS39gSHAMNGXnE&amp;t=1&amp;usg=___Pn8oTOdceuvteKGyP59rQBFilk=\" alt=\"\" width=\"259\" height=\"194\" \/><\/p>\n<p>MAIS FOTOS:<\/p>\n<p><img loading=\"lazy\" decoding=\"async\" src=\"http:\/\/3.bp.blogspot.com\/_sitODDjQOEI\/S_3DJSviwxI\/AAAAAAAACHo\/YCNyNafg2aU\/s1600\/san-padre-pio-host.jpg\" alt=\"\" width=\"400\" height=\"360\" \/><\/p>\n<p><img loading=\"lazy\" decoding=\"async\" src=\"http:\/\/saopio.files.wordpress.com\/2009\/03\/031padrepio.jpg\" alt=\"\" width=\"500\" height=\"293\" \/><\/p>\n<p><img loading=\"lazy\" decoding=\"async\" src=\"http:\/\/blog.cancaonova.com\/fatimahoje\/files\/2008\/09\/2756952112_9ea0c098d6_o.jpg\" alt=\"\" width=\"271\" height=\"403\" \/><img decoding=\"async\" src=\"http:\/\/go2.wordpress.com\/?id=725X1342&amp;site=saopio.wordpress.com&amp;url=http%3A%2F%2Fsaopio.files.wordpress.com%2F2009%2F07%2Fconfessionale.jpg&amp;sref=http%3A%2F%2Fsaopio.wordpress.com%2Fauthor%2Fdeskstyle%2Fpage%2F10%2F\" alt=\"\" \/><\/p>\n<p><img loading=\"lazy\" decoding=\"async\" src=\"http:\/\/fabianapaula.files.wordpress.com\/2009\/12\/padre-pio-e-crianca.jpg\" alt=\"\" width=\"353\" height=\"400\" \/><\/p>\n<p><img loading=\"lazy\" decoding=\"async\" src=\"http:\/\/4.bp.blogspot.com\/_L-aIG-7AW7I\/SNsAyg6cosI\/AAAAAAAACio\/-Ap-LI82abk\/s400\/Padre+Pio+12.jpg\" alt=\"\" width=\"400\" height=\"295\" \/><\/p>\n<p><img loading=\"lazy\" decoding=\"async\" src=\"http:\/\/saopio.files.wordpress.com\/2010\/08\/pe_pio_9.jpg?w=389&amp;h=400\" alt=\"\" width=\"389\" height=\"400\" \/><\/p>\n<div id=\"themify_builder_content-10965\" data-postid=\"10965\" class=\"themify_builder_content themify_builder_content-10965 themify_builder themify_builder_front\">\n\t<\/div>\n<!-- \/themify_builder_content -->","protected":false},"excerpt":{"rendered":"<p>\u00a0 23 de Setembro Biografia Herdeiro espiritual de S\u00e3o Francisco de Assis, o Padre Pio de Pietrelcina foi o primeiro sacerdote a ter impresso sobre o seu corpo os estigmas da crucifix\u00e3o. Ele \u00e9 conhecido em todo mundo como o &#8220;Frei&#8221;estigmatizado. O Padre Pio, a quem Deus deu dons particulares e carismas, se empenhou com [&hellip;]<\/p>\n","protected":false},"author":14,"featured_media":0,"comment_status":"open","ping_status":"open","sticky":false,"template":"","format":"standard","meta":{"ngg_post_thumbnail":0,"footnotes":""},"categories":[186],"tags":[],"yoast_head":"<!-- This site is optimized with the Yoast SEO plugin v23.5 - https:\/\/yoast.com\/wordpress\/plugins\/seo\/ -->\n<title>Santo Padre Pio de Pietrelcina - O Arcanjo no ar<\/title>\n<meta name=\"robots\" content=\"index, follow, max-snippet:-1, max-image-preview:large, max-video-preview:-1\" \/>\n<link rel=\"canonical\" href=\"https:\/\/www.oarcanjo.net\/site\/santo-padre-pio-de-pietrelcina\/\" \/>\n<meta property=\"og:locale\" content=\"pt_BR\" \/>\n<meta property=\"og:type\" content=\"article\" \/>\n<meta property=\"og:title\" content=\"Santo Padre Pio de Pietrelcina - O Arcanjo no ar\" \/>\n<meta property=\"og:description\" content=\"\u00a0 23 de Setembro Biografia Herdeiro espiritual de S\u00e3o Francisco de Assis, o Padre Pio de Pietrelcina foi o primeiro sacerdote a ter impresso sobre o seu corpo os estigmas da crucifix\u00e3o. Ele \u00e9 conhecido em todo mundo como o &#8220;Frei&#8221;estigmatizado. O Padre Pio, a quem Deus deu dons particulares e carismas, se empenhou com [&hellip;]\" \/>\n<meta property=\"og:url\" content=\"https:\/\/www.oarcanjo.net\/site\/santo-padre-pio-de-pietrelcina\/\" \/>\n<meta property=\"og:site_name\" content=\"O Arcanjo no ar\" \/>\n<meta property=\"article:publisher\" content=\"https:\/\/www.facebook.com\/OArcanjoNoAr\/\" \/>\n<meta property=\"article:published_time\" content=\"2017-09-23T03:57:40+00:00\" \/>\n<meta property=\"article:modified_time\" content=\"2017-07-31T11:01:15+00:00\" \/>\n<meta property=\"og:image\" content=\"http:\/\/t1.gstatic.com\/images?q=tbn:ANd9GcRwcrMiTGrIeOQuREJ4Aolt6SUFsultS9_5sMseMn793J4Kz_c&amp;t=1&amp;usg=__6fL-8nepNMD0RVMg4SHfxl3wdeg=\" \/>\n<meta name=\"author\" content=\"danilo\" \/>\n<meta name=\"twitter:card\" content=\"summary_large_image\" \/>\n<meta name=\"twitter:label1\" content=\"Escrito por\" \/>\n\t<meta name=\"twitter:data1\" content=\"danilo\" \/>\n\t<meta name=\"twitter:label2\" content=\"Est. tempo de leitura\" \/>\n\t<meta name=\"twitter:data2\" content=\"45 minutos\" \/>\n<script type=\"application\/ld+json\" class=\"yoast-schema-graph\">{\"@context\":\"https:\/\/schema.org\",\"@graph\":[{\"@type\":\"Article\",\"@id\":\"https:\/\/www.oarcanjo.net\/site\/santo-padre-pio-de-pietrelcina\/#article\",\"isPartOf\":{\"@id\":\"https:\/\/www.oarcanjo.net\/site\/santo-padre-pio-de-pietrelcina\/\"},\"author\":{\"name\":\"danilo\",\"@id\":\"https:\/\/www.oarcanjo.net\/site\/#\/schema\/person\/5eb9480bedd2f3c97e430ce128c29c6c\"},\"headline\":\"Santo Padre Pio de Pietrelcina\",\"datePublished\":\"2017-09-23T03:57:40+00:00\",\"dateModified\":\"2017-07-31T11:01:15+00:00\",\"mainEntityOfPage\":{\"@id\":\"https:\/\/www.oarcanjo.net\/site\/santo-padre-pio-de-pietrelcina\/\"},\"wordCount\":8926,\"commentCount\":99,\"publisher\":{\"@id\":\"https:\/\/www.oarcanjo.net\/site\/#organization\"},\"image\":{\"@id\":\"https:\/\/www.oarcanjo.net\/site\/santo-padre-pio-de-pietrelcina\/#primaryimage\"},\"thumbnailUrl\":\"http:\/\/t1.gstatic.com\/images?q=tbn:ANd9GcRwcrMiTGrIeOQuREJ4Aolt6SUFsultS9_5sMseMn793J4Kz_c&amp;t=1&amp;usg=__6fL-8nepNMD0RVMg4SHfxl3wdeg=\",\"articleSection\":[\"Testemunhos\"],\"inLanguage\":\"pt-BR\",\"potentialAction\":[{\"@type\":\"CommentAction\",\"name\":\"Comment\",\"target\":[\"https:\/\/www.oarcanjo.net\/site\/santo-padre-pio-de-pietrelcina\/#respond\"]}]},{\"@type\":\"WebPage\",\"@id\":\"https:\/\/www.oarcanjo.net\/site\/santo-padre-pio-de-pietrelcina\/\",\"url\":\"https:\/\/www.oarcanjo.net\/site\/santo-padre-pio-de-pietrelcina\/\",\"name\":\"Santo Padre Pio de Pietrelcina - O Arcanjo no ar\",\"isPartOf\":{\"@id\":\"https:\/\/www.oarcanjo.net\/site\/#website\"},\"primaryImageOfPage\":{\"@id\":\"https:\/\/www.oarcanjo.net\/site\/santo-padre-pio-de-pietrelcina\/#primaryimage\"},\"image\":{\"@id\":\"https:\/\/www.oarcanjo.net\/site\/santo-padre-pio-de-pietrelcina\/#primaryimage\"},\"thumbnailUrl\":\"http:\/\/t1.gstatic.com\/images?q=tbn:ANd9GcRwcrMiTGrIeOQuREJ4Aolt6SUFsultS9_5sMseMn793J4Kz_c&amp;t=1&amp;usg=__6fL-8nepNMD0RVMg4SHfxl3wdeg=\",\"datePublished\":\"2017-09-23T03:57:40+00:00\",\"dateModified\":\"2017-07-31T11:01:15+00:00\",\"breadcrumb\":{\"@id\":\"https:\/\/www.oarcanjo.net\/site\/santo-padre-pio-de-pietrelcina\/#breadcrumb\"},\"inLanguage\":\"pt-BR\",\"potentialAction\":[{\"@type\":\"ReadAction\",\"target\":[\"https:\/\/www.oarcanjo.net\/site\/santo-padre-pio-de-pietrelcina\/\"]}]},{\"@type\":\"ImageObject\",\"inLanguage\":\"pt-BR\",\"@id\":\"https:\/\/www.oarcanjo.net\/site\/santo-padre-pio-de-pietrelcina\/#primaryimage\",\"url\":\"http:\/\/t1.gstatic.com\/images?q=tbn:ANd9GcRwcrMiTGrIeOQuREJ4Aolt6SUFsultS9_5sMseMn793J4Kz_c&amp;t=1&amp;usg=__6fL-8nepNMD0RVMg4SHfxl3wdeg=\",\"contentUrl\":\"http:\/\/t1.gstatic.com\/images?q=tbn:ANd9GcRwcrMiTGrIeOQuREJ4Aolt6SUFsultS9_5sMseMn793J4Kz_c&amp;t=1&amp;usg=__6fL-8nepNMD0RVMg4SHfxl3wdeg=\"},{\"@type\":\"BreadcrumbList\",\"@id\":\"https:\/\/www.oarcanjo.net\/site\/santo-padre-pio-de-pietrelcina\/#breadcrumb\",\"itemListElement\":[{\"@type\":\"ListItem\",\"position\":1,\"name\":\"In\u00edcio\",\"item\":\"https:\/\/www.oarcanjo.net\/site\/\"},{\"@type\":\"ListItem\",\"position\":2,\"name\":\"Santo Padre Pio de Pietrelcina\"}]},{\"@type\":\"WebSite\",\"@id\":\"https:\/\/www.oarcanjo.net\/site\/#website\",\"url\":\"https:\/\/www.oarcanjo.net\/site\/\",\"name\":\"O Arcanjo no ar\",\"description\":\"Site da Par\u00f3quia S\u00e3o Miguel Arcanjo (Arquidiocese de SP)\",\"publisher\":{\"@id\":\"https:\/\/www.oarcanjo.net\/site\/#organization\"},\"potentialAction\":[{\"@type\":\"SearchAction\",\"target\":{\"@type\":\"EntryPoint\",\"urlTemplate\":\"https:\/\/www.oarcanjo.net\/site\/?s={search_term_string}\"},\"query-input\":{\"@type\":\"PropertyValueSpecification\",\"valueRequired\":true,\"valueName\":\"search_term_string\"}}],\"inLanguage\":\"pt-BR\"},{\"@type\":\"Organization\",\"@id\":\"https:\/\/www.oarcanjo.net\/site\/#organization\",\"name\":\"Par\u00f3quia S\u00e3o Miguel Arcanjo\",\"url\":\"https:\/\/www.oarcanjo.net\/site\/\",\"logo\":{\"@type\":\"ImageObject\",\"inLanguage\":\"pt-BR\",\"@id\":\"https:\/\/www.oarcanjo.net\/site\/#\/schema\/logo\/image\/\",\"url\":\"https:\/\/www.oarcanjo.net\/site\/wp-content\/uploads\/LogoOArcanjo.png\",\"contentUrl\":\"https:\/\/www.oarcanjo.net\/site\/wp-content\/uploads\/LogoOArcanjo.png\",\"width\":319,\"height\":99,\"caption\":\"Par\u00f3quia S\u00e3o Miguel Arcanjo\"},\"image\":{\"@id\":\"https:\/\/www.oarcanjo.net\/site\/#\/schema\/logo\/image\/\"},\"sameAs\":[\"https:\/\/www.facebook.com\/OArcanjoNoAr\/\"]},{\"@type\":\"Person\",\"@id\":\"https:\/\/www.oarcanjo.net\/site\/#\/schema\/person\/5eb9480bedd2f3c97e430ce128c29c6c\",\"name\":\"danilo\"}]}<\/script>\n<!-- \/ Yoast SEO plugin. -->","yoast_head_json":{"title":"Santo Padre Pio de Pietrelcina - O Arcanjo no ar","robots":{"index":"index","follow":"follow","max-snippet":"max-snippet:-1","max-image-preview":"max-image-preview:large","max-video-preview":"max-video-preview:-1"},"canonical":"https:\/\/www.oarcanjo.net\/site\/santo-padre-pio-de-pietrelcina\/","og_locale":"pt_BR","og_type":"article","og_title":"Santo Padre Pio de Pietrelcina - O Arcanjo no ar","og_description":"\u00a0 23 de Setembro Biografia Herdeiro espiritual de S\u00e3o Francisco de Assis, o Padre Pio de Pietrelcina foi o primeiro sacerdote a ter impresso sobre o seu corpo os estigmas da crucifix\u00e3o. Ele \u00e9 conhecido em todo mundo como o &#8220;Frei&#8221;estigmatizado. O Padre Pio, a quem Deus deu dons particulares e carismas, se empenhou com [&hellip;]","og_url":"https:\/\/www.oarcanjo.net\/site\/santo-padre-pio-de-pietrelcina\/","og_site_name":"O Arcanjo no ar","article_publisher":"https:\/\/www.facebook.com\/OArcanjoNoAr\/","article_published_time":"2017-09-23T03:57:40+00:00","article_modified_time":"2017-07-31T11:01:15+00:00","og_image":[{"url":"http:\/\/t1.gstatic.com\/images?q=tbn:ANd9GcRwcrMiTGrIeOQuREJ4Aolt6SUFsultS9_5sMseMn793J4Kz_c&amp;t=1&amp;usg=__6fL-8nepNMD0RVMg4SHfxl3wdeg="}],"author":"danilo","twitter_card":"summary_large_image","twitter_misc":{"Escrito por":"danilo","Est. tempo de leitura":"45 minutos"},"schema":{"@context":"https:\/\/schema.org","@graph":[{"@type":"Article","@id":"https:\/\/www.oarcanjo.net\/site\/santo-padre-pio-de-pietrelcina\/#article","isPartOf":{"@id":"https:\/\/www.oarcanjo.net\/site\/santo-padre-pio-de-pietrelcina\/"},"author":{"name":"danilo","@id":"https:\/\/www.oarcanjo.net\/site\/#\/schema\/person\/5eb9480bedd2f3c97e430ce128c29c6c"},"headline":"Santo Padre Pio de Pietrelcina","datePublished":"2017-09-23T03:57:40+00:00","dateModified":"2017-07-31T11:01:15+00:00","mainEntityOfPage":{"@id":"https:\/\/www.oarcanjo.net\/site\/santo-padre-pio-de-pietrelcina\/"},"wordCount":8926,"commentCount":99,"publisher":{"@id":"https:\/\/www.oarcanjo.net\/site\/#organization"},"image":{"@id":"https:\/\/www.oarcanjo.net\/site\/santo-padre-pio-de-pietrelcina\/#primaryimage"},"thumbnailUrl":"http:\/\/t1.gstatic.com\/images?q=tbn:ANd9GcRwcrMiTGrIeOQuREJ4Aolt6SUFsultS9_5sMseMn793J4Kz_c&amp;t=1&amp;usg=__6fL-8nepNMD0RVMg4SHfxl3wdeg=","articleSection":["Testemunhos"],"inLanguage":"pt-BR","potentialAction":[{"@type":"CommentAction","name":"Comment","target":["https:\/\/www.oarcanjo.net\/site\/santo-padre-pio-de-pietrelcina\/#respond"]}]},{"@type":"WebPage","@id":"https:\/\/www.oarcanjo.net\/site\/santo-padre-pio-de-pietrelcina\/","url":"https:\/\/www.oarcanjo.net\/site\/santo-padre-pio-de-pietrelcina\/","name":"Santo Padre Pio de Pietrelcina - O Arcanjo no ar","isPartOf":{"@id":"https:\/\/www.oarcanjo.net\/site\/#website"},"primaryImageOfPage":{"@id":"https:\/\/www.oarcanjo.net\/site\/santo-padre-pio-de-pietrelcina\/#primaryimage"},"image":{"@id":"https:\/\/www.oarcanjo.net\/site\/santo-padre-pio-de-pietrelcina\/#primaryimage"},"thumbnailUrl":"http:\/\/t1.gstatic.com\/images?q=tbn:ANd9GcRwcrMiTGrIeOQuREJ4Aolt6SUFsultS9_5sMseMn793J4Kz_c&amp;t=1&amp;usg=__6fL-8nepNMD0RVMg4SHfxl3wdeg=","datePublished":"2017-09-23T03:57:40+00:00","dateModified":"2017-07-31T11:01:15+00:00","breadcrumb":{"@id":"https:\/\/www.oarcanjo.net\/site\/santo-padre-pio-de-pietrelcina\/#breadcrumb"},"inLanguage":"pt-BR","potentialAction":[{"@type":"ReadAction","target":["https:\/\/www.oarcanjo.net\/site\/santo-padre-pio-de-pietrelcina\/"]}]},{"@type":"ImageObject","inLanguage":"pt-BR","@id":"https:\/\/www.oarcanjo.net\/site\/santo-padre-pio-de-pietrelcina\/#primaryimage","url":"http:\/\/t1.gstatic.com\/images?q=tbn:ANd9GcRwcrMiTGrIeOQuREJ4Aolt6SUFsultS9_5sMseMn793J4Kz_c&amp;t=1&amp;usg=__6fL-8nepNMD0RVMg4SHfxl3wdeg=","contentUrl":"http:\/\/t1.gstatic.com\/images?q=tbn:ANd9GcRwcrMiTGrIeOQuREJ4Aolt6SUFsultS9_5sMseMn793J4Kz_c&amp;t=1&amp;usg=__6fL-8nepNMD0RVMg4SHfxl3wdeg="},{"@type":"BreadcrumbList","@id":"https:\/\/www.oarcanjo.net\/site\/santo-padre-pio-de-pietrelcina\/#breadcrumb","itemListElement":[{"@type":"ListItem","position":1,"name":"In\u00edcio","item":"https:\/\/www.oarcanjo.net\/site\/"},{"@type":"ListItem","position":2,"name":"Santo Padre Pio de Pietrelcina"}]},{"@type":"WebSite","@id":"https:\/\/www.oarcanjo.net\/site\/#website","url":"https:\/\/www.oarcanjo.net\/site\/","name":"O Arcanjo no ar","description":"Site da Par\u00f3quia S\u00e3o Miguel Arcanjo (Arquidiocese de SP)","publisher":{"@id":"https:\/\/www.oarcanjo.net\/site\/#organization"},"potentialAction":[{"@type":"SearchAction","target":{"@type":"EntryPoint","urlTemplate":"https:\/\/www.oarcanjo.net\/site\/?s={search_term_string}"},"query-input":{"@type":"PropertyValueSpecification","valueRequired":true,"valueName":"search_term_string"}}],"inLanguage":"pt-BR"},{"@type":"Organization","@id":"https:\/\/www.oarcanjo.net\/site\/#organization","name":"Par\u00f3quia S\u00e3o Miguel Arcanjo","url":"https:\/\/www.oarcanjo.net\/site\/","logo":{"@type":"ImageObject","inLanguage":"pt-BR","@id":"https:\/\/www.oarcanjo.net\/site\/#\/schema\/logo\/image\/","url":"https:\/\/www.oarcanjo.net\/site\/wp-content\/uploads\/LogoOArcanjo.png","contentUrl":"https:\/\/www.oarcanjo.net\/site\/wp-content\/uploads\/LogoOArcanjo.png","width":319,"height":99,"caption":"Par\u00f3quia S\u00e3o Miguel Arcanjo"},"image":{"@id":"https:\/\/www.oarcanjo.net\/site\/#\/schema\/logo\/image\/"},"sameAs":["https:\/\/www.facebook.com\/OArcanjoNoAr\/"]},{"@type":"Person","@id":"https:\/\/www.oarcanjo.net\/site\/#\/schema\/person\/5eb9480bedd2f3c97e430ce128c29c6c","name":"danilo"}]}},"publishpress_future_action":{"enabled":false,"date":"2026-05-09 00:55:56","action":"category","newStatus":"draft","terms":[],"taxonomy":"category"},"publishpress_future_workflow_manual_trigger":{"enabledWorkflows":[]},"_links":{"self":[{"href":"https:\/\/www.oarcanjo.net\/site\/wp-json\/wp\/v2\/posts\/10965"}],"collection":[{"href":"https:\/\/www.oarcanjo.net\/site\/wp-json\/wp\/v2\/posts"}],"about":[{"href":"https:\/\/www.oarcanjo.net\/site\/wp-json\/wp\/v2\/types\/post"}],"author":[{"embeddable":true,"href":"https:\/\/www.oarcanjo.net\/site\/wp-json\/wp\/v2\/users\/14"}],"replies":[{"embeddable":true,"href":"https:\/\/www.oarcanjo.net\/site\/wp-json\/wp\/v2\/comments?post=10965"}],"version-history":[{"count":0,"href":"https:\/\/www.oarcanjo.net\/site\/wp-json\/wp\/v2\/posts\/10965\/revisions"}],"wp:attachment":[{"href":"https:\/\/www.oarcanjo.net\/site\/wp-json\/wp\/v2\/media?parent=10965"}],"wp:term":[{"taxonomy":"category","embeddable":true,"href":"https:\/\/www.oarcanjo.net\/site\/wp-json\/wp\/v2\/categories?post=10965"},{"taxonomy":"post_tag","embeddable":true,"href":"https:\/\/www.oarcanjo.net\/site\/wp-json\/wp\/v2\/tags?post=10965"}],"curies":[{"name":"wp","href":"https:\/\/api.w.org\/{rel}","templated":true}]}}