
{"id":10969,"date":"2017-09-24T00:10:06","date_gmt":"2017-09-24T03:10:06","guid":{"rendered":"http:\/\/www.oarcanjo.net\/site\/?p=10969"},"modified":"2017-07-31T08:01:06","modified_gmt":"2017-07-31T11:01:06","slug":"sao-gerardo-sagredo","status":"publish","type":"post","link":"https:\/\/www.oarcanjo.net\/site\/sao-gerardo-sagredo\/","title":{"rendered":"S\u00e3o Gerardo Sagredo"},"content":{"rendered":"<p><img loading=\"lazy\" decoding=\"async\" src=\"http:\/\/2.bp.blogspot.com\/_7ljnvLjI66o\/Sr1vPIKGtnI\/AAAAAAAAAVY\/7mljk_6-RXU\/s320\/SGeraldoSagredo.jpg\" alt=\"\" width=\"129\" height=\"229\" \/><\/p>\n<p>24 de Setembro<\/p>\n<p>Gerardo Sagredo, filho de pais ilustres e piedosos, nasceu no ano 980, em Veneza, It\u00e1lia. Sagrado sacerdote beneditino, foi como mission\u00e1rio para a Corte da Hungria, onde, depois de ser orientador espiritual e professor do rei Est\u00eav\u00e3o I, uniu-se ao monarca, tamb\u00e9m santo da Igreja, para converter seu povo ao cristianismo. Decis\u00e3o que o santo monarca tomou ao retornar do Oriente, onde, em peregrina\u00e7\u00e3o, visitara os lugares santos da Palestina. O rei, ent\u00e3o, pediu a Gerardo que o ajudasse na miss\u00e3o evangelizadora, porque percebera que Gerardo possu\u00eda os dotes e as virtudes necess\u00e1rias para a miss\u00e3o, ao t\u00ea-lo como seu h\u00f3spede na Corte.<\/p>\n<p>Educado numa escola beneditina, Gerardo recebeu n\u00e3o s\u00f3 instru\u00e7\u00e3o cient\u00edfica como tamb\u00e9m a forma\u00e7\u00e3o religiosa: entregou-se de corpo, alma e cora\u00e7\u00e3o \u00e0s ci\u00eancias das leis de Deus e \u00e0 salva\u00e7\u00e3o de almas. Ali\u00e1s, s\u00f3 por isso aceitou a proposta do santo monarca. Retirando-se com alguns companheiros para um local de total solid\u00e3o, buscou a inspira\u00e7\u00e3o entregando-se, exclusivamente, \u00e0 pratica da ora\u00e7\u00e3o, da penit\u00eancia e dos exerc\u00edcios espirituais. Mas assim que julgou terminado o retiro, e sentindo-se pronto, dedicou-se com total energia ao servi\u00e7o apost\u00f3lico junto ao povo h\u00fangaro.<\/p>\n<p>Falecendo o bispo de Chonad, o rei Est\u00eav\u00e3o I, imediatamente, recomendou Gerardo para seu lugar. Mesmo contra a vontade, Gerardo foi consagrado e assumiu o bispado, conseguindo acabar, de uma vez por todas, com a idolatria aos deuses pag\u00e3os, consolidando a f\u00e9 nos ensinamentos de Cristo entre os fi\u00e9is e convertendo os demais.<\/p>\n<p>Uma das virtudes mais destacadas do bispo Gerardo era a caridade com os doentes, principalmente os pobres. Conta a antiga tradi\u00e7\u00e3o h\u00fangara que ele convidava os doentes leprosos para fazerem as refei\u00e7\u00f5es em sua casa, acolhendo-os com carinhoso e dedicado tratamento. At\u00e9 mesmo, quando necess\u00e1rio, eram alojados em sua pr\u00f3pria cama, enquanto ele dormia no duro ch\u00e3o.<\/p>\n<p>Quando o rei Est\u00eav\u00e3o I morreu, come\u00e7aram as persegui\u00e7\u00f5es de seus sucessores, que queriam restabelecer o regime pag\u00e3o e seus cultos aos deuses. O bispo Gerardo, nessa ocasi\u00e3o, foi ferido por uma lan\u00e7a dos soldados do duque de Vatha, sempre lutando para levar a fi\u00e9is e infi\u00e9is a verdadeira palavra de Cristo. Gerardo morreu no dia 24 de setembro de 1046.<\/p>\n<p>As rel\u00edquias de s\u00e3o Gerardo Sagredo est\u00e3o guardadas em Veneza, sua terra natal, na igreja de Nossa Senhora de Murano. E \u00e9 festejado pela Igreja Cat\u00f3lica, como o &#8220;Ap\u00f3stolo da Hungria&#8221;, no dia de sua morte.<\/p>\n<div id=\"themify_builder_content-10969\" data-postid=\"10969\" class=\"themify_builder_content themify_builder_content-10969 themify_builder themify_builder_front\">\n\t<\/div>\n<!-- \/themify_builder_content -->","protected":false},"excerpt":{"rendered":"<p>24 de Setembro Gerardo Sagredo, filho de pais ilustres e piedosos, nasceu no ano 980, em Veneza, It\u00e1lia. Sagrado sacerdote beneditino, foi como mission\u00e1rio para a Corte da Hungria, onde, depois de ser orientador espiritual e professor do rei Est\u00eav\u00e3o I, uniu-se ao monarca, tamb\u00e9m santo da Igreja, para converter seu povo ao cristianismo. Decis\u00e3o [&hellip;]<\/p>\n","protected":false},"author":14,"featured_media":0,"comment_status":"open","ping_status":"open","sticky":false,"template":"","format":"standard","meta":{"ngg_post_thumbnail":0,"footnotes":""},"categories":[186],"tags":[],"yoast_head":"<!-- This site is optimized with the Yoast SEO plugin v23.5 - https:\/\/yoast.com\/wordpress\/plugins\/seo\/ -->\n<title>S\u00e3o Gerardo Sagredo - O Arcanjo no ar<\/title>\n<meta name=\"robots\" content=\"index, follow, max-snippet:-1, max-image-preview:large, max-video-preview:-1\" \/>\n<link rel=\"canonical\" href=\"https:\/\/www.oarcanjo.net\/site\/sao-gerardo-sagredo\/\" \/>\n<meta property=\"og:locale\" content=\"pt_BR\" \/>\n<meta property=\"og:type\" content=\"article\" \/>\n<meta property=\"og:title\" content=\"S\u00e3o Gerardo Sagredo - O Arcanjo no ar\" \/>\n<meta property=\"og:description\" content=\"24 de Setembro Gerardo Sagredo, filho de pais ilustres e piedosos, nasceu no ano 980, em Veneza, It\u00e1lia. Sagrado sacerdote beneditino, foi como mission\u00e1rio para a Corte da Hungria, onde, depois de ser orientador espiritual e professor do rei Est\u00eav\u00e3o I, uniu-se ao monarca, tamb\u00e9m santo da Igreja, para converter seu povo ao cristianismo. Decis\u00e3o [&hellip;]\" \/>\n<meta property=\"og:url\" content=\"https:\/\/www.oarcanjo.net\/site\/sao-gerardo-sagredo\/\" \/>\n<meta property=\"og:site_name\" content=\"O Arcanjo no ar\" \/>\n<meta property=\"article:publisher\" content=\"https:\/\/www.facebook.com\/OArcanjoNoAr\/\" \/>\n<meta property=\"article:published_time\" content=\"2017-09-24T03:10:06+00:00\" \/>\n<meta property=\"article:modified_time\" content=\"2017-07-31T11:01:06+00:00\" \/>\n<meta property=\"og:image\" content=\"http:\/\/2.bp.blogspot.com\/_7ljnvLjI66o\/Sr1vPIKGtnI\/AAAAAAAAAVY\/7mljk_6-RXU\/s320\/SGeraldoSagredo.jpg\" \/>\n<meta name=\"author\" content=\"danilo\" \/>\n<meta name=\"twitter:card\" content=\"summary_large_image\" \/>\n<meta name=\"twitter:label1\" content=\"Escrito por\" \/>\n\t<meta name=\"twitter:data1\" content=\"danilo\" \/>\n\t<meta name=\"twitter:label2\" content=\"Est. tempo de leitura\" \/>\n\t<meta name=\"twitter:data2\" content=\"2 minutos\" \/>\n<script type=\"application\/ld+json\" class=\"yoast-schema-graph\">{\"@context\":\"https:\/\/schema.org\",\"@graph\":[{\"@type\":\"Article\",\"@id\":\"https:\/\/www.oarcanjo.net\/site\/sao-gerardo-sagredo\/#article\",\"isPartOf\":{\"@id\":\"https:\/\/www.oarcanjo.net\/site\/sao-gerardo-sagredo\/\"},\"author\":{\"name\":\"danilo\",\"@id\":\"https:\/\/www.oarcanjo.net\/site\/#\/schema\/person\/5eb9480bedd2f3c97e430ce128c29c6c\"},\"headline\":\"S\u00e3o Gerardo Sagredo\",\"datePublished\":\"2017-09-24T03:10:06+00:00\",\"dateModified\":\"2017-07-31T11:01:06+00:00\",\"mainEntityOfPage\":{\"@id\":\"https:\/\/www.oarcanjo.net\/site\/sao-gerardo-sagredo\/\"},\"wordCount\":453,\"commentCount\":1,\"publisher\":{\"@id\":\"https:\/\/www.oarcanjo.net\/site\/#organization\"},\"image\":{\"@id\":\"https:\/\/www.oarcanjo.net\/site\/sao-gerardo-sagredo\/#primaryimage\"},\"thumbnailUrl\":\"http:\/\/2.bp.blogspot.com\/_7ljnvLjI66o\/Sr1vPIKGtnI\/AAAAAAAAAVY\/7mljk_6-RXU\/s320\/SGeraldoSagredo.jpg\",\"articleSection\":[\"Testemunhos\"],\"inLanguage\":\"pt-BR\",\"potentialAction\":[{\"@type\":\"CommentAction\",\"name\":\"Comment\",\"target\":[\"https:\/\/www.oarcanjo.net\/site\/sao-gerardo-sagredo\/#respond\"]}]},{\"@type\":\"WebPage\",\"@id\":\"https:\/\/www.oarcanjo.net\/site\/sao-gerardo-sagredo\/\",\"url\":\"https:\/\/www.oarcanjo.net\/site\/sao-gerardo-sagredo\/\",\"name\":\"S\u00e3o Gerardo Sagredo - O Arcanjo no ar\",\"isPartOf\":{\"@id\":\"https:\/\/www.oarcanjo.net\/site\/#website\"},\"primaryImageOfPage\":{\"@id\":\"https:\/\/www.oarcanjo.net\/site\/sao-gerardo-sagredo\/#primaryimage\"},\"image\":{\"@id\":\"https:\/\/www.oarcanjo.net\/site\/sao-gerardo-sagredo\/#primaryimage\"},\"thumbnailUrl\":\"http:\/\/2.bp.blogspot.com\/_7ljnvLjI66o\/Sr1vPIKGtnI\/AAAAAAAAAVY\/7mljk_6-RXU\/s320\/SGeraldoSagredo.jpg\",\"datePublished\":\"2017-09-24T03:10:06+00:00\",\"dateModified\":\"2017-07-31T11:01:06+00:00\",\"breadcrumb\":{\"@id\":\"https:\/\/www.oarcanjo.net\/site\/sao-gerardo-sagredo\/#breadcrumb\"},\"inLanguage\":\"pt-BR\",\"potentialAction\":[{\"@type\":\"ReadAction\",\"target\":[\"https:\/\/www.oarcanjo.net\/site\/sao-gerardo-sagredo\/\"]}]},{\"@type\":\"ImageObject\",\"inLanguage\":\"pt-BR\",\"@id\":\"https:\/\/www.oarcanjo.net\/site\/sao-gerardo-sagredo\/#primaryimage\",\"url\":\"http:\/\/2.bp.blogspot.com\/_7ljnvLjI66o\/Sr1vPIKGtnI\/AAAAAAAAAVY\/7mljk_6-RXU\/s320\/SGeraldoSagredo.jpg\",\"contentUrl\":\"http:\/\/2.bp.blogspot.com\/_7ljnvLjI66o\/Sr1vPIKGtnI\/AAAAAAAAAVY\/7mljk_6-RXU\/s320\/SGeraldoSagredo.jpg\"},{\"@type\":\"BreadcrumbList\",\"@id\":\"https:\/\/www.oarcanjo.net\/site\/sao-gerardo-sagredo\/#breadcrumb\",\"itemListElement\":[{\"@type\":\"ListItem\",\"position\":1,\"name\":\"In\u00edcio\",\"item\":\"https:\/\/www.oarcanjo.net\/site\/\"},{\"@type\":\"ListItem\",\"position\":2,\"name\":\"S\u00e3o Gerardo Sagredo\"}]},{\"@type\":\"WebSite\",\"@id\":\"https:\/\/www.oarcanjo.net\/site\/#website\",\"url\":\"https:\/\/www.oarcanjo.net\/site\/\",\"name\":\"O Arcanjo no ar\",\"description\":\"Site da Par\u00f3quia S\u00e3o Miguel Arcanjo (Arquidiocese de SP)\",\"publisher\":{\"@id\":\"https:\/\/www.oarcanjo.net\/site\/#organization\"},\"potentialAction\":[{\"@type\":\"SearchAction\",\"target\":{\"@type\":\"EntryPoint\",\"urlTemplate\":\"https:\/\/www.oarcanjo.net\/site\/?s={search_term_string}\"},\"query-input\":{\"@type\":\"PropertyValueSpecification\",\"valueRequired\":true,\"valueName\":\"search_term_string\"}}],\"inLanguage\":\"pt-BR\"},{\"@type\":\"Organization\",\"@id\":\"https:\/\/www.oarcanjo.net\/site\/#organization\",\"name\":\"Par\u00f3quia S\u00e3o Miguel Arcanjo\",\"url\":\"https:\/\/www.oarcanjo.net\/site\/\",\"logo\":{\"@type\":\"ImageObject\",\"inLanguage\":\"pt-BR\",\"@id\":\"https:\/\/www.oarcanjo.net\/site\/#\/schema\/logo\/image\/\",\"url\":\"https:\/\/www.oarcanjo.net\/site\/wp-content\/uploads\/LogoOArcanjo.png\",\"contentUrl\":\"https:\/\/www.oarcanjo.net\/site\/wp-content\/uploads\/LogoOArcanjo.png\",\"width\":319,\"height\":99,\"caption\":\"Par\u00f3quia S\u00e3o Miguel Arcanjo\"},\"image\":{\"@id\":\"https:\/\/www.oarcanjo.net\/site\/#\/schema\/logo\/image\/\"},\"sameAs\":[\"https:\/\/www.facebook.com\/OArcanjoNoAr\/\"]},{\"@type\":\"Person\",\"@id\":\"https:\/\/www.oarcanjo.net\/site\/#\/schema\/person\/5eb9480bedd2f3c97e430ce128c29c6c\",\"name\":\"danilo\"}]}<\/script>\n<!-- \/ Yoast SEO plugin. -->","yoast_head_json":{"title":"S\u00e3o Gerardo Sagredo - O Arcanjo no ar","robots":{"index":"index","follow":"follow","max-snippet":"max-snippet:-1","max-image-preview":"max-image-preview:large","max-video-preview":"max-video-preview:-1"},"canonical":"https:\/\/www.oarcanjo.net\/site\/sao-gerardo-sagredo\/","og_locale":"pt_BR","og_type":"article","og_title":"S\u00e3o Gerardo Sagredo - O Arcanjo no ar","og_description":"24 de Setembro Gerardo Sagredo, filho de pais ilustres e piedosos, nasceu no ano 980, em Veneza, It\u00e1lia. Sagrado sacerdote beneditino, foi como mission\u00e1rio para a Corte da Hungria, onde, depois de ser orientador espiritual e professor do rei Est\u00eav\u00e3o I, uniu-se ao monarca, tamb\u00e9m santo da Igreja, para converter seu povo ao cristianismo. Decis\u00e3o [&hellip;]","og_url":"https:\/\/www.oarcanjo.net\/site\/sao-gerardo-sagredo\/","og_site_name":"O Arcanjo no ar","article_publisher":"https:\/\/www.facebook.com\/OArcanjoNoAr\/","article_published_time":"2017-09-24T03:10:06+00:00","article_modified_time":"2017-07-31T11:01:06+00:00","og_image":[{"url":"http:\/\/2.bp.blogspot.com\/_7ljnvLjI66o\/Sr1vPIKGtnI\/AAAAAAAAAVY\/7mljk_6-RXU\/s320\/SGeraldoSagredo.jpg"}],"author":"danilo","twitter_card":"summary_large_image","twitter_misc":{"Escrito por":"danilo","Est. tempo de leitura":"2 minutos"},"schema":{"@context":"https:\/\/schema.org","@graph":[{"@type":"Article","@id":"https:\/\/www.oarcanjo.net\/site\/sao-gerardo-sagredo\/#article","isPartOf":{"@id":"https:\/\/www.oarcanjo.net\/site\/sao-gerardo-sagredo\/"},"author":{"name":"danilo","@id":"https:\/\/www.oarcanjo.net\/site\/#\/schema\/person\/5eb9480bedd2f3c97e430ce128c29c6c"},"headline":"S\u00e3o Gerardo Sagredo","datePublished":"2017-09-24T03:10:06+00:00","dateModified":"2017-07-31T11:01:06+00:00","mainEntityOfPage":{"@id":"https:\/\/www.oarcanjo.net\/site\/sao-gerardo-sagredo\/"},"wordCount":453,"commentCount":1,"publisher":{"@id":"https:\/\/www.oarcanjo.net\/site\/#organization"},"image":{"@id":"https:\/\/www.oarcanjo.net\/site\/sao-gerardo-sagredo\/#primaryimage"},"thumbnailUrl":"http:\/\/2.bp.blogspot.com\/_7ljnvLjI66o\/Sr1vPIKGtnI\/AAAAAAAAAVY\/7mljk_6-RXU\/s320\/SGeraldoSagredo.jpg","articleSection":["Testemunhos"],"inLanguage":"pt-BR","potentialAction":[{"@type":"CommentAction","name":"Comment","target":["https:\/\/www.oarcanjo.net\/site\/sao-gerardo-sagredo\/#respond"]}]},{"@type":"WebPage","@id":"https:\/\/www.oarcanjo.net\/site\/sao-gerardo-sagredo\/","url":"https:\/\/www.oarcanjo.net\/site\/sao-gerardo-sagredo\/","name":"S\u00e3o Gerardo Sagredo - O Arcanjo no ar","isPartOf":{"@id":"https:\/\/www.oarcanjo.net\/site\/#website"},"primaryImageOfPage":{"@id":"https:\/\/www.oarcanjo.net\/site\/sao-gerardo-sagredo\/#primaryimage"},"image":{"@id":"https:\/\/www.oarcanjo.net\/site\/sao-gerardo-sagredo\/#primaryimage"},"thumbnailUrl":"http:\/\/2.bp.blogspot.com\/_7ljnvLjI66o\/Sr1vPIKGtnI\/AAAAAAAAAVY\/7mljk_6-RXU\/s320\/SGeraldoSagredo.jpg","datePublished":"2017-09-24T03:10:06+00:00","dateModified":"2017-07-31T11:01:06+00:00","breadcrumb":{"@id":"https:\/\/www.oarcanjo.net\/site\/sao-gerardo-sagredo\/#breadcrumb"},"inLanguage":"pt-BR","potentialAction":[{"@type":"ReadAction","target":["https:\/\/www.oarcanjo.net\/site\/sao-gerardo-sagredo\/"]}]},{"@type":"ImageObject","inLanguage":"pt-BR","@id":"https:\/\/www.oarcanjo.net\/site\/sao-gerardo-sagredo\/#primaryimage","url":"http:\/\/2.bp.blogspot.com\/_7ljnvLjI66o\/Sr1vPIKGtnI\/AAAAAAAAAVY\/7mljk_6-RXU\/s320\/SGeraldoSagredo.jpg","contentUrl":"http:\/\/2.bp.blogspot.com\/_7ljnvLjI66o\/Sr1vPIKGtnI\/AAAAAAAAAVY\/7mljk_6-RXU\/s320\/SGeraldoSagredo.jpg"},{"@type":"BreadcrumbList","@id":"https:\/\/www.oarcanjo.net\/site\/sao-gerardo-sagredo\/#breadcrumb","itemListElement":[{"@type":"ListItem","position":1,"name":"In\u00edcio","item":"https:\/\/www.oarcanjo.net\/site\/"},{"@type":"ListItem","position":2,"name":"S\u00e3o Gerardo Sagredo"}]},{"@type":"WebSite","@id":"https:\/\/www.oarcanjo.net\/site\/#website","url":"https:\/\/www.oarcanjo.net\/site\/","name":"O Arcanjo no ar","description":"Site da Par\u00f3quia S\u00e3o Miguel Arcanjo (Arquidiocese de SP)","publisher":{"@id":"https:\/\/www.oarcanjo.net\/site\/#organization"},"potentialAction":[{"@type":"SearchAction","target":{"@type":"EntryPoint","urlTemplate":"https:\/\/www.oarcanjo.net\/site\/?s={search_term_string}"},"query-input":{"@type":"PropertyValueSpecification","valueRequired":true,"valueName":"search_term_string"}}],"inLanguage":"pt-BR"},{"@type":"Organization","@id":"https:\/\/www.oarcanjo.net\/site\/#organization","name":"Par\u00f3quia S\u00e3o Miguel Arcanjo","url":"https:\/\/www.oarcanjo.net\/site\/","logo":{"@type":"ImageObject","inLanguage":"pt-BR","@id":"https:\/\/www.oarcanjo.net\/site\/#\/schema\/logo\/image\/","url":"https:\/\/www.oarcanjo.net\/site\/wp-content\/uploads\/LogoOArcanjo.png","contentUrl":"https:\/\/www.oarcanjo.net\/site\/wp-content\/uploads\/LogoOArcanjo.png","width":319,"height":99,"caption":"Par\u00f3quia S\u00e3o Miguel Arcanjo"},"image":{"@id":"https:\/\/www.oarcanjo.net\/site\/#\/schema\/logo\/image\/"},"sameAs":["https:\/\/www.facebook.com\/OArcanjoNoAr\/"]},{"@type":"Person","@id":"https:\/\/www.oarcanjo.net\/site\/#\/schema\/person\/5eb9480bedd2f3c97e430ce128c29c6c","name":"danilo"}]}},"publishpress_future_action":{"enabled":false,"date":"2026-05-08 23:38:33","action":"category","newStatus":"draft","terms":[],"taxonomy":"category"},"publishpress_future_workflow_manual_trigger":{"enabledWorkflows":[]},"_links":{"self":[{"href":"https:\/\/www.oarcanjo.net\/site\/wp-json\/wp\/v2\/posts\/10969"}],"collection":[{"href":"https:\/\/www.oarcanjo.net\/site\/wp-json\/wp\/v2\/posts"}],"about":[{"href":"https:\/\/www.oarcanjo.net\/site\/wp-json\/wp\/v2\/types\/post"}],"author":[{"embeddable":true,"href":"https:\/\/www.oarcanjo.net\/site\/wp-json\/wp\/v2\/users\/14"}],"replies":[{"embeddable":true,"href":"https:\/\/www.oarcanjo.net\/site\/wp-json\/wp\/v2\/comments?post=10969"}],"version-history":[{"count":0,"href":"https:\/\/www.oarcanjo.net\/site\/wp-json\/wp\/v2\/posts\/10969\/revisions"}],"wp:attachment":[{"href":"https:\/\/www.oarcanjo.net\/site\/wp-json\/wp\/v2\/media?parent=10969"}],"wp:term":[{"taxonomy":"category","embeddable":true,"href":"https:\/\/www.oarcanjo.net\/site\/wp-json\/wp\/v2\/categories?post=10969"},{"taxonomy":"post_tag","embeddable":true,"href":"https:\/\/www.oarcanjo.net\/site\/wp-json\/wp\/v2\/tags?post=10969"}],"curies":[{"name":"wp","href":"https:\/\/api.w.org\/{rel}","templated":true}]}}