
{"id":10987,"date":"2010-09-21T19:46:34","date_gmt":"2010-09-21T22:46:34","guid":{"rendered":"http:\/\/www.oarcanjo.net\/site\/?p=10987"},"modified":"2010-09-21T19:46:34","modified_gmt":"2010-09-21T22:46:34","slug":"que-beleza-que-beleza-de-novena","status":"publish","type":"post","link":"https:\/\/www.oarcanjo.net\/site\/que-beleza-que-beleza-de-novena\/","title":{"rendered":"Que beleza !!!!Que beleza de Novena !!"},"content":{"rendered":"<p>Ainda no segundo dia e a nossa novena \u00e0 S\u00e3o Miguel Arcanjo,tem mobilizado tantas pessoas ,em diversas cidades do Brasil e no exterior.A Novena produzida nos est\u00fadios de R\u00e1dio da Universidade S\u00e3o Judas Tadeu ,tem excel\u00eancia t\u00e9cnica,com a Dire\u00e7\u00e3o da Profa.Carmem e do Marcelo,t\u00e9cnico de r\u00e1dio difus\u00e3o.conta com o Apoio da Profa Liliam B.Mesquita pr\u00f3 reitora da Universidade.<\/p>\n<p>A R\u00e1dio da M\u00edlicia da Imaculada ,tamb\u00e9m ,est\u00e1 reprodizindo nossa novena a S.Miguel Arcanjo 2010,em v\u00e1rios hor\u00e1rios de sua programa\u00e7\u00e3o.<br \/>\nA Equipe do nosso site o Rubens e a Miriam,entre outros, s\u00e3o presentes do c\u00e9u !! garantem a programa\u00e7\u00e3o do site e o planejamento da novena.<\/p>\n<p>Este ano a novena \u00e9 fortalecida e baseada no  Livro &#8220;50 Anjos para a Alma &#8221; do Monge Anselm Grun,das Edi\u00e7\u00f5es Loyola. Vale muito ter o livro e conhecer os 50 anjos ,a novena , claro,s\u00f3 fala de 9.<\/p>\n<p>Esperamos que a novena seja interativa e que todos os que puderem deixem seus coment\u00e1rios .<\/p>\n<p>Confesso que estamos muito felizes com o que temos visto,lido e ouvido.<br \/>\n\u00c9 nossa homengem ao nosso Padroeiro o Glorioso S.Miguel Arcanjo. Princ\u00edpe da Mil\u00edcia Celeste.<br \/>\nNo dia de S.Miguel Arcanjo de 2010,jubileu de Ouro de Nossa Par\u00f3quia o nosso site www.oarcan.net estar\u00e1 fazendo dois anos no ar. O ARCANJO NO AR , e chegaremos aos 4000 coment\u00e1rios.<br \/>\n  Que Beleza ! Parab\u00e9ns a todos e todas que nos apoiam,ajudam e acessam nosso site neste grande mutir\u00e3o de evangeliza\u00e7\u00e3o !<\/p>\n<div id=\"themify_builder_content-10987\" data-postid=\"10987\" class=\"themify_builder_content themify_builder_content-10987 themify_builder themify_builder_front\">\n\t<\/div>\n<!-- \/themify_builder_content -->","protected":false},"excerpt":{"rendered":"<p>Ainda no segundo dia e a nossa novena \u00e0 S\u00e3o Miguel Arcanjo,tem mobilizado tantas pessoas ,em diversas cidades do Brasil e no exterior.A Novena produzida nos est\u00fadios de R\u00e1dio da Universidade S\u00e3o Judas Tadeu ,tem excel\u00eancia t\u00e9cnica,com a Dire\u00e7\u00e3o da Profa.Carmem e do Marcelo,t\u00e9cnico de r\u00e1dio difus\u00e3o.conta com o Apoio da Profa Liliam B.Mesquita pr\u00f3 [&hellip;]<\/p>\n","protected":false},"author":4,"featured_media":0,"comment_status":"open","ping_status":"open","sticky":false,"template":"","format":"standard","meta":{"ngg_post_thumbnail":0,"footnotes":""},"categories":[8],"tags":[],"yoast_head":"<!-- This site is optimized with the Yoast SEO plugin v23.5 - https:\/\/yoast.com\/wordpress\/plugins\/seo\/ -->\n<title>Que beleza !!!!Que beleza de Novena !! - O Arcanjo no ar<\/title>\n<meta name=\"robots\" content=\"index, follow, max-snippet:-1, max-image-preview:large, max-video-preview:-1\" \/>\n<link rel=\"canonical\" href=\"https:\/\/www.oarcanjo.net\/site\/que-beleza-que-beleza-de-novena\/\" \/>\n<meta property=\"og:locale\" content=\"pt_BR\" \/>\n<meta property=\"og:type\" content=\"article\" \/>\n<meta property=\"og:title\" content=\"Que beleza !!!!Que beleza de Novena !! - O Arcanjo no ar\" \/>\n<meta property=\"og:description\" content=\"Ainda no segundo dia e a nossa novena \u00e0 S\u00e3o Miguel Arcanjo,tem mobilizado tantas pessoas ,em diversas cidades do Brasil e no exterior.A Novena produzida nos est\u00fadios de R\u00e1dio da Universidade S\u00e3o Judas Tadeu ,tem excel\u00eancia t\u00e9cnica,com a Dire\u00e7\u00e3o da Profa.Carmem e do Marcelo,t\u00e9cnico de r\u00e1dio difus\u00e3o.conta com o Apoio da Profa Liliam B.Mesquita pr\u00f3 [&hellip;]\" \/>\n<meta property=\"og:url\" content=\"https:\/\/www.oarcanjo.net\/site\/que-beleza-que-beleza-de-novena\/\" \/>\n<meta property=\"og:site_name\" content=\"O Arcanjo no ar\" \/>\n<meta property=\"article:publisher\" content=\"https:\/\/www.facebook.com\/OArcanjoNoAr\/\" \/>\n<meta property=\"article:published_time\" content=\"2010-09-21T22:46:34+00:00\" \/>\n<meta property=\"og:image\" content=\"https:\/\/www.oarcanjo.net\/site\/wp-content\/uploads\/logo-o-arcanjo-no-ar-facebook.png\" \/>\n\t<meta property=\"og:image:width\" content=\"300\" \/>\n\t<meta property=\"og:image:height\" content=\"300\" \/>\n\t<meta property=\"og:image:type\" content=\"image\/png\" \/>\n<meta name=\"author\" content=\"julio\" \/>\n<meta name=\"twitter:card\" content=\"summary_large_image\" \/>\n<meta name=\"twitter:label1\" content=\"Escrito por\" \/>\n\t<meta name=\"twitter:data1\" content=\"julio\" \/>\n\t<meta name=\"twitter:label2\" content=\"Est. tempo de leitura\" \/>\n\t<meta name=\"twitter:data2\" content=\"1 minuto\" \/>\n<script type=\"application\/ld+json\" class=\"yoast-schema-graph\">{\"@context\":\"https:\/\/schema.org\",\"@graph\":[{\"@type\":\"Article\",\"@id\":\"https:\/\/www.oarcanjo.net\/site\/que-beleza-que-beleza-de-novena\/#article\",\"isPartOf\":{\"@id\":\"https:\/\/www.oarcanjo.net\/site\/que-beleza-que-beleza-de-novena\/\"},\"author\":{\"name\":\"julio\",\"@id\":\"https:\/\/www.oarcanjo.net\/site\/#\/schema\/person\/d78ea01c648c91e29c364b516767079e\"},\"headline\":\"Que beleza !!!!Que beleza de Novena !!\",\"datePublished\":\"2010-09-21T22:46:34+00:00\",\"dateModified\":\"2010-09-21T22:46:34+00:00\",\"mainEntityOfPage\":{\"@id\":\"https:\/\/www.oarcanjo.net\/site\/que-beleza-que-beleza-de-novena\/\"},\"wordCount\":275,\"commentCount\":3,\"publisher\":{\"@id\":\"https:\/\/www.oarcanjo.net\/site\/#organization\"},\"articleSection\":[\"Not\u00edcias\"],\"inLanguage\":\"pt-BR\",\"potentialAction\":[{\"@type\":\"CommentAction\",\"name\":\"Comment\",\"target\":[\"https:\/\/www.oarcanjo.net\/site\/que-beleza-que-beleza-de-novena\/#respond\"]}]},{\"@type\":\"WebPage\",\"@id\":\"https:\/\/www.oarcanjo.net\/site\/que-beleza-que-beleza-de-novena\/\",\"url\":\"https:\/\/www.oarcanjo.net\/site\/que-beleza-que-beleza-de-novena\/\",\"name\":\"Que beleza !!!!Que beleza de Novena !! - O Arcanjo no ar\",\"isPartOf\":{\"@id\":\"https:\/\/www.oarcanjo.net\/site\/#website\"},\"datePublished\":\"2010-09-21T22:46:34+00:00\",\"dateModified\":\"2010-09-21T22:46:34+00:00\",\"breadcrumb\":{\"@id\":\"https:\/\/www.oarcanjo.net\/site\/que-beleza-que-beleza-de-novena\/#breadcrumb\"},\"inLanguage\":\"pt-BR\",\"potentialAction\":[{\"@type\":\"ReadAction\",\"target\":[\"https:\/\/www.oarcanjo.net\/site\/que-beleza-que-beleza-de-novena\/\"]}]},{\"@type\":\"BreadcrumbList\",\"@id\":\"https:\/\/www.oarcanjo.net\/site\/que-beleza-que-beleza-de-novena\/#breadcrumb\",\"itemListElement\":[{\"@type\":\"ListItem\",\"position\":1,\"name\":\"In\u00edcio\",\"item\":\"https:\/\/www.oarcanjo.net\/site\/\"},{\"@type\":\"ListItem\",\"position\":2,\"name\":\"Que beleza !!!!Que beleza de Novena !!\"}]},{\"@type\":\"WebSite\",\"@id\":\"https:\/\/www.oarcanjo.net\/site\/#website\",\"url\":\"https:\/\/www.oarcanjo.net\/site\/\",\"name\":\"O Arcanjo no ar\",\"description\":\"Site da Par\u00f3quia S\u00e3o Miguel Arcanjo (Arquidiocese de SP)\",\"publisher\":{\"@id\":\"https:\/\/www.oarcanjo.net\/site\/#organization\"},\"potentialAction\":[{\"@type\":\"SearchAction\",\"target\":{\"@type\":\"EntryPoint\",\"urlTemplate\":\"https:\/\/www.oarcanjo.net\/site\/?s={search_term_string}\"},\"query-input\":{\"@type\":\"PropertyValueSpecification\",\"valueRequired\":true,\"valueName\":\"search_term_string\"}}],\"inLanguage\":\"pt-BR\"},{\"@type\":\"Organization\",\"@id\":\"https:\/\/www.oarcanjo.net\/site\/#organization\",\"name\":\"Par\u00f3quia S\u00e3o Miguel Arcanjo\",\"url\":\"https:\/\/www.oarcanjo.net\/site\/\",\"logo\":{\"@type\":\"ImageObject\",\"inLanguage\":\"pt-BR\",\"@id\":\"https:\/\/www.oarcanjo.net\/site\/#\/schema\/logo\/image\/\",\"url\":\"https:\/\/www.oarcanjo.net\/site\/wp-content\/uploads\/LogoOArcanjo.png\",\"contentUrl\":\"https:\/\/www.oarcanjo.net\/site\/wp-content\/uploads\/LogoOArcanjo.png\",\"width\":319,\"height\":99,\"caption\":\"Par\u00f3quia S\u00e3o Miguel Arcanjo\"},\"image\":{\"@id\":\"https:\/\/www.oarcanjo.net\/site\/#\/schema\/logo\/image\/\"},\"sameAs\":[\"https:\/\/www.facebook.com\/OArcanjoNoAr\/\"]},{\"@type\":\"Person\",\"@id\":\"https:\/\/www.oarcanjo.net\/site\/#\/schema\/person\/d78ea01c648c91e29c364b516767079e\",\"name\":\"julio\",\"sameAs\":[\"http:\/\/www.oarcanjo.net\"]}]}<\/script>\n<!-- \/ Yoast SEO plugin. -->","yoast_head_json":{"title":"Que beleza !!!!Que beleza de Novena !! - O Arcanjo no ar","robots":{"index":"index","follow":"follow","max-snippet":"max-snippet:-1","max-image-preview":"max-image-preview:large","max-video-preview":"max-video-preview:-1"},"canonical":"https:\/\/www.oarcanjo.net\/site\/que-beleza-que-beleza-de-novena\/","og_locale":"pt_BR","og_type":"article","og_title":"Que beleza !!!!Que beleza de Novena !! - O Arcanjo no ar","og_description":"Ainda no segundo dia e a nossa novena \u00e0 S\u00e3o Miguel Arcanjo,tem mobilizado tantas pessoas ,em diversas cidades do Brasil e no exterior.A Novena produzida nos est\u00fadios de R\u00e1dio da Universidade S\u00e3o Judas Tadeu ,tem excel\u00eancia t\u00e9cnica,com a Dire\u00e7\u00e3o da Profa.Carmem e do Marcelo,t\u00e9cnico de r\u00e1dio difus\u00e3o.conta com o Apoio da Profa Liliam B.Mesquita pr\u00f3 [&hellip;]","og_url":"https:\/\/www.oarcanjo.net\/site\/que-beleza-que-beleza-de-novena\/","og_site_name":"O Arcanjo no ar","article_publisher":"https:\/\/www.facebook.com\/OArcanjoNoAr\/","article_published_time":"2010-09-21T22:46:34+00:00","og_image":[{"width":300,"height":300,"url":"https:\/\/www.oarcanjo.net\/site\/wp-content\/uploads\/logo-o-arcanjo-no-ar-facebook.png","type":"image\/png"}],"author":"julio","twitter_card":"summary_large_image","twitter_misc":{"Escrito por":"julio","Est. tempo de leitura":"1 minuto"},"schema":{"@context":"https:\/\/schema.org","@graph":[{"@type":"Article","@id":"https:\/\/www.oarcanjo.net\/site\/que-beleza-que-beleza-de-novena\/#article","isPartOf":{"@id":"https:\/\/www.oarcanjo.net\/site\/que-beleza-que-beleza-de-novena\/"},"author":{"name":"julio","@id":"https:\/\/www.oarcanjo.net\/site\/#\/schema\/person\/d78ea01c648c91e29c364b516767079e"},"headline":"Que beleza !!!!Que beleza de Novena !!","datePublished":"2010-09-21T22:46:34+00:00","dateModified":"2010-09-21T22:46:34+00:00","mainEntityOfPage":{"@id":"https:\/\/www.oarcanjo.net\/site\/que-beleza-que-beleza-de-novena\/"},"wordCount":275,"commentCount":3,"publisher":{"@id":"https:\/\/www.oarcanjo.net\/site\/#organization"},"articleSection":["Not\u00edcias"],"inLanguage":"pt-BR","potentialAction":[{"@type":"CommentAction","name":"Comment","target":["https:\/\/www.oarcanjo.net\/site\/que-beleza-que-beleza-de-novena\/#respond"]}]},{"@type":"WebPage","@id":"https:\/\/www.oarcanjo.net\/site\/que-beleza-que-beleza-de-novena\/","url":"https:\/\/www.oarcanjo.net\/site\/que-beleza-que-beleza-de-novena\/","name":"Que beleza !!!!Que beleza de Novena !! - O Arcanjo no ar","isPartOf":{"@id":"https:\/\/www.oarcanjo.net\/site\/#website"},"datePublished":"2010-09-21T22:46:34+00:00","dateModified":"2010-09-21T22:46:34+00:00","breadcrumb":{"@id":"https:\/\/www.oarcanjo.net\/site\/que-beleza-que-beleza-de-novena\/#breadcrumb"},"inLanguage":"pt-BR","potentialAction":[{"@type":"ReadAction","target":["https:\/\/www.oarcanjo.net\/site\/que-beleza-que-beleza-de-novena\/"]}]},{"@type":"BreadcrumbList","@id":"https:\/\/www.oarcanjo.net\/site\/que-beleza-que-beleza-de-novena\/#breadcrumb","itemListElement":[{"@type":"ListItem","position":1,"name":"In\u00edcio","item":"https:\/\/www.oarcanjo.net\/site\/"},{"@type":"ListItem","position":2,"name":"Que beleza !!!!Que beleza de Novena !!"}]},{"@type":"WebSite","@id":"https:\/\/www.oarcanjo.net\/site\/#website","url":"https:\/\/www.oarcanjo.net\/site\/","name":"O Arcanjo no ar","description":"Site da Par\u00f3quia S\u00e3o Miguel Arcanjo (Arquidiocese de SP)","publisher":{"@id":"https:\/\/www.oarcanjo.net\/site\/#organization"},"potentialAction":[{"@type":"SearchAction","target":{"@type":"EntryPoint","urlTemplate":"https:\/\/www.oarcanjo.net\/site\/?s={search_term_string}"},"query-input":{"@type":"PropertyValueSpecification","valueRequired":true,"valueName":"search_term_string"}}],"inLanguage":"pt-BR"},{"@type":"Organization","@id":"https:\/\/www.oarcanjo.net\/site\/#organization","name":"Par\u00f3quia S\u00e3o Miguel Arcanjo","url":"https:\/\/www.oarcanjo.net\/site\/","logo":{"@type":"ImageObject","inLanguage":"pt-BR","@id":"https:\/\/www.oarcanjo.net\/site\/#\/schema\/logo\/image\/","url":"https:\/\/www.oarcanjo.net\/site\/wp-content\/uploads\/LogoOArcanjo.png","contentUrl":"https:\/\/www.oarcanjo.net\/site\/wp-content\/uploads\/LogoOArcanjo.png","width":319,"height":99,"caption":"Par\u00f3quia S\u00e3o Miguel Arcanjo"},"image":{"@id":"https:\/\/www.oarcanjo.net\/site\/#\/schema\/logo\/image\/"},"sameAs":["https:\/\/www.facebook.com\/OArcanjoNoAr\/"]},{"@type":"Person","@id":"https:\/\/www.oarcanjo.net\/site\/#\/schema\/person\/d78ea01c648c91e29c364b516767079e","name":"julio","sameAs":["http:\/\/www.oarcanjo.net"]}]}},"publishpress_future_action":{"enabled":false,"date":"2026-05-07 11:38:45","action":"category","newStatus":"draft","terms":[],"taxonomy":"category"},"publishpress_future_workflow_manual_trigger":{"enabledWorkflows":[]},"_links":{"self":[{"href":"https:\/\/www.oarcanjo.net\/site\/wp-json\/wp\/v2\/posts\/10987"}],"collection":[{"href":"https:\/\/www.oarcanjo.net\/site\/wp-json\/wp\/v2\/posts"}],"about":[{"href":"https:\/\/www.oarcanjo.net\/site\/wp-json\/wp\/v2\/types\/post"}],"author":[{"embeddable":true,"href":"https:\/\/www.oarcanjo.net\/site\/wp-json\/wp\/v2\/users\/4"}],"replies":[{"embeddable":true,"href":"https:\/\/www.oarcanjo.net\/site\/wp-json\/wp\/v2\/comments?post=10987"}],"version-history":[{"count":0,"href":"https:\/\/www.oarcanjo.net\/site\/wp-json\/wp\/v2\/posts\/10987\/revisions"}],"wp:attachment":[{"href":"https:\/\/www.oarcanjo.net\/site\/wp-json\/wp\/v2\/media?parent=10987"}],"wp:term":[{"taxonomy":"category","embeddable":true,"href":"https:\/\/www.oarcanjo.net\/site\/wp-json\/wp\/v2\/categories?post=10987"},{"taxonomy":"post_tag","embeddable":true,"href":"https:\/\/www.oarcanjo.net\/site\/wp-json\/wp\/v2\/tags?post=10987"}],"curies":[{"name":"wp","href":"https:\/\/api.w.org\/{rel}","templated":true}]}}