
{"id":1100,"date":"2008-12-19T11:04:51","date_gmt":"2008-12-19T14:04:51","guid":{"rendered":"http:\/\/www.oarcanjo.net\/site\/?p=1100"},"modified":"2008-12-19T11:04:51","modified_gmt":"2008-12-19T14:04:51","slug":"oracao-do-pai-nosso","status":"publish","type":"post","link":"https:\/\/www.oarcanjo.net\/site\/oracao-do-pai-nosso\/","title":{"rendered":"Ora\u00e7\u00e3o do Pai-Nosso"},"content":{"rendered":"<p><em>Frei Betto<\/em><\/p>\n<p>Escrevi esta vers\u00e3o do Pai-Nosso para os retiros dos grupos de ora\u00e7\u00e3o que acompanho h\u00e1 29 anos. Procurei dar um toque po\u00e9tico para permitir que seja rezado em forma de medita\u00e7\u00e3o louvativa e penitencial.<\/p>\n<p>Pai-nosso que estais no c\u00e9u, e sois nossa M\u00e3e na Terra, amorosa orgia trinit\u00e1ria, criador da aurora boreal e dos olhos enamorados que enternecem o cora\u00e7\u00e3o, Senhor avesso ao moralismo desvirtuado e guia da trilha peregrina das formigas do meu jardim,<\/p>\n<p>Santificado seja o vosso nome gravado nos girass\u00f3is de imensos olhos de ouro, no enla\u00e7o do abra\u00e7o e no sorriso c\u00famplice, nas part\u00edculas elementares e na candura da av\u00f3 ao servir sopa,<\/p>\n<p>Venha a n\u00f3s o vosso Reino para saciar-nos a fome de beleza e semear partilha onde h\u00e1 ac\u00famulo, alegria onde irrompeu a dor, gosto de festa onde campeia desola\u00e7\u00e3o,<\/p>\n<p>Seja feita a vossa vontade nas sendas desgovernadas de nossos passos, nos rios profundos de nossas intui\u00e7\u00f5es, no v\u00f4o suave das gar\u00e7as e no beijo voraz dos amantes, na respira\u00e7\u00e3o ofegante dos aflitos e na f\u00faria dos ventos subvertidos em furac\u00f5es,<\/p>\n<p>Assim na Terra como no c\u00e9u, e tamb\u00e9m no \u00e2mago da mat\u00e9ria escura e na garganta abissal dos buracos negros, no grito inaud\u00edvel da mulher aguilhoada e no pr\u00f3ximo encarado como dessemelhante, nos arsenais da hipocrisia e nos c\u00e1rceres que congelam vidas.<\/p>\n<p>O p\u00e3o nosso de cada dia nos dai hoje, e tamb\u00e9m o vinho inebriante da m\u00edstica alucinada, a coragem de dizer n\u00e3o ao pr\u00f3prio ego e o dom\u00ednio vagabundo do tempo, o cuidado dos deserdados e o destemor dos profetas,<\/p>\n<p>Perdoai as nossas ofensas e d\u00edvidas, a altivez da raz\u00e3o e a acidez da l\u00edngua, a cobi\u00e7a desmesurada e a m\u00e1scara a encobrir-nos a identidade, a indiferen\u00e7a ofensiva e a reverencial bajula\u00e7\u00e3o, a cegueira perante o horizonte despido de futuro e a in\u00e9rcia que nos impede faz\u00ea-lo melhor,<\/p>\n<p>Assim como n\u00f3s perdoamos a quem nos tem ofendido e aos nossos devedores, aos que nos esgar\u00e7am o orgulho e imprimem inveja em nossa tristeza de n\u00e3o possuir o bem alheio, e a quem, alheio \u00e0 nossa suposta import\u00e2ncia, fecha-se \u00e0 inconveniente intromiss\u00e3o,<\/p>\n<p>E n\u00e3o nos deixeis cair em tenta\u00e7\u00e3o frente ao porte suntuoso dos tigres de nossas cavernas interiores, \u00e0s serpentes atentas \u00e0s nossas indecis\u00f5es, aos abutres predadores da \u00e9tica,<\/p>\n<p>Mas livrai-nos do mal, do desalento, da desesperan\u00e7a, do ego inflado e da vangl\u00f3ria insensata, da dessolidariedade e da flacidez do car\u00e1ter, da noite desenluada de sonhos e da obesidade de convic\u00e7\u00f5es incons\u00fateis,<\/p>\n<p>Amemos.<\/p>\n<div id=\"themify_builder_content-1100\" data-postid=\"1100\" class=\"themify_builder_content themify_builder_content-1100 themify_builder themify_builder_front\">\n\t<\/div>\n<!-- \/themify_builder_content -->","protected":false},"excerpt":{"rendered":"<p>Frei Betto Escrevi esta vers\u00e3o do Pai-Nosso para os retiros dos grupos de ora\u00e7\u00e3o que acompanho h\u00e1 29 anos. Procurei dar um toque po\u00e9tico para permitir que seja rezado em forma de medita\u00e7\u00e3o louvativa e penitencial. Pai-nosso que estais no c\u00e9u, e sois nossa M\u00e3e na Terra, amorosa orgia trinit\u00e1ria, criador da aurora boreal e [&hellip;]<\/p>\n","protected":false},"author":5,"featured_media":0,"comment_status":"open","ping_status":"open","sticky":false,"template":"","format":"standard","meta":{"ngg_post_thumbnail":0,"footnotes":""},"categories":[6],"tags":[14,15],"yoast_head":"<!-- This site is optimized with the Yoast SEO plugin v23.5 - https:\/\/yoast.com\/wordpress\/plugins\/seo\/ -->\n<title>Ora\u00e7\u00e3o do Pai-Nosso - O Arcanjo no ar<\/title>\n<meta name=\"robots\" content=\"index, follow, max-snippet:-1, max-image-preview:large, max-video-preview:-1\" \/>\n<link rel=\"canonical\" href=\"https:\/\/www.oarcanjo.net\/site\/oracao-do-pai-nosso\/\" \/>\n<meta property=\"og:locale\" content=\"pt_BR\" \/>\n<meta property=\"og:type\" content=\"article\" \/>\n<meta property=\"og:title\" content=\"Ora\u00e7\u00e3o do Pai-Nosso - O Arcanjo no ar\" \/>\n<meta property=\"og:description\" content=\"Frei Betto Escrevi esta vers\u00e3o do Pai-Nosso para os retiros dos grupos de ora\u00e7\u00e3o que acompanho h\u00e1 29 anos. Procurei dar um toque po\u00e9tico para permitir que seja rezado em forma de medita\u00e7\u00e3o louvativa e penitencial. Pai-nosso que estais no c\u00e9u, e sois nossa M\u00e3e na Terra, amorosa orgia trinit\u00e1ria, criador da aurora boreal e [&hellip;]\" \/>\n<meta property=\"og:url\" content=\"https:\/\/www.oarcanjo.net\/site\/oracao-do-pai-nosso\/\" \/>\n<meta property=\"og:site_name\" content=\"O Arcanjo no ar\" \/>\n<meta property=\"article:publisher\" content=\"https:\/\/www.facebook.com\/OArcanjoNoAr\/\" \/>\n<meta property=\"article:published_time\" content=\"2008-12-19T14:04:51+00:00\" \/>\n<meta property=\"og:image\" content=\"https:\/\/www.oarcanjo.net\/site\/wp-content\/uploads\/logo-o-arcanjo-no-ar-facebook.png\" \/>\n\t<meta property=\"og:image:width\" content=\"300\" \/>\n\t<meta property=\"og:image:height\" content=\"300\" \/>\n\t<meta property=\"og:image:type\" content=\"image\/png\" \/>\n<meta name=\"author\" content=\"editor\" \/>\n<meta name=\"twitter:card\" content=\"summary_large_image\" \/>\n<meta name=\"twitter:label1\" content=\"Escrito por\" \/>\n\t<meta name=\"twitter:data1\" content=\"editor\" \/>\n\t<meta name=\"twitter:label2\" content=\"Est. tempo de leitura\" \/>\n\t<meta name=\"twitter:data2\" content=\"2 minutos\" \/>\n<script type=\"application\/ld+json\" class=\"yoast-schema-graph\">{\"@context\":\"https:\/\/schema.org\",\"@graph\":[{\"@type\":\"Article\",\"@id\":\"https:\/\/www.oarcanjo.net\/site\/oracao-do-pai-nosso\/#article\",\"isPartOf\":{\"@id\":\"https:\/\/www.oarcanjo.net\/site\/oracao-do-pai-nosso\/\"},\"author\":{\"name\":\"editor\",\"@id\":\"https:\/\/www.oarcanjo.net\/site\/#\/schema\/person\/f7024d007863202483a31326673a0838\"},\"headline\":\"Ora\u00e7\u00e3o do Pai-Nosso\",\"datePublished\":\"2008-12-19T14:04:51+00:00\",\"dateModified\":\"2008-12-19T14:04:51+00:00\",\"mainEntityOfPage\":{\"@id\":\"https:\/\/www.oarcanjo.net\/site\/oracao-do-pai-nosso\/\"},\"wordCount\":471,\"commentCount\":0,\"publisher\":{\"@id\":\"https:\/\/www.oarcanjo.net\/site\/#organization\"},\"keywords\":[\"ora\u00e7\u00e3o\",\"pai nosso\"],\"articleSection\":[\"Ora\u00e7\u00f5es\"],\"inLanguage\":\"pt-BR\",\"potentialAction\":[{\"@type\":\"CommentAction\",\"name\":\"Comment\",\"target\":[\"https:\/\/www.oarcanjo.net\/site\/oracao-do-pai-nosso\/#respond\"]}]},{\"@type\":\"WebPage\",\"@id\":\"https:\/\/www.oarcanjo.net\/site\/oracao-do-pai-nosso\/\",\"url\":\"https:\/\/www.oarcanjo.net\/site\/oracao-do-pai-nosso\/\",\"name\":\"Ora\u00e7\u00e3o do Pai-Nosso - O Arcanjo no ar\",\"isPartOf\":{\"@id\":\"https:\/\/www.oarcanjo.net\/site\/#website\"},\"datePublished\":\"2008-12-19T14:04:51+00:00\",\"dateModified\":\"2008-12-19T14:04:51+00:00\",\"breadcrumb\":{\"@id\":\"https:\/\/www.oarcanjo.net\/site\/oracao-do-pai-nosso\/#breadcrumb\"},\"inLanguage\":\"pt-BR\",\"potentialAction\":[{\"@type\":\"ReadAction\",\"target\":[\"https:\/\/www.oarcanjo.net\/site\/oracao-do-pai-nosso\/\"]}]},{\"@type\":\"BreadcrumbList\",\"@id\":\"https:\/\/www.oarcanjo.net\/site\/oracao-do-pai-nosso\/#breadcrumb\",\"itemListElement\":[{\"@type\":\"ListItem\",\"position\":1,\"name\":\"In\u00edcio\",\"item\":\"https:\/\/www.oarcanjo.net\/site\/\"},{\"@type\":\"ListItem\",\"position\":2,\"name\":\"Ora\u00e7\u00e3o do Pai-Nosso\"}]},{\"@type\":\"WebSite\",\"@id\":\"https:\/\/www.oarcanjo.net\/site\/#website\",\"url\":\"https:\/\/www.oarcanjo.net\/site\/\",\"name\":\"O Arcanjo no ar\",\"description\":\"Site da Par\u00f3quia S\u00e3o Miguel Arcanjo (Arquidiocese de SP)\",\"publisher\":{\"@id\":\"https:\/\/www.oarcanjo.net\/site\/#organization\"},\"potentialAction\":[{\"@type\":\"SearchAction\",\"target\":{\"@type\":\"EntryPoint\",\"urlTemplate\":\"https:\/\/www.oarcanjo.net\/site\/?s={search_term_string}\"},\"query-input\":{\"@type\":\"PropertyValueSpecification\",\"valueRequired\":true,\"valueName\":\"search_term_string\"}}],\"inLanguage\":\"pt-BR\"},{\"@type\":\"Organization\",\"@id\":\"https:\/\/www.oarcanjo.net\/site\/#organization\",\"name\":\"Par\u00f3quia S\u00e3o Miguel Arcanjo\",\"url\":\"https:\/\/www.oarcanjo.net\/site\/\",\"logo\":{\"@type\":\"ImageObject\",\"inLanguage\":\"pt-BR\",\"@id\":\"https:\/\/www.oarcanjo.net\/site\/#\/schema\/logo\/image\/\",\"url\":\"https:\/\/www.oarcanjo.net\/site\/wp-content\/uploads\/LogoOArcanjo.png\",\"contentUrl\":\"https:\/\/www.oarcanjo.net\/site\/wp-content\/uploads\/LogoOArcanjo.png\",\"width\":319,\"height\":99,\"caption\":\"Par\u00f3quia S\u00e3o Miguel Arcanjo\"},\"image\":{\"@id\":\"https:\/\/www.oarcanjo.net\/site\/#\/schema\/logo\/image\/\"},\"sameAs\":[\"https:\/\/www.facebook.com\/OArcanjoNoAr\/\"]},{\"@type\":\"Person\",\"@id\":\"https:\/\/www.oarcanjo.net\/site\/#\/schema\/person\/f7024d007863202483a31326673a0838\",\"name\":\"editor\",\"sameAs\":[\"http:\/\/www.oarcanjo.net\"]}]}<\/script>\n<!-- \/ Yoast SEO plugin. -->","yoast_head_json":{"title":"Ora\u00e7\u00e3o do Pai-Nosso - O Arcanjo no ar","robots":{"index":"index","follow":"follow","max-snippet":"max-snippet:-1","max-image-preview":"max-image-preview:large","max-video-preview":"max-video-preview:-1"},"canonical":"https:\/\/www.oarcanjo.net\/site\/oracao-do-pai-nosso\/","og_locale":"pt_BR","og_type":"article","og_title":"Ora\u00e7\u00e3o do Pai-Nosso - O Arcanjo no ar","og_description":"Frei Betto Escrevi esta vers\u00e3o do Pai-Nosso para os retiros dos grupos de ora\u00e7\u00e3o que acompanho h\u00e1 29 anos. Procurei dar um toque po\u00e9tico para permitir que seja rezado em forma de medita\u00e7\u00e3o louvativa e penitencial. Pai-nosso que estais no c\u00e9u, e sois nossa M\u00e3e na Terra, amorosa orgia trinit\u00e1ria, criador da aurora boreal e [&hellip;]","og_url":"https:\/\/www.oarcanjo.net\/site\/oracao-do-pai-nosso\/","og_site_name":"O Arcanjo no ar","article_publisher":"https:\/\/www.facebook.com\/OArcanjoNoAr\/","article_published_time":"2008-12-19T14:04:51+00:00","og_image":[{"width":300,"height":300,"url":"https:\/\/www.oarcanjo.net\/site\/wp-content\/uploads\/logo-o-arcanjo-no-ar-facebook.png","type":"image\/png"}],"author":"editor","twitter_card":"summary_large_image","twitter_misc":{"Escrito por":"editor","Est. tempo de leitura":"2 minutos"},"schema":{"@context":"https:\/\/schema.org","@graph":[{"@type":"Article","@id":"https:\/\/www.oarcanjo.net\/site\/oracao-do-pai-nosso\/#article","isPartOf":{"@id":"https:\/\/www.oarcanjo.net\/site\/oracao-do-pai-nosso\/"},"author":{"name":"editor","@id":"https:\/\/www.oarcanjo.net\/site\/#\/schema\/person\/f7024d007863202483a31326673a0838"},"headline":"Ora\u00e7\u00e3o do Pai-Nosso","datePublished":"2008-12-19T14:04:51+00:00","dateModified":"2008-12-19T14:04:51+00:00","mainEntityOfPage":{"@id":"https:\/\/www.oarcanjo.net\/site\/oracao-do-pai-nosso\/"},"wordCount":471,"commentCount":0,"publisher":{"@id":"https:\/\/www.oarcanjo.net\/site\/#organization"},"keywords":["ora\u00e7\u00e3o","pai nosso"],"articleSection":["Ora\u00e7\u00f5es"],"inLanguage":"pt-BR","potentialAction":[{"@type":"CommentAction","name":"Comment","target":["https:\/\/www.oarcanjo.net\/site\/oracao-do-pai-nosso\/#respond"]}]},{"@type":"WebPage","@id":"https:\/\/www.oarcanjo.net\/site\/oracao-do-pai-nosso\/","url":"https:\/\/www.oarcanjo.net\/site\/oracao-do-pai-nosso\/","name":"Ora\u00e7\u00e3o do Pai-Nosso - O Arcanjo no ar","isPartOf":{"@id":"https:\/\/www.oarcanjo.net\/site\/#website"},"datePublished":"2008-12-19T14:04:51+00:00","dateModified":"2008-12-19T14:04:51+00:00","breadcrumb":{"@id":"https:\/\/www.oarcanjo.net\/site\/oracao-do-pai-nosso\/#breadcrumb"},"inLanguage":"pt-BR","potentialAction":[{"@type":"ReadAction","target":["https:\/\/www.oarcanjo.net\/site\/oracao-do-pai-nosso\/"]}]},{"@type":"BreadcrumbList","@id":"https:\/\/www.oarcanjo.net\/site\/oracao-do-pai-nosso\/#breadcrumb","itemListElement":[{"@type":"ListItem","position":1,"name":"In\u00edcio","item":"https:\/\/www.oarcanjo.net\/site\/"},{"@type":"ListItem","position":2,"name":"Ora\u00e7\u00e3o do Pai-Nosso"}]},{"@type":"WebSite","@id":"https:\/\/www.oarcanjo.net\/site\/#website","url":"https:\/\/www.oarcanjo.net\/site\/","name":"O Arcanjo no ar","description":"Site da Par\u00f3quia S\u00e3o Miguel Arcanjo (Arquidiocese de SP)","publisher":{"@id":"https:\/\/www.oarcanjo.net\/site\/#organization"},"potentialAction":[{"@type":"SearchAction","target":{"@type":"EntryPoint","urlTemplate":"https:\/\/www.oarcanjo.net\/site\/?s={search_term_string}"},"query-input":{"@type":"PropertyValueSpecification","valueRequired":true,"valueName":"search_term_string"}}],"inLanguage":"pt-BR"},{"@type":"Organization","@id":"https:\/\/www.oarcanjo.net\/site\/#organization","name":"Par\u00f3quia S\u00e3o Miguel Arcanjo","url":"https:\/\/www.oarcanjo.net\/site\/","logo":{"@type":"ImageObject","inLanguage":"pt-BR","@id":"https:\/\/www.oarcanjo.net\/site\/#\/schema\/logo\/image\/","url":"https:\/\/www.oarcanjo.net\/site\/wp-content\/uploads\/LogoOArcanjo.png","contentUrl":"https:\/\/www.oarcanjo.net\/site\/wp-content\/uploads\/LogoOArcanjo.png","width":319,"height":99,"caption":"Par\u00f3quia S\u00e3o Miguel Arcanjo"},"image":{"@id":"https:\/\/www.oarcanjo.net\/site\/#\/schema\/logo\/image\/"},"sameAs":["https:\/\/www.facebook.com\/OArcanjoNoAr\/"]},{"@type":"Person","@id":"https:\/\/www.oarcanjo.net\/site\/#\/schema\/person\/f7024d007863202483a31326673a0838","name":"editor","sameAs":["http:\/\/www.oarcanjo.net"]}]}},"publishpress_future_action":{"enabled":false,"date":"2026-05-07 14:13:55","action":"category","newStatus":"draft","terms":[],"taxonomy":"category"},"publishpress_future_workflow_manual_trigger":{"enabledWorkflows":[]},"_links":{"self":[{"href":"https:\/\/www.oarcanjo.net\/site\/wp-json\/wp\/v2\/posts\/1100"}],"collection":[{"href":"https:\/\/www.oarcanjo.net\/site\/wp-json\/wp\/v2\/posts"}],"about":[{"href":"https:\/\/www.oarcanjo.net\/site\/wp-json\/wp\/v2\/types\/post"}],"author":[{"embeddable":true,"href":"https:\/\/www.oarcanjo.net\/site\/wp-json\/wp\/v2\/users\/5"}],"replies":[{"embeddable":true,"href":"https:\/\/www.oarcanjo.net\/site\/wp-json\/wp\/v2\/comments?post=1100"}],"version-history":[{"count":0,"href":"https:\/\/www.oarcanjo.net\/site\/wp-json\/wp\/v2\/posts\/1100\/revisions"}],"wp:attachment":[{"href":"https:\/\/www.oarcanjo.net\/site\/wp-json\/wp\/v2\/media?parent=1100"}],"wp:term":[{"taxonomy":"category","embeddable":true,"href":"https:\/\/www.oarcanjo.net\/site\/wp-json\/wp\/v2\/categories?post=1100"},{"taxonomy":"post_tag","embeddable":true,"href":"https:\/\/www.oarcanjo.net\/site\/wp-json\/wp\/v2\/tags?post=1100"}],"curies":[{"name":"wp","href":"https:\/\/api.w.org\/{rel}","templated":true}]}}