
{"id":11004,"date":"2010-09-23T23:04:17","date_gmt":"2010-09-24T02:04:17","guid":{"rendered":"http:\/\/www.oarcanjo.net\/site\/?p=11004"},"modified":"2010-09-23T23:04:17","modified_gmt":"2010-09-24T02:04:17","slug":"o-fato-relevante","status":"publish","type":"post","link":"https:\/\/www.oarcanjo.net\/site\/o-fato-relevante\/","title":{"rendered":"O fato relevante"},"content":{"rendered":"<p>Dom Dem\u00e9trio Valentini<\/p>\n<p>Nestas elei\u00e7\u00f5es um fato novo est\u00e1 acontecendo. Fato verdadeiramente relevante. Mas, que n\u00e3o precisa ser publicado na grande imprensa. Ali\u00e1s, o fato relevante consiste exatamente nisto: o povo j\u00e1 n\u00e3o se guia pelos &#8220;fatos relevantes&#8221; publicados pela m\u00eddia. A grande imprensa perdeu o poder de criar a &#8220;opini\u00e3o p\u00fablica&#8221;.<\/p>\n<p>A &#8220;opini\u00e3o p\u00fablica&#8221; n\u00e3o coincide mais com a &#8220;opini\u00e3o publicada&#8221;.<\/p>\n<p>O povo encontrou outros caminhos para chegar \u00e0s suas pr\u00f3prias opini\u00f5es, e traduzi-las em suas op\u00e7\u00f5es eleitorais.<\/p>\n<p>J\u00e1 houve elei\u00e7\u00f5es que mudaram de rumo por causa do impacto produzido pela divulga\u00e7\u00e3o de &#8220;fatos relevantes&#8221;, tidos assim porque assim divulgados pela grande imprensa.<\/p>\n<p>Agora, a grande imprensa fica falando sozinha, enquanto o povo vai tomando suas decis\u00f5es.<\/p>\n<p>Bem que ela insiste em lan\u00e7ar fatos novos, na evidente tentativa de influenciar os eleitores, e mudar o rumo das elei\u00e7\u00f5es. Mas n\u00e3o encontram mais eco. S\u00e3o como foguetes p\u00edfios, que explodem sem produzir ru\u00eddo.<\/p>\n<p>A reiterada publica\u00e7\u00e3o de fatos, que ainda continua, j\u00e1 n\u00e3o encontra sua justificativa nas rea\u00e7\u00f5es suscitadas, que inexistem. Assim, as publica\u00e7\u00f5es necessitam se apoiar mutuamente, uma confirmando o que divulga a outra, mostrando-se interdependentes mais que duas irm\u00e3s siamesas, tal a impress\u00e3o que deixam, por exemplo, determinado jornal e determinada revista.<\/p>\n<p>Esta autonomia frente \u00e0 grande imprensa se traduz tamb\u00e9m em liberdade diante das recomenda\u00e7\u00f5es de ordem autorit\u00e1ria. Elas tamb\u00e9m j\u00e1 n\u00e3o influenciam. Ao contr\u00e1rio, parecem produzir efeito contr\u00e1rio. Quando mais o bispo insiste, mais o povo vota contra a opini\u00e3o do bispo.<\/p>\n<p>Este tamb\u00e9m \u00e9 um &#8220;fato relevante&#8221;, \u00e0s avessas. N\u00e3o pela interven\u00e7\u00e3o da Igreja no processo eleitoral. Mas pela constata\u00e7\u00e3o de que o povo dispensa suas recomenda\u00e7\u00f5es, e faz quest\u00e3o de usar sua liberdade.<\/p>\n<p>Este &#8220;fato relevante&#8221; antecede o pr\u00f3prio resultado eleitoral, e pode se tornar ponto de partida para um processo pol\u00edtico muito promissor. O povo brasileiro mostra que j\u00e1 aprendeu a formar sua opini\u00e3o a partir de &#8220;fatos concretos&#8221;, que ele experimenta no dia a dia, dos quais ele pr\u00f3prio \u00e9 sujeito. J\u00e1 passou o tempo das fal\u00e1cias divulgadas pela imprensa, onde o povo era reduzido a mero expectador.<\/p>\n<p>Em tempos de elei\u00e7\u00f5es, como agora, fica mais f\u00e1cil o povo identificar em determinadas candidaturas a concretiza\u00e7\u00e3o da nova situa\u00e7\u00e3o que passou a viver nos \u00faltimos anos. Mas para consolidar esta mudan\u00e7a, e atingir um patamar de maior responsabilidade pol\u00edtica, certamente ser\u00e1 necess\u00e1rio trabalhar estes espa\u00e7os novos de autonomia e de participa\u00e7\u00e3o, que o povo come\u00e7ou a experimentar.<\/p>\n<p>Temos a\u00ed o ponto de partida para engatar bem a proposta de uma urgente reforma pol\u00edtica, e tamb\u00e9m de outras reformas estruturais, indispens\u00e1veis para superar os gargalos que impedem a implementa\u00e7\u00e3o de um processo democr\u00e1tico amplo e eficaz.<\/p>\n<p>O fato novo, a boa not\u00edcia, n\u00e3o consiste s\u00f3 em saber quem estar\u00e1 na Presid\u00eancia da Rep\u00fablica, nos Governos Estaduais, e nos parlamentos nacionais e estaduais. A boa not\u00edcia \u00e9 que o povo se mostra disposto a tomar posi\u00e7\u00e3o e assumir o seu destino de maneira soberana e respons\u00e1vel.<\/p>\n<div id=\"themify_builder_content-11004\" data-postid=\"11004\" class=\"themify_builder_content themify_builder_content-11004 themify_builder themify_builder_front\">\n\t<\/div>\n<!-- \/themify_builder_content -->","protected":false},"excerpt":{"rendered":"<p>Dom Dem\u00e9trio Valentini Nestas elei\u00e7\u00f5es um fato novo est\u00e1 acontecendo. Fato verdadeiramente relevante. Mas, que n\u00e3o precisa ser publicado na grande imprensa. Ali\u00e1s, o fato relevante consiste exatamente nisto: o povo j\u00e1 n\u00e3o se guia pelos &#8220;fatos relevantes&#8221; publicados pela m\u00eddia. A grande imprensa perdeu o poder de criar a &#8220;opini\u00e3o p\u00fablica&#8221;. A &#8220;opini\u00e3o p\u00fablica&#8221; [&hellip;]<\/p>\n","protected":false},"author":5,"featured_media":0,"comment_status":"open","ping_status":"open","sticky":false,"template":"","format":"standard","meta":{"ngg_post_thumbnail":0,"footnotes":""},"categories":[9],"tags":[1041,1403,182,196,1716],"yoast_head":"<!-- This site is optimized with the Yoast SEO plugin v23.5 - https:\/\/yoast.com\/wordpress\/plugins\/seo\/ -->\n<title>O fato relevante - O Arcanjo no ar<\/title>\n<meta name=\"robots\" content=\"index, follow, max-snippet:-1, max-image-preview:large, max-video-preview:-1\" \/>\n<link rel=\"canonical\" href=\"https:\/\/www.oarcanjo.net\/site\/o-fato-relevante\/\" \/>\n<meta property=\"og:locale\" content=\"pt_BR\" \/>\n<meta property=\"og:type\" content=\"article\" \/>\n<meta property=\"og:title\" content=\"O fato relevante - O Arcanjo no ar\" \/>\n<meta property=\"og:description\" content=\"Dom Dem\u00e9trio Valentini Nestas elei\u00e7\u00f5es um fato novo est\u00e1 acontecendo. Fato verdadeiramente relevante. Mas, que n\u00e3o precisa ser publicado na grande imprensa. Ali\u00e1s, o fato relevante consiste exatamente nisto: o povo j\u00e1 n\u00e3o se guia pelos &#8220;fatos relevantes&#8221; publicados pela m\u00eddia. A grande imprensa perdeu o poder de criar a &#8220;opini\u00e3o p\u00fablica&#8221;. A &#8220;opini\u00e3o p\u00fablica&#8221; [&hellip;]\" \/>\n<meta property=\"og:url\" content=\"https:\/\/www.oarcanjo.net\/site\/o-fato-relevante\/\" \/>\n<meta property=\"og:site_name\" content=\"O Arcanjo no ar\" \/>\n<meta property=\"article:publisher\" content=\"https:\/\/www.facebook.com\/OArcanjoNoAr\/\" \/>\n<meta property=\"article:published_time\" content=\"2010-09-24T02:04:17+00:00\" \/>\n<meta property=\"og:image\" content=\"https:\/\/www.oarcanjo.net\/site\/wp-content\/uploads\/logo-o-arcanjo-no-ar-facebook.png\" \/>\n\t<meta property=\"og:image:width\" content=\"300\" \/>\n\t<meta property=\"og:image:height\" content=\"300\" \/>\n\t<meta property=\"og:image:type\" content=\"image\/png\" \/>\n<meta name=\"author\" content=\"editor\" \/>\n<meta name=\"twitter:card\" content=\"summary_large_image\" \/>\n<meta name=\"twitter:label1\" content=\"Escrito por\" \/>\n\t<meta name=\"twitter:data1\" content=\"editor\" \/>\n\t<meta name=\"twitter:label2\" content=\"Est. tempo de leitura\" \/>\n\t<meta name=\"twitter:data2\" content=\"3 minutos\" \/>\n<script type=\"application\/ld+json\" class=\"yoast-schema-graph\">{\"@context\":\"https:\/\/schema.org\",\"@graph\":[{\"@type\":\"Article\",\"@id\":\"https:\/\/www.oarcanjo.net\/site\/o-fato-relevante\/#article\",\"isPartOf\":{\"@id\":\"https:\/\/www.oarcanjo.net\/site\/o-fato-relevante\/\"},\"author\":{\"name\":\"editor\",\"@id\":\"https:\/\/www.oarcanjo.net\/site\/#\/schema\/person\/f7024d007863202483a31326673a0838\"},\"headline\":\"O fato relevante\",\"datePublished\":\"2010-09-24T02:04:17+00:00\",\"dateModified\":\"2010-09-24T02:04:17+00:00\",\"mainEntityOfPage\":{\"@id\":\"https:\/\/www.oarcanjo.net\/site\/o-fato-relevante\/\"},\"wordCount\":561,\"commentCount\":0,\"publisher\":{\"@id\":\"https:\/\/www.oarcanjo.net\/site\/#organization\"},\"keywords\":[\"elei\u00e7\u00e3o\",\"leitura cr\u00edtica da comunica\u00e7\u00e3o\",\"meios de comunica\u00e7\u00e3o\",\"m\u00eddia\",\"opini\u00e3o p\u00fablica\"],\"articleSection\":[\"Reflex\u00f5es\"],\"inLanguage\":\"pt-BR\",\"potentialAction\":[{\"@type\":\"CommentAction\",\"name\":\"Comment\",\"target\":[\"https:\/\/www.oarcanjo.net\/site\/o-fato-relevante\/#respond\"]}]},{\"@type\":\"WebPage\",\"@id\":\"https:\/\/www.oarcanjo.net\/site\/o-fato-relevante\/\",\"url\":\"https:\/\/www.oarcanjo.net\/site\/o-fato-relevante\/\",\"name\":\"O fato relevante - O Arcanjo no ar\",\"isPartOf\":{\"@id\":\"https:\/\/www.oarcanjo.net\/site\/#website\"},\"datePublished\":\"2010-09-24T02:04:17+00:00\",\"dateModified\":\"2010-09-24T02:04:17+00:00\",\"breadcrumb\":{\"@id\":\"https:\/\/www.oarcanjo.net\/site\/o-fato-relevante\/#breadcrumb\"},\"inLanguage\":\"pt-BR\",\"potentialAction\":[{\"@type\":\"ReadAction\",\"target\":[\"https:\/\/www.oarcanjo.net\/site\/o-fato-relevante\/\"]}]},{\"@type\":\"BreadcrumbList\",\"@id\":\"https:\/\/www.oarcanjo.net\/site\/o-fato-relevante\/#breadcrumb\",\"itemListElement\":[{\"@type\":\"ListItem\",\"position\":1,\"name\":\"In\u00edcio\",\"item\":\"https:\/\/www.oarcanjo.net\/site\/\"},{\"@type\":\"ListItem\",\"position\":2,\"name\":\"O fato relevante\"}]},{\"@type\":\"WebSite\",\"@id\":\"https:\/\/www.oarcanjo.net\/site\/#website\",\"url\":\"https:\/\/www.oarcanjo.net\/site\/\",\"name\":\"O Arcanjo no ar\",\"description\":\"Site da Par\u00f3quia S\u00e3o Miguel Arcanjo (Arquidiocese de SP)\",\"publisher\":{\"@id\":\"https:\/\/www.oarcanjo.net\/site\/#organization\"},\"potentialAction\":[{\"@type\":\"SearchAction\",\"target\":{\"@type\":\"EntryPoint\",\"urlTemplate\":\"https:\/\/www.oarcanjo.net\/site\/?s={search_term_string}\"},\"query-input\":{\"@type\":\"PropertyValueSpecification\",\"valueRequired\":true,\"valueName\":\"search_term_string\"}}],\"inLanguage\":\"pt-BR\"},{\"@type\":\"Organization\",\"@id\":\"https:\/\/www.oarcanjo.net\/site\/#organization\",\"name\":\"Par\u00f3quia S\u00e3o Miguel Arcanjo\",\"url\":\"https:\/\/www.oarcanjo.net\/site\/\",\"logo\":{\"@type\":\"ImageObject\",\"inLanguage\":\"pt-BR\",\"@id\":\"https:\/\/www.oarcanjo.net\/site\/#\/schema\/logo\/image\/\",\"url\":\"https:\/\/www.oarcanjo.net\/site\/wp-content\/uploads\/LogoOArcanjo.png\",\"contentUrl\":\"https:\/\/www.oarcanjo.net\/site\/wp-content\/uploads\/LogoOArcanjo.png\",\"width\":319,\"height\":99,\"caption\":\"Par\u00f3quia S\u00e3o Miguel Arcanjo\"},\"image\":{\"@id\":\"https:\/\/www.oarcanjo.net\/site\/#\/schema\/logo\/image\/\"},\"sameAs\":[\"https:\/\/www.facebook.com\/OArcanjoNoAr\/\"]},{\"@type\":\"Person\",\"@id\":\"https:\/\/www.oarcanjo.net\/site\/#\/schema\/person\/f7024d007863202483a31326673a0838\",\"name\":\"editor\",\"sameAs\":[\"http:\/\/www.oarcanjo.net\"]}]}<\/script>\n<!-- \/ Yoast SEO plugin. -->","yoast_head_json":{"title":"O fato relevante - O Arcanjo no ar","robots":{"index":"index","follow":"follow","max-snippet":"max-snippet:-1","max-image-preview":"max-image-preview:large","max-video-preview":"max-video-preview:-1"},"canonical":"https:\/\/www.oarcanjo.net\/site\/o-fato-relevante\/","og_locale":"pt_BR","og_type":"article","og_title":"O fato relevante - O Arcanjo no ar","og_description":"Dom Dem\u00e9trio Valentini Nestas elei\u00e7\u00f5es um fato novo est\u00e1 acontecendo. Fato verdadeiramente relevante. Mas, que n\u00e3o precisa ser publicado na grande imprensa. Ali\u00e1s, o fato relevante consiste exatamente nisto: o povo j\u00e1 n\u00e3o se guia pelos &#8220;fatos relevantes&#8221; publicados pela m\u00eddia. A grande imprensa perdeu o poder de criar a &#8220;opini\u00e3o p\u00fablica&#8221;. A &#8220;opini\u00e3o p\u00fablica&#8221; [&hellip;]","og_url":"https:\/\/www.oarcanjo.net\/site\/o-fato-relevante\/","og_site_name":"O Arcanjo no ar","article_publisher":"https:\/\/www.facebook.com\/OArcanjoNoAr\/","article_published_time":"2010-09-24T02:04:17+00:00","og_image":[{"width":300,"height":300,"url":"https:\/\/www.oarcanjo.net\/site\/wp-content\/uploads\/logo-o-arcanjo-no-ar-facebook.png","type":"image\/png"}],"author":"editor","twitter_card":"summary_large_image","twitter_misc":{"Escrito por":"editor","Est. tempo de leitura":"3 minutos"},"schema":{"@context":"https:\/\/schema.org","@graph":[{"@type":"Article","@id":"https:\/\/www.oarcanjo.net\/site\/o-fato-relevante\/#article","isPartOf":{"@id":"https:\/\/www.oarcanjo.net\/site\/o-fato-relevante\/"},"author":{"name":"editor","@id":"https:\/\/www.oarcanjo.net\/site\/#\/schema\/person\/f7024d007863202483a31326673a0838"},"headline":"O fato relevante","datePublished":"2010-09-24T02:04:17+00:00","dateModified":"2010-09-24T02:04:17+00:00","mainEntityOfPage":{"@id":"https:\/\/www.oarcanjo.net\/site\/o-fato-relevante\/"},"wordCount":561,"commentCount":0,"publisher":{"@id":"https:\/\/www.oarcanjo.net\/site\/#organization"},"keywords":["elei\u00e7\u00e3o","leitura cr\u00edtica da comunica\u00e7\u00e3o","meios de comunica\u00e7\u00e3o","m\u00eddia","opini\u00e3o p\u00fablica"],"articleSection":["Reflex\u00f5es"],"inLanguage":"pt-BR","potentialAction":[{"@type":"CommentAction","name":"Comment","target":["https:\/\/www.oarcanjo.net\/site\/o-fato-relevante\/#respond"]}]},{"@type":"WebPage","@id":"https:\/\/www.oarcanjo.net\/site\/o-fato-relevante\/","url":"https:\/\/www.oarcanjo.net\/site\/o-fato-relevante\/","name":"O fato relevante - O Arcanjo no ar","isPartOf":{"@id":"https:\/\/www.oarcanjo.net\/site\/#website"},"datePublished":"2010-09-24T02:04:17+00:00","dateModified":"2010-09-24T02:04:17+00:00","breadcrumb":{"@id":"https:\/\/www.oarcanjo.net\/site\/o-fato-relevante\/#breadcrumb"},"inLanguage":"pt-BR","potentialAction":[{"@type":"ReadAction","target":["https:\/\/www.oarcanjo.net\/site\/o-fato-relevante\/"]}]},{"@type":"BreadcrumbList","@id":"https:\/\/www.oarcanjo.net\/site\/o-fato-relevante\/#breadcrumb","itemListElement":[{"@type":"ListItem","position":1,"name":"In\u00edcio","item":"https:\/\/www.oarcanjo.net\/site\/"},{"@type":"ListItem","position":2,"name":"O fato relevante"}]},{"@type":"WebSite","@id":"https:\/\/www.oarcanjo.net\/site\/#website","url":"https:\/\/www.oarcanjo.net\/site\/","name":"O Arcanjo no ar","description":"Site da Par\u00f3quia S\u00e3o Miguel Arcanjo (Arquidiocese de SP)","publisher":{"@id":"https:\/\/www.oarcanjo.net\/site\/#organization"},"potentialAction":[{"@type":"SearchAction","target":{"@type":"EntryPoint","urlTemplate":"https:\/\/www.oarcanjo.net\/site\/?s={search_term_string}"},"query-input":{"@type":"PropertyValueSpecification","valueRequired":true,"valueName":"search_term_string"}}],"inLanguage":"pt-BR"},{"@type":"Organization","@id":"https:\/\/www.oarcanjo.net\/site\/#organization","name":"Par\u00f3quia S\u00e3o Miguel Arcanjo","url":"https:\/\/www.oarcanjo.net\/site\/","logo":{"@type":"ImageObject","inLanguage":"pt-BR","@id":"https:\/\/www.oarcanjo.net\/site\/#\/schema\/logo\/image\/","url":"https:\/\/www.oarcanjo.net\/site\/wp-content\/uploads\/LogoOArcanjo.png","contentUrl":"https:\/\/www.oarcanjo.net\/site\/wp-content\/uploads\/LogoOArcanjo.png","width":319,"height":99,"caption":"Par\u00f3quia S\u00e3o Miguel Arcanjo"},"image":{"@id":"https:\/\/www.oarcanjo.net\/site\/#\/schema\/logo\/image\/"},"sameAs":["https:\/\/www.facebook.com\/OArcanjoNoAr\/"]},{"@type":"Person","@id":"https:\/\/www.oarcanjo.net\/site\/#\/schema\/person\/f7024d007863202483a31326673a0838","name":"editor","sameAs":["http:\/\/www.oarcanjo.net"]}]}},"publishpress_future_action":{"enabled":false,"date":"2026-05-10 08:22:45","action":"category","newStatus":"draft","terms":[],"taxonomy":"category"},"publishpress_future_workflow_manual_trigger":{"enabledWorkflows":[]},"_links":{"self":[{"href":"https:\/\/www.oarcanjo.net\/site\/wp-json\/wp\/v2\/posts\/11004"}],"collection":[{"href":"https:\/\/www.oarcanjo.net\/site\/wp-json\/wp\/v2\/posts"}],"about":[{"href":"https:\/\/www.oarcanjo.net\/site\/wp-json\/wp\/v2\/types\/post"}],"author":[{"embeddable":true,"href":"https:\/\/www.oarcanjo.net\/site\/wp-json\/wp\/v2\/users\/5"}],"replies":[{"embeddable":true,"href":"https:\/\/www.oarcanjo.net\/site\/wp-json\/wp\/v2\/comments?post=11004"}],"version-history":[{"count":0,"href":"https:\/\/www.oarcanjo.net\/site\/wp-json\/wp\/v2\/posts\/11004\/revisions"}],"wp:attachment":[{"href":"https:\/\/www.oarcanjo.net\/site\/wp-json\/wp\/v2\/media?parent=11004"}],"wp:term":[{"taxonomy":"category","embeddable":true,"href":"https:\/\/www.oarcanjo.net\/site\/wp-json\/wp\/v2\/categories?post=11004"},{"taxonomy":"post_tag","embeddable":true,"href":"https:\/\/www.oarcanjo.net\/site\/wp-json\/wp\/v2\/tags?post=11004"}],"curies":[{"name":"wp","href":"https:\/\/api.w.org\/{rel}","templated":true}]}}