
{"id":11007,"date":"2010-09-24T06:30:53","date_gmt":"2010-09-24T09:30:53","guid":{"rendered":"http:\/\/www.oarcanjo.net\/site\/?p=11007"},"modified":"2010-09-23T23:23:49","modified_gmt":"2010-09-24T02:23:49","slug":"a-midia-comercial-em-guerra-contra-lula-e-dilma","status":"publish","type":"post","link":"https:\/\/www.oarcanjo.net\/site\/a-midia-comercial-em-guerra-contra-lula-e-dilma\/","title":{"rendered":"A m\u00eddia comercial em guerra contra Lula e Dilma"},"content":{"rendered":"<p>Leonardo Boff<\/p>\n<p>Sou profundamente pela liberdade de express\u00e3o em nome da qual fui punido com o &#8220;sil\u00eancio obsequioso&#8221; pelas autoridades do Vaticano. Sob risco de ser preso e torturado, ajudei a editora Vozes a publicar corajosamente o &#8220;Brasil Nunca Mais&#8221;, onde se denunciavam as torturas, usando exclusivamente fontes militares, o que acelerou a queda do regime autorit\u00e1rio.<\/p>\n<p>Esta hist\u00f3ria de vida me avaliza fazer as cr\u00edticas que ora fa\u00e7o ao atual enfrentamento entre o Presidente Lula e a midia comercial que reclama ser tolhida em sua liberdade. O que est\u00e1 ocorrendo j\u00e1 n\u00e3o \u00e9 um enfrentamento de ideias e de interpreta\u00e7\u00f5es e o uso leg\u00edtimo da liberdade da imprensa. Est\u00e1 havendo um abuso da liberdade de imprensa que, na previs\u00e3o de uma derrota eleitoral, decidiu mover uma guerra acirrada contra o Presidente Lula e a candidata Dilma Rousseff. Nessa guerra vale tudo: o fact\u00f3ide, a oculta\u00e7\u00e3o de fatos, a distor\u00e7\u00e3o e a mentira direta.<\/p>\n<p>Precisamos dar o nome a esta m\u00eddia comercial. S\u00e3o fam\u00edlias que, quando veem seus interesses comerciais e ideol\u00f3gicos contrariados, se comportam como &#8220;famiglia&#8221; mafiosa. S\u00e3o donos privados que pretendem falar para todo Brasil e manter sob tutela a assim chamada opini\u00e3o p\u00fablica. S\u00e3o os donos de O Estado de S\u00e3o Paulo, de A Folha de S\u00e3o Paulo, de O Globo, da revista Veja, na qual se instalou a raz\u00e3o c\u00ednica e o que h\u00e1 de mais falso e chulo da imprensa brasileira. Estes est\u00e3o a servi\u00e7o de um bloco hist\u00f3rico assentado sobre o capital que sempre explorou o povo e que n\u00e3o aceita um Presidente que vem desse povo. Mais que informar e fornecer material para a discus\u00e3o p\u00fablica, pois essa \u00e9 a miss\u00e3o da imprensa, esta m\u00eddia empresarial se comporta como um feroz partido de oposi\u00e7\u00e3o.<\/p>\n<p>Na sua f\u00faria, quais desesperados e inapelavelmente derrotados, seus donos, editorialistas e analistas n\u00e3o t\u00eam o m\u00ednimo respeito devido a mais alta autoridade do pa\u00eds, ao Presidente Lula. Nele veem apenas um pe\u00e3o a ser tratado com o chicote da palavra que humilha.<\/p>\n<p>Mas h\u00e1 um fato que eles n\u00e3o conseguem digerir em seu est\u00f4mago elitista. Custa-lhes aceitar que um oper\u00e1rio, nordestino, sobrevivente da grande tribula\u00e7\u00e3o dos filhos da pobreza, chegasse a ser Presidente. Este lugar, a Presid\u00eancia, assim pensam, cabe a eles, os ilustrados, os articulados com o mundo, embora n\u00e3o consigam se livrar do complexo de vira-latas, pois se sentem meramente menores e associados ao grande jogo mundial. Para eles, o lugar do pe\u00e3o \u00e9 na f\u00e1brica produzindo.<\/p>\n<p>Como o mostrou o grande historiador Jos\u00e9 Hon\u00f3rio Rodrigues (Concilia\u00e7\u00e3o e Reforma), &#8220;a maioria dominante, conservadora ou liberal, foi sempre alienada, antiprogresssita, antinacional e n\u00e3o contempor\u00e2nea. A lideran\u00e7a nunca se reconciliou com o povo. Nunca viu nele uma criatura de Deus, nunca o reconheceu, pois gostaria que ele fosse o que n\u00e3o \u00e9. Nunca viu suas virtudes, nem admirou seus servi\u00e7os ao pa\u00eds, chamou-o de tudo -Jeca Tatu-; negou seus direitos; arrasou sua vida e logo que o viu crescer ela lhe negou, pouco a pouco, sua aprova\u00e7\u00e3o; conspirou para coloc\u00e1-lo de novo na periferia, no lugar que contiua achando que lhe pertence (p.16)&#8221;.<\/p>\n<p>Pois esse \u00e9 o sentido da guerra que movem contra Lula. \u00c9 uma guerra contra os pobres que est\u00e3o se libertando. Eles n\u00e3o temem o pobre submisso. Eles t\u00eam pavor do pobre que pensa, que fala, que progride e que faz uma trajet\u00f3ria ascedente como Lula. Trata-se, como se depreende, de uma quest\u00e3o de classe. Os de baixo devem ficar em baixo. Ocorre que algu\u00e9m de baixo chegou l\u00e1 em cima. Tornou-se o Presidente de todos os brasileiros. Isso para eles \u00e9 simplesmente intoler\u00e1vel.<\/p>\n<p>Os donos e seus aliados ideol\u00f3gicos perderam o pulso da hist\u00f3ria. N\u00e3o se deram conta de que o Brasil mudou. Surgiram redes de movimentos sociais organizados, de onde vem Lula, e tantas outras lideran\u00e7as. N\u00e3o h\u00e1 mais lugar para coroneis e para &#8220;fazedores de cabe\u00e7a&#8221; do povo. Quando Lula afirmou que &#8220;a opini\u00e3o p\u00fablica somos n\u00f3s&#8221;, frase t\u00e3o distorcida por essa midia raivosa, quis enfatizar que o povo organizado e consciente arrebatou a pretens\u00e3o da midia comercial de ser a formadora e a porta-voz exclusiva da opini\u00e3o p\u00fablica. Ela tem que renunciar \u00e0 ditadura da palabra escrita, falada e televisionada e disputar com outras fontes de informa\u00e7\u00e3o e de opini\u00e3o.<\/p>\n<p>O povo cansado de ser governado pelas classes dominantes resolveu votar em si mesmo. Votou em Lula como o seu representante. Uma vez no Governo, operou uma revolu\u00e7\u00e3o conceptual, inaceit\u00e1vel para elas. O Estado n\u00e3o se fez inimigo do povo, mas o indutor de mudan\u00e7as profundas que beneficiaram mais de 30 milh\u00f5es de brasileiros. De miser\u00e1veis se fizeram pobres laboriosos, de pobres laboriosos se fizeram classe m\u00e9dia baixa  e de classe m\u00e9dia baixa se fizeram classe m\u00e9dia. Come\u00e7aram a comer, a ter luz em casa, a poder mandar seus filhos para a escola, a ganhar mais sal\u00e1rio, enfim, a melhorar de vida.<\/p>\n<p>Outro conceito innovador foi o desenvolvimento com inclus\u00e3o social e distribui\u00e7\u00e3o de renda. Antes havia apenas desenvolvimento\/crescimento que beneficiava aos j\u00e1 beneficiados \u00e0 custa das massas destitu\u00eddas e com sal\u00e1rios de fome. Agora ocorreu vis\u00edvel mobiliza\u00e7\u00e3o de classes, gerando satisfa\u00e7\u00e3o das grandes maiorias e a esperan\u00e7a que tudo ainda pode ficar melhor. Concedemos que no Governo atual h\u00e1 um d\u00e9ficit de consci\u00eancia e de pr\u00e1ticas ecol\u00f3gicas. Mas, importa reconhecer que Lula foi fiel \u00e0 sua promessa de fazer amplas pol\u00edticas p\u00fablicas na dire\u00e7\u00e3o dos mais marginalizados.<\/p>\n<p>O que a grande maioria almeja \u00e9 manter a continuidade deste processo de melhora e de mudan\u00e7a. Ora, esta continuidade \u00e9 perigosa para a m\u00eddia comercial que assiste, assustada, ao fortalecimento da soberania popular que se torna cr\u00edtica, n\u00e3o mais manipul\u00e1vel e com vontade de ser ator dessa nova hist\u00f3ria democr\u00e1tica do Brasil. Vai ser uma democracia cada vez mais participativa e n\u00e3o apenas delegat\u00edcia. Esta abria amplo espa\u00e7o \u00e0 corrup\u00e7\u00e3o das elites e dava preponder\u00e2ncia aos interesses das classes opulentas e ao seu bra\u00e7o ideol\u00f3gico que \u00e9 a m\u00eddia comercial. A democracia participativa escuta os movimentos sociais, faz do Movimento dos Sem Terra (MST), odiado especialmente pela VEJA, que faz quest\u00e3o de n\u00e3o ver; protagonista de mudan\u00e7as sociais n\u00e3o somente com refer\u00eancia \u00e0 terra, mas tamb\u00e9m ao modelo econ\u00f4mico e \u00e0s formas cooperativas de produ\u00e7\u00e3o.<\/p>\n<p>O que est\u00e1 em jogo neste enfrentamento entre a midia comercial e Lula\/Dilma \u00e9 a quest\u00e3o: que Brasil queremos? Aquele injusto, neocoloncial, neoglobalizado e, no fundo, retr\u00f3grado e velhista; ou o Brasil novo com sujeitos hist\u00f3ricos novos, antes sempre mantidos \u00e0 margem e agora despontando com energias novas para construir um Brasil que ainda nunca t\u00ednhamos visto antes?<\/p>\n<p>Esse Brasil \u00e9 combatido na pessoa do Presidente Lula e da candidata Dilma. Mas estes representam o que deve ser. E o que deve ser tem for\u00e7a. Ir\u00e3o triunfar a despeito das m\u00e1s vontades deste setor endurecido da midia comercial e empresarial. A vit\u00f3ria de Dilma dar\u00e1 solidez a este caminho novo ansiado e construido com suor e sangue por tantas gera\u00e7\u00f5es de brasileiros.<\/p>\n<div id=\"themify_builder_content-11007\" data-postid=\"11007\" class=\"themify_builder_content themify_builder_content-11007 themify_builder themify_builder_front\">\n\t<\/div>\n<!-- \/themify_builder_content -->","protected":false},"excerpt":{"rendered":"<p>O que est\u00e1 ocorrendo j\u00e1 n\u00e3o \u00e9 um enfrentamento de ideias e de interpreta\u00e7\u00f5es e o uso leg\u00edtimo da liberdade da imprensa. Est\u00e1 havendo um abuso da liberdade de imprensa que, na previs\u00e3o de uma derrota eleitoral, decidiu mover uma guerra acirrada, na qual vale tudo<\/p>\n","protected":false},"author":5,"featured_media":0,"comment_status":"open","ping_status":"open","sticky":false,"template":"","format":"standard","meta":{"ngg_post_thumbnail":0,"footnotes":""},"categories":[9],"tags":[1041,466,1045,1403,1717,182],"yoast_head":"<!-- This site is optimized with the Yoast SEO plugin v23.5 - https:\/\/yoast.com\/wordpress\/plugins\/seo\/ -->\n<title>A m\u00eddia comercial em guerra contra Lula e Dilma - O Arcanjo no ar<\/title>\n<meta name=\"robots\" content=\"index, follow, max-snippet:-1, max-image-preview:large, max-video-preview:-1\" \/>\n<link rel=\"canonical\" href=\"https:\/\/www.oarcanjo.net\/site\/a-midia-comercial-em-guerra-contra-lula-e-dilma\/\" \/>\n<meta property=\"og:locale\" content=\"pt_BR\" \/>\n<meta property=\"og:type\" content=\"article\" \/>\n<meta property=\"og:title\" content=\"A m\u00eddia comercial em guerra contra Lula e Dilma - O Arcanjo no ar\" \/>\n<meta property=\"og:description\" content=\"O que est\u00e1 ocorrendo j\u00e1 n\u00e3o \u00e9 um enfrentamento de ideias e de interpreta\u00e7\u00f5es e o uso leg\u00edtimo da liberdade da imprensa. Est\u00e1 havendo um abuso da liberdade de imprensa que, na previs\u00e3o de uma derrota eleitoral, decidiu mover uma guerra acirrada, na qual vale tudo\" \/>\n<meta property=\"og:url\" content=\"https:\/\/www.oarcanjo.net\/site\/a-midia-comercial-em-guerra-contra-lula-e-dilma\/\" \/>\n<meta property=\"og:site_name\" content=\"O Arcanjo no ar\" \/>\n<meta property=\"article:publisher\" content=\"https:\/\/www.facebook.com\/OArcanjoNoAr\/\" \/>\n<meta property=\"article:published_time\" content=\"2010-09-24T09:30:53+00:00\" \/>\n<meta property=\"article:modified_time\" content=\"2010-09-24T02:23:49+00:00\" \/>\n<meta property=\"og:image\" content=\"https:\/\/www.oarcanjo.net\/site\/wp-content\/uploads\/logo-o-arcanjo-no-ar-facebook.png\" \/>\n\t<meta property=\"og:image:width\" content=\"300\" \/>\n\t<meta property=\"og:image:height\" content=\"300\" \/>\n\t<meta property=\"og:image:type\" content=\"image\/png\" \/>\n<meta name=\"author\" content=\"editor\" \/>\n<meta name=\"twitter:card\" content=\"summary_large_image\" \/>\n<meta name=\"twitter:label1\" content=\"Escrito por\" \/>\n\t<meta name=\"twitter:data1\" content=\"editor\" \/>\n\t<meta name=\"twitter:label2\" content=\"Est. tempo de leitura\" \/>\n\t<meta name=\"twitter:data2\" content=\"6 minutos\" \/>\n<script type=\"application\/ld+json\" class=\"yoast-schema-graph\">{\"@context\":\"https:\/\/schema.org\",\"@graph\":[{\"@type\":\"Article\",\"@id\":\"https:\/\/www.oarcanjo.net\/site\/a-midia-comercial-em-guerra-contra-lula-e-dilma\/#article\",\"isPartOf\":{\"@id\":\"https:\/\/www.oarcanjo.net\/site\/a-midia-comercial-em-guerra-contra-lula-e-dilma\/\"},\"author\":{\"name\":\"editor\",\"@id\":\"https:\/\/www.oarcanjo.net\/site\/#\/schema\/person\/f7024d007863202483a31326673a0838\"},\"headline\":\"A m\u00eddia comercial em guerra contra Lula e Dilma\",\"datePublished\":\"2010-09-24T09:30:53+00:00\",\"dateModified\":\"2010-09-24T02:23:49+00:00\",\"mainEntityOfPage\":{\"@id\":\"https:\/\/www.oarcanjo.net\/site\/a-midia-comercial-em-guerra-contra-lula-e-dilma\/\"},\"wordCount\":1286,\"commentCount\":4,\"publisher\":{\"@id\":\"https:\/\/www.oarcanjo.net\/site\/#organization\"},\"keywords\":[\"elei\u00e7\u00e3o\",\"exclus\u00e3o\",\"inclus\u00e3o\",\"leitura cr\u00edtica da comunica\u00e7\u00e3o\",\"liberdade de imprensa\",\"meios de comunica\u00e7\u00e3o\"],\"articleSection\":[\"Reflex\u00f5es\"],\"inLanguage\":\"pt-BR\",\"potentialAction\":[{\"@type\":\"CommentAction\",\"name\":\"Comment\",\"target\":[\"https:\/\/www.oarcanjo.net\/site\/a-midia-comercial-em-guerra-contra-lula-e-dilma\/#respond\"]}]},{\"@type\":\"WebPage\",\"@id\":\"https:\/\/www.oarcanjo.net\/site\/a-midia-comercial-em-guerra-contra-lula-e-dilma\/\",\"url\":\"https:\/\/www.oarcanjo.net\/site\/a-midia-comercial-em-guerra-contra-lula-e-dilma\/\",\"name\":\"A m\u00eddia comercial em guerra contra Lula e Dilma - O Arcanjo no ar\",\"isPartOf\":{\"@id\":\"https:\/\/www.oarcanjo.net\/site\/#website\"},\"datePublished\":\"2010-09-24T09:30:53+00:00\",\"dateModified\":\"2010-09-24T02:23:49+00:00\",\"breadcrumb\":{\"@id\":\"https:\/\/www.oarcanjo.net\/site\/a-midia-comercial-em-guerra-contra-lula-e-dilma\/#breadcrumb\"},\"inLanguage\":\"pt-BR\",\"potentialAction\":[{\"@type\":\"ReadAction\",\"target\":[\"https:\/\/www.oarcanjo.net\/site\/a-midia-comercial-em-guerra-contra-lula-e-dilma\/\"]}]},{\"@type\":\"BreadcrumbList\",\"@id\":\"https:\/\/www.oarcanjo.net\/site\/a-midia-comercial-em-guerra-contra-lula-e-dilma\/#breadcrumb\",\"itemListElement\":[{\"@type\":\"ListItem\",\"position\":1,\"name\":\"In\u00edcio\",\"item\":\"https:\/\/www.oarcanjo.net\/site\/\"},{\"@type\":\"ListItem\",\"position\":2,\"name\":\"A m\u00eddia comercial em guerra contra Lula e Dilma\"}]},{\"@type\":\"WebSite\",\"@id\":\"https:\/\/www.oarcanjo.net\/site\/#website\",\"url\":\"https:\/\/www.oarcanjo.net\/site\/\",\"name\":\"O Arcanjo no ar\",\"description\":\"Site da Par\u00f3quia S\u00e3o Miguel Arcanjo (Arquidiocese de SP)\",\"publisher\":{\"@id\":\"https:\/\/www.oarcanjo.net\/site\/#organization\"},\"potentialAction\":[{\"@type\":\"SearchAction\",\"target\":{\"@type\":\"EntryPoint\",\"urlTemplate\":\"https:\/\/www.oarcanjo.net\/site\/?s={search_term_string}\"},\"query-input\":{\"@type\":\"PropertyValueSpecification\",\"valueRequired\":true,\"valueName\":\"search_term_string\"}}],\"inLanguage\":\"pt-BR\"},{\"@type\":\"Organization\",\"@id\":\"https:\/\/www.oarcanjo.net\/site\/#organization\",\"name\":\"Par\u00f3quia S\u00e3o Miguel Arcanjo\",\"url\":\"https:\/\/www.oarcanjo.net\/site\/\",\"logo\":{\"@type\":\"ImageObject\",\"inLanguage\":\"pt-BR\",\"@id\":\"https:\/\/www.oarcanjo.net\/site\/#\/schema\/logo\/image\/\",\"url\":\"https:\/\/www.oarcanjo.net\/site\/wp-content\/uploads\/LogoOArcanjo.png\",\"contentUrl\":\"https:\/\/www.oarcanjo.net\/site\/wp-content\/uploads\/LogoOArcanjo.png\",\"width\":319,\"height\":99,\"caption\":\"Par\u00f3quia S\u00e3o Miguel Arcanjo\"},\"image\":{\"@id\":\"https:\/\/www.oarcanjo.net\/site\/#\/schema\/logo\/image\/\"},\"sameAs\":[\"https:\/\/www.facebook.com\/OArcanjoNoAr\/\"]},{\"@type\":\"Person\",\"@id\":\"https:\/\/www.oarcanjo.net\/site\/#\/schema\/person\/f7024d007863202483a31326673a0838\",\"name\":\"editor\",\"sameAs\":[\"http:\/\/www.oarcanjo.net\"]}]}<\/script>\n<!-- \/ Yoast SEO plugin. -->","yoast_head_json":{"title":"A m\u00eddia comercial em guerra contra Lula e Dilma - O Arcanjo no ar","robots":{"index":"index","follow":"follow","max-snippet":"max-snippet:-1","max-image-preview":"max-image-preview:large","max-video-preview":"max-video-preview:-1"},"canonical":"https:\/\/www.oarcanjo.net\/site\/a-midia-comercial-em-guerra-contra-lula-e-dilma\/","og_locale":"pt_BR","og_type":"article","og_title":"A m\u00eddia comercial em guerra contra Lula e Dilma - O Arcanjo no ar","og_description":"O que est\u00e1 ocorrendo j\u00e1 n\u00e3o \u00e9 um enfrentamento de ideias e de interpreta\u00e7\u00f5es e o uso leg\u00edtimo da liberdade da imprensa. Est\u00e1 havendo um abuso da liberdade de imprensa que, na previs\u00e3o de uma derrota eleitoral, decidiu mover uma guerra acirrada, na qual vale tudo","og_url":"https:\/\/www.oarcanjo.net\/site\/a-midia-comercial-em-guerra-contra-lula-e-dilma\/","og_site_name":"O Arcanjo no ar","article_publisher":"https:\/\/www.facebook.com\/OArcanjoNoAr\/","article_published_time":"2010-09-24T09:30:53+00:00","article_modified_time":"2010-09-24T02:23:49+00:00","og_image":[{"width":300,"height":300,"url":"https:\/\/www.oarcanjo.net\/site\/wp-content\/uploads\/logo-o-arcanjo-no-ar-facebook.png","type":"image\/png"}],"author":"editor","twitter_card":"summary_large_image","twitter_misc":{"Escrito por":"editor","Est. tempo de leitura":"6 minutos"},"schema":{"@context":"https:\/\/schema.org","@graph":[{"@type":"Article","@id":"https:\/\/www.oarcanjo.net\/site\/a-midia-comercial-em-guerra-contra-lula-e-dilma\/#article","isPartOf":{"@id":"https:\/\/www.oarcanjo.net\/site\/a-midia-comercial-em-guerra-contra-lula-e-dilma\/"},"author":{"name":"editor","@id":"https:\/\/www.oarcanjo.net\/site\/#\/schema\/person\/f7024d007863202483a31326673a0838"},"headline":"A m\u00eddia comercial em guerra contra Lula e Dilma","datePublished":"2010-09-24T09:30:53+00:00","dateModified":"2010-09-24T02:23:49+00:00","mainEntityOfPage":{"@id":"https:\/\/www.oarcanjo.net\/site\/a-midia-comercial-em-guerra-contra-lula-e-dilma\/"},"wordCount":1286,"commentCount":4,"publisher":{"@id":"https:\/\/www.oarcanjo.net\/site\/#organization"},"keywords":["elei\u00e7\u00e3o","exclus\u00e3o","inclus\u00e3o","leitura cr\u00edtica da comunica\u00e7\u00e3o","liberdade de imprensa","meios de comunica\u00e7\u00e3o"],"articleSection":["Reflex\u00f5es"],"inLanguage":"pt-BR","potentialAction":[{"@type":"CommentAction","name":"Comment","target":["https:\/\/www.oarcanjo.net\/site\/a-midia-comercial-em-guerra-contra-lula-e-dilma\/#respond"]}]},{"@type":"WebPage","@id":"https:\/\/www.oarcanjo.net\/site\/a-midia-comercial-em-guerra-contra-lula-e-dilma\/","url":"https:\/\/www.oarcanjo.net\/site\/a-midia-comercial-em-guerra-contra-lula-e-dilma\/","name":"A m\u00eddia comercial em guerra contra Lula e Dilma - O Arcanjo no ar","isPartOf":{"@id":"https:\/\/www.oarcanjo.net\/site\/#website"},"datePublished":"2010-09-24T09:30:53+00:00","dateModified":"2010-09-24T02:23:49+00:00","breadcrumb":{"@id":"https:\/\/www.oarcanjo.net\/site\/a-midia-comercial-em-guerra-contra-lula-e-dilma\/#breadcrumb"},"inLanguage":"pt-BR","potentialAction":[{"@type":"ReadAction","target":["https:\/\/www.oarcanjo.net\/site\/a-midia-comercial-em-guerra-contra-lula-e-dilma\/"]}]},{"@type":"BreadcrumbList","@id":"https:\/\/www.oarcanjo.net\/site\/a-midia-comercial-em-guerra-contra-lula-e-dilma\/#breadcrumb","itemListElement":[{"@type":"ListItem","position":1,"name":"In\u00edcio","item":"https:\/\/www.oarcanjo.net\/site\/"},{"@type":"ListItem","position":2,"name":"A m\u00eddia comercial em guerra contra Lula e Dilma"}]},{"@type":"WebSite","@id":"https:\/\/www.oarcanjo.net\/site\/#website","url":"https:\/\/www.oarcanjo.net\/site\/","name":"O Arcanjo no ar","description":"Site da Par\u00f3quia S\u00e3o Miguel Arcanjo (Arquidiocese de SP)","publisher":{"@id":"https:\/\/www.oarcanjo.net\/site\/#organization"},"potentialAction":[{"@type":"SearchAction","target":{"@type":"EntryPoint","urlTemplate":"https:\/\/www.oarcanjo.net\/site\/?s={search_term_string}"},"query-input":{"@type":"PropertyValueSpecification","valueRequired":true,"valueName":"search_term_string"}}],"inLanguage":"pt-BR"},{"@type":"Organization","@id":"https:\/\/www.oarcanjo.net\/site\/#organization","name":"Par\u00f3quia S\u00e3o Miguel Arcanjo","url":"https:\/\/www.oarcanjo.net\/site\/","logo":{"@type":"ImageObject","inLanguage":"pt-BR","@id":"https:\/\/www.oarcanjo.net\/site\/#\/schema\/logo\/image\/","url":"https:\/\/www.oarcanjo.net\/site\/wp-content\/uploads\/LogoOArcanjo.png","contentUrl":"https:\/\/www.oarcanjo.net\/site\/wp-content\/uploads\/LogoOArcanjo.png","width":319,"height":99,"caption":"Par\u00f3quia S\u00e3o Miguel Arcanjo"},"image":{"@id":"https:\/\/www.oarcanjo.net\/site\/#\/schema\/logo\/image\/"},"sameAs":["https:\/\/www.facebook.com\/OArcanjoNoAr\/"]},{"@type":"Person","@id":"https:\/\/www.oarcanjo.net\/site\/#\/schema\/person\/f7024d007863202483a31326673a0838","name":"editor","sameAs":["http:\/\/www.oarcanjo.net"]}]}},"publishpress_future_action":{"enabled":false,"date":"2026-05-10 06:59:24","action":"category","newStatus":"draft","terms":[],"taxonomy":"category"},"publishpress_future_workflow_manual_trigger":{"enabledWorkflows":[]},"_links":{"self":[{"href":"https:\/\/www.oarcanjo.net\/site\/wp-json\/wp\/v2\/posts\/11007"}],"collection":[{"href":"https:\/\/www.oarcanjo.net\/site\/wp-json\/wp\/v2\/posts"}],"about":[{"href":"https:\/\/www.oarcanjo.net\/site\/wp-json\/wp\/v2\/types\/post"}],"author":[{"embeddable":true,"href":"https:\/\/www.oarcanjo.net\/site\/wp-json\/wp\/v2\/users\/5"}],"replies":[{"embeddable":true,"href":"https:\/\/www.oarcanjo.net\/site\/wp-json\/wp\/v2\/comments?post=11007"}],"version-history":[{"count":0,"href":"https:\/\/www.oarcanjo.net\/site\/wp-json\/wp\/v2\/posts\/11007\/revisions"}],"wp:attachment":[{"href":"https:\/\/www.oarcanjo.net\/site\/wp-json\/wp\/v2\/media?parent=11007"}],"wp:term":[{"taxonomy":"category","embeddable":true,"href":"https:\/\/www.oarcanjo.net\/site\/wp-json\/wp\/v2\/categories?post=11007"},{"taxonomy":"post_tag","embeddable":true,"href":"https:\/\/www.oarcanjo.net\/site\/wp-json\/wp\/v2\/tags?post=11007"}],"curies":[{"name":"wp","href":"https:\/\/api.w.org\/{rel}","templated":true}]}}