
{"id":11036,"date":"2017-09-25T06:59:55","date_gmt":"2017-09-25T09:59:55","guid":{"rendered":"http:\/\/www.oarcanjo.net\/site\/?p=11036"},"modified":"2017-07-31T08:29:52","modified_gmt":"2017-07-31T11:29:52","slug":"sao-firmino","status":"publish","type":"post","link":"https:\/\/www.oarcanjo.net\/site\/sao-firmino\/","title":{"rendered":"S\u00e3o Firmino"},"content":{"rendered":"<p><img loading=\"lazy\" decoding=\"async\" src=\"http:\/\/2.bp.blogspot.com\/_z-c0Sh5Zlrs\/SLMGUeIPsTI\/AAAAAAAACU8\/aAYQROEzjlI\/s400\/S%C3%A3o+Firmino+ou+Firmin.jpg\" alt=\"\" width=\"150\" height=\"190\" \/><\/p>\n<p>25 de Setembro<\/p>\n<p>Firmino ou Firmin, como foi batizado, nasceu na Espanha, na cidade de Pamplona, na \u00faltima metade do s\u00e9culo III. Era filho de uma fam\u00edlia rica, influente e bem firmada nos princ\u00edpios do cristianismo. Mas foi na Fran\u00e7a que seu trabalho de evangeliza\u00e7\u00e3o destacou-se, de tal forma que foi considerado uma das figuras mais importantes da Igreja daquele tempo.<\/p>\n<p>Sua prega\u00e7\u00e3o era muito apreciada pelos fi\u00e9is. Fez tanto sucesso pelo seu conhecimento das verdades da f\u00e9 que foi eleito pelo povo seu novo bispo. Isso aconteceu quando o sacerdote Honesto, j\u00e1 muito velho e cansado, n\u00e3o podia mais orientar os fi\u00e9is. Firmino, ent\u00e3o, recebeu o sacramento da ordem e a sagra\u00e7\u00e3o episcopal, em Toulouse, dando in\u00edcio ao seu apostolado de evangeliza\u00e7\u00e3o, que pretendia acabar com as trevas do paganismo.<\/p>\n<p>Por ser um exemplo de f\u00e9 e virtude, Firmino conseguiu grande fama e suas peregrina\u00e7\u00f5es foram incans\u00e1veis nas cidades francesas como Age e Auvergne, Angers, Beuvais e, finalmente, Amiens, onde conseguiu a convers\u00e3o de milhares e milhares de pag\u00e3os, que aceitaram a doutrina do Senhor. Os casos mais incr\u00edveis foram de Arc\u00e1dio e R\u00f4mulo, implac\u00e1veis perseguidores de Firmino, os quais, diante da santidade e firmeza na f\u00e9 do bispo, por suas palavras e intercess\u00f5es prodigiosas, acabaram tocados pela gra\u00e7a de Deus e converteram-se a Jesus Cristo.<\/p>\n<p>Era uma \u00e9poca em que a persegui\u00e7\u00e3o contra os crist\u00e3os apresentava uma f\u00faria implac\u00e1vel e viol\u00eancia impiedosa. Por isso Firmino despertou a ira de seus opositores pag\u00e3os, como o governador romano Val\u00e9rio, que, desejando que o povo voltasse a cultuar os deuses pag\u00e3os, mas temendo uma revolta, pois tinham verdadeira venera\u00e7\u00e3o pelo bispo, mandou prend\u00ea-lo e decapit\u00e1-lo sem julgamento oficial.<\/p>\n<p>O bispo Firmino morreu no ano 290. A ele foram concedidas as honras de &#8220;Ap\u00f3stolo das G\u00e1lias&#8221;, por seu trabalho como evangelizador. Seu zelo e sua dedica\u00e7\u00e3o pela evangeliza\u00e7\u00e3o na atual Fran\u00e7a fizeram-no merecedor do t\u00edtulo que a Igreja lhe consagrou.<\/p>\n<p>Seu corpo esta repousando na catedral francesa de Amiens. S\u00e3o Firmino \u00e9 amplamente festejado pelo povo espanhol e franc\u00eas, motivo pelo qual seu culto foi muito difundido no mundo crist\u00e3o, que o comemora no dia de sua morte.<\/p>\n<div id=\"themify_builder_content-11036\" data-postid=\"11036\" class=\"themify_builder_content themify_builder_content-11036 themify_builder themify_builder_front\">\n\t<\/div>\n<!-- \/themify_builder_content -->","protected":false},"excerpt":{"rendered":"<p>25 de Setembro Firmino ou Firmin, como foi batizado, nasceu na Espanha, na cidade de Pamplona, na \u00faltima metade do s\u00e9culo III. Era filho de uma fam\u00edlia rica, influente e bem firmada nos princ\u00edpios do cristianismo. Mas foi na Fran\u00e7a que seu trabalho de evangeliza\u00e7\u00e3o destacou-se, de tal forma que foi considerado uma das figuras [&hellip;]<\/p>\n","protected":false},"author":14,"featured_media":0,"comment_status":"open","ping_status":"open","sticky":false,"template":"","format":"standard","meta":{"ngg_post_thumbnail":0,"footnotes":""},"categories":[186],"tags":[],"yoast_head":"<!-- This site is optimized with the Yoast SEO plugin v23.5 - https:\/\/yoast.com\/wordpress\/plugins\/seo\/ -->\n<title>S\u00e3o Firmino - O Arcanjo no ar<\/title>\n<meta name=\"robots\" content=\"index, follow, max-snippet:-1, max-image-preview:large, max-video-preview:-1\" \/>\n<link rel=\"canonical\" href=\"https:\/\/www.oarcanjo.net\/site\/sao-firmino\/\" \/>\n<meta property=\"og:locale\" content=\"pt_BR\" \/>\n<meta property=\"og:type\" content=\"article\" \/>\n<meta property=\"og:title\" content=\"S\u00e3o Firmino - O Arcanjo no ar\" \/>\n<meta property=\"og:description\" content=\"25 de Setembro Firmino ou Firmin, como foi batizado, nasceu na Espanha, na cidade de Pamplona, na \u00faltima metade do s\u00e9culo III. Era filho de uma fam\u00edlia rica, influente e bem firmada nos princ\u00edpios do cristianismo. Mas foi na Fran\u00e7a que seu trabalho de evangeliza\u00e7\u00e3o destacou-se, de tal forma que foi considerado uma das figuras [&hellip;]\" \/>\n<meta property=\"og:url\" content=\"https:\/\/www.oarcanjo.net\/site\/sao-firmino\/\" \/>\n<meta property=\"og:site_name\" content=\"O Arcanjo no ar\" \/>\n<meta property=\"article:publisher\" content=\"https:\/\/www.facebook.com\/OArcanjoNoAr\/\" \/>\n<meta property=\"article:published_time\" content=\"2017-09-25T09:59:55+00:00\" \/>\n<meta property=\"article:modified_time\" content=\"2017-07-31T11:29:52+00:00\" \/>\n<meta property=\"og:image\" content=\"http:\/\/2.bp.blogspot.com\/_z-c0Sh5Zlrs\/SLMGUeIPsTI\/AAAAAAAACU8\/aAYQROEzjlI\/s400\/S%C3%A3o+Firmino+ou+Firmin.jpg\" \/>\n<meta name=\"author\" content=\"danilo\" \/>\n<meta name=\"twitter:card\" content=\"summary_large_image\" \/>\n<meta name=\"twitter:label1\" content=\"Escrito por\" \/>\n\t<meta name=\"twitter:data1\" content=\"danilo\" \/>\n\t<meta name=\"twitter:label2\" content=\"Est. tempo de leitura\" \/>\n\t<meta name=\"twitter:data2\" content=\"2 minutos\" \/>\n<script type=\"application\/ld+json\" class=\"yoast-schema-graph\">{\"@context\":\"https:\/\/schema.org\",\"@graph\":[{\"@type\":\"Article\",\"@id\":\"https:\/\/www.oarcanjo.net\/site\/sao-firmino\/#article\",\"isPartOf\":{\"@id\":\"https:\/\/www.oarcanjo.net\/site\/sao-firmino\/\"},\"author\":{\"name\":\"danilo\",\"@id\":\"https:\/\/www.oarcanjo.net\/site\/#\/schema\/person\/5eb9480bedd2f3c97e430ce128c29c6c\"},\"headline\":\"S\u00e3o Firmino\",\"datePublished\":\"2017-09-25T09:59:55+00:00\",\"dateModified\":\"2017-07-31T11:29:52+00:00\",\"mainEntityOfPage\":{\"@id\":\"https:\/\/www.oarcanjo.net\/site\/sao-firmino\/\"},\"wordCount\":399,\"commentCount\":0,\"publisher\":{\"@id\":\"https:\/\/www.oarcanjo.net\/site\/#organization\"},\"image\":{\"@id\":\"https:\/\/www.oarcanjo.net\/site\/sao-firmino\/#primaryimage\"},\"thumbnailUrl\":\"http:\/\/2.bp.blogspot.com\/_z-c0Sh5Zlrs\/SLMGUeIPsTI\/AAAAAAAACU8\/aAYQROEzjlI\/s400\/S%C3%A3o+Firmino+ou+Firmin.jpg\",\"articleSection\":[\"Testemunhos\"],\"inLanguage\":\"pt-BR\",\"potentialAction\":[{\"@type\":\"CommentAction\",\"name\":\"Comment\",\"target\":[\"https:\/\/www.oarcanjo.net\/site\/sao-firmino\/#respond\"]}]},{\"@type\":\"WebPage\",\"@id\":\"https:\/\/www.oarcanjo.net\/site\/sao-firmino\/\",\"url\":\"https:\/\/www.oarcanjo.net\/site\/sao-firmino\/\",\"name\":\"S\u00e3o Firmino - O Arcanjo no ar\",\"isPartOf\":{\"@id\":\"https:\/\/www.oarcanjo.net\/site\/#website\"},\"primaryImageOfPage\":{\"@id\":\"https:\/\/www.oarcanjo.net\/site\/sao-firmino\/#primaryimage\"},\"image\":{\"@id\":\"https:\/\/www.oarcanjo.net\/site\/sao-firmino\/#primaryimage\"},\"thumbnailUrl\":\"http:\/\/2.bp.blogspot.com\/_z-c0Sh5Zlrs\/SLMGUeIPsTI\/AAAAAAAACU8\/aAYQROEzjlI\/s400\/S%C3%A3o+Firmino+ou+Firmin.jpg\",\"datePublished\":\"2017-09-25T09:59:55+00:00\",\"dateModified\":\"2017-07-31T11:29:52+00:00\",\"breadcrumb\":{\"@id\":\"https:\/\/www.oarcanjo.net\/site\/sao-firmino\/#breadcrumb\"},\"inLanguage\":\"pt-BR\",\"potentialAction\":[{\"@type\":\"ReadAction\",\"target\":[\"https:\/\/www.oarcanjo.net\/site\/sao-firmino\/\"]}]},{\"@type\":\"ImageObject\",\"inLanguage\":\"pt-BR\",\"@id\":\"https:\/\/www.oarcanjo.net\/site\/sao-firmino\/#primaryimage\",\"url\":\"http:\/\/2.bp.blogspot.com\/_z-c0Sh5Zlrs\/SLMGUeIPsTI\/AAAAAAAACU8\/aAYQROEzjlI\/s400\/S%C3%A3o+Firmino+ou+Firmin.jpg\",\"contentUrl\":\"http:\/\/2.bp.blogspot.com\/_z-c0Sh5Zlrs\/SLMGUeIPsTI\/AAAAAAAACU8\/aAYQROEzjlI\/s400\/S%C3%A3o+Firmino+ou+Firmin.jpg\"},{\"@type\":\"BreadcrumbList\",\"@id\":\"https:\/\/www.oarcanjo.net\/site\/sao-firmino\/#breadcrumb\",\"itemListElement\":[{\"@type\":\"ListItem\",\"position\":1,\"name\":\"In\u00edcio\",\"item\":\"https:\/\/www.oarcanjo.net\/site\/\"},{\"@type\":\"ListItem\",\"position\":2,\"name\":\"S\u00e3o Firmino\"}]},{\"@type\":\"WebSite\",\"@id\":\"https:\/\/www.oarcanjo.net\/site\/#website\",\"url\":\"https:\/\/www.oarcanjo.net\/site\/\",\"name\":\"O Arcanjo no ar\",\"description\":\"Site da Par\u00f3quia S\u00e3o Miguel Arcanjo (Arquidiocese de SP)\",\"publisher\":{\"@id\":\"https:\/\/www.oarcanjo.net\/site\/#organization\"},\"potentialAction\":[{\"@type\":\"SearchAction\",\"target\":{\"@type\":\"EntryPoint\",\"urlTemplate\":\"https:\/\/www.oarcanjo.net\/site\/?s={search_term_string}\"},\"query-input\":{\"@type\":\"PropertyValueSpecification\",\"valueRequired\":true,\"valueName\":\"search_term_string\"}}],\"inLanguage\":\"pt-BR\"},{\"@type\":\"Organization\",\"@id\":\"https:\/\/www.oarcanjo.net\/site\/#organization\",\"name\":\"Par\u00f3quia S\u00e3o Miguel Arcanjo\",\"url\":\"https:\/\/www.oarcanjo.net\/site\/\",\"logo\":{\"@type\":\"ImageObject\",\"inLanguage\":\"pt-BR\",\"@id\":\"https:\/\/www.oarcanjo.net\/site\/#\/schema\/logo\/image\/\",\"url\":\"https:\/\/www.oarcanjo.net\/site\/wp-content\/uploads\/LogoOArcanjo.png\",\"contentUrl\":\"https:\/\/www.oarcanjo.net\/site\/wp-content\/uploads\/LogoOArcanjo.png\",\"width\":319,\"height\":99,\"caption\":\"Par\u00f3quia S\u00e3o Miguel Arcanjo\"},\"image\":{\"@id\":\"https:\/\/www.oarcanjo.net\/site\/#\/schema\/logo\/image\/\"},\"sameAs\":[\"https:\/\/www.facebook.com\/OArcanjoNoAr\/\"]},{\"@type\":\"Person\",\"@id\":\"https:\/\/www.oarcanjo.net\/site\/#\/schema\/person\/5eb9480bedd2f3c97e430ce128c29c6c\",\"name\":\"danilo\"}]}<\/script>\n<!-- \/ Yoast SEO plugin. -->","yoast_head_json":{"title":"S\u00e3o Firmino - O Arcanjo no ar","robots":{"index":"index","follow":"follow","max-snippet":"max-snippet:-1","max-image-preview":"max-image-preview:large","max-video-preview":"max-video-preview:-1"},"canonical":"https:\/\/www.oarcanjo.net\/site\/sao-firmino\/","og_locale":"pt_BR","og_type":"article","og_title":"S\u00e3o Firmino - O Arcanjo no ar","og_description":"25 de Setembro Firmino ou Firmin, como foi batizado, nasceu na Espanha, na cidade de Pamplona, na \u00faltima metade do s\u00e9culo III. Era filho de uma fam\u00edlia rica, influente e bem firmada nos princ\u00edpios do cristianismo. Mas foi na Fran\u00e7a que seu trabalho de evangeliza\u00e7\u00e3o destacou-se, de tal forma que foi considerado uma das figuras [&hellip;]","og_url":"https:\/\/www.oarcanjo.net\/site\/sao-firmino\/","og_site_name":"O Arcanjo no ar","article_publisher":"https:\/\/www.facebook.com\/OArcanjoNoAr\/","article_published_time":"2017-09-25T09:59:55+00:00","article_modified_time":"2017-07-31T11:29:52+00:00","og_image":[{"url":"http:\/\/2.bp.blogspot.com\/_z-c0Sh5Zlrs\/SLMGUeIPsTI\/AAAAAAAACU8\/aAYQROEzjlI\/s400\/S%C3%A3o+Firmino+ou+Firmin.jpg"}],"author":"danilo","twitter_card":"summary_large_image","twitter_misc":{"Escrito por":"danilo","Est. tempo de leitura":"2 minutos"},"schema":{"@context":"https:\/\/schema.org","@graph":[{"@type":"Article","@id":"https:\/\/www.oarcanjo.net\/site\/sao-firmino\/#article","isPartOf":{"@id":"https:\/\/www.oarcanjo.net\/site\/sao-firmino\/"},"author":{"name":"danilo","@id":"https:\/\/www.oarcanjo.net\/site\/#\/schema\/person\/5eb9480bedd2f3c97e430ce128c29c6c"},"headline":"S\u00e3o Firmino","datePublished":"2017-09-25T09:59:55+00:00","dateModified":"2017-07-31T11:29:52+00:00","mainEntityOfPage":{"@id":"https:\/\/www.oarcanjo.net\/site\/sao-firmino\/"},"wordCount":399,"commentCount":0,"publisher":{"@id":"https:\/\/www.oarcanjo.net\/site\/#organization"},"image":{"@id":"https:\/\/www.oarcanjo.net\/site\/sao-firmino\/#primaryimage"},"thumbnailUrl":"http:\/\/2.bp.blogspot.com\/_z-c0Sh5Zlrs\/SLMGUeIPsTI\/AAAAAAAACU8\/aAYQROEzjlI\/s400\/S%C3%A3o+Firmino+ou+Firmin.jpg","articleSection":["Testemunhos"],"inLanguage":"pt-BR","potentialAction":[{"@type":"CommentAction","name":"Comment","target":["https:\/\/www.oarcanjo.net\/site\/sao-firmino\/#respond"]}]},{"@type":"WebPage","@id":"https:\/\/www.oarcanjo.net\/site\/sao-firmino\/","url":"https:\/\/www.oarcanjo.net\/site\/sao-firmino\/","name":"S\u00e3o Firmino - O Arcanjo no ar","isPartOf":{"@id":"https:\/\/www.oarcanjo.net\/site\/#website"},"primaryImageOfPage":{"@id":"https:\/\/www.oarcanjo.net\/site\/sao-firmino\/#primaryimage"},"image":{"@id":"https:\/\/www.oarcanjo.net\/site\/sao-firmino\/#primaryimage"},"thumbnailUrl":"http:\/\/2.bp.blogspot.com\/_z-c0Sh5Zlrs\/SLMGUeIPsTI\/AAAAAAAACU8\/aAYQROEzjlI\/s400\/S%C3%A3o+Firmino+ou+Firmin.jpg","datePublished":"2017-09-25T09:59:55+00:00","dateModified":"2017-07-31T11:29:52+00:00","breadcrumb":{"@id":"https:\/\/www.oarcanjo.net\/site\/sao-firmino\/#breadcrumb"},"inLanguage":"pt-BR","potentialAction":[{"@type":"ReadAction","target":["https:\/\/www.oarcanjo.net\/site\/sao-firmino\/"]}]},{"@type":"ImageObject","inLanguage":"pt-BR","@id":"https:\/\/www.oarcanjo.net\/site\/sao-firmino\/#primaryimage","url":"http:\/\/2.bp.blogspot.com\/_z-c0Sh5Zlrs\/SLMGUeIPsTI\/AAAAAAAACU8\/aAYQROEzjlI\/s400\/S%C3%A3o+Firmino+ou+Firmin.jpg","contentUrl":"http:\/\/2.bp.blogspot.com\/_z-c0Sh5Zlrs\/SLMGUeIPsTI\/AAAAAAAACU8\/aAYQROEzjlI\/s400\/S%C3%A3o+Firmino+ou+Firmin.jpg"},{"@type":"BreadcrumbList","@id":"https:\/\/www.oarcanjo.net\/site\/sao-firmino\/#breadcrumb","itemListElement":[{"@type":"ListItem","position":1,"name":"In\u00edcio","item":"https:\/\/www.oarcanjo.net\/site\/"},{"@type":"ListItem","position":2,"name":"S\u00e3o Firmino"}]},{"@type":"WebSite","@id":"https:\/\/www.oarcanjo.net\/site\/#website","url":"https:\/\/www.oarcanjo.net\/site\/","name":"O Arcanjo no ar","description":"Site da Par\u00f3quia S\u00e3o Miguel Arcanjo (Arquidiocese de SP)","publisher":{"@id":"https:\/\/www.oarcanjo.net\/site\/#organization"},"potentialAction":[{"@type":"SearchAction","target":{"@type":"EntryPoint","urlTemplate":"https:\/\/www.oarcanjo.net\/site\/?s={search_term_string}"},"query-input":{"@type":"PropertyValueSpecification","valueRequired":true,"valueName":"search_term_string"}}],"inLanguage":"pt-BR"},{"@type":"Organization","@id":"https:\/\/www.oarcanjo.net\/site\/#organization","name":"Par\u00f3quia S\u00e3o Miguel Arcanjo","url":"https:\/\/www.oarcanjo.net\/site\/","logo":{"@type":"ImageObject","inLanguage":"pt-BR","@id":"https:\/\/www.oarcanjo.net\/site\/#\/schema\/logo\/image\/","url":"https:\/\/www.oarcanjo.net\/site\/wp-content\/uploads\/LogoOArcanjo.png","contentUrl":"https:\/\/www.oarcanjo.net\/site\/wp-content\/uploads\/LogoOArcanjo.png","width":319,"height":99,"caption":"Par\u00f3quia S\u00e3o Miguel Arcanjo"},"image":{"@id":"https:\/\/www.oarcanjo.net\/site\/#\/schema\/logo\/image\/"},"sameAs":["https:\/\/www.facebook.com\/OArcanjoNoAr\/"]},{"@type":"Person","@id":"https:\/\/www.oarcanjo.net\/site\/#\/schema\/person\/5eb9480bedd2f3c97e430ce128c29c6c","name":"danilo"}]}},"publishpress_future_action":{"enabled":false,"date":"2026-05-08 23:47:35","action":"category","newStatus":"draft","terms":[],"taxonomy":"category"},"publishpress_future_workflow_manual_trigger":{"enabledWorkflows":[]},"_links":{"self":[{"href":"https:\/\/www.oarcanjo.net\/site\/wp-json\/wp\/v2\/posts\/11036"}],"collection":[{"href":"https:\/\/www.oarcanjo.net\/site\/wp-json\/wp\/v2\/posts"}],"about":[{"href":"https:\/\/www.oarcanjo.net\/site\/wp-json\/wp\/v2\/types\/post"}],"author":[{"embeddable":true,"href":"https:\/\/www.oarcanjo.net\/site\/wp-json\/wp\/v2\/users\/14"}],"replies":[{"embeddable":true,"href":"https:\/\/www.oarcanjo.net\/site\/wp-json\/wp\/v2\/comments?post=11036"}],"version-history":[{"count":0,"href":"https:\/\/www.oarcanjo.net\/site\/wp-json\/wp\/v2\/posts\/11036\/revisions"}],"wp:attachment":[{"href":"https:\/\/www.oarcanjo.net\/site\/wp-json\/wp\/v2\/media?parent=11036"}],"wp:term":[{"taxonomy":"category","embeddable":true,"href":"https:\/\/www.oarcanjo.net\/site\/wp-json\/wp\/v2\/categories?post=11036"},{"taxonomy":"post_tag","embeddable":true,"href":"https:\/\/www.oarcanjo.net\/site\/wp-json\/wp\/v2\/tags?post=11036"}],"curies":[{"name":"wp","href":"https:\/\/api.w.org\/{rel}","templated":true}]}}