
{"id":11040,"date":"2017-09-25T07:02:06","date_gmt":"2017-09-25T10:02:06","guid":{"rendered":"http:\/\/www.oarcanjo.net\/site\/index.php\/testemunhos\/sao-cleofas-ou-alfeu\/"},"modified":"2017-07-31T08:01:02","modified_gmt":"2017-07-31T11:01:02","slug":"sao-cleofas-ou-alfeu","status":"publish","type":"post","link":"https:\/\/www.oarcanjo.net\/site\/sao-cleofas-ou-alfeu\/","title":{"rendered":"S\u00e3o Cl\u00e9ofas ou Alfeu"},"content":{"rendered":"<p><img loading=\"lazy\" decoding=\"async\" src=\"http:\/\/2.bp.blogspot.com\/_z-c0Sh5Zlrs\/SLMGnjbefpI\/AAAAAAAACVE\/1nR4fr0XS-o\/s400\/S%C3%A3o+Cl%C3%A9ofas+ou+Alfeu.jpg\" alt=\"\" width=\"150\" height=\"190\" \/><\/p>\n<p>25 de Setembro<\/p>\n<p>Seu nome, Cl\u00e9ofas, no hebraico antigo, pode ser tamb\u00e9m Alfeu. A partir da\u00ed, temos as informa\u00e7\u00f5es dos historiadores que pesquisaram as origens dos santos. Segundo eles, a vida de s\u00e3o Cl\u00e9ofas esteve sempre muito ligada \u00e0 de Jesus Cristo. Primeiro, porque se interpreta que Cl\u00e9ofas seja o pai de Tiago, o Menor; de Jos\u00e9; de Sim\u00e3o e de Judas Tadeu, que s\u00e3o primos do Senhor. Maria, m\u00e3e de todos eles, no evangelho do ap\u00f3stolo Jo\u00e3o, \u00e9 chamada de esposa de Cl\u00e9ofas e irm\u00e3 da M\u00e3e Sant\u00edssima. E que tamb\u00e9m fosse irm\u00e3o de s\u00e3o Jos\u00e9, pai adotivo de Jesus. Sendo assim, confirma-se o parentesco. Cl\u00e9ofas, na verdade, era tio de Jesus Cristo.<\/p>\n<p>A segunda gra\u00e7a conseguida por Cl\u00e9ofas, al\u00e9m do parentesco com Jesus, foi ter visto o Cristo ressuscitado. Quando voltava para Ema\u00fas, depois das celebra\u00e7\u00f5es pascais, na companhia de mais dois disc\u00edpulos, encontraram, na estrada, um homem, a quem ofereceram hospitalidade. Cl\u00e9ofas e os disc\u00edpulos estavam frustrados, assim como os outros ap\u00f3stolos, naquela hora de prova\u00e7\u00e3o: &#8220;N\u00f3s esper\u00e1vamos que fosse ele quem iria redimir Israel, mas&#8230;&#8221;<\/p>\n<p>Foi ent\u00e3o que o desconhecido fez penetrar a luz da Boa-Nova, explicando-lhes as Escrituras e aceitando o convite para ficar, pois a noite estava por cair. S\u00f3 no momento em que o estranho homem repartiu o p\u00e3o que os alimentaria perceberam que se tratava de Jesus ressuscitado, pois o gesto foi id\u00eantico ao da \u00faltima ceia.<\/p>\n<p>Cl\u00e9ofas foi perseguido por seus conterr\u00e2neos por causa de sua f\u00e9 inabal\u00e1vel no Messias ressuscitado. Segundo s\u00e3o Jer\u00f4nimo, o grande doutor da Igreja, o mart\u00edrio de s\u00e3o Cl\u00e9ofas aconteceu pelas m\u00e3os dos judeus, que o detestavam por sua inconveniente prega\u00e7\u00e3o crist\u00e3.<\/p>\n<p>J\u00e1 no s\u00e9culo IV, a casa de s\u00e3o Cl\u00e9ofas tinha sido transformada em uma igreja. A Igreja confirmou seu mart\u00edrio pela f\u00e9 no Cristo e inseriu no calend\u00e1rio lit\u00fargico o seu nome, no dia 25 de setembro, para ser celebrado por todo o mundo crist\u00e3o.<\/p>\n<div id=\"themify_builder_content-11040\" data-postid=\"11040\" class=\"themify_builder_content themify_builder_content-11040 themify_builder themify_builder_front\">\n\t<\/div>\n<!-- \/themify_builder_content -->","protected":false},"excerpt":{"rendered":"<p>25 de Setembro Seu nome, Cl\u00e9ofas, no hebraico antigo, pode ser tamb\u00e9m Alfeu. A partir da\u00ed, temos as informa\u00e7\u00f5es dos historiadores que pesquisaram as origens dos santos. Segundo eles, a vida de s\u00e3o Cl\u00e9ofas esteve sempre muito ligada \u00e0 de Jesus Cristo. Primeiro, porque se interpreta que Cl\u00e9ofas seja o pai de Tiago, o Menor; [&hellip;]<\/p>\n","protected":false},"author":14,"featured_media":0,"comment_status":"open","ping_status":"open","sticky":false,"template":"","format":"standard","meta":{"ngg_post_thumbnail":0,"footnotes":""},"categories":[186],"tags":[],"yoast_head":"<!-- This site is optimized with the Yoast SEO plugin v23.5 - https:\/\/yoast.com\/wordpress\/plugins\/seo\/ -->\n<title>S\u00e3o Cl\u00e9ofas ou Alfeu - O Arcanjo no ar<\/title>\n<meta name=\"robots\" content=\"index, follow, max-snippet:-1, max-image-preview:large, max-video-preview:-1\" \/>\n<link rel=\"canonical\" href=\"https:\/\/www.oarcanjo.net\/site\/sao-cleofas-ou-alfeu\/\" \/>\n<meta property=\"og:locale\" content=\"pt_BR\" \/>\n<meta property=\"og:type\" content=\"article\" \/>\n<meta property=\"og:title\" content=\"S\u00e3o Cl\u00e9ofas ou Alfeu - O Arcanjo no ar\" \/>\n<meta property=\"og:description\" content=\"25 de Setembro Seu nome, Cl\u00e9ofas, no hebraico antigo, pode ser tamb\u00e9m Alfeu. A partir da\u00ed, temos as informa\u00e7\u00f5es dos historiadores que pesquisaram as origens dos santos. Segundo eles, a vida de s\u00e3o Cl\u00e9ofas esteve sempre muito ligada \u00e0 de Jesus Cristo. Primeiro, porque se interpreta que Cl\u00e9ofas seja o pai de Tiago, o Menor; [&hellip;]\" \/>\n<meta property=\"og:url\" content=\"https:\/\/www.oarcanjo.net\/site\/sao-cleofas-ou-alfeu\/\" \/>\n<meta property=\"og:site_name\" content=\"O Arcanjo no ar\" \/>\n<meta property=\"article:publisher\" content=\"https:\/\/www.facebook.com\/OArcanjoNoAr\/\" \/>\n<meta property=\"article:published_time\" content=\"2017-09-25T10:02:06+00:00\" \/>\n<meta property=\"article:modified_time\" content=\"2017-07-31T11:01:02+00:00\" \/>\n<meta property=\"og:image\" content=\"http:\/\/2.bp.blogspot.com\/_z-c0Sh5Zlrs\/SLMGnjbefpI\/AAAAAAAACVE\/1nR4fr0XS-o\/s400\/S%C3%A3o+Cl%C3%A9ofas+ou+Alfeu.jpg\" \/>\n<meta name=\"author\" content=\"danilo\" \/>\n<meta name=\"twitter:card\" content=\"summary_large_image\" \/>\n<meta name=\"twitter:label1\" content=\"Escrito por\" \/>\n\t<meta name=\"twitter:data1\" content=\"danilo\" \/>\n\t<meta name=\"twitter:label2\" content=\"Est. tempo de leitura\" \/>\n\t<meta name=\"twitter:data2\" content=\"2 minutos\" \/>\n<script type=\"application\/ld+json\" class=\"yoast-schema-graph\">{\"@context\":\"https:\/\/schema.org\",\"@graph\":[{\"@type\":\"Article\",\"@id\":\"https:\/\/www.oarcanjo.net\/site\/sao-cleofas-ou-alfeu\/#article\",\"isPartOf\":{\"@id\":\"https:\/\/www.oarcanjo.net\/site\/sao-cleofas-ou-alfeu\/\"},\"author\":{\"name\":\"danilo\",\"@id\":\"https:\/\/www.oarcanjo.net\/site\/#\/schema\/person\/5eb9480bedd2f3c97e430ce128c29c6c\"},\"headline\":\"S\u00e3o Cl\u00e9ofas ou Alfeu\",\"datePublished\":\"2017-09-25T10:02:06+00:00\",\"dateModified\":\"2017-07-31T11:01:02+00:00\",\"mainEntityOfPage\":{\"@id\":\"https:\/\/www.oarcanjo.net\/site\/sao-cleofas-ou-alfeu\/\"},\"wordCount\":373,\"commentCount\":0,\"publisher\":{\"@id\":\"https:\/\/www.oarcanjo.net\/site\/#organization\"},\"image\":{\"@id\":\"https:\/\/www.oarcanjo.net\/site\/sao-cleofas-ou-alfeu\/#primaryimage\"},\"thumbnailUrl\":\"http:\/\/2.bp.blogspot.com\/_z-c0Sh5Zlrs\/SLMGnjbefpI\/AAAAAAAACVE\/1nR4fr0XS-o\/s400\/S%C3%A3o+Cl%C3%A9ofas+ou+Alfeu.jpg\",\"articleSection\":[\"Testemunhos\"],\"inLanguage\":\"pt-BR\",\"potentialAction\":[{\"@type\":\"CommentAction\",\"name\":\"Comment\",\"target\":[\"https:\/\/www.oarcanjo.net\/site\/sao-cleofas-ou-alfeu\/#respond\"]}]},{\"@type\":\"WebPage\",\"@id\":\"https:\/\/www.oarcanjo.net\/site\/sao-cleofas-ou-alfeu\/\",\"url\":\"https:\/\/www.oarcanjo.net\/site\/sao-cleofas-ou-alfeu\/\",\"name\":\"S\u00e3o Cl\u00e9ofas ou Alfeu - O Arcanjo no ar\",\"isPartOf\":{\"@id\":\"https:\/\/www.oarcanjo.net\/site\/#website\"},\"primaryImageOfPage\":{\"@id\":\"https:\/\/www.oarcanjo.net\/site\/sao-cleofas-ou-alfeu\/#primaryimage\"},\"image\":{\"@id\":\"https:\/\/www.oarcanjo.net\/site\/sao-cleofas-ou-alfeu\/#primaryimage\"},\"thumbnailUrl\":\"http:\/\/2.bp.blogspot.com\/_z-c0Sh5Zlrs\/SLMGnjbefpI\/AAAAAAAACVE\/1nR4fr0XS-o\/s400\/S%C3%A3o+Cl%C3%A9ofas+ou+Alfeu.jpg\",\"datePublished\":\"2017-09-25T10:02:06+00:00\",\"dateModified\":\"2017-07-31T11:01:02+00:00\",\"breadcrumb\":{\"@id\":\"https:\/\/www.oarcanjo.net\/site\/sao-cleofas-ou-alfeu\/#breadcrumb\"},\"inLanguage\":\"pt-BR\",\"potentialAction\":[{\"@type\":\"ReadAction\",\"target\":[\"https:\/\/www.oarcanjo.net\/site\/sao-cleofas-ou-alfeu\/\"]}]},{\"@type\":\"ImageObject\",\"inLanguage\":\"pt-BR\",\"@id\":\"https:\/\/www.oarcanjo.net\/site\/sao-cleofas-ou-alfeu\/#primaryimage\",\"url\":\"http:\/\/2.bp.blogspot.com\/_z-c0Sh5Zlrs\/SLMGnjbefpI\/AAAAAAAACVE\/1nR4fr0XS-o\/s400\/S%C3%A3o+Cl%C3%A9ofas+ou+Alfeu.jpg\",\"contentUrl\":\"http:\/\/2.bp.blogspot.com\/_z-c0Sh5Zlrs\/SLMGnjbefpI\/AAAAAAAACVE\/1nR4fr0XS-o\/s400\/S%C3%A3o+Cl%C3%A9ofas+ou+Alfeu.jpg\"},{\"@type\":\"BreadcrumbList\",\"@id\":\"https:\/\/www.oarcanjo.net\/site\/sao-cleofas-ou-alfeu\/#breadcrumb\",\"itemListElement\":[{\"@type\":\"ListItem\",\"position\":1,\"name\":\"In\u00edcio\",\"item\":\"https:\/\/www.oarcanjo.net\/site\/\"},{\"@type\":\"ListItem\",\"position\":2,\"name\":\"S\u00e3o Cl\u00e9ofas ou Alfeu\"}]},{\"@type\":\"WebSite\",\"@id\":\"https:\/\/www.oarcanjo.net\/site\/#website\",\"url\":\"https:\/\/www.oarcanjo.net\/site\/\",\"name\":\"O Arcanjo no ar\",\"description\":\"Site da Par\u00f3quia S\u00e3o Miguel Arcanjo (Arquidiocese de SP)\",\"publisher\":{\"@id\":\"https:\/\/www.oarcanjo.net\/site\/#organization\"},\"potentialAction\":[{\"@type\":\"SearchAction\",\"target\":{\"@type\":\"EntryPoint\",\"urlTemplate\":\"https:\/\/www.oarcanjo.net\/site\/?s={search_term_string}\"},\"query-input\":{\"@type\":\"PropertyValueSpecification\",\"valueRequired\":true,\"valueName\":\"search_term_string\"}}],\"inLanguage\":\"pt-BR\"},{\"@type\":\"Organization\",\"@id\":\"https:\/\/www.oarcanjo.net\/site\/#organization\",\"name\":\"Par\u00f3quia S\u00e3o Miguel Arcanjo\",\"url\":\"https:\/\/www.oarcanjo.net\/site\/\",\"logo\":{\"@type\":\"ImageObject\",\"inLanguage\":\"pt-BR\",\"@id\":\"https:\/\/www.oarcanjo.net\/site\/#\/schema\/logo\/image\/\",\"url\":\"https:\/\/www.oarcanjo.net\/site\/wp-content\/uploads\/LogoOArcanjo.png\",\"contentUrl\":\"https:\/\/www.oarcanjo.net\/site\/wp-content\/uploads\/LogoOArcanjo.png\",\"width\":319,\"height\":99,\"caption\":\"Par\u00f3quia S\u00e3o Miguel Arcanjo\"},\"image\":{\"@id\":\"https:\/\/www.oarcanjo.net\/site\/#\/schema\/logo\/image\/\"},\"sameAs\":[\"https:\/\/www.facebook.com\/OArcanjoNoAr\/\"]},{\"@type\":\"Person\",\"@id\":\"https:\/\/www.oarcanjo.net\/site\/#\/schema\/person\/5eb9480bedd2f3c97e430ce128c29c6c\",\"name\":\"danilo\"}]}<\/script>\n<!-- \/ Yoast SEO plugin. -->","yoast_head_json":{"title":"S\u00e3o Cl\u00e9ofas ou Alfeu - O Arcanjo no ar","robots":{"index":"index","follow":"follow","max-snippet":"max-snippet:-1","max-image-preview":"max-image-preview:large","max-video-preview":"max-video-preview:-1"},"canonical":"https:\/\/www.oarcanjo.net\/site\/sao-cleofas-ou-alfeu\/","og_locale":"pt_BR","og_type":"article","og_title":"S\u00e3o Cl\u00e9ofas ou Alfeu - O Arcanjo no ar","og_description":"25 de Setembro Seu nome, Cl\u00e9ofas, no hebraico antigo, pode ser tamb\u00e9m Alfeu. A partir da\u00ed, temos as informa\u00e7\u00f5es dos historiadores que pesquisaram as origens dos santos. Segundo eles, a vida de s\u00e3o Cl\u00e9ofas esteve sempre muito ligada \u00e0 de Jesus Cristo. Primeiro, porque se interpreta que Cl\u00e9ofas seja o pai de Tiago, o Menor; [&hellip;]","og_url":"https:\/\/www.oarcanjo.net\/site\/sao-cleofas-ou-alfeu\/","og_site_name":"O Arcanjo no ar","article_publisher":"https:\/\/www.facebook.com\/OArcanjoNoAr\/","article_published_time":"2017-09-25T10:02:06+00:00","article_modified_time":"2017-07-31T11:01:02+00:00","og_image":[{"url":"http:\/\/2.bp.blogspot.com\/_z-c0Sh5Zlrs\/SLMGnjbefpI\/AAAAAAAACVE\/1nR4fr0XS-o\/s400\/S%C3%A3o+Cl%C3%A9ofas+ou+Alfeu.jpg"}],"author":"danilo","twitter_card":"summary_large_image","twitter_misc":{"Escrito por":"danilo","Est. tempo de leitura":"2 minutos"},"schema":{"@context":"https:\/\/schema.org","@graph":[{"@type":"Article","@id":"https:\/\/www.oarcanjo.net\/site\/sao-cleofas-ou-alfeu\/#article","isPartOf":{"@id":"https:\/\/www.oarcanjo.net\/site\/sao-cleofas-ou-alfeu\/"},"author":{"name":"danilo","@id":"https:\/\/www.oarcanjo.net\/site\/#\/schema\/person\/5eb9480bedd2f3c97e430ce128c29c6c"},"headline":"S\u00e3o Cl\u00e9ofas ou Alfeu","datePublished":"2017-09-25T10:02:06+00:00","dateModified":"2017-07-31T11:01:02+00:00","mainEntityOfPage":{"@id":"https:\/\/www.oarcanjo.net\/site\/sao-cleofas-ou-alfeu\/"},"wordCount":373,"commentCount":0,"publisher":{"@id":"https:\/\/www.oarcanjo.net\/site\/#organization"},"image":{"@id":"https:\/\/www.oarcanjo.net\/site\/sao-cleofas-ou-alfeu\/#primaryimage"},"thumbnailUrl":"http:\/\/2.bp.blogspot.com\/_z-c0Sh5Zlrs\/SLMGnjbefpI\/AAAAAAAACVE\/1nR4fr0XS-o\/s400\/S%C3%A3o+Cl%C3%A9ofas+ou+Alfeu.jpg","articleSection":["Testemunhos"],"inLanguage":"pt-BR","potentialAction":[{"@type":"CommentAction","name":"Comment","target":["https:\/\/www.oarcanjo.net\/site\/sao-cleofas-ou-alfeu\/#respond"]}]},{"@type":"WebPage","@id":"https:\/\/www.oarcanjo.net\/site\/sao-cleofas-ou-alfeu\/","url":"https:\/\/www.oarcanjo.net\/site\/sao-cleofas-ou-alfeu\/","name":"S\u00e3o Cl\u00e9ofas ou Alfeu - O Arcanjo no ar","isPartOf":{"@id":"https:\/\/www.oarcanjo.net\/site\/#website"},"primaryImageOfPage":{"@id":"https:\/\/www.oarcanjo.net\/site\/sao-cleofas-ou-alfeu\/#primaryimage"},"image":{"@id":"https:\/\/www.oarcanjo.net\/site\/sao-cleofas-ou-alfeu\/#primaryimage"},"thumbnailUrl":"http:\/\/2.bp.blogspot.com\/_z-c0Sh5Zlrs\/SLMGnjbefpI\/AAAAAAAACVE\/1nR4fr0XS-o\/s400\/S%C3%A3o+Cl%C3%A9ofas+ou+Alfeu.jpg","datePublished":"2017-09-25T10:02:06+00:00","dateModified":"2017-07-31T11:01:02+00:00","breadcrumb":{"@id":"https:\/\/www.oarcanjo.net\/site\/sao-cleofas-ou-alfeu\/#breadcrumb"},"inLanguage":"pt-BR","potentialAction":[{"@type":"ReadAction","target":["https:\/\/www.oarcanjo.net\/site\/sao-cleofas-ou-alfeu\/"]}]},{"@type":"ImageObject","inLanguage":"pt-BR","@id":"https:\/\/www.oarcanjo.net\/site\/sao-cleofas-ou-alfeu\/#primaryimage","url":"http:\/\/2.bp.blogspot.com\/_z-c0Sh5Zlrs\/SLMGnjbefpI\/AAAAAAAACVE\/1nR4fr0XS-o\/s400\/S%C3%A3o+Cl%C3%A9ofas+ou+Alfeu.jpg","contentUrl":"http:\/\/2.bp.blogspot.com\/_z-c0Sh5Zlrs\/SLMGnjbefpI\/AAAAAAAACVE\/1nR4fr0XS-o\/s400\/S%C3%A3o+Cl%C3%A9ofas+ou+Alfeu.jpg"},{"@type":"BreadcrumbList","@id":"https:\/\/www.oarcanjo.net\/site\/sao-cleofas-ou-alfeu\/#breadcrumb","itemListElement":[{"@type":"ListItem","position":1,"name":"In\u00edcio","item":"https:\/\/www.oarcanjo.net\/site\/"},{"@type":"ListItem","position":2,"name":"S\u00e3o Cl\u00e9ofas ou Alfeu"}]},{"@type":"WebSite","@id":"https:\/\/www.oarcanjo.net\/site\/#website","url":"https:\/\/www.oarcanjo.net\/site\/","name":"O Arcanjo no ar","description":"Site da Par\u00f3quia S\u00e3o Miguel Arcanjo (Arquidiocese de SP)","publisher":{"@id":"https:\/\/www.oarcanjo.net\/site\/#organization"},"potentialAction":[{"@type":"SearchAction","target":{"@type":"EntryPoint","urlTemplate":"https:\/\/www.oarcanjo.net\/site\/?s={search_term_string}"},"query-input":{"@type":"PropertyValueSpecification","valueRequired":true,"valueName":"search_term_string"}}],"inLanguage":"pt-BR"},{"@type":"Organization","@id":"https:\/\/www.oarcanjo.net\/site\/#organization","name":"Par\u00f3quia S\u00e3o Miguel Arcanjo","url":"https:\/\/www.oarcanjo.net\/site\/","logo":{"@type":"ImageObject","inLanguage":"pt-BR","@id":"https:\/\/www.oarcanjo.net\/site\/#\/schema\/logo\/image\/","url":"https:\/\/www.oarcanjo.net\/site\/wp-content\/uploads\/LogoOArcanjo.png","contentUrl":"https:\/\/www.oarcanjo.net\/site\/wp-content\/uploads\/LogoOArcanjo.png","width":319,"height":99,"caption":"Par\u00f3quia S\u00e3o Miguel Arcanjo"},"image":{"@id":"https:\/\/www.oarcanjo.net\/site\/#\/schema\/logo\/image\/"},"sameAs":["https:\/\/www.facebook.com\/OArcanjoNoAr\/"]},{"@type":"Person","@id":"https:\/\/www.oarcanjo.net\/site\/#\/schema\/person\/5eb9480bedd2f3c97e430ce128c29c6c","name":"danilo"}]}},"publishpress_future_action":{"enabled":false,"date":"2026-05-08 23:48:18","action":"category","newStatus":"draft","terms":[],"taxonomy":"category"},"publishpress_future_workflow_manual_trigger":{"enabledWorkflows":[]},"_links":{"self":[{"href":"https:\/\/www.oarcanjo.net\/site\/wp-json\/wp\/v2\/posts\/11040"}],"collection":[{"href":"https:\/\/www.oarcanjo.net\/site\/wp-json\/wp\/v2\/posts"}],"about":[{"href":"https:\/\/www.oarcanjo.net\/site\/wp-json\/wp\/v2\/types\/post"}],"author":[{"embeddable":true,"href":"https:\/\/www.oarcanjo.net\/site\/wp-json\/wp\/v2\/users\/14"}],"replies":[{"embeddable":true,"href":"https:\/\/www.oarcanjo.net\/site\/wp-json\/wp\/v2\/comments?post=11040"}],"version-history":[{"count":0,"href":"https:\/\/www.oarcanjo.net\/site\/wp-json\/wp\/v2\/posts\/11040\/revisions"}],"wp:attachment":[{"href":"https:\/\/www.oarcanjo.net\/site\/wp-json\/wp\/v2\/media?parent=11040"}],"wp:term":[{"taxonomy":"category","embeddable":true,"href":"https:\/\/www.oarcanjo.net\/site\/wp-json\/wp\/v2\/categories?post=11040"},{"taxonomy":"post_tag","embeddable":true,"href":"https:\/\/www.oarcanjo.net\/site\/wp-json\/wp\/v2\/tags?post=11040"}],"curies":[{"name":"wp","href":"https:\/\/api.w.org\/{rel}","templated":true}]}}