
{"id":11041,"date":"2017-09-25T07:03:31","date_gmt":"2017-09-25T10:03:31","guid":{"rendered":"http:\/\/www.oarcanjo.net\/site\/?p=11041"},"modified":"2017-07-31T08:00:55","modified_gmt":"2017-07-31T11:00:55","slug":"santa-aurelia-e-santa-neomisia","status":"publish","type":"post","link":"https:\/\/www.oarcanjo.net\/site\/santa-aurelia-e-santa-neomisia\/","title":{"rendered":"Santa Aur\u00e9lia e Santa Neom\u00edsia"},"content":{"rendered":"<p><img loading=\"lazy\" decoding=\"async\" src=\"http:\/\/4.bp.blogspot.com\/_z-c0Sh5Zlrs\/SLMFTkp4VCI\/AAAAAAAACUs\/Ouh_nzgF8N4\/s400\/Santa+Aur%C3%A9lia+e+Santa+Neom%C3%ADsia.jpg\" alt=\"\" width=\"150\" height=\"190\" \/><\/p>\n<p>25 de Setembro<\/p>\n<p>Aur\u00e9lia nasceu na \u00c1sia Menor, no Oriente e era muito unida \u00e0 sua irm\u00e3 Neomisia. Elas costumavam procurar pobres e doentes pelas ruas para fazer-lhes caridade. E assim fizeram durante toda a adolesc\u00eancia, mantendo-se muito piedosas e fervorosas crist\u00e3s. Aur\u00e9lia sempre dizia \u00e0 irm\u00e3 que, ao atingirem a idade suficiente, iriam visitar todos os lugares sagrados da Palestina, em uma longa peregrina\u00e7\u00e3o.<\/p>\n<p>De fato, Aur\u00e9lia e Neom\u00edsia foram para a Terra Santa e viram onde Jesus nasceu e viveu. Depois, fizeram todo o trajeto percorrido por ele at\u00e9 o monte Calv\u00e1rio, onde foi crucificado e morreu para salvar-nos. Aur\u00e9lia, envolvida pela religiosidade da regi\u00e3o e com o sentimento da f\u00e9 refor\u00e7ado, decidiu continuar a peregrina\u00e7\u00e3o at\u00e9 Roma. Assim, visitaria o c\u00e9lebre santu\u00e1rio da cristandade do Ocidente, sempre acompanhada pela irm\u00e3.<\/p>\n<p>Elas n\u00e3o sabiam que os sarracenos mu\u00e7ulmanos estavam invadindo v\u00e1rias regi\u00f5es italianas e que, avan\u00e7ando, j\u00e1 tinham atacado e devastado a Cal\u00e1bria e a Luc\u00e2nia. Quando chegaram a Roma, as duas foram surpreendidas, na via Latina, por um grupo de invasores, que as identificaram como crist\u00e3s. Ambas foram agredidas e chicoteadas at\u00e9 quase \u00e0 morte. Mas um fort\u00edssimo temporal dispersou os perseguidores, que abandonaram o local. Por isso as duas foram libertadas e puderam seguir com sua viagem.<\/p>\n<p>Mas, estando muito feridas, resolveram estabelecer-se na pequena Macerata, situada aos p\u00e9s de uma colina muito perto da cidade de Anagni. L\u00e1, elas retomaram a vida de caridade, ora\u00e7\u00e3o e penit\u00eancia, sempre auxiliando e socorrendo os pobres, velhos e doentes. Aur\u00e9lia tamb\u00e9m tinha os dons da cura e da profecia. Assim, a fama de santidade das duas irm\u00e3s crist\u00e3s difundiu-se entre a popula\u00e7\u00e3o. Diz a tradi\u00e7\u00e3o que Aur\u00e9lia salvou os fi\u00e9is da par\u00f3quia daquela diocese. Foi num domingo de chuva, ela correu para avisar o padre que parasse a missa, pois iria cair um raio sobre a igreja. O padre, inspirado pelo Esp\u00edrito Santo, ouviu seu conselho e os fi\u00e9is j\u00e1 estavam a salvo quando o incidente aconteceu.<\/p>\n<p>Aur\u00e9lia e a irm\u00e3 adoeceram e morreram no mesmo dia, 25 de setembro, de um ano n\u00e3o registrado. Os seus corpos foram sepultados na igreja de Macerata. Mais tarde, o bispo daquela diocese, aproveitando a visita do papa Le\u00e3o IX \u00e0 cidade, preparou uma cerim\u00f4nia solene para trasladar as rel\u00edquias das duas irm\u00e3s para a catedral de Anagni. Outra festa foi preparada quando a reconstru\u00e7\u00e3o da catedral terminou. Ent\u00e3o, as rel\u00edquias de Aur\u00e9lia e Neom\u00edsia foram colocadas na cripta de s\u00e3o Magno, logo abaixo do altar dedicado a ele.<\/p>\n<p>O culto a santa Aur\u00e9lia \u00e9 um dos mais propagados e antigos da tradi\u00e7\u00e3o romana. Ao longo dos s\u00e9culos, Aur\u00e9lia deu nome a gera\u00e7\u00f5es inteiras de crist\u00e3s, que passaram a festejar a santa de seu onom\u00e1stico como protetora pessoal. De modo que a festa de santa Aur\u00e9lia, no dia 25 de setembro, foi introduzida no calend\u00e1rio lit\u00fargico da Igreja pela pr\u00f3pria diocese de Anagni. O \u00fanico texto que registrou esta tradi\u00e7\u00e3o faz parte do Cod. Chigiano C.VIII. 235, escrito no in\u00edcio do s\u00e9culo XIV. Somente em 1903 o culto obteve a confirma\u00e7\u00e3o can\u00f4nica. Assim, as urnas contendo as rel\u00edquias das irm\u00e3s s\u00e3o expostas aos devotos e peregrinos durante a celebra\u00e7\u00e3o lit\u00fargica. Contudo h\u00e1 um fato curioso que ocorre nesta tradi\u00e7\u00e3o desde o seu in\u00edcio. \u00c9 que a maioria dos devotos s\u00f3 lembra que \u00e9 o dia da festa de santa Aur\u00e9lia, e apenas a ela agradecem pela intercess\u00e3o nas gra\u00e7as alcan\u00e7adas.<\/p>\n<div id=\"themify_builder_content-11041\" data-postid=\"11041\" class=\"themify_builder_content themify_builder_content-11041 themify_builder themify_builder_front\">\n\t<\/div>\n<!-- \/themify_builder_content -->","protected":false},"excerpt":{"rendered":"<p>25 de Setembro Aur\u00e9lia nasceu na \u00c1sia Menor, no Oriente e era muito unida \u00e0 sua irm\u00e3 Neomisia. Elas costumavam procurar pobres e doentes pelas ruas para fazer-lhes caridade. E assim fizeram durante toda a adolesc\u00eancia, mantendo-se muito piedosas e fervorosas crist\u00e3s. Aur\u00e9lia sempre dizia \u00e0 irm\u00e3 que, ao atingirem a idade suficiente, iriam visitar [&hellip;]<\/p>\n","protected":false},"author":14,"featured_media":0,"comment_status":"open","ping_status":"open","sticky":false,"template":"","format":"standard","meta":{"ngg_post_thumbnail":0,"footnotes":""},"categories":[186],"tags":[],"yoast_head":"<!-- This site is optimized with the Yoast SEO plugin v23.5 - https:\/\/yoast.com\/wordpress\/plugins\/seo\/ -->\n<title>Santa Aur\u00e9lia e Santa Neom\u00edsia - O Arcanjo no ar<\/title>\n<meta name=\"robots\" content=\"index, follow, max-snippet:-1, max-image-preview:large, max-video-preview:-1\" \/>\n<link rel=\"canonical\" href=\"https:\/\/www.oarcanjo.net\/site\/santa-aurelia-e-santa-neomisia\/\" \/>\n<meta property=\"og:locale\" content=\"pt_BR\" \/>\n<meta property=\"og:type\" content=\"article\" \/>\n<meta property=\"og:title\" content=\"Santa Aur\u00e9lia e Santa Neom\u00edsia - O Arcanjo no ar\" \/>\n<meta property=\"og:description\" content=\"25 de Setembro Aur\u00e9lia nasceu na \u00c1sia Menor, no Oriente e era muito unida \u00e0 sua irm\u00e3 Neomisia. Elas costumavam procurar pobres e doentes pelas ruas para fazer-lhes caridade. E assim fizeram durante toda a adolesc\u00eancia, mantendo-se muito piedosas e fervorosas crist\u00e3s. Aur\u00e9lia sempre dizia \u00e0 irm\u00e3 que, ao atingirem a idade suficiente, iriam visitar [&hellip;]\" \/>\n<meta property=\"og:url\" content=\"https:\/\/www.oarcanjo.net\/site\/santa-aurelia-e-santa-neomisia\/\" \/>\n<meta property=\"og:site_name\" content=\"O Arcanjo no ar\" \/>\n<meta property=\"article:publisher\" content=\"https:\/\/www.facebook.com\/OArcanjoNoAr\/\" \/>\n<meta property=\"article:published_time\" content=\"2017-09-25T10:03:31+00:00\" \/>\n<meta property=\"article:modified_time\" content=\"2017-07-31T11:00:55+00:00\" \/>\n<meta property=\"og:image\" content=\"http:\/\/4.bp.blogspot.com\/_z-c0Sh5Zlrs\/SLMFTkp4VCI\/AAAAAAAACUs\/Ouh_nzgF8N4\/s400\/Santa+Aur%C3%A9lia+e+Santa+Neom%C3%ADsia.jpg\" \/>\n<meta name=\"author\" content=\"danilo\" \/>\n<meta name=\"twitter:card\" content=\"summary_large_image\" \/>\n<meta name=\"twitter:label1\" content=\"Escrito por\" \/>\n\t<meta name=\"twitter:data1\" content=\"danilo\" \/>\n\t<meta name=\"twitter:label2\" content=\"Est. tempo de leitura\" \/>\n\t<meta name=\"twitter:data2\" content=\"3 minutos\" \/>\n<script type=\"application\/ld+json\" class=\"yoast-schema-graph\">{\"@context\":\"https:\/\/schema.org\",\"@graph\":[{\"@type\":\"Article\",\"@id\":\"https:\/\/www.oarcanjo.net\/site\/santa-aurelia-e-santa-neomisia\/#article\",\"isPartOf\":{\"@id\":\"https:\/\/www.oarcanjo.net\/site\/santa-aurelia-e-santa-neomisia\/\"},\"author\":{\"name\":\"danilo\",\"@id\":\"https:\/\/www.oarcanjo.net\/site\/#\/schema\/person\/5eb9480bedd2f3c97e430ce128c29c6c\"},\"headline\":\"Santa Aur\u00e9lia e Santa Neom\u00edsia\",\"datePublished\":\"2017-09-25T10:03:31+00:00\",\"dateModified\":\"2017-07-31T11:00:55+00:00\",\"mainEntityOfPage\":{\"@id\":\"https:\/\/www.oarcanjo.net\/site\/santa-aurelia-e-santa-neomisia\/\"},\"wordCount\":641,\"commentCount\":0,\"publisher\":{\"@id\":\"https:\/\/www.oarcanjo.net\/site\/#organization\"},\"image\":{\"@id\":\"https:\/\/www.oarcanjo.net\/site\/santa-aurelia-e-santa-neomisia\/#primaryimage\"},\"thumbnailUrl\":\"http:\/\/4.bp.blogspot.com\/_z-c0Sh5Zlrs\/SLMFTkp4VCI\/AAAAAAAACUs\/Ouh_nzgF8N4\/s400\/Santa+Aur%C3%A9lia+e+Santa+Neom%C3%ADsia.jpg\",\"articleSection\":[\"Testemunhos\"],\"inLanguage\":\"pt-BR\",\"potentialAction\":[{\"@type\":\"CommentAction\",\"name\":\"Comment\",\"target\":[\"https:\/\/www.oarcanjo.net\/site\/santa-aurelia-e-santa-neomisia\/#respond\"]}]},{\"@type\":\"WebPage\",\"@id\":\"https:\/\/www.oarcanjo.net\/site\/santa-aurelia-e-santa-neomisia\/\",\"url\":\"https:\/\/www.oarcanjo.net\/site\/santa-aurelia-e-santa-neomisia\/\",\"name\":\"Santa Aur\u00e9lia e Santa Neom\u00edsia - O Arcanjo no ar\",\"isPartOf\":{\"@id\":\"https:\/\/www.oarcanjo.net\/site\/#website\"},\"primaryImageOfPage\":{\"@id\":\"https:\/\/www.oarcanjo.net\/site\/santa-aurelia-e-santa-neomisia\/#primaryimage\"},\"image\":{\"@id\":\"https:\/\/www.oarcanjo.net\/site\/santa-aurelia-e-santa-neomisia\/#primaryimage\"},\"thumbnailUrl\":\"http:\/\/4.bp.blogspot.com\/_z-c0Sh5Zlrs\/SLMFTkp4VCI\/AAAAAAAACUs\/Ouh_nzgF8N4\/s400\/Santa+Aur%C3%A9lia+e+Santa+Neom%C3%ADsia.jpg\",\"datePublished\":\"2017-09-25T10:03:31+00:00\",\"dateModified\":\"2017-07-31T11:00:55+00:00\",\"breadcrumb\":{\"@id\":\"https:\/\/www.oarcanjo.net\/site\/santa-aurelia-e-santa-neomisia\/#breadcrumb\"},\"inLanguage\":\"pt-BR\",\"potentialAction\":[{\"@type\":\"ReadAction\",\"target\":[\"https:\/\/www.oarcanjo.net\/site\/santa-aurelia-e-santa-neomisia\/\"]}]},{\"@type\":\"ImageObject\",\"inLanguage\":\"pt-BR\",\"@id\":\"https:\/\/www.oarcanjo.net\/site\/santa-aurelia-e-santa-neomisia\/#primaryimage\",\"url\":\"http:\/\/4.bp.blogspot.com\/_z-c0Sh5Zlrs\/SLMFTkp4VCI\/AAAAAAAACUs\/Ouh_nzgF8N4\/s400\/Santa+Aur%C3%A9lia+e+Santa+Neom%C3%ADsia.jpg\",\"contentUrl\":\"http:\/\/4.bp.blogspot.com\/_z-c0Sh5Zlrs\/SLMFTkp4VCI\/AAAAAAAACUs\/Ouh_nzgF8N4\/s400\/Santa+Aur%C3%A9lia+e+Santa+Neom%C3%ADsia.jpg\"},{\"@type\":\"BreadcrumbList\",\"@id\":\"https:\/\/www.oarcanjo.net\/site\/santa-aurelia-e-santa-neomisia\/#breadcrumb\",\"itemListElement\":[{\"@type\":\"ListItem\",\"position\":1,\"name\":\"In\u00edcio\",\"item\":\"https:\/\/www.oarcanjo.net\/site\/\"},{\"@type\":\"ListItem\",\"position\":2,\"name\":\"Santa Aur\u00e9lia e Santa Neom\u00edsia\"}]},{\"@type\":\"WebSite\",\"@id\":\"https:\/\/www.oarcanjo.net\/site\/#website\",\"url\":\"https:\/\/www.oarcanjo.net\/site\/\",\"name\":\"O Arcanjo no ar\",\"description\":\"Site da Par\u00f3quia S\u00e3o Miguel Arcanjo (Arquidiocese de SP)\",\"publisher\":{\"@id\":\"https:\/\/www.oarcanjo.net\/site\/#organization\"},\"potentialAction\":[{\"@type\":\"SearchAction\",\"target\":{\"@type\":\"EntryPoint\",\"urlTemplate\":\"https:\/\/www.oarcanjo.net\/site\/?s={search_term_string}\"},\"query-input\":{\"@type\":\"PropertyValueSpecification\",\"valueRequired\":true,\"valueName\":\"search_term_string\"}}],\"inLanguage\":\"pt-BR\"},{\"@type\":\"Organization\",\"@id\":\"https:\/\/www.oarcanjo.net\/site\/#organization\",\"name\":\"Par\u00f3quia S\u00e3o Miguel Arcanjo\",\"url\":\"https:\/\/www.oarcanjo.net\/site\/\",\"logo\":{\"@type\":\"ImageObject\",\"inLanguage\":\"pt-BR\",\"@id\":\"https:\/\/www.oarcanjo.net\/site\/#\/schema\/logo\/image\/\",\"url\":\"https:\/\/www.oarcanjo.net\/site\/wp-content\/uploads\/LogoOArcanjo.png\",\"contentUrl\":\"https:\/\/www.oarcanjo.net\/site\/wp-content\/uploads\/LogoOArcanjo.png\",\"width\":319,\"height\":99,\"caption\":\"Par\u00f3quia S\u00e3o Miguel Arcanjo\"},\"image\":{\"@id\":\"https:\/\/www.oarcanjo.net\/site\/#\/schema\/logo\/image\/\"},\"sameAs\":[\"https:\/\/www.facebook.com\/OArcanjoNoAr\/\"]},{\"@type\":\"Person\",\"@id\":\"https:\/\/www.oarcanjo.net\/site\/#\/schema\/person\/5eb9480bedd2f3c97e430ce128c29c6c\",\"name\":\"danilo\"}]}<\/script>\n<!-- \/ Yoast SEO plugin. -->","yoast_head_json":{"title":"Santa Aur\u00e9lia e Santa Neom\u00edsia - O Arcanjo no ar","robots":{"index":"index","follow":"follow","max-snippet":"max-snippet:-1","max-image-preview":"max-image-preview:large","max-video-preview":"max-video-preview:-1"},"canonical":"https:\/\/www.oarcanjo.net\/site\/santa-aurelia-e-santa-neomisia\/","og_locale":"pt_BR","og_type":"article","og_title":"Santa Aur\u00e9lia e Santa Neom\u00edsia - O Arcanjo no ar","og_description":"25 de Setembro Aur\u00e9lia nasceu na \u00c1sia Menor, no Oriente e era muito unida \u00e0 sua irm\u00e3 Neomisia. Elas costumavam procurar pobres e doentes pelas ruas para fazer-lhes caridade. E assim fizeram durante toda a adolesc\u00eancia, mantendo-se muito piedosas e fervorosas crist\u00e3s. Aur\u00e9lia sempre dizia \u00e0 irm\u00e3 que, ao atingirem a idade suficiente, iriam visitar [&hellip;]","og_url":"https:\/\/www.oarcanjo.net\/site\/santa-aurelia-e-santa-neomisia\/","og_site_name":"O Arcanjo no ar","article_publisher":"https:\/\/www.facebook.com\/OArcanjoNoAr\/","article_published_time":"2017-09-25T10:03:31+00:00","article_modified_time":"2017-07-31T11:00:55+00:00","og_image":[{"url":"http:\/\/4.bp.blogspot.com\/_z-c0Sh5Zlrs\/SLMFTkp4VCI\/AAAAAAAACUs\/Ouh_nzgF8N4\/s400\/Santa+Aur%C3%A9lia+e+Santa+Neom%C3%ADsia.jpg"}],"author":"danilo","twitter_card":"summary_large_image","twitter_misc":{"Escrito por":"danilo","Est. tempo de leitura":"3 minutos"},"schema":{"@context":"https:\/\/schema.org","@graph":[{"@type":"Article","@id":"https:\/\/www.oarcanjo.net\/site\/santa-aurelia-e-santa-neomisia\/#article","isPartOf":{"@id":"https:\/\/www.oarcanjo.net\/site\/santa-aurelia-e-santa-neomisia\/"},"author":{"name":"danilo","@id":"https:\/\/www.oarcanjo.net\/site\/#\/schema\/person\/5eb9480bedd2f3c97e430ce128c29c6c"},"headline":"Santa Aur\u00e9lia e Santa Neom\u00edsia","datePublished":"2017-09-25T10:03:31+00:00","dateModified":"2017-07-31T11:00:55+00:00","mainEntityOfPage":{"@id":"https:\/\/www.oarcanjo.net\/site\/santa-aurelia-e-santa-neomisia\/"},"wordCount":641,"commentCount":0,"publisher":{"@id":"https:\/\/www.oarcanjo.net\/site\/#organization"},"image":{"@id":"https:\/\/www.oarcanjo.net\/site\/santa-aurelia-e-santa-neomisia\/#primaryimage"},"thumbnailUrl":"http:\/\/4.bp.blogspot.com\/_z-c0Sh5Zlrs\/SLMFTkp4VCI\/AAAAAAAACUs\/Ouh_nzgF8N4\/s400\/Santa+Aur%C3%A9lia+e+Santa+Neom%C3%ADsia.jpg","articleSection":["Testemunhos"],"inLanguage":"pt-BR","potentialAction":[{"@type":"CommentAction","name":"Comment","target":["https:\/\/www.oarcanjo.net\/site\/santa-aurelia-e-santa-neomisia\/#respond"]}]},{"@type":"WebPage","@id":"https:\/\/www.oarcanjo.net\/site\/santa-aurelia-e-santa-neomisia\/","url":"https:\/\/www.oarcanjo.net\/site\/santa-aurelia-e-santa-neomisia\/","name":"Santa Aur\u00e9lia e Santa Neom\u00edsia - O Arcanjo no ar","isPartOf":{"@id":"https:\/\/www.oarcanjo.net\/site\/#website"},"primaryImageOfPage":{"@id":"https:\/\/www.oarcanjo.net\/site\/santa-aurelia-e-santa-neomisia\/#primaryimage"},"image":{"@id":"https:\/\/www.oarcanjo.net\/site\/santa-aurelia-e-santa-neomisia\/#primaryimage"},"thumbnailUrl":"http:\/\/4.bp.blogspot.com\/_z-c0Sh5Zlrs\/SLMFTkp4VCI\/AAAAAAAACUs\/Ouh_nzgF8N4\/s400\/Santa+Aur%C3%A9lia+e+Santa+Neom%C3%ADsia.jpg","datePublished":"2017-09-25T10:03:31+00:00","dateModified":"2017-07-31T11:00:55+00:00","breadcrumb":{"@id":"https:\/\/www.oarcanjo.net\/site\/santa-aurelia-e-santa-neomisia\/#breadcrumb"},"inLanguage":"pt-BR","potentialAction":[{"@type":"ReadAction","target":["https:\/\/www.oarcanjo.net\/site\/santa-aurelia-e-santa-neomisia\/"]}]},{"@type":"ImageObject","inLanguage":"pt-BR","@id":"https:\/\/www.oarcanjo.net\/site\/santa-aurelia-e-santa-neomisia\/#primaryimage","url":"http:\/\/4.bp.blogspot.com\/_z-c0Sh5Zlrs\/SLMFTkp4VCI\/AAAAAAAACUs\/Ouh_nzgF8N4\/s400\/Santa+Aur%C3%A9lia+e+Santa+Neom%C3%ADsia.jpg","contentUrl":"http:\/\/4.bp.blogspot.com\/_z-c0Sh5Zlrs\/SLMFTkp4VCI\/AAAAAAAACUs\/Ouh_nzgF8N4\/s400\/Santa+Aur%C3%A9lia+e+Santa+Neom%C3%ADsia.jpg"},{"@type":"BreadcrumbList","@id":"https:\/\/www.oarcanjo.net\/site\/santa-aurelia-e-santa-neomisia\/#breadcrumb","itemListElement":[{"@type":"ListItem","position":1,"name":"In\u00edcio","item":"https:\/\/www.oarcanjo.net\/site\/"},{"@type":"ListItem","position":2,"name":"Santa Aur\u00e9lia e Santa Neom\u00edsia"}]},{"@type":"WebSite","@id":"https:\/\/www.oarcanjo.net\/site\/#website","url":"https:\/\/www.oarcanjo.net\/site\/","name":"O Arcanjo no ar","description":"Site da Par\u00f3quia S\u00e3o Miguel Arcanjo (Arquidiocese de SP)","publisher":{"@id":"https:\/\/www.oarcanjo.net\/site\/#organization"},"potentialAction":[{"@type":"SearchAction","target":{"@type":"EntryPoint","urlTemplate":"https:\/\/www.oarcanjo.net\/site\/?s={search_term_string}"},"query-input":{"@type":"PropertyValueSpecification","valueRequired":true,"valueName":"search_term_string"}}],"inLanguage":"pt-BR"},{"@type":"Organization","@id":"https:\/\/www.oarcanjo.net\/site\/#organization","name":"Par\u00f3quia S\u00e3o Miguel Arcanjo","url":"https:\/\/www.oarcanjo.net\/site\/","logo":{"@type":"ImageObject","inLanguage":"pt-BR","@id":"https:\/\/www.oarcanjo.net\/site\/#\/schema\/logo\/image\/","url":"https:\/\/www.oarcanjo.net\/site\/wp-content\/uploads\/LogoOArcanjo.png","contentUrl":"https:\/\/www.oarcanjo.net\/site\/wp-content\/uploads\/LogoOArcanjo.png","width":319,"height":99,"caption":"Par\u00f3quia S\u00e3o Miguel Arcanjo"},"image":{"@id":"https:\/\/www.oarcanjo.net\/site\/#\/schema\/logo\/image\/"},"sameAs":["https:\/\/www.facebook.com\/OArcanjoNoAr\/"]},{"@type":"Person","@id":"https:\/\/www.oarcanjo.net\/site\/#\/schema\/person\/5eb9480bedd2f3c97e430ce128c29c6c","name":"danilo"}]}},"publishpress_future_action":{"enabled":false,"date":"2026-05-08 23:47:35","action":"category","newStatus":"draft","terms":[],"taxonomy":"category"},"publishpress_future_workflow_manual_trigger":{"enabledWorkflows":[]},"_links":{"self":[{"href":"https:\/\/www.oarcanjo.net\/site\/wp-json\/wp\/v2\/posts\/11041"}],"collection":[{"href":"https:\/\/www.oarcanjo.net\/site\/wp-json\/wp\/v2\/posts"}],"about":[{"href":"https:\/\/www.oarcanjo.net\/site\/wp-json\/wp\/v2\/types\/post"}],"author":[{"embeddable":true,"href":"https:\/\/www.oarcanjo.net\/site\/wp-json\/wp\/v2\/users\/14"}],"replies":[{"embeddable":true,"href":"https:\/\/www.oarcanjo.net\/site\/wp-json\/wp\/v2\/comments?post=11041"}],"version-history":[{"count":0,"href":"https:\/\/www.oarcanjo.net\/site\/wp-json\/wp\/v2\/posts\/11041\/revisions"}],"wp:attachment":[{"href":"https:\/\/www.oarcanjo.net\/site\/wp-json\/wp\/v2\/media?parent=11041"}],"wp:term":[{"taxonomy":"category","embeddable":true,"href":"https:\/\/www.oarcanjo.net\/site\/wp-json\/wp\/v2\/categories?post=11041"},{"taxonomy":"post_tag","embeddable":true,"href":"https:\/\/www.oarcanjo.net\/site\/wp-json\/wp\/v2\/tags?post=11041"}],"curies":[{"name":"wp","href":"https:\/\/api.w.org\/{rel}","templated":true}]}}