
{"id":11046,"date":"2020-09-27T00:22:21","date_gmt":"2020-09-27T03:22:21","guid":{"rendered":"http:\/\/www.oarcanjo.net\/site\/?p=11046"},"modified":"2020-09-27T17:32:01","modified_gmt":"2020-09-27T20:32:01","slug":"sao-vicente-de-paulo","status":"publish","type":"post","link":"https:\/\/www.oarcanjo.net\/site\/sao-vicente-de-paulo\/","title":{"rendered":"S\u00e3o Vicente de Paulo"},"content":{"rendered":"<p><iframe loading=\"lazy\" src=\"https:\/\/www.youtube.com\/embed\/3hohn-YerAs?rel=0\" allowfullscreen=\"allowfullscreen\" width=\"700\" height=\"394\" frameborder=\"0\"><span style=\"display: inline-block; width: 0px; overflow: hidden; line-height: 0;\" data-mce-type=\"bookmark\" class=\"mce_SELRES_start\">\ufeff<\/span><\/iframe><\/p>\n<p>27 de Setembro<\/p>\n<p><img loading=\"lazy\" decoding=\"async\" src=\"http:\/\/3.bp.blogspot.com\/_K5-9KuKdEMg\/Sr6pwFgGhGI\/AAAAAAAACNc\/870HwSxUZNg\/s400\/sao-vicente-de-paula.jpg\" alt=\"\" width=\"206\" height=\"313\"><\/p>\n<p>Fundou as congrega\u00e7\u00f5es:<br \/>\nA Confraria das Damas da Caridade<br \/>\nOs Servos dos Pobres<br \/>\nOs Padres da Miss\u00e3o<br \/>\nOs Padres Lazaristas<br \/>\ne as Filhas da Caridade<\/p>\n<p>Vicente nasceu no dia 24 de abril de 1581; foi batizado no mesmo dia de seu nascimento.<br \/>\nEra o terceiro filho do casal Jo\u00e3o de Paulo e Bertranda de Morais. Seus pais eram agricultores e muito religiosos. Todos os seis filhos receberam o ensino religioso de sua m\u00e3e.<br \/>\nVicente nasceu na aldeia de Pooy, perto da cidade de Dax, sul da Fran\u00e7a.<br \/>\nSeus dois irm\u00e3os mais velhos ajudavam os pais na lavoura e Vicente era pastor de ovelhas e de porcos.<br \/>\nDesde pequeno, demonstrava muita intelig\u00eancia e grande religiosidade. Em frente \u00e0 sua casa, em um p\u00e9 de carvalho, tinha um buraco; ele colocou a\u00ed uma pequena imagem da Sant\u00edssima Virgem, onde diariamente ajoelhava e fazia uma ora\u00e7\u00e3o.<\/p>\n<p>Diariamente conduzia os animais para melhores pastagens, onde ficava a vigi\u00e1-los.<\/p>\n<p>Aos domingos ia \u00e0 aldeia, com seus pais, para assistir a missa e frequentar o catecismo.<\/p>\n<p>O Sr. Vig\u00e1rio aconselhou a seu pai para colocar o garoto Vicente em uma escola; via nele um grande futuro, devido sua intelig\u00eancia. O pai, que era bem ambicioso, colocou-o em um col\u00e9gio religioso, desejando que ele fosse padre e ser o arrimo da fam\u00edlia. Foi matriculado em um col\u00e9gio de padres Franciscanos, na cidade Dax, onde ele fez os estudos b\u00e1sicos.<\/p>\n<p>Para seguir a carreira sacerdotal fez os estudos teol\u00f3gicos na Universidade de Tolusa. Foi ordenado sacerdote em 23 de setembro de 1600. Continuou os estudos por mais 4 anos, recebendo o t\u00edtulo de Doutor em Teologia.<\/p>\n<p>Uma vi\u00fava que gostava de ouvir as suas prega\u00e7\u00f5es, ciente de que ele era pobre, deixou para ele sua heran\u00e7a, pequena propriedade e determinada import\u00e2ncia em dinheiro, que estava com um comerciante em Marselha.<\/p>\n<p>Ele foi atr\u00e1s do devedor, encontrando-o recebeu grande parte do dinheiro; ia regressar de navio, por ser mais r\u00e1pido e mais barato. Na viagem o barco foi aprisionado por barcos de piratas turcos, e levados para a Turquia. Em Tunis foram vendidos como escravos.<\/p>\n<p>Vicente foi vendido para um pescador, depois para um qu\u00edmico; com a morte deste, ele passou pra um seu sobrinho, que vendeu-o para um fazendeiro (um renegado) que antes era cat\u00f3lico, e com medo da escravid\u00e3o, adotara a religi\u00e3o mu\u00e7ulmana. Ele tinha tr\u00eas esposas; uma era turca, que ouvindo os c\u00e2nticos do escravo, sensibilizou e quis saber o significado do que ele cantava. Ela, ciente da hist\u00f3ria, censurou o marido por ter abandonado uma religi\u00e3o t\u00e3o bonita. O patr\u00e3o de Vicente, arrependido, prop\u00f4s ao escravo a fugirem para a Fran\u00e7a. Esta fuga s\u00f3 foi realizada 10 meses depois.<\/p>\n<p>Em um pequeno barco, atravessaram o Mar Mediterr\u00e2neo e foram dar na costa francesa, em Aignes Nortes e de l\u00e1 foram para Avinh\u00e3o. Nesta cidade encontraram o Vice-Legado do Papa. Vicente voltou \u00e0 condi\u00e7\u00e3o de padre e o renegado abjurou publicamente e voltou para a Igreja Cat\u00f3lica.<\/p>\n<p>Padre Vicente e o renegado, ficaram residindo em casa do Vice-Legado. Tendo este de viajar a Roma, levou os dois em sua companhia. Padre Vicente aproveitou a estadia nesta cidade e freq\u00fcentou a Universidade, formando em Direito Can\u00f4nico. O renegado pediu para ser admitido em um Mosteiro e tornou-se monge.<\/p>\n<p>Tendo o Papa de mandar um documento sigiloso para o Rei da Fran\u00e7a, padre Vicente foi o escolhido. Pelos servi\u00e7os prestados o Rei indicou-o como Capel\u00e3o da Rainha. Seu servi\u00e7o era distribuir esmolas para os pobres que rodeavam o Pal\u00e1cio, e visitar os doentes do Hospital da Caridade, em nome da Rainha.<\/p>\n<p>Padre Vicente n\u00e3o gostava do ambiente do Pal\u00e1cio e passou a morar em uma pens\u00e3o, no mesmo quarto com um juiz. Certo dia amanhecera doente; o empregado da farm\u00e1cia que vai atend\u00ea-lo, precisando de um copo, vai apanhar em um arm\u00e1rio, e viu al\u00ed um dinheiro, que era do juiz, e ficou com ele. Na volta do juiz, n\u00e3o encontrando seu dinheiro, quis que padre Vicente desse conta dele; como ele n\u00e3o sabia do acontecido, o juiz colocou-o para fora do quarto e coluniou-o de ladr\u00e3o.<\/p>\n<p>Padre Vicente fica conhecendo o padre Berulle, que mais tarde foi nomeado Bispo de Paris, e indicou-o para vig\u00e1rio de Clichy, sub\u00farbio de Paris.<\/p>\n<p>Par\u00f3quia pobre, a maioria de seus habitantes eram horticultores. Padre Vicente se deu bem com eles; as missas eram bem participadas e instituiu a comunh\u00e3o geral nos primeiros domingos o m\u00eas. Criou a Confraria do Ros\u00e1rio, para todos os dias visitar os doentes.<\/p>\n<p>Padre Vicente atendendo ao padre Berulle, deixa a par\u00f3quia e vai ser o preceptor dos filhos do general das Galeras.<\/p>\n<p>Foi residir no Pal\u00e1cio dos Gondi, fam\u00edlia rica e da alta nobreza. Eles tinham grandes propriedades e padre Vicente, em companhia da senhora De Gondi, visita uma destas propriedades; \u00e9 chamado para atender um agonizante e assiste sua confiss\u00e3o. Este disse para a senhora De Gondi, que se n\u00e3o fosse a presen\u00e7a do sacerdote, ele iria morrer em grandes faltas e ia permanecer no fogo eterno.<\/p>\n<p>Padre Vicente percebeu que o povo do campo estava abandonado e na missa dominical concitou o povo a fazer a confiss\u00e3o geral. Teve que arranjar outros padres para ajud\u00e1-lo nas confiss\u00f5es, tantos eram os que queriam confessar.<\/p>\n<p>Padre Vicente esteve morando com a fam\u00edlia Gondi 5 anos. Simulou a necessidade de ir a Paris e<\/p>\n<p>Atendendo o chamado do padre Berulle, padre Vicente volta para morar em casa dos Gondi, onde fica mais 8 anos.<\/p>\n<p>Com o aux\u00edlio da senhora De Gondi, funda a Congrega\u00e7\u00e3o das Miss\u00f5es e a Confraria da Caridade; a primeira cuida da evangeliza\u00e7\u00e3o dos camponeses e a segunda daria assist\u00eancia espiritual e corporal aos pobres, isto em 1618.<\/p>\n<p>Em Folevile funda uma Confraria de Caridade para homens, em 23\/10\/1620.<\/p>\n<p>A Congrega\u00e7\u00e3o das Miss\u00f5es surgiu espontaneamente. Padre Vicente conseguiu alguns colegas para prega\u00e7\u00f5es aos camponeses; exigia deles a simplicidade nas prega\u00e7\u00f5es, para o povo entender e rapidamente ela foi aumentando.<\/p>\n<p>No princ\u00edpio alugaram uma casa para sua moradia. Com o aumento mudaram para um velho Col\u00e9gio.<\/p>\n<p>O n\u00famero aumentava. Um c\u00f4nego que dirigia um lepros\u00e1rio sem doentes ofereceu em doa\u00e7\u00e3o os pr\u00e9dios do lepros\u00e1rio para resid\u00eancia dos padres.<\/p>\n<p>A institui\u00e7\u00e3o demorou de 1625 at\u00e9 12 de janeiro de 1633, quando recebeu a Bula do papa Urbano VIII, reconhecendo a Institui\u00e7\u00e3o.<\/p>\n<p>Padre Vicente sempre preocupou com as crian\u00e7as enjeitadas e abandonadas, com os velhos e com os pobres e doentes. Durante sua vida criou grandes obras, que at\u00e9 hoje est\u00e3o prestando servi\u00e7os \u00e0 humanidade.<\/p>\n<p>A primeira irm\u00e3 de caridade foi uma camponesa de nome Margarida Nasseau, que, com a orienta\u00e7\u00e3o de Luiza de Marilac, ele estabeleceu a Confraria das Irm\u00e3s da Caridade. Elas eram 4 camponesas, hoje s\u00e3o centenas. Isto se deu em 29 de novembro de 1633.<\/p>\n<p>Padre Vicente criou tantas obras, que em pouco tempo n\u00e3o \u00e9 poss\u00edvel enumer\u00e1-las; a hist\u00f3ria de sua vida \u00e9 uma beleza. A seu respeito existe biografias, que poder\u00e3o serem estudadas por voc\u00eas. Padre Vicente tinha quase 80 anos quando faleceu, dia 27 de setembro de 1660.<\/p>\n<p>Em 16 de junho de 1737 foi canonizado pelo papa Clemente XII, e em 12 de maio de 1885 \u00e9 declarado <strong>patrono de todas as obras de caridade da Igreja Cat\u00f3lica<\/strong>, por Le\u00e3o XIII.<\/p>\n<p>Seu corpo repousa na Capela da casa-m\u00e3e \u2013 S\u00e3o L\u00e1zaro, em Paris.<\/p>\n<p><img loading=\"lazy\" decoding=\"async\" src=\"http:\/\/www.recados.aarao.nom.br\/figuras\/VicentedePaulo.jpg\" alt=\"\" width=\"500\" height=\"375\"><\/p>\n<p>Teve como bra\u00e7o direito, Santa Luisa de Marillac, cujo corpo tamb\u00eam est\u00e1 intacto.<br \/>\nComo diz um dos bi\u00f3grafos de S\u00e3o Vicente de Paulo, &#8220;as pressas de Santa Lu\u00edsa n\u00e3o entravam na psicologia do Santo. Entre ambos entabulou-se por essa \u00e9poca a batalha epistolar da lentid\u00e3o contra a pressa&#8221;. S\u00e3o Vicente tentava refre\u00e1-la, mas sem esfriar o bom impulso que a propulsionava para a frente: &#8220;Deixe Deus obrar, e fie-se nEle&#8230; e ver\u00e1 cumprir-se os desejos de seu cora\u00e7\u00e3o&#8221;<br \/>\n<a href=\"http:\/\/2.bp.blogspot.com\/_bnG3uX7iCxI\/R6yjqYLy5xI\/AAAAAAAAASg\/LjwtP1KLrsM\/s1600-h\/coracao_de_sao_vicente_de_paulo.jpg\"><img decoding=\"async\" src=\"http:\/\/2.bp.blogspot.com\/_bnG3uX7iCxI\/R6yjqYLy5xI\/AAAAAAAAASg\/LjwtP1KLrsM\/s320\/coracao_de_sao_vicente_de_paulo.jpg\" alt=\"\" border=\"0\"><\/a><\/p>\n<p>Cora\u00e7\u00e3o Intacto de S\u00e3o Vicente de Paulo, exposto separado do corpo.<\/p>\n<div id=\"themify_builder_content-11046\" data-postid=\"11046\" class=\"themify_builder_content themify_builder_content-11046 themify_builder themify_builder_front\">\n\t<\/div>\n<!-- \/themify_builder_content -->","protected":false},"excerpt":{"rendered":"<p>\ufeff 27 de Setembro Fundou as congrega\u00e7\u00f5es: A Confraria das Damas da Caridade Os Servos dos Pobres Os Padres da Miss\u00e3o Os Padres Lazaristas e as Filhas da Caridade Vicente nasceu no dia 24 de abril de 1581; foi batizado no mesmo dia de seu nascimento. Era o terceiro filho do casal Jo\u00e3o de Paulo [&hellip;]<\/p>\n","protected":false},"author":14,"featured_media":0,"comment_status":"open","ping_status":"open","sticky":false,"template":"","format":"standard","meta":{"ngg_post_thumbnail":0,"footnotes":""},"categories":[186],"tags":[],"yoast_head":"<!-- This site is optimized with the Yoast SEO plugin v23.5 - https:\/\/yoast.com\/wordpress\/plugins\/seo\/ -->\n<title>S\u00e3o Vicente de Paulo - O Arcanjo no ar<\/title>\n<meta name=\"robots\" content=\"index, follow, max-snippet:-1, max-image-preview:large, max-video-preview:-1\" \/>\n<link rel=\"canonical\" href=\"https:\/\/www.oarcanjo.net\/site\/sao-vicente-de-paulo\/\" \/>\n<meta property=\"og:locale\" content=\"pt_BR\" \/>\n<meta property=\"og:type\" content=\"article\" \/>\n<meta property=\"og:title\" content=\"S\u00e3o Vicente de Paulo - O Arcanjo no ar\" \/>\n<meta property=\"og:description\" content=\"\ufeff 27 de Setembro Fundou as congrega\u00e7\u00f5es: A Confraria das Damas da Caridade Os Servos dos Pobres Os Padres da Miss\u00e3o Os Padres Lazaristas e as Filhas da Caridade Vicente nasceu no dia 24 de abril de 1581; foi batizado no mesmo dia de seu nascimento. Era o terceiro filho do casal Jo\u00e3o de Paulo [&hellip;]\" \/>\n<meta property=\"og:url\" content=\"https:\/\/www.oarcanjo.net\/site\/sao-vicente-de-paulo\/\" \/>\n<meta property=\"og:site_name\" content=\"O Arcanjo no ar\" \/>\n<meta property=\"article:publisher\" content=\"https:\/\/www.facebook.com\/OArcanjoNoAr\/\" \/>\n<meta property=\"article:published_time\" content=\"2020-09-27T03:22:21+00:00\" \/>\n<meta property=\"article:modified_time\" content=\"2020-09-27T20:32:01+00:00\" \/>\n<meta property=\"og:image\" content=\"http:\/\/3.bp.blogspot.com\/_K5-9KuKdEMg\/Sr6pwFgGhGI\/AAAAAAAACNc\/870HwSxUZNg\/s400\/sao-vicente-de-paula.jpg\" \/>\n<meta name=\"author\" content=\"danilo\" \/>\n<meta name=\"twitter:card\" content=\"summary_large_image\" \/>\n<meta name=\"twitter:label1\" content=\"Escrito por\" \/>\n\t<meta name=\"twitter:data1\" content=\"danilo\" \/>\n\t<meta name=\"twitter:label2\" content=\"Est. tempo de leitura\" \/>\n\t<meta name=\"twitter:data2\" content=\"7 minutos\" \/>\n<script type=\"application\/ld+json\" class=\"yoast-schema-graph\">{\"@context\":\"https:\/\/schema.org\",\"@graph\":[{\"@type\":\"Article\",\"@id\":\"https:\/\/www.oarcanjo.net\/site\/sao-vicente-de-paulo\/#article\",\"isPartOf\":{\"@id\":\"https:\/\/www.oarcanjo.net\/site\/sao-vicente-de-paulo\/\"},\"author\":{\"name\":\"danilo\",\"@id\":\"https:\/\/www.oarcanjo.net\/site\/#\/schema\/person\/5eb9480bedd2f3c97e430ce128c29c6c\"},\"headline\":\"S\u00e3o Vicente de Paulo\",\"datePublished\":\"2020-09-27T03:22:21+00:00\",\"dateModified\":\"2020-09-27T20:32:01+00:00\",\"mainEntityOfPage\":{\"@id\":\"https:\/\/www.oarcanjo.net\/site\/sao-vicente-de-paulo\/\"},\"wordCount\":1400,\"commentCount\":1,\"publisher\":{\"@id\":\"https:\/\/www.oarcanjo.net\/site\/#organization\"},\"image\":{\"@id\":\"https:\/\/www.oarcanjo.net\/site\/sao-vicente-de-paulo\/#primaryimage\"},\"thumbnailUrl\":\"http:\/\/3.bp.blogspot.com\/_K5-9KuKdEMg\/Sr6pwFgGhGI\/AAAAAAAACNc\/870HwSxUZNg\/s400\/sao-vicente-de-paula.jpg\",\"articleSection\":[\"Testemunhos\"],\"inLanguage\":\"pt-BR\",\"potentialAction\":[{\"@type\":\"CommentAction\",\"name\":\"Comment\",\"target\":[\"https:\/\/www.oarcanjo.net\/site\/sao-vicente-de-paulo\/#respond\"]}]},{\"@type\":\"WebPage\",\"@id\":\"https:\/\/www.oarcanjo.net\/site\/sao-vicente-de-paulo\/\",\"url\":\"https:\/\/www.oarcanjo.net\/site\/sao-vicente-de-paulo\/\",\"name\":\"S\u00e3o Vicente de Paulo - O Arcanjo no ar\",\"isPartOf\":{\"@id\":\"https:\/\/www.oarcanjo.net\/site\/#website\"},\"primaryImageOfPage\":{\"@id\":\"https:\/\/www.oarcanjo.net\/site\/sao-vicente-de-paulo\/#primaryimage\"},\"image\":{\"@id\":\"https:\/\/www.oarcanjo.net\/site\/sao-vicente-de-paulo\/#primaryimage\"},\"thumbnailUrl\":\"http:\/\/3.bp.blogspot.com\/_K5-9KuKdEMg\/Sr6pwFgGhGI\/AAAAAAAACNc\/870HwSxUZNg\/s400\/sao-vicente-de-paula.jpg\",\"datePublished\":\"2020-09-27T03:22:21+00:00\",\"dateModified\":\"2020-09-27T20:32:01+00:00\",\"breadcrumb\":{\"@id\":\"https:\/\/www.oarcanjo.net\/site\/sao-vicente-de-paulo\/#breadcrumb\"},\"inLanguage\":\"pt-BR\",\"potentialAction\":[{\"@type\":\"ReadAction\",\"target\":[\"https:\/\/www.oarcanjo.net\/site\/sao-vicente-de-paulo\/\"]}]},{\"@type\":\"ImageObject\",\"inLanguage\":\"pt-BR\",\"@id\":\"https:\/\/www.oarcanjo.net\/site\/sao-vicente-de-paulo\/#primaryimage\",\"url\":\"http:\/\/3.bp.blogspot.com\/_K5-9KuKdEMg\/Sr6pwFgGhGI\/AAAAAAAACNc\/870HwSxUZNg\/s400\/sao-vicente-de-paula.jpg\",\"contentUrl\":\"http:\/\/3.bp.blogspot.com\/_K5-9KuKdEMg\/Sr6pwFgGhGI\/AAAAAAAACNc\/870HwSxUZNg\/s400\/sao-vicente-de-paula.jpg\"},{\"@type\":\"BreadcrumbList\",\"@id\":\"https:\/\/www.oarcanjo.net\/site\/sao-vicente-de-paulo\/#breadcrumb\",\"itemListElement\":[{\"@type\":\"ListItem\",\"position\":1,\"name\":\"In\u00edcio\",\"item\":\"https:\/\/www.oarcanjo.net\/site\/\"},{\"@type\":\"ListItem\",\"position\":2,\"name\":\"S\u00e3o Vicente de Paulo\"}]},{\"@type\":\"WebSite\",\"@id\":\"https:\/\/www.oarcanjo.net\/site\/#website\",\"url\":\"https:\/\/www.oarcanjo.net\/site\/\",\"name\":\"O Arcanjo no ar\",\"description\":\"Site da Par\u00f3quia S\u00e3o Miguel Arcanjo (Arquidiocese de SP)\",\"publisher\":{\"@id\":\"https:\/\/www.oarcanjo.net\/site\/#organization\"},\"potentialAction\":[{\"@type\":\"SearchAction\",\"target\":{\"@type\":\"EntryPoint\",\"urlTemplate\":\"https:\/\/www.oarcanjo.net\/site\/?s={search_term_string}\"},\"query-input\":{\"@type\":\"PropertyValueSpecification\",\"valueRequired\":true,\"valueName\":\"search_term_string\"}}],\"inLanguage\":\"pt-BR\"},{\"@type\":\"Organization\",\"@id\":\"https:\/\/www.oarcanjo.net\/site\/#organization\",\"name\":\"Par\u00f3quia S\u00e3o Miguel Arcanjo\",\"url\":\"https:\/\/www.oarcanjo.net\/site\/\",\"logo\":{\"@type\":\"ImageObject\",\"inLanguage\":\"pt-BR\",\"@id\":\"https:\/\/www.oarcanjo.net\/site\/#\/schema\/logo\/image\/\",\"url\":\"https:\/\/www.oarcanjo.net\/site\/wp-content\/uploads\/LogoOArcanjo.png\",\"contentUrl\":\"https:\/\/www.oarcanjo.net\/site\/wp-content\/uploads\/LogoOArcanjo.png\",\"width\":319,\"height\":99,\"caption\":\"Par\u00f3quia S\u00e3o Miguel Arcanjo\"},\"image\":{\"@id\":\"https:\/\/www.oarcanjo.net\/site\/#\/schema\/logo\/image\/\"},\"sameAs\":[\"https:\/\/www.facebook.com\/OArcanjoNoAr\/\"]},{\"@type\":\"Person\",\"@id\":\"https:\/\/www.oarcanjo.net\/site\/#\/schema\/person\/5eb9480bedd2f3c97e430ce128c29c6c\",\"name\":\"danilo\"}]}<\/script>\n<!-- \/ Yoast SEO plugin. -->","yoast_head_json":{"title":"S\u00e3o Vicente de Paulo - O Arcanjo no ar","robots":{"index":"index","follow":"follow","max-snippet":"max-snippet:-1","max-image-preview":"max-image-preview:large","max-video-preview":"max-video-preview:-1"},"canonical":"https:\/\/www.oarcanjo.net\/site\/sao-vicente-de-paulo\/","og_locale":"pt_BR","og_type":"article","og_title":"S\u00e3o Vicente de Paulo - O Arcanjo no ar","og_description":"\ufeff 27 de Setembro Fundou as congrega\u00e7\u00f5es: A Confraria das Damas da Caridade Os Servos dos Pobres Os Padres da Miss\u00e3o Os Padres Lazaristas e as Filhas da Caridade Vicente nasceu no dia 24 de abril de 1581; foi batizado no mesmo dia de seu nascimento. Era o terceiro filho do casal Jo\u00e3o de Paulo [&hellip;]","og_url":"https:\/\/www.oarcanjo.net\/site\/sao-vicente-de-paulo\/","og_site_name":"O Arcanjo no ar","article_publisher":"https:\/\/www.facebook.com\/OArcanjoNoAr\/","article_published_time":"2020-09-27T03:22:21+00:00","article_modified_time":"2020-09-27T20:32:01+00:00","og_image":[{"url":"http:\/\/3.bp.blogspot.com\/_K5-9KuKdEMg\/Sr6pwFgGhGI\/AAAAAAAACNc\/870HwSxUZNg\/s400\/sao-vicente-de-paula.jpg"}],"author":"danilo","twitter_card":"summary_large_image","twitter_misc":{"Escrito por":"danilo","Est. tempo de leitura":"7 minutos"},"schema":{"@context":"https:\/\/schema.org","@graph":[{"@type":"Article","@id":"https:\/\/www.oarcanjo.net\/site\/sao-vicente-de-paulo\/#article","isPartOf":{"@id":"https:\/\/www.oarcanjo.net\/site\/sao-vicente-de-paulo\/"},"author":{"name":"danilo","@id":"https:\/\/www.oarcanjo.net\/site\/#\/schema\/person\/5eb9480bedd2f3c97e430ce128c29c6c"},"headline":"S\u00e3o Vicente de Paulo","datePublished":"2020-09-27T03:22:21+00:00","dateModified":"2020-09-27T20:32:01+00:00","mainEntityOfPage":{"@id":"https:\/\/www.oarcanjo.net\/site\/sao-vicente-de-paulo\/"},"wordCount":1400,"commentCount":1,"publisher":{"@id":"https:\/\/www.oarcanjo.net\/site\/#organization"},"image":{"@id":"https:\/\/www.oarcanjo.net\/site\/sao-vicente-de-paulo\/#primaryimage"},"thumbnailUrl":"http:\/\/3.bp.blogspot.com\/_K5-9KuKdEMg\/Sr6pwFgGhGI\/AAAAAAAACNc\/870HwSxUZNg\/s400\/sao-vicente-de-paula.jpg","articleSection":["Testemunhos"],"inLanguage":"pt-BR","potentialAction":[{"@type":"CommentAction","name":"Comment","target":["https:\/\/www.oarcanjo.net\/site\/sao-vicente-de-paulo\/#respond"]}]},{"@type":"WebPage","@id":"https:\/\/www.oarcanjo.net\/site\/sao-vicente-de-paulo\/","url":"https:\/\/www.oarcanjo.net\/site\/sao-vicente-de-paulo\/","name":"S\u00e3o Vicente de Paulo - O Arcanjo no ar","isPartOf":{"@id":"https:\/\/www.oarcanjo.net\/site\/#website"},"primaryImageOfPage":{"@id":"https:\/\/www.oarcanjo.net\/site\/sao-vicente-de-paulo\/#primaryimage"},"image":{"@id":"https:\/\/www.oarcanjo.net\/site\/sao-vicente-de-paulo\/#primaryimage"},"thumbnailUrl":"http:\/\/3.bp.blogspot.com\/_K5-9KuKdEMg\/Sr6pwFgGhGI\/AAAAAAAACNc\/870HwSxUZNg\/s400\/sao-vicente-de-paula.jpg","datePublished":"2020-09-27T03:22:21+00:00","dateModified":"2020-09-27T20:32:01+00:00","breadcrumb":{"@id":"https:\/\/www.oarcanjo.net\/site\/sao-vicente-de-paulo\/#breadcrumb"},"inLanguage":"pt-BR","potentialAction":[{"@type":"ReadAction","target":["https:\/\/www.oarcanjo.net\/site\/sao-vicente-de-paulo\/"]}]},{"@type":"ImageObject","inLanguage":"pt-BR","@id":"https:\/\/www.oarcanjo.net\/site\/sao-vicente-de-paulo\/#primaryimage","url":"http:\/\/3.bp.blogspot.com\/_K5-9KuKdEMg\/Sr6pwFgGhGI\/AAAAAAAACNc\/870HwSxUZNg\/s400\/sao-vicente-de-paula.jpg","contentUrl":"http:\/\/3.bp.blogspot.com\/_K5-9KuKdEMg\/Sr6pwFgGhGI\/AAAAAAAACNc\/870HwSxUZNg\/s400\/sao-vicente-de-paula.jpg"},{"@type":"BreadcrumbList","@id":"https:\/\/www.oarcanjo.net\/site\/sao-vicente-de-paulo\/#breadcrumb","itemListElement":[{"@type":"ListItem","position":1,"name":"In\u00edcio","item":"https:\/\/www.oarcanjo.net\/site\/"},{"@type":"ListItem","position":2,"name":"S\u00e3o Vicente de Paulo"}]},{"@type":"WebSite","@id":"https:\/\/www.oarcanjo.net\/site\/#website","url":"https:\/\/www.oarcanjo.net\/site\/","name":"O Arcanjo no ar","description":"Site da Par\u00f3quia S\u00e3o Miguel Arcanjo (Arquidiocese de SP)","publisher":{"@id":"https:\/\/www.oarcanjo.net\/site\/#organization"},"potentialAction":[{"@type":"SearchAction","target":{"@type":"EntryPoint","urlTemplate":"https:\/\/www.oarcanjo.net\/site\/?s={search_term_string}"},"query-input":{"@type":"PropertyValueSpecification","valueRequired":true,"valueName":"search_term_string"}}],"inLanguage":"pt-BR"},{"@type":"Organization","@id":"https:\/\/www.oarcanjo.net\/site\/#organization","name":"Par\u00f3quia S\u00e3o Miguel Arcanjo","url":"https:\/\/www.oarcanjo.net\/site\/","logo":{"@type":"ImageObject","inLanguage":"pt-BR","@id":"https:\/\/www.oarcanjo.net\/site\/#\/schema\/logo\/image\/","url":"https:\/\/www.oarcanjo.net\/site\/wp-content\/uploads\/LogoOArcanjo.png","contentUrl":"https:\/\/www.oarcanjo.net\/site\/wp-content\/uploads\/LogoOArcanjo.png","width":319,"height":99,"caption":"Par\u00f3quia S\u00e3o Miguel Arcanjo"},"image":{"@id":"https:\/\/www.oarcanjo.net\/site\/#\/schema\/logo\/image\/"},"sameAs":["https:\/\/www.facebook.com\/OArcanjoNoAr\/"]},{"@type":"Person","@id":"https:\/\/www.oarcanjo.net\/site\/#\/schema\/person\/5eb9480bedd2f3c97e430ce128c29c6c","name":"danilo"}]}},"publishpress_future_action":{"enabled":false,"date":"2026-05-09 00:38:57","action":"category","newStatus":"draft","terms":[],"taxonomy":"category"},"publishpress_future_workflow_manual_trigger":{"enabledWorkflows":[]},"_links":{"self":[{"href":"https:\/\/www.oarcanjo.net\/site\/wp-json\/wp\/v2\/posts\/11046"}],"collection":[{"href":"https:\/\/www.oarcanjo.net\/site\/wp-json\/wp\/v2\/posts"}],"about":[{"href":"https:\/\/www.oarcanjo.net\/site\/wp-json\/wp\/v2\/types\/post"}],"author":[{"embeddable":true,"href":"https:\/\/www.oarcanjo.net\/site\/wp-json\/wp\/v2\/users\/14"}],"replies":[{"embeddable":true,"href":"https:\/\/www.oarcanjo.net\/site\/wp-json\/wp\/v2\/comments?post=11046"}],"version-history":[{"count":2,"href":"https:\/\/www.oarcanjo.net\/site\/wp-json\/wp\/v2\/posts\/11046\/revisions"}],"predecessor-version":[{"id":102700,"href":"https:\/\/www.oarcanjo.net\/site\/wp-json\/wp\/v2\/posts\/11046\/revisions\/102700"}],"wp:attachment":[{"href":"https:\/\/www.oarcanjo.net\/site\/wp-json\/wp\/v2\/media?parent=11046"}],"wp:term":[{"taxonomy":"category","embeddable":true,"href":"https:\/\/www.oarcanjo.net\/site\/wp-json\/wp\/v2\/categories?post=11046"},{"taxonomy":"post_tag","embeddable":true,"href":"https:\/\/www.oarcanjo.net\/site\/wp-json\/wp\/v2\/tags?post=11046"}],"curies":[{"name":"wp","href":"https:\/\/api.w.org\/{rel}","templated":true}]}}