
{"id":11048,"date":"2017-09-28T00:33:27","date_gmt":"2017-09-28T03:33:27","guid":{"rendered":"http:\/\/www.oarcanjo.net\/site\/?p=11048"},"modified":"2017-07-31T08:01:24","modified_gmt":"2017-07-31T11:01:24","slug":"sao-wenceslau","status":"publish","type":"post","link":"https:\/\/www.oarcanjo.net\/site\/sao-wenceslau\/","title":{"rendered":"S\u00e3o Wenceslau"},"content":{"rendered":"<p><img loading=\"lazy\" decoding=\"async\" class=\"alignnone wp-image-51220 size-medium\" src=\"http:\/\/www.oarcanjo.net\/site\/wp-content\/uploads\/Vencesceslau-Boemia-220x300.jpg\" alt=\"S\u00e3o Wenceslau\" width=\"220\" height=\"300\" srcset=\"https:\/\/www.oarcanjo.net\/site\/wp-content\/uploads\/Vencesceslau-Boemia-220x300.jpg 220w, https:\/\/www.oarcanjo.net\/site\/wp-content\/uploads\/Vencesceslau-Boemia.jpg 350w\" sizes=\"(max-width: 220px) 100vw, 220px\" \/><\/p>\n<p>28 de Setembro<\/p>\n<p>O bondoso monarca da Bo\u00eamia, Wratislau, antes de morrer, deixou, como herdeiro do trono, seu filho Wenceslau, nascido no ano 907, na atual Rep\u00fablica Checa. Com isso, despertou em sua mulher, Draomira, a ira e a vingan\u00e7a, pois era ela pr\u00f3pria que desejava assumir o governo do pa\u00eds. Se n\u00e3o fosse poss\u00edvel, pretendia entreg\u00e1-lo a seu outro filho, Boleslau, que tinha herdado o car\u00e1ter e a falta de escr\u00fapulos da m\u00e3e, enquanto Wenceslau fora criado pela av\u00f3, Ludmila, que lhe ensinou os princ\u00edpios de bondade crist\u00e3. Por isso, n\u00e3o passava por sua cabe\u00e7a uma oposi\u00e7\u00e3o fatal dentro do pr\u00f3prio lar. Assim, acabou assassinado pelo irm\u00e3o, de acordo com um plano diab\u00f3lico da malvada rainha.<\/p>\n<p>Mas antes que isso acontecesse, a m\u00e3e tomou \u00e0 for\u00e7a o poder e come\u00e7ou uma grande e desumana persegui\u00e7\u00e3o aos crist\u00e3os. Assim, por sua maldade e impopularidade junto ao povo, foi deposta pelos representantes das prov\u00edncias, que fizeram prevalecer a vontade do rei Wratislau, elevando ao trono seu filho Wenceslau. Imediatamente, seguindo o conselho da av\u00f3, Wenceslau levou de volta ao reino o cristianismo. Quando soube disso, Draomira ficou t\u00e3o transtornada que contratou alguns assassinos para dar fim \u00e0 vida da velha e bondosa senhora, que morreu enquanto rezava, estrangulada com o pr\u00f3prio v\u00e9u.<\/p>\n<p>Draomira sabia que ainda havia mais uma pedra em seu caminho impedindo seus planos maldosos e sua persegui\u00e7\u00e3o ao povo crist\u00e3o. Wenceslau era um obst\u00e1culo dif\u00edcil, pois, em muito pouco tempo, j\u00e1 tinha conquistado a confian\u00e7a, a gra\u00e7a e a simpatia do povo, que via nele um verdadeiro l\u00edder, um exemplo a ser seguido. Dedicava-se aos mais pobres, encarcerados, doentes, vi\u00favas e \u00f3rf\u00e3os, aos quais fazia quest\u00e3o de ajudar e levar palavras de f\u00e9, carinho e consolo.<\/p>\n<p>A popularidade de Wenceslau cresceu ainda mais quando, para evitar uma batalha com o duque Radislau, que se opunha ao seu governo crist\u00e3o, prop\u00f4s que, em vez de entrarem em guerra, duelassem entre si, evitando, assim, a morte da popula\u00e7\u00e3o inocente. Quem vencesse ficaria com o poder. No dia e na hora marcada, os advers\u00e1rios encontraram-se no campo de batalha. Radislau, imediatamente, atacou, de lan\u00e7a em punho. Contam os registros que, no momento em que feriria Wenceslau mortalmente, apareceram dois anjos que o mandaram parar. Radislau caiu do cavalo e, quando se levantou, j\u00e1 era um homem modificado. Naquele momento, pediu perd\u00e3o e jurou fidelidade ao seu senhor.<\/p>\n<p>Draomira e Boleslau, inconformados com a popularidade de Wenceslau, arquitetaram um plano diab\u00f3lico para acabarem com sua vida. No dia 28 de setembro de 929, durante a festa de batismo de seu sobrinho, enquanto todos festejavam, Wenceslau retirou-se para a capela para rezar. Draomira sugeriu ao filho Boleslau que aquele seria o melhor momento para matar o pr\u00f3prio irm\u00e3o. Boleslau invadiu a capela e apunhalou o irm\u00e3o no altar da igreja.<br \/>\nM\u00e3e e filho, por\u00e9m, n\u00e3o tiveram tempo de saborear o poder e o trono roubado de Wenceslau, pois em poucos dias Draomira teve uma morte tr\u00e1gica e Boleslau foi condenado pelo imperador Oton I.<\/p>\n<p>O seu corpo foi sepultado na igreja de S\u00e3o Vito, em Praga. Desde ent\u00e3o, passou a ser cultuado como santo. A Hungria, a Pol\u00f4nia e a Bo\u00eamia t\u00eam em s\u00e3o Wenceslau seu protetor e padroeiro. Mais tarde, no s\u00e9culo XVIII, a Igreja inscreveu s\u00e3o Wenceslau no calend\u00e1rio lit\u00fargico, marcando o dia 28 de setembro para a sua festa.<\/p>\n<div id=\"themify_builder_content-11048\" data-postid=\"11048\" class=\"themify_builder_content themify_builder_content-11048 themify_builder themify_builder_front\">\n\t<\/div>\n<!-- \/themify_builder_content -->","protected":false},"excerpt":{"rendered":"<p>28 de Setembro O bondoso monarca da Bo\u00eamia, Wratislau, antes de morrer, deixou, como herdeiro do trono, seu filho Wenceslau, nascido no ano 907, na atual Rep\u00fablica Checa. Com isso, despertou em sua mulher, Draomira, a ira e a vingan\u00e7a, pois era ela pr\u00f3pria que desejava assumir o governo do pa\u00eds. Se n\u00e3o fosse poss\u00edvel, [&hellip;]<\/p>\n","protected":false},"author":14,"featured_media":0,"comment_status":"open","ping_status":"open","sticky":false,"template":"","format":"standard","meta":{"ngg_post_thumbnail":0,"footnotes":""},"categories":[186],"tags":[],"yoast_head":"<!-- This site is optimized with the Yoast SEO plugin v23.5 - https:\/\/yoast.com\/wordpress\/plugins\/seo\/ -->\n<title>S\u00e3o Wenceslau - O Arcanjo no ar<\/title>\n<meta name=\"robots\" content=\"index, follow, max-snippet:-1, max-image-preview:large, max-video-preview:-1\" \/>\n<link rel=\"canonical\" href=\"https:\/\/www.oarcanjo.net\/site\/sao-wenceslau\/\" \/>\n<meta property=\"og:locale\" content=\"pt_BR\" \/>\n<meta property=\"og:type\" content=\"article\" \/>\n<meta property=\"og:title\" content=\"S\u00e3o Wenceslau - O Arcanjo no ar\" \/>\n<meta property=\"og:description\" content=\"28 de Setembro O bondoso monarca da Bo\u00eamia, Wratislau, antes de morrer, deixou, como herdeiro do trono, seu filho Wenceslau, nascido no ano 907, na atual Rep\u00fablica Checa. Com isso, despertou em sua mulher, Draomira, a ira e a vingan\u00e7a, pois era ela pr\u00f3pria que desejava assumir o governo do pa\u00eds. Se n\u00e3o fosse poss\u00edvel, [&hellip;]\" \/>\n<meta property=\"og:url\" content=\"https:\/\/www.oarcanjo.net\/site\/sao-wenceslau\/\" \/>\n<meta property=\"og:site_name\" content=\"O Arcanjo no ar\" \/>\n<meta property=\"article:publisher\" content=\"https:\/\/www.facebook.com\/OArcanjoNoAr\/\" \/>\n<meta property=\"article:published_time\" content=\"2017-09-28T03:33:27+00:00\" \/>\n<meta property=\"article:modified_time\" content=\"2017-07-31T11:01:24+00:00\" \/>\n<meta property=\"og:image\" content=\"http:\/\/www.oarcanjo.net\/site\/wp-content\/uploads\/Vencesceslau-Boemia-220x300.jpg\" \/>\n<meta name=\"author\" content=\"danilo\" \/>\n<meta name=\"twitter:card\" content=\"summary_large_image\" \/>\n<meta name=\"twitter:label1\" content=\"Escrito por\" \/>\n\t<meta name=\"twitter:data1\" content=\"danilo\" \/>\n\t<meta name=\"twitter:label2\" content=\"Est. tempo de leitura\" \/>\n\t<meta name=\"twitter:data2\" content=\"3 minutos\" \/>\n<script type=\"application\/ld+json\" class=\"yoast-schema-graph\">{\"@context\":\"https:\/\/schema.org\",\"@graph\":[{\"@type\":\"Article\",\"@id\":\"https:\/\/www.oarcanjo.net\/site\/sao-wenceslau\/#article\",\"isPartOf\":{\"@id\":\"https:\/\/www.oarcanjo.net\/site\/sao-wenceslau\/\"},\"author\":{\"name\":\"danilo\",\"@id\":\"https:\/\/www.oarcanjo.net\/site\/#\/schema\/person\/5eb9480bedd2f3c97e430ce128c29c6c\"},\"headline\":\"S\u00e3o Wenceslau\",\"datePublished\":\"2017-09-28T03:33:27+00:00\",\"dateModified\":\"2017-07-31T11:01:24+00:00\",\"mainEntityOfPage\":{\"@id\":\"https:\/\/www.oarcanjo.net\/site\/sao-wenceslau\/\"},\"wordCount\":616,\"commentCount\":0,\"publisher\":{\"@id\":\"https:\/\/www.oarcanjo.net\/site\/#organization\"},\"image\":{\"@id\":\"https:\/\/www.oarcanjo.net\/site\/sao-wenceslau\/#primaryimage\"},\"thumbnailUrl\":\"http:\/\/www.oarcanjo.net\/site\/wp-content\/uploads\/Vencesceslau-Boemia-220x300.jpg\",\"articleSection\":[\"Testemunhos\"],\"inLanguage\":\"pt-BR\",\"potentialAction\":[{\"@type\":\"CommentAction\",\"name\":\"Comment\",\"target\":[\"https:\/\/www.oarcanjo.net\/site\/sao-wenceslau\/#respond\"]}]},{\"@type\":\"WebPage\",\"@id\":\"https:\/\/www.oarcanjo.net\/site\/sao-wenceslau\/\",\"url\":\"https:\/\/www.oarcanjo.net\/site\/sao-wenceslau\/\",\"name\":\"S\u00e3o Wenceslau - O Arcanjo no ar\",\"isPartOf\":{\"@id\":\"https:\/\/www.oarcanjo.net\/site\/#website\"},\"primaryImageOfPage\":{\"@id\":\"https:\/\/www.oarcanjo.net\/site\/sao-wenceslau\/#primaryimage\"},\"image\":{\"@id\":\"https:\/\/www.oarcanjo.net\/site\/sao-wenceslau\/#primaryimage\"},\"thumbnailUrl\":\"http:\/\/www.oarcanjo.net\/site\/wp-content\/uploads\/Vencesceslau-Boemia-220x300.jpg\",\"datePublished\":\"2017-09-28T03:33:27+00:00\",\"dateModified\":\"2017-07-31T11:01:24+00:00\",\"breadcrumb\":{\"@id\":\"https:\/\/www.oarcanjo.net\/site\/sao-wenceslau\/#breadcrumb\"},\"inLanguage\":\"pt-BR\",\"potentialAction\":[{\"@type\":\"ReadAction\",\"target\":[\"https:\/\/www.oarcanjo.net\/site\/sao-wenceslau\/\"]}]},{\"@type\":\"ImageObject\",\"inLanguage\":\"pt-BR\",\"@id\":\"https:\/\/www.oarcanjo.net\/site\/sao-wenceslau\/#primaryimage\",\"url\":\"https:\/\/www.oarcanjo.net\/site\/wp-content\/uploads\/Vencesceslau-Boemia.jpg\",\"contentUrl\":\"https:\/\/www.oarcanjo.net\/site\/wp-content\/uploads\/Vencesceslau-Boemia.jpg\",\"width\":350,\"height\":476,\"caption\":\"S\u00e3o Wenceslau\"},{\"@type\":\"BreadcrumbList\",\"@id\":\"https:\/\/www.oarcanjo.net\/site\/sao-wenceslau\/#breadcrumb\",\"itemListElement\":[{\"@type\":\"ListItem\",\"position\":1,\"name\":\"In\u00edcio\",\"item\":\"https:\/\/www.oarcanjo.net\/site\/\"},{\"@type\":\"ListItem\",\"position\":2,\"name\":\"S\u00e3o Wenceslau\"}]},{\"@type\":\"WebSite\",\"@id\":\"https:\/\/www.oarcanjo.net\/site\/#website\",\"url\":\"https:\/\/www.oarcanjo.net\/site\/\",\"name\":\"O Arcanjo no ar\",\"description\":\"Site da Par\u00f3quia S\u00e3o Miguel Arcanjo (Arquidiocese de SP)\",\"publisher\":{\"@id\":\"https:\/\/www.oarcanjo.net\/site\/#organization\"},\"potentialAction\":[{\"@type\":\"SearchAction\",\"target\":{\"@type\":\"EntryPoint\",\"urlTemplate\":\"https:\/\/www.oarcanjo.net\/site\/?s={search_term_string}\"},\"query-input\":{\"@type\":\"PropertyValueSpecification\",\"valueRequired\":true,\"valueName\":\"search_term_string\"}}],\"inLanguage\":\"pt-BR\"},{\"@type\":\"Organization\",\"@id\":\"https:\/\/www.oarcanjo.net\/site\/#organization\",\"name\":\"Par\u00f3quia S\u00e3o Miguel Arcanjo\",\"url\":\"https:\/\/www.oarcanjo.net\/site\/\",\"logo\":{\"@type\":\"ImageObject\",\"inLanguage\":\"pt-BR\",\"@id\":\"https:\/\/www.oarcanjo.net\/site\/#\/schema\/logo\/image\/\",\"url\":\"https:\/\/www.oarcanjo.net\/site\/wp-content\/uploads\/LogoOArcanjo.png\",\"contentUrl\":\"https:\/\/www.oarcanjo.net\/site\/wp-content\/uploads\/LogoOArcanjo.png\",\"width\":319,\"height\":99,\"caption\":\"Par\u00f3quia S\u00e3o Miguel Arcanjo\"},\"image\":{\"@id\":\"https:\/\/www.oarcanjo.net\/site\/#\/schema\/logo\/image\/\"},\"sameAs\":[\"https:\/\/www.facebook.com\/OArcanjoNoAr\/\"]},{\"@type\":\"Person\",\"@id\":\"https:\/\/www.oarcanjo.net\/site\/#\/schema\/person\/5eb9480bedd2f3c97e430ce128c29c6c\",\"name\":\"danilo\"}]}<\/script>\n<!-- \/ Yoast SEO plugin. -->","yoast_head_json":{"title":"S\u00e3o Wenceslau - O Arcanjo no ar","robots":{"index":"index","follow":"follow","max-snippet":"max-snippet:-1","max-image-preview":"max-image-preview:large","max-video-preview":"max-video-preview:-1"},"canonical":"https:\/\/www.oarcanjo.net\/site\/sao-wenceslau\/","og_locale":"pt_BR","og_type":"article","og_title":"S\u00e3o Wenceslau - O Arcanjo no ar","og_description":"28 de Setembro O bondoso monarca da Bo\u00eamia, Wratislau, antes de morrer, deixou, como herdeiro do trono, seu filho Wenceslau, nascido no ano 907, na atual Rep\u00fablica Checa. Com isso, despertou em sua mulher, Draomira, a ira e a vingan\u00e7a, pois era ela pr\u00f3pria que desejava assumir o governo do pa\u00eds. Se n\u00e3o fosse poss\u00edvel, [&hellip;]","og_url":"https:\/\/www.oarcanjo.net\/site\/sao-wenceslau\/","og_site_name":"O Arcanjo no ar","article_publisher":"https:\/\/www.facebook.com\/OArcanjoNoAr\/","article_published_time":"2017-09-28T03:33:27+00:00","article_modified_time":"2017-07-31T11:01:24+00:00","og_image":[{"url":"http:\/\/www.oarcanjo.net\/site\/wp-content\/uploads\/Vencesceslau-Boemia-220x300.jpg"}],"author":"danilo","twitter_card":"summary_large_image","twitter_misc":{"Escrito por":"danilo","Est. tempo de leitura":"3 minutos"},"schema":{"@context":"https:\/\/schema.org","@graph":[{"@type":"Article","@id":"https:\/\/www.oarcanjo.net\/site\/sao-wenceslau\/#article","isPartOf":{"@id":"https:\/\/www.oarcanjo.net\/site\/sao-wenceslau\/"},"author":{"name":"danilo","@id":"https:\/\/www.oarcanjo.net\/site\/#\/schema\/person\/5eb9480bedd2f3c97e430ce128c29c6c"},"headline":"S\u00e3o Wenceslau","datePublished":"2017-09-28T03:33:27+00:00","dateModified":"2017-07-31T11:01:24+00:00","mainEntityOfPage":{"@id":"https:\/\/www.oarcanjo.net\/site\/sao-wenceslau\/"},"wordCount":616,"commentCount":0,"publisher":{"@id":"https:\/\/www.oarcanjo.net\/site\/#organization"},"image":{"@id":"https:\/\/www.oarcanjo.net\/site\/sao-wenceslau\/#primaryimage"},"thumbnailUrl":"http:\/\/www.oarcanjo.net\/site\/wp-content\/uploads\/Vencesceslau-Boemia-220x300.jpg","articleSection":["Testemunhos"],"inLanguage":"pt-BR","potentialAction":[{"@type":"CommentAction","name":"Comment","target":["https:\/\/www.oarcanjo.net\/site\/sao-wenceslau\/#respond"]}]},{"@type":"WebPage","@id":"https:\/\/www.oarcanjo.net\/site\/sao-wenceslau\/","url":"https:\/\/www.oarcanjo.net\/site\/sao-wenceslau\/","name":"S\u00e3o Wenceslau - O Arcanjo no ar","isPartOf":{"@id":"https:\/\/www.oarcanjo.net\/site\/#website"},"primaryImageOfPage":{"@id":"https:\/\/www.oarcanjo.net\/site\/sao-wenceslau\/#primaryimage"},"image":{"@id":"https:\/\/www.oarcanjo.net\/site\/sao-wenceslau\/#primaryimage"},"thumbnailUrl":"http:\/\/www.oarcanjo.net\/site\/wp-content\/uploads\/Vencesceslau-Boemia-220x300.jpg","datePublished":"2017-09-28T03:33:27+00:00","dateModified":"2017-07-31T11:01:24+00:00","breadcrumb":{"@id":"https:\/\/www.oarcanjo.net\/site\/sao-wenceslau\/#breadcrumb"},"inLanguage":"pt-BR","potentialAction":[{"@type":"ReadAction","target":["https:\/\/www.oarcanjo.net\/site\/sao-wenceslau\/"]}]},{"@type":"ImageObject","inLanguage":"pt-BR","@id":"https:\/\/www.oarcanjo.net\/site\/sao-wenceslau\/#primaryimage","url":"https:\/\/www.oarcanjo.net\/site\/wp-content\/uploads\/Vencesceslau-Boemia.jpg","contentUrl":"https:\/\/www.oarcanjo.net\/site\/wp-content\/uploads\/Vencesceslau-Boemia.jpg","width":350,"height":476,"caption":"S\u00e3o Wenceslau"},{"@type":"BreadcrumbList","@id":"https:\/\/www.oarcanjo.net\/site\/sao-wenceslau\/#breadcrumb","itemListElement":[{"@type":"ListItem","position":1,"name":"In\u00edcio","item":"https:\/\/www.oarcanjo.net\/site\/"},{"@type":"ListItem","position":2,"name":"S\u00e3o Wenceslau"}]},{"@type":"WebSite","@id":"https:\/\/www.oarcanjo.net\/site\/#website","url":"https:\/\/www.oarcanjo.net\/site\/","name":"O Arcanjo no ar","description":"Site da Par\u00f3quia S\u00e3o Miguel Arcanjo (Arquidiocese de SP)","publisher":{"@id":"https:\/\/www.oarcanjo.net\/site\/#organization"},"potentialAction":[{"@type":"SearchAction","target":{"@type":"EntryPoint","urlTemplate":"https:\/\/www.oarcanjo.net\/site\/?s={search_term_string}"},"query-input":{"@type":"PropertyValueSpecification","valueRequired":true,"valueName":"search_term_string"}}],"inLanguage":"pt-BR"},{"@type":"Organization","@id":"https:\/\/www.oarcanjo.net\/site\/#organization","name":"Par\u00f3quia S\u00e3o Miguel Arcanjo","url":"https:\/\/www.oarcanjo.net\/site\/","logo":{"@type":"ImageObject","inLanguage":"pt-BR","@id":"https:\/\/www.oarcanjo.net\/site\/#\/schema\/logo\/image\/","url":"https:\/\/www.oarcanjo.net\/site\/wp-content\/uploads\/LogoOArcanjo.png","contentUrl":"https:\/\/www.oarcanjo.net\/site\/wp-content\/uploads\/LogoOArcanjo.png","width":319,"height":99,"caption":"Par\u00f3quia S\u00e3o Miguel Arcanjo"},"image":{"@id":"https:\/\/www.oarcanjo.net\/site\/#\/schema\/logo\/image\/"},"sameAs":["https:\/\/www.facebook.com\/OArcanjoNoAr\/"]},{"@type":"Person","@id":"https:\/\/www.oarcanjo.net\/site\/#\/schema\/person\/5eb9480bedd2f3c97e430ce128c29c6c","name":"danilo"}]}},"publishpress_future_action":{"enabled":false,"date":"2026-05-08 23:47:36","action":"category","newStatus":"draft","terms":[],"taxonomy":"category"},"publishpress_future_workflow_manual_trigger":{"enabledWorkflows":[]},"_links":{"self":[{"href":"https:\/\/www.oarcanjo.net\/site\/wp-json\/wp\/v2\/posts\/11048"}],"collection":[{"href":"https:\/\/www.oarcanjo.net\/site\/wp-json\/wp\/v2\/posts"}],"about":[{"href":"https:\/\/www.oarcanjo.net\/site\/wp-json\/wp\/v2\/types\/post"}],"author":[{"embeddable":true,"href":"https:\/\/www.oarcanjo.net\/site\/wp-json\/wp\/v2\/users\/14"}],"replies":[{"embeddable":true,"href":"https:\/\/www.oarcanjo.net\/site\/wp-json\/wp\/v2\/comments?post=11048"}],"version-history":[{"count":0,"href":"https:\/\/www.oarcanjo.net\/site\/wp-json\/wp\/v2\/posts\/11048\/revisions"}],"wp:attachment":[{"href":"https:\/\/www.oarcanjo.net\/site\/wp-json\/wp\/v2\/media?parent=11048"}],"wp:term":[{"taxonomy":"category","embeddable":true,"href":"https:\/\/www.oarcanjo.net\/site\/wp-json\/wp\/v2\/categories?post=11048"},{"taxonomy":"post_tag","embeddable":true,"href":"https:\/\/www.oarcanjo.net\/site\/wp-json\/wp\/v2\/tags?post=11048"}],"curies":[{"name":"wp","href":"https:\/\/api.w.org\/{rel}","templated":true}]}}