
{"id":11050,"date":"2017-09-29T00:35:12","date_gmt":"2017-09-29T03:35:12","guid":{"rendered":"http:\/\/www.oarcanjo.net\/site\/?p=11050"},"modified":"2017-07-31T08:29:47","modified_gmt":"2017-07-31T11:29:47","slug":"sao-rafael","status":"publish","type":"post","link":"https:\/\/www.oarcanjo.net\/site\/sao-rafael\/","title":{"rendered":"S\u00e3o Rafael"},"content":{"rendered":"<p><img loading=\"lazy\" decoding=\"async\" class=\"alignnone size-medium wp-image-51218\" src=\"http:\/\/www.oarcanjo.net\/site\/wp-content\/uploads\/Sao-Rafael-Arcanjo-235x300.jpg\" alt=\"S\u00e3o Rafael\" width=\"235\" height=\"300\" srcset=\"https:\/\/www.oarcanjo.net\/site\/wp-content\/uploads\/Sao-Rafael-Arcanjo-235x300.jpg 235w, https:\/\/www.oarcanjo.net\/site\/wp-content\/uploads\/Sao-Rafael-Arcanjo.jpg 804w\" sizes=\"(max-width: 235px) 100vw, 235px\" \/><\/p>\n<p>29 de Setembro<\/p>\n<p>O nome deste arcanjo vem do hebraico Rafa, sin\u00f4nimo de cura, e El, que significa Deus. &#8220;Cura de Deus&#8221; ou &#8220;Curador divino&#8221;, este \u00e9 o arcanjo Rafael, que \u00e9 o chefe dos anjos da guarda, considerado o anjo da Provid\u00eancia, que vela por toda a humanidade. Este arcanjo cura todos os ferimentos da alma e do corpo e defende igualmente as criaturas, de qualquer ra\u00e7a ou classe social, perante Deus.<\/p>\n<p>Rafael \u00e9 um dos sete arcanjos que fazem parte do c\u00edrculo mais pr\u00f3ximo do Senhor, um de seus mensageiros. Foi o \u00fanico, segundo as Escrituras, que assumiu a forma humana e viveu entre os seres humanos durante alguns meses.<\/p>\n<p>Segundo o Antigo Testamento, no livro de Tobit, foi o arcanjo que acompanhou o jovem filho deste, como guia conhecedor da regi\u00e3o, na longa e perigosa viagem que fez \u00e0 M\u00e9dia, no Egito. Ele protegeu Tobias durante esse per\u00edodo e inspirou-o a casar-se com Sara, sua parenta, a qual curou de uma obsess\u00e3o, al\u00e9m da cegueira de seu pai, Tobit. Depois disso, apresentou-se:<\/p>\n<p>[&#8230;] chamou-os \u00e0 parte e disse-lhes: &#8220;Bendizei a Deus e proclamai entre todos os viventes os bens que ele vos concedeu [&#8230;] Eu sou Rafael, um dos sete anjos que est\u00e3o sempre presentes e tem acesso junto \u00e0 gl\u00f3ria do Senhor [&#8230;]&#8221; Pai e filho, cheios de espanto ca\u00edram com a face em terra, com grande temor. Mas ele lhes disse: &#8220;N\u00e3o tenhais medo [&#8230;] Se estive convosco, n\u00e3o foi por pura benevol\u00eancia minha para convosco, mas por vontade de Deus [&#8230;] E agora, bendizei ao Senhor sobre a terra e da\u00ed gra\u00e7as a Deus. Vou voltar para aquele que me enviou. Ponde por escrito tudo quanto vos aconteceu [&#8230;]&#8221; (Tb 5-12).<\/p>\n<p>Rafael arcanjo \u00e9 o portador da virtude da cura, do dom da transforma\u00e7\u00e3o, da beleza curativa que \u00e9 sua fun\u00e7\u00e3o no mundo. Conduz a humanidade ensinando-lhe o caminho da defesa contra os males f\u00edsicos e espirituais que a possa amea\u00e7ar. Motivo que o tornou padroeiro dos sacerdotes e dos m\u00e9dicos, embora n\u00e3o deixem de pedir-lhe amparo os viajantes, soldados e escoteiros. Pleno de miseric\u00f3rdia, suas virtudes espirituais est\u00e3o sempre direcionadas para hospitais, institui\u00e7\u00f5es e lares, onde esses dons s\u00e3o necess\u00e1rios.<\/p>\n<p>Entretanto ele tem um especial cuidado com os peregrinos, mas n\u00e3o s\u00f3 os que viajam, tamb\u00e9m aqueles que est\u00e3o em peregrina\u00e7\u00e3o rumo a Deus. Rafael arcanjo protege-os e guia pelo caminho reto e seguro da vida, que \u00e9 a Paix\u00e3o de Cristo, onde encontramos a verdadeira felicidade e salva\u00e7\u00e3o eterna, cura completa do corpo e da alma. A Igreja celebrava-o, especialmente, no dia 24 de outubro. Desde 1969, sua festa passou para 29 de setembro, mas os devotos de todo o mundo veneram-no todos os dias, durante suas ora\u00e7\u00f5es.<\/p>\n<div id=\"themify_builder_content-11050\" data-postid=\"11050\" class=\"themify_builder_content themify_builder_content-11050 themify_builder themify_builder_front\">\n\t<\/div>\n<!-- \/themify_builder_content -->","protected":false},"excerpt":{"rendered":"<p>29 de Setembro O nome deste arcanjo vem do hebraico Rafa, sin\u00f4nimo de cura, e El, que significa Deus. &#8220;Cura de Deus&#8221; ou &#8220;Curador divino&#8221;, este \u00e9 o arcanjo Rafael, que \u00e9 o chefe dos anjos da guarda, considerado o anjo da Provid\u00eancia, que vela por toda a humanidade. Este arcanjo cura todos os ferimentos [&hellip;]<\/p>\n","protected":false},"author":14,"featured_media":0,"comment_status":"open","ping_status":"open","sticky":false,"template":"","format":"standard","meta":{"ngg_post_thumbnail":0,"footnotes":""},"categories":[186],"tags":[],"yoast_head":"<!-- This site is optimized with the Yoast SEO plugin v23.5 - https:\/\/yoast.com\/wordpress\/plugins\/seo\/ -->\n<title>S\u00e3o Rafael - O Arcanjo no ar<\/title>\n<meta name=\"robots\" content=\"index, follow, max-snippet:-1, max-image-preview:large, max-video-preview:-1\" \/>\n<link rel=\"canonical\" href=\"https:\/\/www.oarcanjo.net\/site\/sao-rafael\/\" \/>\n<meta property=\"og:locale\" content=\"pt_BR\" \/>\n<meta property=\"og:type\" content=\"article\" \/>\n<meta property=\"og:title\" content=\"S\u00e3o Rafael - O Arcanjo no ar\" \/>\n<meta property=\"og:description\" content=\"29 de Setembro O nome deste arcanjo vem do hebraico Rafa, sin\u00f4nimo de cura, e El, que significa Deus. &#8220;Cura de Deus&#8221; ou &#8220;Curador divino&#8221;, este \u00e9 o arcanjo Rafael, que \u00e9 o chefe dos anjos da guarda, considerado o anjo da Provid\u00eancia, que vela por toda a humanidade. Este arcanjo cura todos os ferimentos [&hellip;]\" \/>\n<meta property=\"og:url\" content=\"https:\/\/www.oarcanjo.net\/site\/sao-rafael\/\" \/>\n<meta property=\"og:site_name\" content=\"O Arcanjo no ar\" \/>\n<meta property=\"article:publisher\" content=\"https:\/\/www.facebook.com\/OArcanjoNoAr\/\" \/>\n<meta property=\"article:published_time\" content=\"2017-09-29T03:35:12+00:00\" \/>\n<meta property=\"article:modified_time\" content=\"2017-07-31T11:29:47+00:00\" \/>\n<meta property=\"og:image\" content=\"http:\/\/www.oarcanjo.net\/site\/wp-content\/uploads\/Sao-Rafael-Arcanjo-235x300.jpg\" \/>\n<meta name=\"author\" content=\"danilo\" \/>\n<meta name=\"twitter:card\" content=\"summary_large_image\" \/>\n<meta name=\"twitter:label1\" content=\"Escrito por\" \/>\n\t<meta name=\"twitter:data1\" content=\"danilo\" \/>\n\t<meta name=\"twitter:label2\" content=\"Est. tempo de leitura\" \/>\n\t<meta name=\"twitter:data2\" content=\"2 minutos\" \/>\n<script type=\"application\/ld+json\" class=\"yoast-schema-graph\">{\"@context\":\"https:\/\/schema.org\",\"@graph\":[{\"@type\":\"Article\",\"@id\":\"https:\/\/www.oarcanjo.net\/site\/sao-rafael\/#article\",\"isPartOf\":{\"@id\":\"https:\/\/www.oarcanjo.net\/site\/sao-rafael\/\"},\"author\":{\"name\":\"danilo\",\"@id\":\"https:\/\/www.oarcanjo.net\/site\/#\/schema\/person\/5eb9480bedd2f3c97e430ce128c29c6c\"},\"headline\":\"S\u00e3o Rafael\",\"datePublished\":\"2017-09-29T03:35:12+00:00\",\"dateModified\":\"2017-07-31T11:29:47+00:00\",\"mainEntityOfPage\":{\"@id\":\"https:\/\/www.oarcanjo.net\/site\/sao-rafael\/\"},\"wordCount\":475,\"commentCount\":0,\"publisher\":{\"@id\":\"https:\/\/www.oarcanjo.net\/site\/#organization\"},\"image\":{\"@id\":\"https:\/\/www.oarcanjo.net\/site\/sao-rafael\/#primaryimage\"},\"thumbnailUrl\":\"http:\/\/www.oarcanjo.net\/site\/wp-content\/uploads\/Sao-Rafael-Arcanjo-235x300.jpg\",\"articleSection\":[\"Testemunhos\"],\"inLanguage\":\"pt-BR\",\"potentialAction\":[{\"@type\":\"CommentAction\",\"name\":\"Comment\",\"target\":[\"https:\/\/www.oarcanjo.net\/site\/sao-rafael\/#respond\"]}]},{\"@type\":\"WebPage\",\"@id\":\"https:\/\/www.oarcanjo.net\/site\/sao-rafael\/\",\"url\":\"https:\/\/www.oarcanjo.net\/site\/sao-rafael\/\",\"name\":\"S\u00e3o Rafael - O Arcanjo no ar\",\"isPartOf\":{\"@id\":\"https:\/\/www.oarcanjo.net\/site\/#website\"},\"primaryImageOfPage\":{\"@id\":\"https:\/\/www.oarcanjo.net\/site\/sao-rafael\/#primaryimage\"},\"image\":{\"@id\":\"https:\/\/www.oarcanjo.net\/site\/sao-rafael\/#primaryimage\"},\"thumbnailUrl\":\"http:\/\/www.oarcanjo.net\/site\/wp-content\/uploads\/Sao-Rafael-Arcanjo-235x300.jpg\",\"datePublished\":\"2017-09-29T03:35:12+00:00\",\"dateModified\":\"2017-07-31T11:29:47+00:00\",\"breadcrumb\":{\"@id\":\"https:\/\/www.oarcanjo.net\/site\/sao-rafael\/#breadcrumb\"},\"inLanguage\":\"pt-BR\",\"potentialAction\":[{\"@type\":\"ReadAction\",\"target\":[\"https:\/\/www.oarcanjo.net\/site\/sao-rafael\/\"]}]},{\"@type\":\"ImageObject\",\"inLanguage\":\"pt-BR\",\"@id\":\"https:\/\/www.oarcanjo.net\/site\/sao-rafael\/#primaryimage\",\"url\":\"https:\/\/www.oarcanjo.net\/site\/wp-content\/uploads\/Sao-Rafael-Arcanjo.jpg\",\"contentUrl\":\"https:\/\/www.oarcanjo.net\/site\/wp-content\/uploads\/Sao-Rafael-Arcanjo.jpg\",\"width\":804,\"height\":1024,\"caption\":\"S\u00e3o Rafael\"},{\"@type\":\"BreadcrumbList\",\"@id\":\"https:\/\/www.oarcanjo.net\/site\/sao-rafael\/#breadcrumb\",\"itemListElement\":[{\"@type\":\"ListItem\",\"position\":1,\"name\":\"In\u00edcio\",\"item\":\"https:\/\/www.oarcanjo.net\/site\/\"},{\"@type\":\"ListItem\",\"position\":2,\"name\":\"S\u00e3o Rafael\"}]},{\"@type\":\"WebSite\",\"@id\":\"https:\/\/www.oarcanjo.net\/site\/#website\",\"url\":\"https:\/\/www.oarcanjo.net\/site\/\",\"name\":\"O Arcanjo no ar\",\"description\":\"Site da Par\u00f3quia S\u00e3o Miguel Arcanjo (Arquidiocese de SP)\",\"publisher\":{\"@id\":\"https:\/\/www.oarcanjo.net\/site\/#organization\"},\"potentialAction\":[{\"@type\":\"SearchAction\",\"target\":{\"@type\":\"EntryPoint\",\"urlTemplate\":\"https:\/\/www.oarcanjo.net\/site\/?s={search_term_string}\"},\"query-input\":{\"@type\":\"PropertyValueSpecification\",\"valueRequired\":true,\"valueName\":\"search_term_string\"}}],\"inLanguage\":\"pt-BR\"},{\"@type\":\"Organization\",\"@id\":\"https:\/\/www.oarcanjo.net\/site\/#organization\",\"name\":\"Par\u00f3quia S\u00e3o Miguel Arcanjo\",\"url\":\"https:\/\/www.oarcanjo.net\/site\/\",\"logo\":{\"@type\":\"ImageObject\",\"inLanguage\":\"pt-BR\",\"@id\":\"https:\/\/www.oarcanjo.net\/site\/#\/schema\/logo\/image\/\",\"url\":\"https:\/\/www.oarcanjo.net\/site\/wp-content\/uploads\/LogoOArcanjo.png\",\"contentUrl\":\"https:\/\/www.oarcanjo.net\/site\/wp-content\/uploads\/LogoOArcanjo.png\",\"width\":319,\"height\":99,\"caption\":\"Par\u00f3quia S\u00e3o Miguel Arcanjo\"},\"image\":{\"@id\":\"https:\/\/www.oarcanjo.net\/site\/#\/schema\/logo\/image\/\"},\"sameAs\":[\"https:\/\/www.facebook.com\/OArcanjoNoAr\/\"]},{\"@type\":\"Person\",\"@id\":\"https:\/\/www.oarcanjo.net\/site\/#\/schema\/person\/5eb9480bedd2f3c97e430ce128c29c6c\",\"name\":\"danilo\"}]}<\/script>\n<!-- \/ Yoast SEO plugin. -->","yoast_head_json":{"title":"S\u00e3o Rafael - O Arcanjo no ar","robots":{"index":"index","follow":"follow","max-snippet":"max-snippet:-1","max-image-preview":"max-image-preview:large","max-video-preview":"max-video-preview:-1"},"canonical":"https:\/\/www.oarcanjo.net\/site\/sao-rafael\/","og_locale":"pt_BR","og_type":"article","og_title":"S\u00e3o Rafael - O Arcanjo no ar","og_description":"29 de Setembro O nome deste arcanjo vem do hebraico Rafa, sin\u00f4nimo de cura, e El, que significa Deus. &#8220;Cura de Deus&#8221; ou &#8220;Curador divino&#8221;, este \u00e9 o arcanjo Rafael, que \u00e9 o chefe dos anjos da guarda, considerado o anjo da Provid\u00eancia, que vela por toda a humanidade. Este arcanjo cura todos os ferimentos [&hellip;]","og_url":"https:\/\/www.oarcanjo.net\/site\/sao-rafael\/","og_site_name":"O Arcanjo no ar","article_publisher":"https:\/\/www.facebook.com\/OArcanjoNoAr\/","article_published_time":"2017-09-29T03:35:12+00:00","article_modified_time":"2017-07-31T11:29:47+00:00","og_image":[{"url":"http:\/\/www.oarcanjo.net\/site\/wp-content\/uploads\/Sao-Rafael-Arcanjo-235x300.jpg"}],"author":"danilo","twitter_card":"summary_large_image","twitter_misc":{"Escrito por":"danilo","Est. tempo de leitura":"2 minutos"},"schema":{"@context":"https:\/\/schema.org","@graph":[{"@type":"Article","@id":"https:\/\/www.oarcanjo.net\/site\/sao-rafael\/#article","isPartOf":{"@id":"https:\/\/www.oarcanjo.net\/site\/sao-rafael\/"},"author":{"name":"danilo","@id":"https:\/\/www.oarcanjo.net\/site\/#\/schema\/person\/5eb9480bedd2f3c97e430ce128c29c6c"},"headline":"S\u00e3o Rafael","datePublished":"2017-09-29T03:35:12+00:00","dateModified":"2017-07-31T11:29:47+00:00","mainEntityOfPage":{"@id":"https:\/\/www.oarcanjo.net\/site\/sao-rafael\/"},"wordCount":475,"commentCount":0,"publisher":{"@id":"https:\/\/www.oarcanjo.net\/site\/#organization"},"image":{"@id":"https:\/\/www.oarcanjo.net\/site\/sao-rafael\/#primaryimage"},"thumbnailUrl":"http:\/\/www.oarcanjo.net\/site\/wp-content\/uploads\/Sao-Rafael-Arcanjo-235x300.jpg","articleSection":["Testemunhos"],"inLanguage":"pt-BR","potentialAction":[{"@type":"CommentAction","name":"Comment","target":["https:\/\/www.oarcanjo.net\/site\/sao-rafael\/#respond"]}]},{"@type":"WebPage","@id":"https:\/\/www.oarcanjo.net\/site\/sao-rafael\/","url":"https:\/\/www.oarcanjo.net\/site\/sao-rafael\/","name":"S\u00e3o Rafael - O Arcanjo no ar","isPartOf":{"@id":"https:\/\/www.oarcanjo.net\/site\/#website"},"primaryImageOfPage":{"@id":"https:\/\/www.oarcanjo.net\/site\/sao-rafael\/#primaryimage"},"image":{"@id":"https:\/\/www.oarcanjo.net\/site\/sao-rafael\/#primaryimage"},"thumbnailUrl":"http:\/\/www.oarcanjo.net\/site\/wp-content\/uploads\/Sao-Rafael-Arcanjo-235x300.jpg","datePublished":"2017-09-29T03:35:12+00:00","dateModified":"2017-07-31T11:29:47+00:00","breadcrumb":{"@id":"https:\/\/www.oarcanjo.net\/site\/sao-rafael\/#breadcrumb"},"inLanguage":"pt-BR","potentialAction":[{"@type":"ReadAction","target":["https:\/\/www.oarcanjo.net\/site\/sao-rafael\/"]}]},{"@type":"ImageObject","inLanguage":"pt-BR","@id":"https:\/\/www.oarcanjo.net\/site\/sao-rafael\/#primaryimage","url":"https:\/\/www.oarcanjo.net\/site\/wp-content\/uploads\/Sao-Rafael-Arcanjo.jpg","contentUrl":"https:\/\/www.oarcanjo.net\/site\/wp-content\/uploads\/Sao-Rafael-Arcanjo.jpg","width":804,"height":1024,"caption":"S\u00e3o Rafael"},{"@type":"BreadcrumbList","@id":"https:\/\/www.oarcanjo.net\/site\/sao-rafael\/#breadcrumb","itemListElement":[{"@type":"ListItem","position":1,"name":"In\u00edcio","item":"https:\/\/www.oarcanjo.net\/site\/"},{"@type":"ListItem","position":2,"name":"S\u00e3o Rafael"}]},{"@type":"WebSite","@id":"https:\/\/www.oarcanjo.net\/site\/#website","url":"https:\/\/www.oarcanjo.net\/site\/","name":"O Arcanjo no ar","description":"Site da Par\u00f3quia S\u00e3o Miguel Arcanjo (Arquidiocese de SP)","publisher":{"@id":"https:\/\/www.oarcanjo.net\/site\/#organization"},"potentialAction":[{"@type":"SearchAction","target":{"@type":"EntryPoint","urlTemplate":"https:\/\/www.oarcanjo.net\/site\/?s={search_term_string}"},"query-input":{"@type":"PropertyValueSpecification","valueRequired":true,"valueName":"search_term_string"}}],"inLanguage":"pt-BR"},{"@type":"Organization","@id":"https:\/\/www.oarcanjo.net\/site\/#organization","name":"Par\u00f3quia S\u00e3o Miguel Arcanjo","url":"https:\/\/www.oarcanjo.net\/site\/","logo":{"@type":"ImageObject","inLanguage":"pt-BR","@id":"https:\/\/www.oarcanjo.net\/site\/#\/schema\/logo\/image\/","url":"https:\/\/www.oarcanjo.net\/site\/wp-content\/uploads\/LogoOArcanjo.png","contentUrl":"https:\/\/www.oarcanjo.net\/site\/wp-content\/uploads\/LogoOArcanjo.png","width":319,"height":99,"caption":"Par\u00f3quia S\u00e3o Miguel Arcanjo"},"image":{"@id":"https:\/\/www.oarcanjo.net\/site\/#\/schema\/logo\/image\/"},"sameAs":["https:\/\/www.facebook.com\/OArcanjoNoAr\/"]},{"@type":"Person","@id":"https:\/\/www.oarcanjo.net\/site\/#\/schema\/person\/5eb9480bedd2f3c97e430ce128c29c6c","name":"danilo"}]}},"publishpress_future_action":{"enabled":false,"date":"2026-05-08 23:39:03","action":"category","newStatus":"draft","terms":[],"taxonomy":"category"},"publishpress_future_workflow_manual_trigger":{"enabledWorkflows":[]},"_links":{"self":[{"href":"https:\/\/www.oarcanjo.net\/site\/wp-json\/wp\/v2\/posts\/11050"}],"collection":[{"href":"https:\/\/www.oarcanjo.net\/site\/wp-json\/wp\/v2\/posts"}],"about":[{"href":"https:\/\/www.oarcanjo.net\/site\/wp-json\/wp\/v2\/types\/post"}],"author":[{"embeddable":true,"href":"https:\/\/www.oarcanjo.net\/site\/wp-json\/wp\/v2\/users\/14"}],"replies":[{"embeddable":true,"href":"https:\/\/www.oarcanjo.net\/site\/wp-json\/wp\/v2\/comments?post=11050"}],"version-history":[{"count":0,"href":"https:\/\/www.oarcanjo.net\/site\/wp-json\/wp\/v2\/posts\/11050\/revisions"}],"wp:attachment":[{"href":"https:\/\/www.oarcanjo.net\/site\/wp-json\/wp\/v2\/media?parent=11050"}],"wp:term":[{"taxonomy":"category","embeddable":true,"href":"https:\/\/www.oarcanjo.net\/site\/wp-json\/wp\/v2\/categories?post=11050"},{"taxonomy":"post_tag","embeddable":true,"href":"https:\/\/www.oarcanjo.net\/site\/wp-json\/wp\/v2\/tags?post=11050"}],"curies":[{"name":"wp","href":"https:\/\/api.w.org\/{rel}","templated":true}]}}