
{"id":11052,"date":"2017-09-29T00:36:31","date_gmt":"2017-09-29T03:36:31","guid":{"rendered":"http:\/\/www.oarcanjo.net\/site\/?p=11052"},"modified":"2017-07-31T08:29:42","modified_gmt":"2017-07-31T11:29:42","slug":"sao-gabriel","status":"publish","type":"post","link":"https:\/\/www.oarcanjo.net\/site\/sao-gabriel\/","title":{"rendered":"S\u00e3o Gabriel"},"content":{"rendered":"<p><img loading=\"lazy\" decoding=\"async\" class=\"alignnone wp-image-51216\" src=\"http:\/\/www.oarcanjo.net\/site\/wp-content\/uploads\/Sao-Gabriel-Arcanjo.jpg\" alt=\"S\u00e3o Gabriel\" width=\"314\" height=\"367\" srcset=\"https:\/\/www.oarcanjo.net\/site\/wp-content\/uploads\/Sao-Gabriel-Arcanjo.jpg 400w, https:\/\/www.oarcanjo.net\/site\/wp-content\/uploads\/Sao-Gabriel-Arcanjo-256x300.jpg 256w\" sizes=\"(max-width: 314px) 100vw, 314px\" \/><\/p>\n<p>29 de Setembro<\/p>\n<p>Segundo o evangelho de s\u00e3o Jo\u00e3o, s\u00e3o sete os esp\u00edritos que atendem ao trono de Deus, tratando diretamente com ele e executando suas miss\u00f5es no universo. Gabriel \u00e9 o arcanjo da Anuncia\u00e7\u00e3o, aquele que usa a trombeta para levar as not\u00edcias. O seu nome significa &#8220;emiss\u00e1rio do Senhor&#8221; e \u00e9 o mais ligado aos acontecimentos da terra.<\/p>\n<p>A maior preocupa\u00e7\u00e3o deste arcanjo \u00e9 desfazer conflitos e proporcionar aos seres humanos a capacidade de adapta\u00e7\u00e3o a todas as circunst\u00e2ncias. \u00c9 enviado \u00e0 terra sempre com o objetivo de transmitir a luz divina e sensibilizar os adultos em rela\u00e7\u00e3o \u00e0s crian\u00e7as e \u00e0 pr\u00f3pria humanidade. Este esp\u00edrito puro do trono celeste \u00e9 visto, citado e repetido tanto no Velho quanto no Novo Testamento.<\/p>\n<p>Gabriel arcanjo foi o escolhido por Deus para acompanhar todo o advento da salva\u00e7\u00e3o, desde a revela\u00e7\u00e3o das profecias \u00e0 anuncia\u00e7\u00e3o da chegada do Messias, acompanhando-o durante toda a sua vida terrena, Paix\u00e3o e Ressurrei\u00e7\u00e3o. Al\u00e9m disso, \u00e9 o portador da ora\u00e7\u00e3o mais popular e mais querida do cristianismo: a ave-maria.<\/p>\n<p>Vejamos algumas passagens do Evangelho de suas miss\u00f5es no evento que mudou a humanidade. Foi Gabriel arcanjo quem explicou ao profeta Daniel sua freq\u00fcente vis\u00e3o do carneiro e do bode. Foi ele, tamb\u00e9m, quem anunciou, ao mesmo profeta, a trajet\u00f3ria destinada a sua na\u00e7\u00e3o; a chegada do Messias, at\u00e9 a nega\u00e7\u00e3o do mesmo por parte de seu povo, e sua morte na Terra.<\/p>\n<p>Ele tamb\u00e9m apareceu ao sacerdote Zacarias, anunciando que sua mulher lhe daria um filho profeta, chamado Jo\u00e3o Batista, o precursor do Cristo. E como Zacarias duvidou, por ser velho e a mulher est\u00e9ril, castigou-o com a perda da voz at\u00e9 que tudo se cumprisse.<\/p>\n<p>O seu apogeu ocorreu na Anuncia\u00e7\u00e3o \u00e0 Virgem Maria sobre a encarna\u00e7\u00e3o do Filho de Deus. Suas primeiras palavras tornaram-se uma ora\u00e7\u00e3o, aquela que todos recorrem para pedir a prote\u00e7\u00e3o, a b\u00ean\u00e7\u00e3o ou a interven\u00e7\u00e3o de Nossa Senhora: &#8220;Alegra-te, Maria, cheia de gra\u00e7a. O senhor \u00e9 contigo, bendita \u00e9s tu entre as mulheres&#8221;. Contou-lhe, ent\u00e3o, o que a esperava, a miss\u00e3o que lhe era confiada, preparou-a espiritualmente para entender a interven\u00e7\u00e3o do Esp\u00edrito Santo. Fazendo o mesmo com o justo Jos\u00e9, seu esposo, que, gra\u00e7as \u00e0 apari\u00e7\u00e3o de Gabriel, compreendeu o que se passava, entregando-se de corpo e alma \u00e0quela miss\u00e3o.<\/p>\n<p>Os te\u00f3logos e a Igreja entendem que foi tamb\u00e9m miss\u00e3o deste arcanjo avisar aos pastores de Bel\u00e9m sobre a chegada do Messias; alertar os reis magos para que n\u00e3o voltassem a Jerusal\u00e9m; dar a Jos\u00e9 a ordem de fugir para o Egito e, depois, retornar a Nazar\u00e9; consolar Jesus no horto das Oliveiras e anunciar \u00e0s santas mulheres a Ressurrei\u00e7\u00e3o do Cristo.<\/p>\n<p>Gabriel arcanjo e seus anjos s\u00e3o os mensageiros das boas not\u00edcias, ajudam-nos a dar bom rumo e dire\u00e7\u00e3o \u00e0 nossa vida, d\u00e3o-nos compreens\u00e3o e sabedoria. \u00c9 a ele que recorremos quando necessitamos desses dons. Por isso devemos, sempre, agradecer por sua colabora\u00e7\u00e3o com nossas sinceras ora\u00e7\u00f5es, em especial nos dias 24 de mar\u00e7o e 29 de setembro, quando \u00e9 festejado por todo o Povo de Deus, a Igreja de Cristo.<\/p>\n<div id=\"themify_builder_content-11052\" data-postid=\"11052\" class=\"themify_builder_content themify_builder_content-11052 themify_builder themify_builder_front\">\n\t<\/div>\n<!-- \/themify_builder_content -->","protected":false},"excerpt":{"rendered":"<p>29 de Setembro Segundo o evangelho de s\u00e3o Jo\u00e3o, s\u00e3o sete os esp\u00edritos que atendem ao trono de Deus, tratando diretamente com ele e executando suas miss\u00f5es no universo. Gabriel \u00e9 o arcanjo da Anuncia\u00e7\u00e3o, aquele que usa a trombeta para levar as not\u00edcias. O seu nome significa &#8220;emiss\u00e1rio do Senhor&#8221; e \u00e9 o mais [&hellip;]<\/p>\n","protected":false},"author":14,"featured_media":0,"comment_status":"open","ping_status":"open","sticky":false,"template":"","format":"standard","meta":{"ngg_post_thumbnail":0,"footnotes":""},"categories":[186],"tags":[],"yoast_head":"<!-- This site is optimized with the Yoast SEO plugin v23.5 - https:\/\/yoast.com\/wordpress\/plugins\/seo\/ -->\n<title>S\u00e3o Gabriel - O Arcanjo no ar<\/title>\n<meta name=\"robots\" content=\"index, follow, max-snippet:-1, max-image-preview:large, max-video-preview:-1\" \/>\n<link rel=\"canonical\" href=\"https:\/\/www.oarcanjo.net\/site\/sao-gabriel\/\" \/>\n<meta property=\"og:locale\" content=\"pt_BR\" \/>\n<meta property=\"og:type\" content=\"article\" \/>\n<meta property=\"og:title\" content=\"S\u00e3o Gabriel - O Arcanjo no ar\" \/>\n<meta property=\"og:description\" content=\"29 de Setembro Segundo o evangelho de s\u00e3o Jo\u00e3o, s\u00e3o sete os esp\u00edritos que atendem ao trono de Deus, tratando diretamente com ele e executando suas miss\u00f5es no universo. Gabriel \u00e9 o arcanjo da Anuncia\u00e7\u00e3o, aquele que usa a trombeta para levar as not\u00edcias. O seu nome significa &#8220;emiss\u00e1rio do Senhor&#8221; e \u00e9 o mais [&hellip;]\" \/>\n<meta property=\"og:url\" content=\"https:\/\/www.oarcanjo.net\/site\/sao-gabriel\/\" \/>\n<meta property=\"og:site_name\" content=\"O Arcanjo no ar\" \/>\n<meta property=\"article:publisher\" content=\"https:\/\/www.facebook.com\/OArcanjoNoAr\/\" \/>\n<meta property=\"article:published_time\" content=\"2017-09-29T03:36:31+00:00\" \/>\n<meta property=\"article:modified_time\" content=\"2017-07-31T11:29:42+00:00\" \/>\n<meta property=\"og:image\" content=\"http:\/\/www.oarcanjo.net\/site\/wp-content\/uploads\/Sao-Gabriel-Arcanjo.jpg\" \/>\n<meta name=\"author\" content=\"danilo\" \/>\n<meta name=\"twitter:card\" content=\"summary_large_image\" \/>\n<meta name=\"twitter:label1\" content=\"Escrito por\" \/>\n\t<meta name=\"twitter:data1\" content=\"danilo\" \/>\n\t<meta name=\"twitter:label2\" content=\"Est. tempo de leitura\" \/>\n\t<meta name=\"twitter:data2\" content=\"3 minutos\" \/>\n<script type=\"application\/ld+json\" class=\"yoast-schema-graph\">{\"@context\":\"https:\/\/schema.org\",\"@graph\":[{\"@type\":\"Article\",\"@id\":\"https:\/\/www.oarcanjo.net\/site\/sao-gabriel\/#article\",\"isPartOf\":{\"@id\":\"https:\/\/www.oarcanjo.net\/site\/sao-gabriel\/\"},\"author\":{\"name\":\"danilo\",\"@id\":\"https:\/\/www.oarcanjo.net\/site\/#\/schema\/person\/5eb9480bedd2f3c97e430ce128c29c6c\"},\"headline\":\"S\u00e3o Gabriel\",\"datePublished\":\"2017-09-29T03:36:31+00:00\",\"dateModified\":\"2017-07-31T11:29:42+00:00\",\"mainEntityOfPage\":{\"@id\":\"https:\/\/www.oarcanjo.net\/site\/sao-gabriel\/\"},\"wordCount\":562,\"commentCount\":1,\"publisher\":{\"@id\":\"https:\/\/www.oarcanjo.net\/site\/#organization\"},\"image\":{\"@id\":\"https:\/\/www.oarcanjo.net\/site\/sao-gabriel\/#primaryimage\"},\"thumbnailUrl\":\"http:\/\/www.oarcanjo.net\/site\/wp-content\/uploads\/Sao-Gabriel-Arcanjo.jpg\",\"articleSection\":[\"Testemunhos\"],\"inLanguage\":\"pt-BR\",\"potentialAction\":[{\"@type\":\"CommentAction\",\"name\":\"Comment\",\"target\":[\"https:\/\/www.oarcanjo.net\/site\/sao-gabriel\/#respond\"]}]},{\"@type\":\"WebPage\",\"@id\":\"https:\/\/www.oarcanjo.net\/site\/sao-gabriel\/\",\"url\":\"https:\/\/www.oarcanjo.net\/site\/sao-gabriel\/\",\"name\":\"S\u00e3o Gabriel - O Arcanjo no ar\",\"isPartOf\":{\"@id\":\"https:\/\/www.oarcanjo.net\/site\/#website\"},\"primaryImageOfPage\":{\"@id\":\"https:\/\/www.oarcanjo.net\/site\/sao-gabriel\/#primaryimage\"},\"image\":{\"@id\":\"https:\/\/www.oarcanjo.net\/site\/sao-gabriel\/#primaryimage\"},\"thumbnailUrl\":\"http:\/\/www.oarcanjo.net\/site\/wp-content\/uploads\/Sao-Gabriel-Arcanjo.jpg\",\"datePublished\":\"2017-09-29T03:36:31+00:00\",\"dateModified\":\"2017-07-31T11:29:42+00:00\",\"breadcrumb\":{\"@id\":\"https:\/\/www.oarcanjo.net\/site\/sao-gabriel\/#breadcrumb\"},\"inLanguage\":\"pt-BR\",\"potentialAction\":[{\"@type\":\"ReadAction\",\"target\":[\"https:\/\/www.oarcanjo.net\/site\/sao-gabriel\/\"]}]},{\"@type\":\"ImageObject\",\"inLanguage\":\"pt-BR\",\"@id\":\"https:\/\/www.oarcanjo.net\/site\/sao-gabriel\/#primaryimage\",\"url\":\"https:\/\/www.oarcanjo.net\/site\/wp-content\/uploads\/Sao-Gabriel-Arcanjo.jpg\",\"contentUrl\":\"https:\/\/www.oarcanjo.net\/site\/wp-content\/uploads\/Sao-Gabriel-Arcanjo.jpg\",\"width\":400,\"height\":467,\"caption\":\"S\u00e3o Gabriel\"},{\"@type\":\"BreadcrumbList\",\"@id\":\"https:\/\/www.oarcanjo.net\/site\/sao-gabriel\/#breadcrumb\",\"itemListElement\":[{\"@type\":\"ListItem\",\"position\":1,\"name\":\"In\u00edcio\",\"item\":\"https:\/\/www.oarcanjo.net\/site\/\"},{\"@type\":\"ListItem\",\"position\":2,\"name\":\"S\u00e3o Gabriel\"}]},{\"@type\":\"WebSite\",\"@id\":\"https:\/\/www.oarcanjo.net\/site\/#website\",\"url\":\"https:\/\/www.oarcanjo.net\/site\/\",\"name\":\"O Arcanjo no ar\",\"description\":\"Site da Par\u00f3quia S\u00e3o Miguel Arcanjo (Arquidiocese de SP)\",\"publisher\":{\"@id\":\"https:\/\/www.oarcanjo.net\/site\/#organization\"},\"potentialAction\":[{\"@type\":\"SearchAction\",\"target\":{\"@type\":\"EntryPoint\",\"urlTemplate\":\"https:\/\/www.oarcanjo.net\/site\/?s={search_term_string}\"},\"query-input\":{\"@type\":\"PropertyValueSpecification\",\"valueRequired\":true,\"valueName\":\"search_term_string\"}}],\"inLanguage\":\"pt-BR\"},{\"@type\":\"Organization\",\"@id\":\"https:\/\/www.oarcanjo.net\/site\/#organization\",\"name\":\"Par\u00f3quia S\u00e3o Miguel Arcanjo\",\"url\":\"https:\/\/www.oarcanjo.net\/site\/\",\"logo\":{\"@type\":\"ImageObject\",\"inLanguage\":\"pt-BR\",\"@id\":\"https:\/\/www.oarcanjo.net\/site\/#\/schema\/logo\/image\/\",\"url\":\"https:\/\/www.oarcanjo.net\/site\/wp-content\/uploads\/LogoOArcanjo.png\",\"contentUrl\":\"https:\/\/www.oarcanjo.net\/site\/wp-content\/uploads\/LogoOArcanjo.png\",\"width\":319,\"height\":99,\"caption\":\"Par\u00f3quia S\u00e3o Miguel Arcanjo\"},\"image\":{\"@id\":\"https:\/\/www.oarcanjo.net\/site\/#\/schema\/logo\/image\/\"},\"sameAs\":[\"https:\/\/www.facebook.com\/OArcanjoNoAr\/\"]},{\"@type\":\"Person\",\"@id\":\"https:\/\/www.oarcanjo.net\/site\/#\/schema\/person\/5eb9480bedd2f3c97e430ce128c29c6c\",\"name\":\"danilo\"}]}<\/script>\n<!-- \/ Yoast SEO plugin. -->","yoast_head_json":{"title":"S\u00e3o Gabriel - O Arcanjo no ar","robots":{"index":"index","follow":"follow","max-snippet":"max-snippet:-1","max-image-preview":"max-image-preview:large","max-video-preview":"max-video-preview:-1"},"canonical":"https:\/\/www.oarcanjo.net\/site\/sao-gabriel\/","og_locale":"pt_BR","og_type":"article","og_title":"S\u00e3o Gabriel - O Arcanjo no ar","og_description":"29 de Setembro Segundo o evangelho de s\u00e3o Jo\u00e3o, s\u00e3o sete os esp\u00edritos que atendem ao trono de Deus, tratando diretamente com ele e executando suas miss\u00f5es no universo. Gabriel \u00e9 o arcanjo da Anuncia\u00e7\u00e3o, aquele que usa a trombeta para levar as not\u00edcias. O seu nome significa &#8220;emiss\u00e1rio do Senhor&#8221; e \u00e9 o mais [&hellip;]","og_url":"https:\/\/www.oarcanjo.net\/site\/sao-gabriel\/","og_site_name":"O Arcanjo no ar","article_publisher":"https:\/\/www.facebook.com\/OArcanjoNoAr\/","article_published_time":"2017-09-29T03:36:31+00:00","article_modified_time":"2017-07-31T11:29:42+00:00","og_image":[{"url":"http:\/\/www.oarcanjo.net\/site\/wp-content\/uploads\/Sao-Gabriel-Arcanjo.jpg"}],"author":"danilo","twitter_card":"summary_large_image","twitter_misc":{"Escrito por":"danilo","Est. tempo de leitura":"3 minutos"},"schema":{"@context":"https:\/\/schema.org","@graph":[{"@type":"Article","@id":"https:\/\/www.oarcanjo.net\/site\/sao-gabriel\/#article","isPartOf":{"@id":"https:\/\/www.oarcanjo.net\/site\/sao-gabriel\/"},"author":{"name":"danilo","@id":"https:\/\/www.oarcanjo.net\/site\/#\/schema\/person\/5eb9480bedd2f3c97e430ce128c29c6c"},"headline":"S\u00e3o Gabriel","datePublished":"2017-09-29T03:36:31+00:00","dateModified":"2017-07-31T11:29:42+00:00","mainEntityOfPage":{"@id":"https:\/\/www.oarcanjo.net\/site\/sao-gabriel\/"},"wordCount":562,"commentCount":1,"publisher":{"@id":"https:\/\/www.oarcanjo.net\/site\/#organization"},"image":{"@id":"https:\/\/www.oarcanjo.net\/site\/sao-gabriel\/#primaryimage"},"thumbnailUrl":"http:\/\/www.oarcanjo.net\/site\/wp-content\/uploads\/Sao-Gabriel-Arcanjo.jpg","articleSection":["Testemunhos"],"inLanguage":"pt-BR","potentialAction":[{"@type":"CommentAction","name":"Comment","target":["https:\/\/www.oarcanjo.net\/site\/sao-gabriel\/#respond"]}]},{"@type":"WebPage","@id":"https:\/\/www.oarcanjo.net\/site\/sao-gabriel\/","url":"https:\/\/www.oarcanjo.net\/site\/sao-gabriel\/","name":"S\u00e3o Gabriel - O Arcanjo no ar","isPartOf":{"@id":"https:\/\/www.oarcanjo.net\/site\/#website"},"primaryImageOfPage":{"@id":"https:\/\/www.oarcanjo.net\/site\/sao-gabriel\/#primaryimage"},"image":{"@id":"https:\/\/www.oarcanjo.net\/site\/sao-gabriel\/#primaryimage"},"thumbnailUrl":"http:\/\/www.oarcanjo.net\/site\/wp-content\/uploads\/Sao-Gabriel-Arcanjo.jpg","datePublished":"2017-09-29T03:36:31+00:00","dateModified":"2017-07-31T11:29:42+00:00","breadcrumb":{"@id":"https:\/\/www.oarcanjo.net\/site\/sao-gabriel\/#breadcrumb"},"inLanguage":"pt-BR","potentialAction":[{"@type":"ReadAction","target":["https:\/\/www.oarcanjo.net\/site\/sao-gabriel\/"]}]},{"@type":"ImageObject","inLanguage":"pt-BR","@id":"https:\/\/www.oarcanjo.net\/site\/sao-gabriel\/#primaryimage","url":"https:\/\/www.oarcanjo.net\/site\/wp-content\/uploads\/Sao-Gabriel-Arcanjo.jpg","contentUrl":"https:\/\/www.oarcanjo.net\/site\/wp-content\/uploads\/Sao-Gabriel-Arcanjo.jpg","width":400,"height":467,"caption":"S\u00e3o Gabriel"},{"@type":"BreadcrumbList","@id":"https:\/\/www.oarcanjo.net\/site\/sao-gabriel\/#breadcrumb","itemListElement":[{"@type":"ListItem","position":1,"name":"In\u00edcio","item":"https:\/\/www.oarcanjo.net\/site\/"},{"@type":"ListItem","position":2,"name":"S\u00e3o Gabriel"}]},{"@type":"WebSite","@id":"https:\/\/www.oarcanjo.net\/site\/#website","url":"https:\/\/www.oarcanjo.net\/site\/","name":"O Arcanjo no ar","description":"Site da Par\u00f3quia S\u00e3o Miguel Arcanjo (Arquidiocese de SP)","publisher":{"@id":"https:\/\/www.oarcanjo.net\/site\/#organization"},"potentialAction":[{"@type":"SearchAction","target":{"@type":"EntryPoint","urlTemplate":"https:\/\/www.oarcanjo.net\/site\/?s={search_term_string}"},"query-input":{"@type":"PropertyValueSpecification","valueRequired":true,"valueName":"search_term_string"}}],"inLanguage":"pt-BR"},{"@type":"Organization","@id":"https:\/\/www.oarcanjo.net\/site\/#organization","name":"Par\u00f3quia S\u00e3o Miguel Arcanjo","url":"https:\/\/www.oarcanjo.net\/site\/","logo":{"@type":"ImageObject","inLanguage":"pt-BR","@id":"https:\/\/www.oarcanjo.net\/site\/#\/schema\/logo\/image\/","url":"https:\/\/www.oarcanjo.net\/site\/wp-content\/uploads\/LogoOArcanjo.png","contentUrl":"https:\/\/www.oarcanjo.net\/site\/wp-content\/uploads\/LogoOArcanjo.png","width":319,"height":99,"caption":"Par\u00f3quia S\u00e3o Miguel Arcanjo"},"image":{"@id":"https:\/\/www.oarcanjo.net\/site\/#\/schema\/logo\/image\/"},"sameAs":["https:\/\/www.facebook.com\/OArcanjoNoAr\/"]},{"@type":"Person","@id":"https:\/\/www.oarcanjo.net\/site\/#\/schema\/person\/5eb9480bedd2f3c97e430ce128c29c6c","name":"danilo"}]}},"publishpress_future_action":{"enabled":false,"date":"2026-05-09 00:55:56","action":"category","newStatus":"draft","terms":[],"taxonomy":"category"},"publishpress_future_workflow_manual_trigger":{"enabledWorkflows":[]},"_links":{"self":[{"href":"https:\/\/www.oarcanjo.net\/site\/wp-json\/wp\/v2\/posts\/11052"}],"collection":[{"href":"https:\/\/www.oarcanjo.net\/site\/wp-json\/wp\/v2\/posts"}],"about":[{"href":"https:\/\/www.oarcanjo.net\/site\/wp-json\/wp\/v2\/types\/post"}],"author":[{"embeddable":true,"href":"https:\/\/www.oarcanjo.net\/site\/wp-json\/wp\/v2\/users\/14"}],"replies":[{"embeddable":true,"href":"https:\/\/www.oarcanjo.net\/site\/wp-json\/wp\/v2\/comments?post=11052"}],"version-history":[{"count":0,"href":"https:\/\/www.oarcanjo.net\/site\/wp-json\/wp\/v2\/posts\/11052\/revisions"}],"wp:attachment":[{"href":"https:\/\/www.oarcanjo.net\/site\/wp-json\/wp\/v2\/media?parent=11052"}],"wp:term":[{"taxonomy":"category","embeddable":true,"href":"https:\/\/www.oarcanjo.net\/site\/wp-json\/wp\/v2\/categories?post=11052"},{"taxonomy":"post_tag","embeddable":true,"href":"https:\/\/www.oarcanjo.net\/site\/wp-json\/wp\/v2\/tags?post=11052"}],"curies":[{"name":"wp","href":"https:\/\/api.w.org\/{rel}","templated":true}]}}