
{"id":11055,"date":"2017-09-29T00:40:55","date_gmt":"2017-09-29T03:40:55","guid":{"rendered":"http:\/\/www.oarcanjo.net\/site\/?p=11055"},"modified":"2017-07-31T08:30:38","modified_gmt":"2017-07-31T11:30:38","slug":"sao-miguel-arcanjo-2","status":"publish","type":"post","link":"https:\/\/www.oarcanjo.net\/site\/sao-miguel-arcanjo-2\/","title":{"rendered":"S\u00e3o Miguel Arcanjo"},"content":{"rendered":"<p><img loading=\"lazy\" decoding=\"async\" src=\"http:\/\/4.bp.blogspot.com\/_kSyhCejkKm4\/Sj1jvdnDGSI\/AAAAAAAAAEk\/nOga80gPUSI\/S600\/Archangel__St__Michael__by_CharlieCo.jpg\" alt=\"\" width=\"268\" height=\"403\" \/><\/p>\n<p>29 de Setembro<\/p>\n<p><strong><em>\u201cHouve uma grande batalha: Miguel e seus anjos lutaram contra o Drag\u00e3o. O Drag\u00e3o tamb\u00e9m lutou, junto com seus anjos, mas foram derrotados, e n\u00e3o houve mais lugar para eles no c\u00e9u (Apocalipse, 12, 7-8)\u201d.<br \/>\n<\/em><\/strong><br \/>\nQuem como Deus = Miguel<\/p>\n<p><strong><em>\u201cDeus criou as coisas materiais e espirituais. O diabo e os outros esp\u00edritos malignos foram criados bons por Deus, por\u00e9m tornaram-se maus por si mesmos (IV Conc\u00edlio Ecum\u00eanico de Latr\u00e3o \u2013 1.215)\u201d.<br \/>\n<\/em><\/strong><br \/>\nAntes de ter criado o homem, Deus criou os Santos Esp\u00edritos, os Esp\u00edritos Puros, isto \u00e9, n\u00e3o compostos de mat\u00e9ria, embora por vontade divina, possam \u00e0s vezes apresentar-se aos homens sob formas corporais: <strong><em>\u201cDeus, desde o princ\u00edpio do tempo, criou do nada duas esp\u00e9cies de seres: os Espirituais e os Corporais, isto \u00e9, os Anjos e o Mundo; e, depois, criou o Homem, sendo constitu\u00eddo de corpo e esp\u00edrito, que \u00e9 comum a ambos os seres (IV \u2013 Conc\u00edlio Latr\u00e3o \u2013 1215)\u201d.<\/em><\/strong><br \/>\nAs Sagradas Escrituras falam-nos de anjos agrupados em 9 coros, a saber: Serafins, Querubins, Tronos, Domina\u00e7\u00f5es, Potestades, Virtudes, Principados, Arcanjos e os Anjos, que por sua vez, constituem tr\u00eas hierarquias. A primeira hierarquia, os Serafins, Querubins e Tronos, t\u00eam por miss\u00e3o o servi\u00e7o principal perante o Trono de Deus; a segunda hierarquia: Domina\u00e7\u00f5es, Potestades e Virtudes que t\u00eam por miss\u00e3o o servi\u00e7o no espa\u00e7o da Cria\u00e7\u00e3o; e a terceira hierarquia: Principados, Arcanjos e Anjos, que t\u00eam por miss\u00e3o o servi\u00e7o junto \u00e0 humanidade na terra.<br \/>\n<strong><br \/>\nDeus exalta os humildes e resiste aos soberbos<\/strong><\/p>\n<p>Quando L\u00facifer, arrogante e presun\u00e7oso se levanta contra Deus, Deus cria o inferno e nele s\u00e3o precipitados por Miguel, L\u00facifer e todos os Anjos rebeldes.<br \/>\nDizem as Santas Escrituras, quer no Antigo Testamento, quer no Novo Testamento, que o Arcanjo S\u00e3o Miguel foi sempre muito amado e venerado pelo povo de Deus. O Senhor o constituiu guarda e protetor da na\u00e7\u00e3o israelita, como se l\u00ea no Profeta Daniel:<em> <strong>\u201cSurgir\u00e1 Miguel, o Grande Pr\u00edncipe, que guardar\u00e1 o teu povo (Daniel 12, 1)\u201d.<\/strong><\/em><br \/>\nS\u00e3o Miguel Arcanjo \u00e9 honrado e invocado como guarda e protetor da Igreja e como guardi\u00e3o dos agonizantes pois \u00e9 ele quem leva as almas dos que deixam este mundo, junto do Trono de Deus para o julgamento. A Igreja invoca-o como advogado de defesa na vida e na hora da morte.<\/p>\n<p><strong>As Apari\u00e7\u00f5es de S\u00e3o Miguel Arcanjo<br \/>\n<\/strong><br \/>\nS\u00e3o Jo\u00e3o Evangelista, quando chegou \u00e0 regi\u00e3o de Colossos, fui muito bem recebido em sua prega\u00e7\u00e3o e v\u00e1rios abra\u00e7aram a f\u00e9. Nas suas exorta\u00e7\u00f5es. S\u00e3o Jo\u00e3o falou sobre os anjos e anunciou-lhes que o Pr\u00edncipe das Mil\u00edcias Ang\u00e9licas, o grande S\u00e3o Miguel, os tomaria debaixo de sua prote\u00e7\u00e3o e que, \u00e0s portas da cidade. brotaria uma fonte, onde os doentes, com o sinal da cruz e a invoca\u00e7\u00e3o do Arcanjo S\u00e3o Miguel, encontrariam a cura de todos os males do corpo e da alma. A fonte apareceu e espalhou-se esse acontecimento por toda a regi\u00e3o.<br \/>\nS\u00e3o Miguel apareceu a um rico cidad\u00e3o da regi\u00e3o da Frigia, que tinha uma \u00fanica filha, que era muda, e disse-lhe em sonho:<strong><em> \u201cConduze a tua filha \u00e0 fonte dos crist\u00e3os e cr\u00ea na onipot\u00eancia do seu Deus, que tua f\u00e9 ser\u00e1 recompensada\u201d.<\/em><\/strong> Cheio de esperan\u00e7a, pai e filha foram \u00e0 fonte e l\u00e1 perguntaram aos crist\u00e3os o que deveriam fazer. Eles disseram: \u201c\u00c9 em nome do Pai, do Filho e do Esp\u00edrito Santo e pela intercess\u00e3o de S\u00e3o Miguel que n\u00f3s usamos desta \u00e1gua\u201d. Assim fizeram e, no mesmo instante a menina come\u00e7ou a falar, despertando em ambos um crescer da f\u00e9. Pediram o Batismo e em gratid\u00e3o o homem mandou construir junto \u00e0 fonte uma igreja.<br \/>\nOs sacerdotes dos \u00eddolos, obstinados nos seus erros, resolveram destruir o santu\u00e1rio. Junto deste, passavam dois rios que eram contidos por diques. Numa noite ouviu-se um forte barulho das \u00e1guas. Os pag\u00e3os tinham destru\u00eddo os diques e brevemente o santu\u00e1rio ficaria submerso. O eremita, guardi\u00e3o do santu\u00e1rio, ao ver o que se passava, gritou:<strong> \u201cSenhor, a Vossa Onipot\u00eancia clamamos\u201d.<\/strong> Enquanto ele rezava, ouviu-se uma voz vinda do c\u00e9u. Era S\u00e3o Miguel que descia para desarmar o furor de satan\u00e1s. Disse ele ao guardi\u00e3o do santu\u00e1rio:<strong> \u201cN\u00e3o temais, o inferno n\u00e3o pode nada contra n\u00f3s\u201d.<br \/>\n<\/strong>Assim, as \u00e1guas foram controladas, a terra tremeu e engoliu o grande turbilh\u00e3o das \u00e1guas.<br \/>\nAs liturgias da Igreja Oriental comemoraram este acontecimento com miss\u00f5es e of\u00edcios pr\u00f3prios no dia 6 de setembro.<\/p>\n<p><strong>O Monte Gargano<\/strong><\/p>\n<p>Um pastor de gado apascentava uma manada de vacas no alto do monte Gargano, na It\u00e1lia, um novilho entrou em uma caverna e este desferiu l\u00e1 dentro uma flecha, a qual retrocedeu com a mesma velocidade vindo ferir quem a lan\u00e7ara.<br \/>\nO fato espalhou-se rapidamente e chegou aos ouvidos do bispo de Siponto, cidade que ficava aos p\u00e9s do monte Gargano.<br \/>\nO Sr. Bispo convocou a diocese a rezar e jejuar por tr\u00eas dias, pedindo a Deus um sinal. Assim sendo, Deus, ouvindo as preces de seus filhos, envia Miguel ao Prelado pedindo que naquele local da caverna fosse constru\u00edda uma Igreja em sua honra, para reavivar a f\u00e9 e a devo\u00e7\u00e3o dos fi\u00e9is no seu amor e prote\u00e7\u00e3o, como Anjo cust\u00f3dio da Igreja Cat\u00f3lica.<br \/>\nO Bispo comunica a vis\u00e3o ao povo, e dentro da caverna coloca um altar-mor para as celebra\u00e7\u00f5es eucar\u00edsticas. O Monte Gargano fica perto do convento de Nossa Senhora das Gra\u00e7a, onde viveu e morreu o Santo Padre Pio de Pietreleina, e este l\u00e1 esteve in\u00fameras vezes.<br \/>\nDesde o \u00faltimo dia 15 de Agosto, Festa da Assun\u00e7\u00e3o da Virgem Maria, estamos rezando a Quaresma de S\u00e3o Miguel Arcanjo que termina na v\u00e9spera de sua festa.<br \/>\nOs judeus invocam S\u00e3o Miguel como seu protetor e defensor das Sinagogas. Nas festas da Expia\u00e7\u00e3o concluem suas ora\u00e7\u00f5es dizendo: \u201cMiguel, Pr\u00edncipe da Miseric\u00f3rdia, ora por Israel\u201d. Daniel \u2013<strong><em> \u201cContra esses advers\u00e1rios n\u00e3o h\u00e1 ningu\u00e9m que me defenda a n\u00e3o ser S\u00e3o Miguel, vosso chefe (Dn 10, 22)\u201d.<\/em><\/strong><br \/>\nDiante de t\u00e3o surpreendentes testemunhos, n\u00e3o devemos esmorecer e sim confiarmos tamb\u00e9m na valorosa intercess\u00e3o do Grande Pr\u00edncipe da Mil\u00edcia Celeste S\u00e3o Miguel Arcanjo.<\/p>\n<p><img loading=\"lazy\" decoding=\"async\" src=\"http:\/\/files.eflog.net\/fotos\/img248459_sstrindade.jpg\" alt=\"\" width=\"450\" height=\"337\" \/><\/p>\n<div id=\"themify_builder_content-11055\" data-postid=\"11055\" class=\"themify_builder_content themify_builder_content-11055 themify_builder themify_builder_front\">\n\t<\/div>\n<!-- \/themify_builder_content -->","protected":false},"excerpt":{"rendered":"<p>29 de Setembro \u201cHouve uma grande batalha: Miguel e seus anjos lutaram contra o Drag\u00e3o. O Drag\u00e3o tamb\u00e9m lutou, junto com seus anjos, mas foram derrotados, e n\u00e3o houve mais lugar para eles no c\u00e9u (Apocalipse, 12, 7-8)\u201d. Quem como Deus = Miguel \u201cDeus criou as coisas materiais e espirituais. O diabo e os outros [&hellip;]<\/p>\n","protected":false},"author":14,"featured_media":0,"comment_status":"open","ping_status":"open","sticky":false,"template":"","format":"standard","meta":{"ngg_post_thumbnail":0,"footnotes":""},"categories":[186],"tags":[],"yoast_head":"<!-- This site is optimized with the Yoast SEO plugin v23.5 - https:\/\/yoast.com\/wordpress\/plugins\/seo\/ -->\n<title>S\u00e3o Miguel Arcanjo - O Arcanjo no ar<\/title>\n<meta name=\"robots\" content=\"index, follow, max-snippet:-1, max-image-preview:large, max-video-preview:-1\" \/>\n<link rel=\"canonical\" href=\"https:\/\/www.oarcanjo.net\/site\/sao-miguel-arcanjo-2\/\" \/>\n<meta property=\"og:locale\" content=\"pt_BR\" \/>\n<meta property=\"og:type\" content=\"article\" \/>\n<meta property=\"og:title\" content=\"S\u00e3o Miguel Arcanjo - O Arcanjo no ar\" \/>\n<meta property=\"og:description\" content=\"29 de Setembro \u201cHouve uma grande batalha: Miguel e seus anjos lutaram contra o Drag\u00e3o. O Drag\u00e3o tamb\u00e9m lutou, junto com seus anjos, mas foram derrotados, e n\u00e3o houve mais lugar para eles no c\u00e9u (Apocalipse, 12, 7-8)\u201d. Quem como Deus = Miguel \u201cDeus criou as coisas materiais e espirituais. O diabo e os outros [&hellip;]\" \/>\n<meta property=\"og:url\" content=\"https:\/\/www.oarcanjo.net\/site\/sao-miguel-arcanjo-2\/\" \/>\n<meta property=\"og:site_name\" content=\"O Arcanjo no ar\" \/>\n<meta property=\"article:publisher\" content=\"https:\/\/www.facebook.com\/OArcanjoNoAr\/\" \/>\n<meta property=\"article:published_time\" content=\"2017-09-29T03:40:55+00:00\" \/>\n<meta property=\"article:modified_time\" content=\"2017-07-31T11:30:38+00:00\" \/>\n<meta property=\"og:image\" content=\"http:\/\/4.bp.blogspot.com\/_kSyhCejkKm4\/Sj1jvdnDGSI\/AAAAAAAAAEk\/nOga80gPUSI\/S600\/Archangel__St__Michael__by_CharlieCo.jpg\" \/>\n<meta name=\"author\" content=\"danilo\" \/>\n<meta name=\"twitter:card\" content=\"summary_large_image\" \/>\n<meta name=\"twitter:label1\" content=\"Escrito por\" \/>\n\t<meta name=\"twitter:data1\" content=\"danilo\" \/>\n\t<meta name=\"twitter:label2\" content=\"Est. tempo de leitura\" \/>\n\t<meta name=\"twitter:data2\" content=\"6 minutos\" \/>\n<script type=\"application\/ld+json\" class=\"yoast-schema-graph\">{\"@context\":\"https:\/\/schema.org\",\"@graph\":[{\"@type\":\"Article\",\"@id\":\"https:\/\/www.oarcanjo.net\/site\/sao-miguel-arcanjo-2\/#article\",\"isPartOf\":{\"@id\":\"https:\/\/www.oarcanjo.net\/site\/sao-miguel-arcanjo-2\/\"},\"author\":{\"name\":\"danilo\",\"@id\":\"https:\/\/www.oarcanjo.net\/site\/#\/schema\/person\/5eb9480bedd2f3c97e430ce128c29c6c\"},\"headline\":\"S\u00e3o Miguel Arcanjo\",\"datePublished\":\"2017-09-29T03:40:55+00:00\",\"dateModified\":\"2017-07-31T11:30:38+00:00\",\"mainEntityOfPage\":{\"@id\":\"https:\/\/www.oarcanjo.net\/site\/sao-miguel-arcanjo-2\/\"},\"wordCount\":1109,\"commentCount\":20,\"publisher\":{\"@id\":\"https:\/\/www.oarcanjo.net\/site\/#organization\"},\"image\":{\"@id\":\"https:\/\/www.oarcanjo.net\/site\/sao-miguel-arcanjo-2\/#primaryimage\"},\"thumbnailUrl\":\"http:\/\/4.bp.blogspot.com\/_kSyhCejkKm4\/Sj1jvdnDGSI\/AAAAAAAAAEk\/nOga80gPUSI\/S600\/Archangel__St__Michael__by_CharlieCo.jpg\",\"articleSection\":[\"Testemunhos\"],\"inLanguage\":\"pt-BR\",\"potentialAction\":[{\"@type\":\"CommentAction\",\"name\":\"Comment\",\"target\":[\"https:\/\/www.oarcanjo.net\/site\/sao-miguel-arcanjo-2\/#respond\"]}]},{\"@type\":\"WebPage\",\"@id\":\"https:\/\/www.oarcanjo.net\/site\/sao-miguel-arcanjo-2\/\",\"url\":\"https:\/\/www.oarcanjo.net\/site\/sao-miguel-arcanjo-2\/\",\"name\":\"S\u00e3o Miguel Arcanjo - O Arcanjo no ar\",\"isPartOf\":{\"@id\":\"https:\/\/www.oarcanjo.net\/site\/#website\"},\"primaryImageOfPage\":{\"@id\":\"https:\/\/www.oarcanjo.net\/site\/sao-miguel-arcanjo-2\/#primaryimage\"},\"image\":{\"@id\":\"https:\/\/www.oarcanjo.net\/site\/sao-miguel-arcanjo-2\/#primaryimage\"},\"thumbnailUrl\":\"http:\/\/4.bp.blogspot.com\/_kSyhCejkKm4\/Sj1jvdnDGSI\/AAAAAAAAAEk\/nOga80gPUSI\/S600\/Archangel__St__Michael__by_CharlieCo.jpg\",\"datePublished\":\"2017-09-29T03:40:55+00:00\",\"dateModified\":\"2017-07-31T11:30:38+00:00\",\"breadcrumb\":{\"@id\":\"https:\/\/www.oarcanjo.net\/site\/sao-miguel-arcanjo-2\/#breadcrumb\"},\"inLanguage\":\"pt-BR\",\"potentialAction\":[{\"@type\":\"ReadAction\",\"target\":[\"https:\/\/www.oarcanjo.net\/site\/sao-miguel-arcanjo-2\/\"]}]},{\"@type\":\"ImageObject\",\"inLanguage\":\"pt-BR\",\"@id\":\"https:\/\/www.oarcanjo.net\/site\/sao-miguel-arcanjo-2\/#primaryimage\",\"url\":\"http:\/\/4.bp.blogspot.com\/_kSyhCejkKm4\/Sj1jvdnDGSI\/AAAAAAAAAEk\/nOga80gPUSI\/S600\/Archangel__St__Michael__by_CharlieCo.jpg\",\"contentUrl\":\"http:\/\/4.bp.blogspot.com\/_kSyhCejkKm4\/Sj1jvdnDGSI\/AAAAAAAAAEk\/nOga80gPUSI\/S600\/Archangel__St__Michael__by_CharlieCo.jpg\"},{\"@type\":\"BreadcrumbList\",\"@id\":\"https:\/\/www.oarcanjo.net\/site\/sao-miguel-arcanjo-2\/#breadcrumb\",\"itemListElement\":[{\"@type\":\"ListItem\",\"position\":1,\"name\":\"In\u00edcio\",\"item\":\"https:\/\/www.oarcanjo.net\/site\/\"},{\"@type\":\"ListItem\",\"position\":2,\"name\":\"S\u00e3o Miguel Arcanjo\"}]},{\"@type\":\"WebSite\",\"@id\":\"https:\/\/www.oarcanjo.net\/site\/#website\",\"url\":\"https:\/\/www.oarcanjo.net\/site\/\",\"name\":\"O Arcanjo no ar\",\"description\":\"Site da Par\u00f3quia S\u00e3o Miguel Arcanjo (Arquidiocese de SP)\",\"publisher\":{\"@id\":\"https:\/\/www.oarcanjo.net\/site\/#organization\"},\"potentialAction\":[{\"@type\":\"SearchAction\",\"target\":{\"@type\":\"EntryPoint\",\"urlTemplate\":\"https:\/\/www.oarcanjo.net\/site\/?s={search_term_string}\"},\"query-input\":{\"@type\":\"PropertyValueSpecification\",\"valueRequired\":true,\"valueName\":\"search_term_string\"}}],\"inLanguage\":\"pt-BR\"},{\"@type\":\"Organization\",\"@id\":\"https:\/\/www.oarcanjo.net\/site\/#organization\",\"name\":\"Par\u00f3quia S\u00e3o Miguel Arcanjo\",\"url\":\"https:\/\/www.oarcanjo.net\/site\/\",\"logo\":{\"@type\":\"ImageObject\",\"inLanguage\":\"pt-BR\",\"@id\":\"https:\/\/www.oarcanjo.net\/site\/#\/schema\/logo\/image\/\",\"url\":\"https:\/\/www.oarcanjo.net\/site\/wp-content\/uploads\/LogoOArcanjo.png\",\"contentUrl\":\"https:\/\/www.oarcanjo.net\/site\/wp-content\/uploads\/LogoOArcanjo.png\",\"width\":319,\"height\":99,\"caption\":\"Par\u00f3quia S\u00e3o Miguel Arcanjo\"},\"image\":{\"@id\":\"https:\/\/www.oarcanjo.net\/site\/#\/schema\/logo\/image\/\"},\"sameAs\":[\"https:\/\/www.facebook.com\/OArcanjoNoAr\/\"]},{\"@type\":\"Person\",\"@id\":\"https:\/\/www.oarcanjo.net\/site\/#\/schema\/person\/5eb9480bedd2f3c97e430ce128c29c6c\",\"name\":\"danilo\"}]}<\/script>\n<!-- \/ Yoast SEO plugin. -->","yoast_head_json":{"title":"S\u00e3o Miguel Arcanjo - O Arcanjo no ar","robots":{"index":"index","follow":"follow","max-snippet":"max-snippet:-1","max-image-preview":"max-image-preview:large","max-video-preview":"max-video-preview:-1"},"canonical":"https:\/\/www.oarcanjo.net\/site\/sao-miguel-arcanjo-2\/","og_locale":"pt_BR","og_type":"article","og_title":"S\u00e3o Miguel Arcanjo - O Arcanjo no ar","og_description":"29 de Setembro \u201cHouve uma grande batalha: Miguel e seus anjos lutaram contra o Drag\u00e3o. O Drag\u00e3o tamb\u00e9m lutou, junto com seus anjos, mas foram derrotados, e n\u00e3o houve mais lugar para eles no c\u00e9u (Apocalipse, 12, 7-8)\u201d. Quem como Deus = Miguel \u201cDeus criou as coisas materiais e espirituais. O diabo e os outros [&hellip;]","og_url":"https:\/\/www.oarcanjo.net\/site\/sao-miguel-arcanjo-2\/","og_site_name":"O Arcanjo no ar","article_publisher":"https:\/\/www.facebook.com\/OArcanjoNoAr\/","article_published_time":"2017-09-29T03:40:55+00:00","article_modified_time":"2017-07-31T11:30:38+00:00","og_image":[{"url":"http:\/\/4.bp.blogspot.com\/_kSyhCejkKm4\/Sj1jvdnDGSI\/AAAAAAAAAEk\/nOga80gPUSI\/S600\/Archangel__St__Michael__by_CharlieCo.jpg"}],"author":"danilo","twitter_card":"summary_large_image","twitter_misc":{"Escrito por":"danilo","Est. tempo de leitura":"6 minutos"},"schema":{"@context":"https:\/\/schema.org","@graph":[{"@type":"Article","@id":"https:\/\/www.oarcanjo.net\/site\/sao-miguel-arcanjo-2\/#article","isPartOf":{"@id":"https:\/\/www.oarcanjo.net\/site\/sao-miguel-arcanjo-2\/"},"author":{"name":"danilo","@id":"https:\/\/www.oarcanjo.net\/site\/#\/schema\/person\/5eb9480bedd2f3c97e430ce128c29c6c"},"headline":"S\u00e3o Miguel Arcanjo","datePublished":"2017-09-29T03:40:55+00:00","dateModified":"2017-07-31T11:30:38+00:00","mainEntityOfPage":{"@id":"https:\/\/www.oarcanjo.net\/site\/sao-miguel-arcanjo-2\/"},"wordCount":1109,"commentCount":20,"publisher":{"@id":"https:\/\/www.oarcanjo.net\/site\/#organization"},"image":{"@id":"https:\/\/www.oarcanjo.net\/site\/sao-miguel-arcanjo-2\/#primaryimage"},"thumbnailUrl":"http:\/\/4.bp.blogspot.com\/_kSyhCejkKm4\/Sj1jvdnDGSI\/AAAAAAAAAEk\/nOga80gPUSI\/S600\/Archangel__St__Michael__by_CharlieCo.jpg","articleSection":["Testemunhos"],"inLanguage":"pt-BR","potentialAction":[{"@type":"CommentAction","name":"Comment","target":["https:\/\/www.oarcanjo.net\/site\/sao-miguel-arcanjo-2\/#respond"]}]},{"@type":"WebPage","@id":"https:\/\/www.oarcanjo.net\/site\/sao-miguel-arcanjo-2\/","url":"https:\/\/www.oarcanjo.net\/site\/sao-miguel-arcanjo-2\/","name":"S\u00e3o Miguel Arcanjo - O Arcanjo no ar","isPartOf":{"@id":"https:\/\/www.oarcanjo.net\/site\/#website"},"primaryImageOfPage":{"@id":"https:\/\/www.oarcanjo.net\/site\/sao-miguel-arcanjo-2\/#primaryimage"},"image":{"@id":"https:\/\/www.oarcanjo.net\/site\/sao-miguel-arcanjo-2\/#primaryimage"},"thumbnailUrl":"http:\/\/4.bp.blogspot.com\/_kSyhCejkKm4\/Sj1jvdnDGSI\/AAAAAAAAAEk\/nOga80gPUSI\/S600\/Archangel__St__Michael__by_CharlieCo.jpg","datePublished":"2017-09-29T03:40:55+00:00","dateModified":"2017-07-31T11:30:38+00:00","breadcrumb":{"@id":"https:\/\/www.oarcanjo.net\/site\/sao-miguel-arcanjo-2\/#breadcrumb"},"inLanguage":"pt-BR","potentialAction":[{"@type":"ReadAction","target":["https:\/\/www.oarcanjo.net\/site\/sao-miguel-arcanjo-2\/"]}]},{"@type":"ImageObject","inLanguage":"pt-BR","@id":"https:\/\/www.oarcanjo.net\/site\/sao-miguel-arcanjo-2\/#primaryimage","url":"http:\/\/4.bp.blogspot.com\/_kSyhCejkKm4\/Sj1jvdnDGSI\/AAAAAAAAAEk\/nOga80gPUSI\/S600\/Archangel__St__Michael__by_CharlieCo.jpg","contentUrl":"http:\/\/4.bp.blogspot.com\/_kSyhCejkKm4\/Sj1jvdnDGSI\/AAAAAAAAAEk\/nOga80gPUSI\/S600\/Archangel__St__Michael__by_CharlieCo.jpg"},{"@type":"BreadcrumbList","@id":"https:\/\/www.oarcanjo.net\/site\/sao-miguel-arcanjo-2\/#breadcrumb","itemListElement":[{"@type":"ListItem","position":1,"name":"In\u00edcio","item":"https:\/\/www.oarcanjo.net\/site\/"},{"@type":"ListItem","position":2,"name":"S\u00e3o Miguel Arcanjo"}]},{"@type":"WebSite","@id":"https:\/\/www.oarcanjo.net\/site\/#website","url":"https:\/\/www.oarcanjo.net\/site\/","name":"O Arcanjo no ar","description":"Site da Par\u00f3quia S\u00e3o Miguel Arcanjo (Arquidiocese de SP)","publisher":{"@id":"https:\/\/www.oarcanjo.net\/site\/#organization"},"potentialAction":[{"@type":"SearchAction","target":{"@type":"EntryPoint","urlTemplate":"https:\/\/www.oarcanjo.net\/site\/?s={search_term_string}"},"query-input":{"@type":"PropertyValueSpecification","valueRequired":true,"valueName":"search_term_string"}}],"inLanguage":"pt-BR"},{"@type":"Organization","@id":"https:\/\/www.oarcanjo.net\/site\/#organization","name":"Par\u00f3quia S\u00e3o Miguel Arcanjo","url":"https:\/\/www.oarcanjo.net\/site\/","logo":{"@type":"ImageObject","inLanguage":"pt-BR","@id":"https:\/\/www.oarcanjo.net\/site\/#\/schema\/logo\/image\/","url":"https:\/\/www.oarcanjo.net\/site\/wp-content\/uploads\/LogoOArcanjo.png","contentUrl":"https:\/\/www.oarcanjo.net\/site\/wp-content\/uploads\/LogoOArcanjo.png","width":319,"height":99,"caption":"Par\u00f3quia S\u00e3o Miguel Arcanjo"},"image":{"@id":"https:\/\/www.oarcanjo.net\/site\/#\/schema\/logo\/image\/"},"sameAs":["https:\/\/www.facebook.com\/OArcanjoNoAr\/"]},{"@type":"Person","@id":"https:\/\/www.oarcanjo.net\/site\/#\/schema\/person\/5eb9480bedd2f3c97e430ce128c29c6c","name":"danilo"}]}},"publishpress_future_action":{"enabled":false,"date":"2026-05-08 23:48:16","action":"category","newStatus":"draft","terms":[],"taxonomy":"category"},"publishpress_future_workflow_manual_trigger":{"enabledWorkflows":[]},"_links":{"self":[{"href":"https:\/\/www.oarcanjo.net\/site\/wp-json\/wp\/v2\/posts\/11055"}],"collection":[{"href":"https:\/\/www.oarcanjo.net\/site\/wp-json\/wp\/v2\/posts"}],"about":[{"href":"https:\/\/www.oarcanjo.net\/site\/wp-json\/wp\/v2\/types\/post"}],"author":[{"embeddable":true,"href":"https:\/\/www.oarcanjo.net\/site\/wp-json\/wp\/v2\/users\/14"}],"replies":[{"embeddable":true,"href":"https:\/\/www.oarcanjo.net\/site\/wp-json\/wp\/v2\/comments?post=11055"}],"version-history":[{"count":0,"href":"https:\/\/www.oarcanjo.net\/site\/wp-json\/wp\/v2\/posts\/11055\/revisions"}],"wp:attachment":[{"href":"https:\/\/www.oarcanjo.net\/site\/wp-json\/wp\/v2\/media?parent=11055"}],"wp:term":[{"taxonomy":"category","embeddable":true,"href":"https:\/\/www.oarcanjo.net\/site\/wp-json\/wp\/v2\/categories?post=11055"},{"taxonomy":"post_tag","embeddable":true,"href":"https:\/\/www.oarcanjo.net\/site\/wp-json\/wp\/v2\/tags?post=11055"}],"curies":[{"name":"wp","href":"https:\/\/api.w.org\/{rel}","templated":true}]}}