
{"id":11057,"date":"2017-09-30T00:08:24","date_gmt":"2017-09-30T03:08:24","guid":{"rendered":"http:\/\/www.oarcanjo.net\/site\/?p=11057"},"modified":"2017-07-31T08:30:47","modified_gmt":"2017-07-31T11:30:47","slug":"sao-jeronimo","status":"publish","type":"post","link":"https:\/\/www.oarcanjo.net\/site\/sao-jeronimo\/","title":{"rendered":"S\u00e3o Jer\u00f4nimo"},"content":{"rendered":"<p><img loading=\"lazy\" decoding=\"async\" src=\"http:\/\/www.simpatias.org\/wp-content\/uploads\/2008\/10\/sao_jeronimo.jpg\" alt=\"\" width=\"241\" height=\"403\" \/><\/p>\n<p>30 de Setembro<\/p>\n<p>\u00c9 incontest\u00e1vel o grande d\u00e9bito que a cultura e os crist\u00e3os, de todos os tempos, t\u00eam com este santo de intelig\u00eancia brilhante e temperamento intrat\u00e1vel. Jer\u00f4nimo nasceu em uma fam\u00edlia muito rica na Dalm\u00e1cia, hoje Cro\u00e1cia, no ano 347. Com a morte dos pais, herdou uma boa fortuna, que aplicou na realiza\u00e7\u00e3o de sua voca\u00e7\u00e3o para os estudos, pois tinha uma intelig\u00eancia privilegiada. Viajou para Roma, onde procurou os melhores mestres de ret\u00f3rica e desfrutou a juventude com uma certa liberdade. Jer\u00f4nimo estudou por toda a vida, viajando da Europa ao Oriente com sua biblioteca dos cl\u00e1ssicos antigos, nos quais era formado e graduado doutor.<\/p>\n<p>Ele foi batizado pelo papa Lib\u00e9rio, j\u00e1 com 25 anos de idade. Passando pela Fran\u00e7a, conheceu um monast\u00e9rio e decidiu retirar-se para vivenciar a experi\u00eancia espiritual. Uma de suas caracter\u00edsticas era o gosto pelas entregas radicais. Ficou muitos anos no deserto da S\u00edria, praticando rigorosos jejuns e penit\u00eancias, que quase o levaram \u00e0 morte. Em 375, depois de uma doen\u00e7a, Jer\u00f4nimo passou ao estudo da B\u00edblia com renovada paix\u00e3o. Foi ordenado sacerdote pelo bispo Paulino, na Antioquia, em 379. Mas Jer\u00f4nimo n\u00e3o tinha voca\u00e7\u00e3o pastoral e decidiu que seria um monge dedicado \u00e0 reflex\u00e3o, ao estudo e divulga\u00e7\u00e3o do cristianismo.<\/p>\n<p>Voltou para Roma em 382, chamado pelo papa D\u00e2maso, para ser seu secret\u00e1rio particular. Jer\u00f4nimo foi incumbido de traduzir a B\u00edblia, do grego e do hebraico, para o latim. Nesse trabalho, dedicou quase toda sua vida. O conjunto final de sua tradu\u00e7\u00e3o da B\u00edblia em latim chamou-se &#8220;Vulgata&#8221; e tornou-se oficial no Conc\u00edlo de Trento.<\/p>\n<p>Romano de forma\u00e7\u00e3o, Jer\u00f4nimo era um enciclop\u00e9dico. Sua obra liter\u00e1ria revelou o fil\u00f3sofo, o ret\u00f3rico, o gram\u00e1tico, o dial\u00e9tico, capaz de escrever e pensar em latim, em grego, em hebraico, escritor de estilo rico, puro e eloq\u00fcente ao mesmo tempo. Dono de personalidade e temperamento fort\u00edssimo, sua passagem despertava pol\u00eamicas ou entusiasmos.<\/p>\n<p>Devido a certas intrigas do meio romano, retirou-se para Bel\u00e9m, onde viveu como um monge, continuando seus estudos e trabalhos b\u00edblicos. Para n\u00e3o ser esquecido, reaparecia, de vez em quando, com um novo livro. Suas viol\u00eancias verbais n\u00e3o perdoavam ningu\u00e9m. Teve palavras duras para Ambr\u00f3sio, Bas\u00edlio e para com o pr\u00f3prio Agostinho. Mas sempre amenizava as intemperan\u00e7as do seu car\u00e1ter para que prevalecesse o direito espiritual.<\/p>\n<p>Jer\u00f4nimo era fant\u00e1stico, consciente de suas pr\u00f3prias culpas e de seus limites, tinha total clareza de seus merecimentos. Ao escrever o livro &#8220;Homens ilustres&#8221;, concluiu-o com um cap\u00edtulo dedicado a ele mesmo. Morreu de velhice no ano 420, em 30 de setembro, em Bel\u00e9m. Foi declarado padroeiro dos estudos b\u00edblicos e \u00e9 celebrado no dia de sua morte.<\/p>\n<div id=\"themify_builder_content-11057\" data-postid=\"11057\" class=\"themify_builder_content themify_builder_content-11057 themify_builder themify_builder_front\">\n\t<\/div>\n<!-- \/themify_builder_content -->","protected":false},"excerpt":{"rendered":"<p>30 de Setembro \u00c9 incontest\u00e1vel o grande d\u00e9bito que a cultura e os crist\u00e3os, de todos os tempos, t\u00eam com este santo de intelig\u00eancia brilhante e temperamento intrat\u00e1vel. Jer\u00f4nimo nasceu em uma fam\u00edlia muito rica na Dalm\u00e1cia, hoje Cro\u00e1cia, no ano 347. Com a morte dos pais, herdou uma boa fortuna, que aplicou na realiza\u00e7\u00e3o [&hellip;]<\/p>\n","protected":false},"author":14,"featured_media":0,"comment_status":"open","ping_status":"open","sticky":false,"template":"","format":"standard","meta":{"ngg_post_thumbnail":0,"footnotes":""},"categories":[186],"tags":[],"yoast_head":"<!-- This site is optimized with the Yoast SEO plugin v23.5 - https:\/\/yoast.com\/wordpress\/plugins\/seo\/ -->\n<title>S\u00e3o Jer\u00f4nimo - O Arcanjo no ar<\/title>\n<meta name=\"robots\" content=\"index, follow, max-snippet:-1, max-image-preview:large, max-video-preview:-1\" \/>\n<link rel=\"canonical\" href=\"https:\/\/www.oarcanjo.net\/site\/sao-jeronimo\/\" \/>\n<meta property=\"og:locale\" content=\"pt_BR\" \/>\n<meta property=\"og:type\" content=\"article\" \/>\n<meta property=\"og:title\" content=\"S\u00e3o Jer\u00f4nimo - O Arcanjo no ar\" \/>\n<meta property=\"og:description\" content=\"30 de Setembro \u00c9 incontest\u00e1vel o grande d\u00e9bito que a cultura e os crist\u00e3os, de todos os tempos, t\u00eam com este santo de intelig\u00eancia brilhante e temperamento intrat\u00e1vel. Jer\u00f4nimo nasceu em uma fam\u00edlia muito rica na Dalm\u00e1cia, hoje Cro\u00e1cia, no ano 347. Com a morte dos pais, herdou uma boa fortuna, que aplicou na realiza\u00e7\u00e3o [&hellip;]\" \/>\n<meta property=\"og:url\" content=\"https:\/\/www.oarcanjo.net\/site\/sao-jeronimo\/\" \/>\n<meta property=\"og:site_name\" content=\"O Arcanjo no ar\" \/>\n<meta property=\"article:publisher\" content=\"https:\/\/www.facebook.com\/OArcanjoNoAr\/\" \/>\n<meta property=\"article:published_time\" content=\"2017-09-30T03:08:24+00:00\" \/>\n<meta property=\"article:modified_time\" content=\"2017-07-31T11:30:47+00:00\" \/>\n<meta property=\"og:image\" content=\"http:\/\/www.simpatias.org\/wp-content\/uploads\/2008\/10\/sao_jeronimo.jpg\" \/>\n<meta name=\"author\" content=\"danilo\" \/>\n<meta name=\"twitter:card\" content=\"summary_large_image\" \/>\n<meta name=\"twitter:label1\" content=\"Escrito por\" \/>\n\t<meta name=\"twitter:data1\" content=\"danilo\" \/>\n\t<meta name=\"twitter:label2\" content=\"Est. tempo de leitura\" \/>\n\t<meta name=\"twitter:data2\" content=\"2 minutos\" \/>\n<script type=\"application\/ld+json\" class=\"yoast-schema-graph\">{\"@context\":\"https:\/\/schema.org\",\"@graph\":[{\"@type\":\"Article\",\"@id\":\"https:\/\/www.oarcanjo.net\/site\/sao-jeronimo\/#article\",\"isPartOf\":{\"@id\":\"https:\/\/www.oarcanjo.net\/site\/sao-jeronimo\/\"},\"author\":{\"name\":\"danilo\",\"@id\":\"https:\/\/www.oarcanjo.net\/site\/#\/schema\/person\/5eb9480bedd2f3c97e430ce128c29c6c\"},\"headline\":\"S\u00e3o Jer\u00f4nimo\",\"datePublished\":\"2017-09-30T03:08:24+00:00\",\"dateModified\":\"2017-07-31T11:30:47+00:00\",\"mainEntityOfPage\":{\"@id\":\"https:\/\/www.oarcanjo.net\/site\/sao-jeronimo\/\"},\"wordCount\":498,\"commentCount\":0,\"publisher\":{\"@id\":\"https:\/\/www.oarcanjo.net\/site\/#organization\"},\"image\":{\"@id\":\"https:\/\/www.oarcanjo.net\/site\/sao-jeronimo\/#primaryimage\"},\"thumbnailUrl\":\"http:\/\/www.simpatias.org\/wp-content\/uploads\/2008\/10\/sao_jeronimo.jpg\",\"articleSection\":[\"Testemunhos\"],\"inLanguage\":\"pt-BR\",\"potentialAction\":[{\"@type\":\"CommentAction\",\"name\":\"Comment\",\"target\":[\"https:\/\/www.oarcanjo.net\/site\/sao-jeronimo\/#respond\"]}]},{\"@type\":\"WebPage\",\"@id\":\"https:\/\/www.oarcanjo.net\/site\/sao-jeronimo\/\",\"url\":\"https:\/\/www.oarcanjo.net\/site\/sao-jeronimo\/\",\"name\":\"S\u00e3o Jer\u00f4nimo - O Arcanjo no ar\",\"isPartOf\":{\"@id\":\"https:\/\/www.oarcanjo.net\/site\/#website\"},\"primaryImageOfPage\":{\"@id\":\"https:\/\/www.oarcanjo.net\/site\/sao-jeronimo\/#primaryimage\"},\"image\":{\"@id\":\"https:\/\/www.oarcanjo.net\/site\/sao-jeronimo\/#primaryimage\"},\"thumbnailUrl\":\"http:\/\/www.simpatias.org\/wp-content\/uploads\/2008\/10\/sao_jeronimo.jpg\",\"datePublished\":\"2017-09-30T03:08:24+00:00\",\"dateModified\":\"2017-07-31T11:30:47+00:00\",\"breadcrumb\":{\"@id\":\"https:\/\/www.oarcanjo.net\/site\/sao-jeronimo\/#breadcrumb\"},\"inLanguage\":\"pt-BR\",\"potentialAction\":[{\"@type\":\"ReadAction\",\"target\":[\"https:\/\/www.oarcanjo.net\/site\/sao-jeronimo\/\"]}]},{\"@type\":\"ImageObject\",\"inLanguage\":\"pt-BR\",\"@id\":\"https:\/\/www.oarcanjo.net\/site\/sao-jeronimo\/#primaryimage\",\"url\":\"http:\/\/www.simpatias.org\/wp-content\/uploads\/2008\/10\/sao_jeronimo.jpg\",\"contentUrl\":\"http:\/\/www.simpatias.org\/wp-content\/uploads\/2008\/10\/sao_jeronimo.jpg\"},{\"@type\":\"BreadcrumbList\",\"@id\":\"https:\/\/www.oarcanjo.net\/site\/sao-jeronimo\/#breadcrumb\",\"itemListElement\":[{\"@type\":\"ListItem\",\"position\":1,\"name\":\"In\u00edcio\",\"item\":\"https:\/\/www.oarcanjo.net\/site\/\"},{\"@type\":\"ListItem\",\"position\":2,\"name\":\"S\u00e3o Jer\u00f4nimo\"}]},{\"@type\":\"WebSite\",\"@id\":\"https:\/\/www.oarcanjo.net\/site\/#website\",\"url\":\"https:\/\/www.oarcanjo.net\/site\/\",\"name\":\"O Arcanjo no ar\",\"description\":\"Site da Par\u00f3quia S\u00e3o Miguel Arcanjo (Arquidiocese de SP)\",\"publisher\":{\"@id\":\"https:\/\/www.oarcanjo.net\/site\/#organization\"},\"potentialAction\":[{\"@type\":\"SearchAction\",\"target\":{\"@type\":\"EntryPoint\",\"urlTemplate\":\"https:\/\/www.oarcanjo.net\/site\/?s={search_term_string}\"},\"query-input\":{\"@type\":\"PropertyValueSpecification\",\"valueRequired\":true,\"valueName\":\"search_term_string\"}}],\"inLanguage\":\"pt-BR\"},{\"@type\":\"Organization\",\"@id\":\"https:\/\/www.oarcanjo.net\/site\/#organization\",\"name\":\"Par\u00f3quia S\u00e3o Miguel Arcanjo\",\"url\":\"https:\/\/www.oarcanjo.net\/site\/\",\"logo\":{\"@type\":\"ImageObject\",\"inLanguage\":\"pt-BR\",\"@id\":\"https:\/\/www.oarcanjo.net\/site\/#\/schema\/logo\/image\/\",\"url\":\"https:\/\/www.oarcanjo.net\/site\/wp-content\/uploads\/LogoOArcanjo.png\",\"contentUrl\":\"https:\/\/www.oarcanjo.net\/site\/wp-content\/uploads\/LogoOArcanjo.png\",\"width\":319,\"height\":99,\"caption\":\"Par\u00f3quia S\u00e3o Miguel Arcanjo\"},\"image\":{\"@id\":\"https:\/\/www.oarcanjo.net\/site\/#\/schema\/logo\/image\/\"},\"sameAs\":[\"https:\/\/www.facebook.com\/OArcanjoNoAr\/\"]},{\"@type\":\"Person\",\"@id\":\"https:\/\/www.oarcanjo.net\/site\/#\/schema\/person\/5eb9480bedd2f3c97e430ce128c29c6c\",\"name\":\"danilo\"}]}<\/script>\n<!-- \/ Yoast SEO plugin. -->","yoast_head_json":{"title":"S\u00e3o Jer\u00f4nimo - O Arcanjo no ar","robots":{"index":"index","follow":"follow","max-snippet":"max-snippet:-1","max-image-preview":"max-image-preview:large","max-video-preview":"max-video-preview:-1"},"canonical":"https:\/\/www.oarcanjo.net\/site\/sao-jeronimo\/","og_locale":"pt_BR","og_type":"article","og_title":"S\u00e3o Jer\u00f4nimo - O Arcanjo no ar","og_description":"30 de Setembro \u00c9 incontest\u00e1vel o grande d\u00e9bito que a cultura e os crist\u00e3os, de todos os tempos, t\u00eam com este santo de intelig\u00eancia brilhante e temperamento intrat\u00e1vel. Jer\u00f4nimo nasceu em uma fam\u00edlia muito rica na Dalm\u00e1cia, hoje Cro\u00e1cia, no ano 347. Com a morte dos pais, herdou uma boa fortuna, que aplicou na realiza\u00e7\u00e3o [&hellip;]","og_url":"https:\/\/www.oarcanjo.net\/site\/sao-jeronimo\/","og_site_name":"O Arcanjo no ar","article_publisher":"https:\/\/www.facebook.com\/OArcanjoNoAr\/","article_published_time":"2017-09-30T03:08:24+00:00","article_modified_time":"2017-07-31T11:30:47+00:00","og_image":[{"url":"http:\/\/www.simpatias.org\/wp-content\/uploads\/2008\/10\/sao_jeronimo.jpg"}],"author":"danilo","twitter_card":"summary_large_image","twitter_misc":{"Escrito por":"danilo","Est. tempo de leitura":"2 minutos"},"schema":{"@context":"https:\/\/schema.org","@graph":[{"@type":"Article","@id":"https:\/\/www.oarcanjo.net\/site\/sao-jeronimo\/#article","isPartOf":{"@id":"https:\/\/www.oarcanjo.net\/site\/sao-jeronimo\/"},"author":{"name":"danilo","@id":"https:\/\/www.oarcanjo.net\/site\/#\/schema\/person\/5eb9480bedd2f3c97e430ce128c29c6c"},"headline":"S\u00e3o Jer\u00f4nimo","datePublished":"2017-09-30T03:08:24+00:00","dateModified":"2017-07-31T11:30:47+00:00","mainEntityOfPage":{"@id":"https:\/\/www.oarcanjo.net\/site\/sao-jeronimo\/"},"wordCount":498,"commentCount":0,"publisher":{"@id":"https:\/\/www.oarcanjo.net\/site\/#organization"},"image":{"@id":"https:\/\/www.oarcanjo.net\/site\/sao-jeronimo\/#primaryimage"},"thumbnailUrl":"http:\/\/www.simpatias.org\/wp-content\/uploads\/2008\/10\/sao_jeronimo.jpg","articleSection":["Testemunhos"],"inLanguage":"pt-BR","potentialAction":[{"@type":"CommentAction","name":"Comment","target":["https:\/\/www.oarcanjo.net\/site\/sao-jeronimo\/#respond"]}]},{"@type":"WebPage","@id":"https:\/\/www.oarcanjo.net\/site\/sao-jeronimo\/","url":"https:\/\/www.oarcanjo.net\/site\/sao-jeronimo\/","name":"S\u00e3o Jer\u00f4nimo - O Arcanjo no ar","isPartOf":{"@id":"https:\/\/www.oarcanjo.net\/site\/#website"},"primaryImageOfPage":{"@id":"https:\/\/www.oarcanjo.net\/site\/sao-jeronimo\/#primaryimage"},"image":{"@id":"https:\/\/www.oarcanjo.net\/site\/sao-jeronimo\/#primaryimage"},"thumbnailUrl":"http:\/\/www.simpatias.org\/wp-content\/uploads\/2008\/10\/sao_jeronimo.jpg","datePublished":"2017-09-30T03:08:24+00:00","dateModified":"2017-07-31T11:30:47+00:00","breadcrumb":{"@id":"https:\/\/www.oarcanjo.net\/site\/sao-jeronimo\/#breadcrumb"},"inLanguage":"pt-BR","potentialAction":[{"@type":"ReadAction","target":["https:\/\/www.oarcanjo.net\/site\/sao-jeronimo\/"]}]},{"@type":"ImageObject","inLanguage":"pt-BR","@id":"https:\/\/www.oarcanjo.net\/site\/sao-jeronimo\/#primaryimage","url":"http:\/\/www.simpatias.org\/wp-content\/uploads\/2008\/10\/sao_jeronimo.jpg","contentUrl":"http:\/\/www.simpatias.org\/wp-content\/uploads\/2008\/10\/sao_jeronimo.jpg"},{"@type":"BreadcrumbList","@id":"https:\/\/www.oarcanjo.net\/site\/sao-jeronimo\/#breadcrumb","itemListElement":[{"@type":"ListItem","position":1,"name":"In\u00edcio","item":"https:\/\/www.oarcanjo.net\/site\/"},{"@type":"ListItem","position":2,"name":"S\u00e3o Jer\u00f4nimo"}]},{"@type":"WebSite","@id":"https:\/\/www.oarcanjo.net\/site\/#website","url":"https:\/\/www.oarcanjo.net\/site\/","name":"O Arcanjo no ar","description":"Site da Par\u00f3quia S\u00e3o Miguel Arcanjo (Arquidiocese de SP)","publisher":{"@id":"https:\/\/www.oarcanjo.net\/site\/#organization"},"potentialAction":[{"@type":"SearchAction","target":{"@type":"EntryPoint","urlTemplate":"https:\/\/www.oarcanjo.net\/site\/?s={search_term_string}"},"query-input":{"@type":"PropertyValueSpecification","valueRequired":true,"valueName":"search_term_string"}}],"inLanguage":"pt-BR"},{"@type":"Organization","@id":"https:\/\/www.oarcanjo.net\/site\/#organization","name":"Par\u00f3quia S\u00e3o Miguel Arcanjo","url":"https:\/\/www.oarcanjo.net\/site\/","logo":{"@type":"ImageObject","inLanguage":"pt-BR","@id":"https:\/\/www.oarcanjo.net\/site\/#\/schema\/logo\/image\/","url":"https:\/\/www.oarcanjo.net\/site\/wp-content\/uploads\/LogoOArcanjo.png","contentUrl":"https:\/\/www.oarcanjo.net\/site\/wp-content\/uploads\/LogoOArcanjo.png","width":319,"height":99,"caption":"Par\u00f3quia S\u00e3o Miguel Arcanjo"},"image":{"@id":"https:\/\/www.oarcanjo.net\/site\/#\/schema\/logo\/image\/"},"sameAs":["https:\/\/www.facebook.com\/OArcanjoNoAr\/"]},{"@type":"Person","@id":"https:\/\/www.oarcanjo.net\/site\/#\/schema\/person\/5eb9480bedd2f3c97e430ce128c29c6c","name":"danilo"}]}},"publishpress_future_action":{"enabled":false,"date":"2026-05-08 23:39:05","action":"category","newStatus":"draft","terms":[],"taxonomy":"category"},"publishpress_future_workflow_manual_trigger":{"enabledWorkflows":[]},"_links":{"self":[{"href":"https:\/\/www.oarcanjo.net\/site\/wp-json\/wp\/v2\/posts\/11057"}],"collection":[{"href":"https:\/\/www.oarcanjo.net\/site\/wp-json\/wp\/v2\/posts"}],"about":[{"href":"https:\/\/www.oarcanjo.net\/site\/wp-json\/wp\/v2\/types\/post"}],"author":[{"embeddable":true,"href":"https:\/\/www.oarcanjo.net\/site\/wp-json\/wp\/v2\/users\/14"}],"replies":[{"embeddable":true,"href":"https:\/\/www.oarcanjo.net\/site\/wp-json\/wp\/v2\/comments?post=11057"}],"version-history":[{"count":0,"href":"https:\/\/www.oarcanjo.net\/site\/wp-json\/wp\/v2\/posts\/11057\/revisions"}],"wp:attachment":[{"href":"https:\/\/www.oarcanjo.net\/site\/wp-json\/wp\/v2\/media?parent=11057"}],"wp:term":[{"taxonomy":"category","embeddable":true,"href":"https:\/\/www.oarcanjo.net\/site\/wp-json\/wp\/v2\/categories?post=11057"},{"taxonomy":"post_tag","embeddable":true,"href":"https:\/\/www.oarcanjo.net\/site\/wp-json\/wp\/v2\/tags?post=11057"}],"curies":[{"name":"wp","href":"https:\/\/api.w.org\/{rel}","templated":true}]}}