
{"id":11059,"date":"2017-09-30T00:01:10","date_gmt":"2017-09-30T03:01:10","guid":{"rendered":"http:\/\/www.oarcanjo.net\/site\/?p=11059"},"modified":"2017-07-31T08:30:43","modified_gmt":"2017-07-31T11:30:43","slug":"sao-gregorio-o-iluminador","status":"publish","type":"post","link":"https:\/\/www.oarcanjo.net\/site\/sao-gregorio-o-iluminador\/","title":{"rendered":"S\u00e3o Greg\u00f3rio, o iluminador"},"content":{"rendered":"<p><img loading=\"lazy\" decoding=\"async\" class=\"alignnone size-full wp-image-51237\" src=\"http:\/\/www.oarcanjo.net\/site\/wp-content\/uploads\/Sao-Gregorio.jpg\" alt=\"S\u00e3o Greg\u00f3rio, o iluminador\" width=\"230\" height=\"293\" \/><\/p>\n<p>30 de Setembro<\/p>\n<p>Greg\u00f3rio nasceu na cidade de Valarxabad, na Arm\u00eania, por volta do ano 257. Seu pai matou o rei da Arm\u00eania, seu parente, numa conspira\u00e7\u00e3o com o reino da P\u00e9rsia, que assumiu o poder. Os soldados arm\u00eanios encontraram o assassino do monarca e o executaram com toda a fam\u00edlia, exceto o filho de um ano de idade, Greg\u00f3rio.<\/p>\n<p>O rei persa assumiu o trono da Arm\u00eania, n\u00e3o sem antes matar toda a fam\u00edlia real. Entretanto o pr\u00edncipe sucessor, Tir\u00eddates, e sua irm\u00e3, ainda crian\u00e7as, conseguiram ser poupados, sendo enviados para Roma, onde receberam uma educa\u00e7\u00e3o pag\u00e3 digna da nobreza da \u00e9poca. O pequeno monarca recebeu, tamb\u00e9m, esmerada forma\u00e7\u00e3o militar, destacando-se pela valentia.<\/p>\n<p>Ao mesmo tempo, Greg\u00f3rio foi enviado para a Cesarea da Capad\u00f3cia, onde recebeu educa\u00e7\u00e3o e forma\u00e7\u00e3o crist\u00e3. Aos vinte e dois anos, casou-se com uma jovem tamb\u00e9m crist\u00e3 e teve dois filhos, Vertanes e Aristakes. Depois de sete anos, o casal, de comum acordo, interrompeu a vida matrimonial. Ela foi viver retirada num convento, mas sem vestir o h\u00e1bito. Ele se ordenou sacerdote e partiu da Cesarea.<\/p>\n<p>Em 287, por interesse do Imp\u00e9rio Romano, que desejava tirar a Arm\u00eania do poder dos persas, Tir\u00eddates foi enviado, com soldados romanos, para retomar o trono que era seu por direito. Curiosamente, nesse ex\u00e9rcito estava tamb\u00e9m Greg\u00f3rio, que era seu colaborador e conselheiro particular.<\/p>\n<p>Vitorioso, tornou-se Tir\u00eddates III, rei da Arm\u00eania. Para agradecer a reconquista, mandou que Greg\u00f3rio fosse, pessoalmente, oferecer flores e incenso aos deuses no templo pag\u00e3o. Como se negou a obedecer \u00e0 ordem por ser crist\u00e3o, o rei mandou tortur\u00e1-lo. Mas a situa\u00e7\u00e3o de Greg\u00f3rio ficou muito pior ao ser denunciado como o filho do assassino do pai do rei. Revoltado, o monarca mandou intensificar as torturas e depois jog\u00e1-lo no fundo da masmorra mais profunda da Arm\u00eania, onde ficou no esquecimento.<\/p>\n<p>Quinze anos mais tarde, Tir\u00eddates III contraiu uma doen\u00e7a contagiosa incur\u00e1vel e sofria muitas dores. Nessa ocasi\u00e3o, a princesa sua irm\u00e3 teve dois sonhos reveladores: neles, uma voz dizia-lhe que a \u00fanica pessoa capaz de curar o rei era Greg\u00f3rio. Assustada, mesmo acreditando que ele j\u00e1 havia morrido, enviou um mensageiro \u00e0 masmorra, que o descobriu ainda vivo.<\/p>\n<p>Greg\u00f3rio foi libertado e curou, milagrosamente, o rei da doen\u00e7a contagiosa, por meio das ora\u00e7\u00f5es crist\u00e3s. Tocado pela f\u00e9, Tir\u00eddates III fez-se batizar, juntamente com toda a sua fam\u00edlia, sua Corte e seu povo. Assim, a Arm\u00eania, que fora evangelizada, segundo a tradi\u00e7\u00e3o, pelos ap\u00f3stolos Bartolomeu e Tadeu, tornou-se a primeira na\u00e7\u00e3o oficialmente crist\u00e3 em 301, por obra de Greg\u00f3rio, o iluminador, como passou a ser chamado.<\/p>\n<p>Ele se tornou o bispo da Capad\u00f3cia e um dos maiores l\u00edderes da Igreja arm\u00eania, cuja sede apost\u00f3lica, a catedral de Etchmiadzin, construiu em 303. Mandou chamar seus dois filhos para auxili\u00e1-lo. Depois, j\u00e1 cansado e com a sensa\u00e7\u00e3o do dever cumprido, foi sucedido, como chefe supremo dos crist\u00e3os, pelo seu filho Aristakes, que morreu antes do pai. Ent\u00e3o, quem assumiu o comando da sede episcopal foi o outro filho, Vertanes. Dessa maneira, Greg\u00f3rio p\u00f4de, enfim, realizar seu grande sonho, que era o de retirar-se para um lugar solit\u00e1rio e viver apenas de ora\u00e7\u00e3o e penit\u00eancia, at\u00e9 a morte, em 332.<\/p>\n<p>S\u00e3o Greg\u00f3rio, o iluminador, \u00e9 venerado n\u00e3o somente como o ap\u00f3stolo e padroeiro da Arm\u00eania, mas tamb\u00e9m como evangelizador das igrejas s\u00edria e greco-ortodoxa. Na masmorra onde ficou preso e esquecido, foi constru\u00eddo o mosteiro de Khor Virap, que significa &#8220;po\u00e7o profundo&#8221;, para preservar o local original a quarenta metros de profundidade.<\/p>\n<div id=\"themify_builder_content-11059\" data-postid=\"11059\" class=\"themify_builder_content themify_builder_content-11059 themify_builder themify_builder_front\">\n\t<\/div>\n<!-- \/themify_builder_content -->","protected":false},"excerpt":{"rendered":"<p>30 de Setembro Greg\u00f3rio nasceu na cidade de Valarxabad, na Arm\u00eania, por volta do ano 257. Seu pai matou o rei da Arm\u00eania, seu parente, numa conspira\u00e7\u00e3o com o reino da P\u00e9rsia, que assumiu o poder. Os soldados arm\u00eanios encontraram o assassino do monarca e o executaram com toda a fam\u00edlia, exceto o filho de [&hellip;]<\/p>\n","protected":false},"author":14,"featured_media":0,"comment_status":"open","ping_status":"open","sticky":false,"template":"","format":"standard","meta":{"ngg_post_thumbnail":0,"footnotes":""},"categories":[186],"tags":[],"yoast_head":"<!-- This site is optimized with the Yoast SEO plugin v23.5 - https:\/\/yoast.com\/wordpress\/plugins\/seo\/ -->\n<title>S\u00e3o Greg\u00f3rio, o iluminador - O Arcanjo no ar<\/title>\n<meta name=\"robots\" content=\"index, follow, max-snippet:-1, max-image-preview:large, max-video-preview:-1\" \/>\n<link rel=\"canonical\" href=\"https:\/\/www.oarcanjo.net\/site\/sao-gregorio-o-iluminador\/\" \/>\n<meta property=\"og:locale\" content=\"pt_BR\" \/>\n<meta property=\"og:type\" content=\"article\" \/>\n<meta property=\"og:title\" content=\"S\u00e3o Greg\u00f3rio, o iluminador - O Arcanjo no ar\" \/>\n<meta property=\"og:description\" content=\"30 de Setembro Greg\u00f3rio nasceu na cidade de Valarxabad, na Arm\u00eania, por volta do ano 257. Seu pai matou o rei da Arm\u00eania, seu parente, numa conspira\u00e7\u00e3o com o reino da P\u00e9rsia, que assumiu o poder. Os soldados arm\u00eanios encontraram o assassino do monarca e o executaram com toda a fam\u00edlia, exceto o filho de [&hellip;]\" \/>\n<meta property=\"og:url\" content=\"https:\/\/www.oarcanjo.net\/site\/sao-gregorio-o-iluminador\/\" \/>\n<meta property=\"og:site_name\" content=\"O Arcanjo no ar\" \/>\n<meta property=\"article:publisher\" content=\"https:\/\/www.facebook.com\/OArcanjoNoAr\/\" \/>\n<meta property=\"article:published_time\" content=\"2017-09-30T03:01:10+00:00\" \/>\n<meta property=\"article:modified_time\" content=\"2017-07-31T11:30:43+00:00\" \/>\n<meta property=\"og:image\" content=\"http:\/\/www.oarcanjo.net\/site\/wp-content\/uploads\/Sao-Gregorio.jpg\" \/>\n<meta name=\"author\" content=\"danilo\" \/>\n<meta name=\"twitter:card\" content=\"summary_large_image\" \/>\n<meta name=\"twitter:label1\" content=\"Escrito por\" \/>\n\t<meta name=\"twitter:data1\" content=\"danilo\" \/>\n\t<meta name=\"twitter:label2\" content=\"Est. tempo de leitura\" \/>\n\t<meta name=\"twitter:data2\" content=\"3 minutos\" \/>\n<script type=\"application\/ld+json\" class=\"yoast-schema-graph\">{\"@context\":\"https:\/\/schema.org\",\"@graph\":[{\"@type\":\"Article\",\"@id\":\"https:\/\/www.oarcanjo.net\/site\/sao-gregorio-o-iluminador\/#article\",\"isPartOf\":{\"@id\":\"https:\/\/www.oarcanjo.net\/site\/sao-gregorio-o-iluminador\/\"},\"author\":{\"name\":\"danilo\",\"@id\":\"https:\/\/www.oarcanjo.net\/site\/#\/schema\/person\/5eb9480bedd2f3c97e430ce128c29c6c\"},\"headline\":\"S\u00e3o Greg\u00f3rio, o iluminador\",\"datePublished\":\"2017-09-30T03:01:10+00:00\",\"dateModified\":\"2017-07-31T11:30:43+00:00\",\"mainEntityOfPage\":{\"@id\":\"https:\/\/www.oarcanjo.net\/site\/sao-gregorio-o-iluminador\/\"},\"wordCount\":658,\"commentCount\":0,\"publisher\":{\"@id\":\"https:\/\/www.oarcanjo.net\/site\/#organization\"},\"image\":{\"@id\":\"https:\/\/www.oarcanjo.net\/site\/sao-gregorio-o-iluminador\/#primaryimage\"},\"thumbnailUrl\":\"http:\/\/www.oarcanjo.net\/site\/wp-content\/uploads\/Sao-Gregorio.jpg\",\"articleSection\":[\"Testemunhos\"],\"inLanguage\":\"pt-BR\",\"potentialAction\":[{\"@type\":\"CommentAction\",\"name\":\"Comment\",\"target\":[\"https:\/\/www.oarcanjo.net\/site\/sao-gregorio-o-iluminador\/#respond\"]}]},{\"@type\":\"WebPage\",\"@id\":\"https:\/\/www.oarcanjo.net\/site\/sao-gregorio-o-iluminador\/\",\"url\":\"https:\/\/www.oarcanjo.net\/site\/sao-gregorio-o-iluminador\/\",\"name\":\"S\u00e3o Greg\u00f3rio, o iluminador - O Arcanjo no ar\",\"isPartOf\":{\"@id\":\"https:\/\/www.oarcanjo.net\/site\/#website\"},\"primaryImageOfPage\":{\"@id\":\"https:\/\/www.oarcanjo.net\/site\/sao-gregorio-o-iluminador\/#primaryimage\"},\"image\":{\"@id\":\"https:\/\/www.oarcanjo.net\/site\/sao-gregorio-o-iluminador\/#primaryimage\"},\"thumbnailUrl\":\"http:\/\/www.oarcanjo.net\/site\/wp-content\/uploads\/Sao-Gregorio.jpg\",\"datePublished\":\"2017-09-30T03:01:10+00:00\",\"dateModified\":\"2017-07-31T11:30:43+00:00\",\"breadcrumb\":{\"@id\":\"https:\/\/www.oarcanjo.net\/site\/sao-gregorio-o-iluminador\/#breadcrumb\"},\"inLanguage\":\"pt-BR\",\"potentialAction\":[{\"@type\":\"ReadAction\",\"target\":[\"https:\/\/www.oarcanjo.net\/site\/sao-gregorio-o-iluminador\/\"]}]},{\"@type\":\"ImageObject\",\"inLanguage\":\"pt-BR\",\"@id\":\"https:\/\/www.oarcanjo.net\/site\/sao-gregorio-o-iluminador\/#primaryimage\",\"url\":\"https:\/\/www.oarcanjo.net\/site\/wp-content\/uploads\/Sao-Gregorio.jpg\",\"contentUrl\":\"https:\/\/www.oarcanjo.net\/site\/wp-content\/uploads\/Sao-Gregorio.jpg\",\"width\":230,\"height\":293,\"caption\":\"S\u00e3o Greg\u00f3rio, o iluminador\"},{\"@type\":\"BreadcrumbList\",\"@id\":\"https:\/\/www.oarcanjo.net\/site\/sao-gregorio-o-iluminador\/#breadcrumb\",\"itemListElement\":[{\"@type\":\"ListItem\",\"position\":1,\"name\":\"In\u00edcio\",\"item\":\"https:\/\/www.oarcanjo.net\/site\/\"},{\"@type\":\"ListItem\",\"position\":2,\"name\":\"S\u00e3o Greg\u00f3rio, o iluminador\"}]},{\"@type\":\"WebSite\",\"@id\":\"https:\/\/www.oarcanjo.net\/site\/#website\",\"url\":\"https:\/\/www.oarcanjo.net\/site\/\",\"name\":\"O Arcanjo no ar\",\"description\":\"Site da Par\u00f3quia S\u00e3o Miguel Arcanjo (Arquidiocese de SP)\",\"publisher\":{\"@id\":\"https:\/\/www.oarcanjo.net\/site\/#organization\"},\"potentialAction\":[{\"@type\":\"SearchAction\",\"target\":{\"@type\":\"EntryPoint\",\"urlTemplate\":\"https:\/\/www.oarcanjo.net\/site\/?s={search_term_string}\"},\"query-input\":{\"@type\":\"PropertyValueSpecification\",\"valueRequired\":true,\"valueName\":\"search_term_string\"}}],\"inLanguage\":\"pt-BR\"},{\"@type\":\"Organization\",\"@id\":\"https:\/\/www.oarcanjo.net\/site\/#organization\",\"name\":\"Par\u00f3quia S\u00e3o Miguel Arcanjo\",\"url\":\"https:\/\/www.oarcanjo.net\/site\/\",\"logo\":{\"@type\":\"ImageObject\",\"inLanguage\":\"pt-BR\",\"@id\":\"https:\/\/www.oarcanjo.net\/site\/#\/schema\/logo\/image\/\",\"url\":\"https:\/\/www.oarcanjo.net\/site\/wp-content\/uploads\/LogoOArcanjo.png\",\"contentUrl\":\"https:\/\/www.oarcanjo.net\/site\/wp-content\/uploads\/LogoOArcanjo.png\",\"width\":319,\"height\":99,\"caption\":\"Par\u00f3quia S\u00e3o Miguel Arcanjo\"},\"image\":{\"@id\":\"https:\/\/www.oarcanjo.net\/site\/#\/schema\/logo\/image\/\"},\"sameAs\":[\"https:\/\/www.facebook.com\/OArcanjoNoAr\/\"]},{\"@type\":\"Person\",\"@id\":\"https:\/\/www.oarcanjo.net\/site\/#\/schema\/person\/5eb9480bedd2f3c97e430ce128c29c6c\",\"name\":\"danilo\"}]}<\/script>\n<!-- \/ Yoast SEO plugin. -->","yoast_head_json":{"title":"S\u00e3o Greg\u00f3rio, o iluminador - O Arcanjo no ar","robots":{"index":"index","follow":"follow","max-snippet":"max-snippet:-1","max-image-preview":"max-image-preview:large","max-video-preview":"max-video-preview:-1"},"canonical":"https:\/\/www.oarcanjo.net\/site\/sao-gregorio-o-iluminador\/","og_locale":"pt_BR","og_type":"article","og_title":"S\u00e3o Greg\u00f3rio, o iluminador - O Arcanjo no ar","og_description":"30 de Setembro Greg\u00f3rio nasceu na cidade de Valarxabad, na Arm\u00eania, por volta do ano 257. Seu pai matou o rei da Arm\u00eania, seu parente, numa conspira\u00e7\u00e3o com o reino da P\u00e9rsia, que assumiu o poder. Os soldados arm\u00eanios encontraram o assassino do monarca e o executaram com toda a fam\u00edlia, exceto o filho de [&hellip;]","og_url":"https:\/\/www.oarcanjo.net\/site\/sao-gregorio-o-iluminador\/","og_site_name":"O Arcanjo no ar","article_publisher":"https:\/\/www.facebook.com\/OArcanjoNoAr\/","article_published_time":"2017-09-30T03:01:10+00:00","article_modified_time":"2017-07-31T11:30:43+00:00","og_image":[{"url":"http:\/\/www.oarcanjo.net\/site\/wp-content\/uploads\/Sao-Gregorio.jpg"}],"author":"danilo","twitter_card":"summary_large_image","twitter_misc":{"Escrito por":"danilo","Est. tempo de leitura":"3 minutos"},"schema":{"@context":"https:\/\/schema.org","@graph":[{"@type":"Article","@id":"https:\/\/www.oarcanjo.net\/site\/sao-gregorio-o-iluminador\/#article","isPartOf":{"@id":"https:\/\/www.oarcanjo.net\/site\/sao-gregorio-o-iluminador\/"},"author":{"name":"danilo","@id":"https:\/\/www.oarcanjo.net\/site\/#\/schema\/person\/5eb9480bedd2f3c97e430ce128c29c6c"},"headline":"S\u00e3o Greg\u00f3rio, o iluminador","datePublished":"2017-09-30T03:01:10+00:00","dateModified":"2017-07-31T11:30:43+00:00","mainEntityOfPage":{"@id":"https:\/\/www.oarcanjo.net\/site\/sao-gregorio-o-iluminador\/"},"wordCount":658,"commentCount":0,"publisher":{"@id":"https:\/\/www.oarcanjo.net\/site\/#organization"},"image":{"@id":"https:\/\/www.oarcanjo.net\/site\/sao-gregorio-o-iluminador\/#primaryimage"},"thumbnailUrl":"http:\/\/www.oarcanjo.net\/site\/wp-content\/uploads\/Sao-Gregorio.jpg","articleSection":["Testemunhos"],"inLanguage":"pt-BR","potentialAction":[{"@type":"CommentAction","name":"Comment","target":["https:\/\/www.oarcanjo.net\/site\/sao-gregorio-o-iluminador\/#respond"]}]},{"@type":"WebPage","@id":"https:\/\/www.oarcanjo.net\/site\/sao-gregorio-o-iluminador\/","url":"https:\/\/www.oarcanjo.net\/site\/sao-gregorio-o-iluminador\/","name":"S\u00e3o Greg\u00f3rio, o iluminador - O Arcanjo no ar","isPartOf":{"@id":"https:\/\/www.oarcanjo.net\/site\/#website"},"primaryImageOfPage":{"@id":"https:\/\/www.oarcanjo.net\/site\/sao-gregorio-o-iluminador\/#primaryimage"},"image":{"@id":"https:\/\/www.oarcanjo.net\/site\/sao-gregorio-o-iluminador\/#primaryimage"},"thumbnailUrl":"http:\/\/www.oarcanjo.net\/site\/wp-content\/uploads\/Sao-Gregorio.jpg","datePublished":"2017-09-30T03:01:10+00:00","dateModified":"2017-07-31T11:30:43+00:00","breadcrumb":{"@id":"https:\/\/www.oarcanjo.net\/site\/sao-gregorio-o-iluminador\/#breadcrumb"},"inLanguage":"pt-BR","potentialAction":[{"@type":"ReadAction","target":["https:\/\/www.oarcanjo.net\/site\/sao-gregorio-o-iluminador\/"]}]},{"@type":"ImageObject","inLanguage":"pt-BR","@id":"https:\/\/www.oarcanjo.net\/site\/sao-gregorio-o-iluminador\/#primaryimage","url":"https:\/\/www.oarcanjo.net\/site\/wp-content\/uploads\/Sao-Gregorio.jpg","contentUrl":"https:\/\/www.oarcanjo.net\/site\/wp-content\/uploads\/Sao-Gregorio.jpg","width":230,"height":293,"caption":"S\u00e3o Greg\u00f3rio, o iluminador"},{"@type":"BreadcrumbList","@id":"https:\/\/www.oarcanjo.net\/site\/sao-gregorio-o-iluminador\/#breadcrumb","itemListElement":[{"@type":"ListItem","position":1,"name":"In\u00edcio","item":"https:\/\/www.oarcanjo.net\/site\/"},{"@type":"ListItem","position":2,"name":"S\u00e3o Greg\u00f3rio, o iluminador"}]},{"@type":"WebSite","@id":"https:\/\/www.oarcanjo.net\/site\/#website","url":"https:\/\/www.oarcanjo.net\/site\/","name":"O Arcanjo no ar","description":"Site da Par\u00f3quia S\u00e3o Miguel Arcanjo (Arquidiocese de SP)","publisher":{"@id":"https:\/\/www.oarcanjo.net\/site\/#organization"},"potentialAction":[{"@type":"SearchAction","target":{"@type":"EntryPoint","urlTemplate":"https:\/\/www.oarcanjo.net\/site\/?s={search_term_string}"},"query-input":{"@type":"PropertyValueSpecification","valueRequired":true,"valueName":"search_term_string"}}],"inLanguage":"pt-BR"},{"@type":"Organization","@id":"https:\/\/www.oarcanjo.net\/site\/#organization","name":"Par\u00f3quia S\u00e3o Miguel Arcanjo","url":"https:\/\/www.oarcanjo.net\/site\/","logo":{"@type":"ImageObject","inLanguage":"pt-BR","@id":"https:\/\/www.oarcanjo.net\/site\/#\/schema\/logo\/image\/","url":"https:\/\/www.oarcanjo.net\/site\/wp-content\/uploads\/LogoOArcanjo.png","contentUrl":"https:\/\/www.oarcanjo.net\/site\/wp-content\/uploads\/LogoOArcanjo.png","width":319,"height":99,"caption":"Par\u00f3quia S\u00e3o Miguel Arcanjo"},"image":{"@id":"https:\/\/www.oarcanjo.net\/site\/#\/schema\/logo\/image\/"},"sameAs":["https:\/\/www.facebook.com\/OArcanjoNoAr\/"]},{"@type":"Person","@id":"https:\/\/www.oarcanjo.net\/site\/#\/schema\/person\/5eb9480bedd2f3c97e430ce128c29c6c","name":"danilo"}]}},"publishpress_future_action":{"enabled":false,"date":"2026-05-08 23:48:17","action":"category","newStatus":"draft","terms":[],"taxonomy":"category"},"publishpress_future_workflow_manual_trigger":{"enabledWorkflows":[]},"_links":{"self":[{"href":"https:\/\/www.oarcanjo.net\/site\/wp-json\/wp\/v2\/posts\/11059"}],"collection":[{"href":"https:\/\/www.oarcanjo.net\/site\/wp-json\/wp\/v2\/posts"}],"about":[{"href":"https:\/\/www.oarcanjo.net\/site\/wp-json\/wp\/v2\/types\/post"}],"author":[{"embeddable":true,"href":"https:\/\/www.oarcanjo.net\/site\/wp-json\/wp\/v2\/users\/14"}],"replies":[{"embeddable":true,"href":"https:\/\/www.oarcanjo.net\/site\/wp-json\/wp\/v2\/comments?post=11059"}],"version-history":[{"count":0,"href":"https:\/\/www.oarcanjo.net\/site\/wp-json\/wp\/v2\/posts\/11059\/revisions"}],"wp:attachment":[{"href":"https:\/\/www.oarcanjo.net\/site\/wp-json\/wp\/v2\/media?parent=11059"}],"wp:term":[{"taxonomy":"category","embeddable":true,"href":"https:\/\/www.oarcanjo.net\/site\/wp-json\/wp\/v2\/categories?post=11059"},{"taxonomy":"post_tag","embeddable":true,"href":"https:\/\/www.oarcanjo.net\/site\/wp-json\/wp\/v2\/tags?post=11059"}],"curies":[{"name":"wp","href":"https:\/\/api.w.org\/{rel}","templated":true}]}}