
{"id":11080,"date":"2018-09-01T00:38:47","date_gmt":"2018-09-01T03:38:47","guid":{"rendered":"http:\/\/www.oarcanjo.net\/site\/?p=11080"},"modified":"2018-06-25T08:17:27","modified_gmt":"2018-06-25T11:17:27","slug":"sao-remigio-ou-remy","status":"publish","type":"post","link":"https:\/\/www.oarcanjo.net\/site\/sao-remigio-ou-remy\/","title":{"rendered":"S\u00e3o Rem\u00edgio ou R\u00e9my"},"content":{"rendered":"<p><img decoding=\"async\" src=\"http:\/\/www.derradeirasgracas.com\/images\/1.%20O%20Santo%20do%20Dia%20-%20Fotos\/Santos%20de%20Outubro%20-%20Fotos\/S%C3%A3o%20Rem%C3%ADgio%20ou%20R%C3%A9my.gif\" alt=\"\" \/><\/p>\n<p>1 de Outubro<\/p>\n<p>R\u00e9my ou Rem\u00edgio, como dizemos em portugu\u00eas, era um cidad\u00e3o romano, nascido no ano 440, em Lyon, Fran\u00e7a. Pertencia a uma tradicional fam\u00edlia da nobreza romana, que teve a oportunidade de participar da expans\u00e3o do Imp\u00e9rio Romano do Ocidente pela G\u00e1lia, como era chamado o territ\u00f3rio franc\u00eas. Naquela \u00e9poca, a regi\u00e3o, que era toda pag\u00e3 e constantemente assolada por sucessivas invas\u00f5es dos b\u00e1rbaros, vinha sendo governada pelo povo franco, mais tarde conhecido como franc\u00eas. Embora menos evolu\u00eddos que os outros povos, eram conhecidos por serem grandes combatentes. Al\u00e9m disso, j\u00e1 haviam prestado servi\u00e7os militares a Roma no passado.<\/p>\n<p>Ao morrer o seu l\u00edder, rei Childerico, em 482, assumiu o trono seu filho Cl\u00f3vis, com quinze anos de idade. Rem\u00edgio, como bispo cat\u00f3lico que era da diocese de Reims, escreveu-lhe muitas cartas respeitosas e, ao mesmo tempo, dotadas de autoridade: &#8220;Vigiai, pois os poderosos n\u00e3o tiram os olhos de ti. Aconselha-te com seus bispos. Divirta-se com os jovens, mas s\u00f3 com os velhos delibere&#8221;. Apesar de adverti-lo, tamb\u00e9m demonstrava o reconhecimento de sua soberania e, assim, ganhou a confian\u00e7a do jovem rei. Tornou-se seu precioso ajudante e conselheiro. Al\u00e9m disso, Rem\u00edgio tamb\u00e9m era importante, politicamente, ao reinado de Cl\u00f3vis, pois trazia consigo o apoio de todos os demais bispos e dos outros grupos de camponeses galo-romanos j\u00e1 convertidos.<\/p>\n<p>Munido desse apoio, Cl\u00f3vis venceu a batalha contra os b\u00e1rbaros visigodos pelo controle de toda a regi\u00e3o, dando in\u00edcio \u00e0 dinastia dos merov\u00edngios. O rei Cl\u00f3vis, apoiado por sua mulher, Clotilde, que j\u00e1 era uma fervorosa cat\u00f3lica, depois canonizada pela Igreja, converteu-se \u00e0 f\u00e9 crist\u00e3 por orienta\u00e7\u00e3o espiritual de Rem\u00edgio, sendo por este batizado. Na oportunidade, toda a Corte se converteu e recebeu o mesmo sacramento ao lado do seu soberano, que, instru\u00eddo na doutrina crist\u00e3 pelo bispo Rem\u00edgio, institui-a de vez nos seus dom\u00ednios.<\/p>\n<p>Foram muitos os atos deste rei convertido que revelaram sua religiosidade aut\u00eantica, dotada da caridade crist\u00e3. Por\u00e9m o m\u00e9rito deve ser dado ao bispo Rem\u00edgio, pois foi o resultado do seu \u00e1rduo e ininterrupto trabalho de evangeliza\u00e7\u00e3o que fortaleceu os alicerces do catolicismo no territ\u00f3rio franc\u00eas. O bispo Rem\u00edgio de Reims ensinou n\u00e3o apenas aos reis e pr\u00edncipes, mas tamb\u00e9m aos camponeses e a todos os s\u00faditos do novo reinado.<\/p>\n<p>Depois de sua morte, em 13 de janeiro de 533, na sua sede episcopal de Reims, Rem\u00edgio foi aclamado pela popula\u00e7\u00e3o como santo. Venerado ao longo dos s\u00e9culos, o seu vigoroso culto foi autorizado pela Igreja, que manteve o dia 1\u00b0 de outubro como a data oficial para a sua festa lit\u00fargica.<\/p>\n<div id=\"themify_builder_content-11080\" data-postid=\"11080\" class=\"themify_builder_content themify_builder_content-11080 themify_builder themify_builder_front\">\n\t<\/div>\n<!-- \/themify_builder_content -->","protected":false},"excerpt":{"rendered":"<p>1 de Outubro R\u00e9my ou Rem\u00edgio, como dizemos em portugu\u00eas, era um cidad\u00e3o romano, nascido no ano 440, em Lyon, Fran\u00e7a. Pertencia a uma tradicional fam\u00edlia da nobreza romana, que teve a oportunidade de participar da expans\u00e3o do Imp\u00e9rio Romano do Ocidente pela G\u00e1lia, como era chamado o territ\u00f3rio franc\u00eas. Naquela \u00e9poca, a regi\u00e3o, que [&hellip;]<\/p>\n","protected":false},"author":14,"featured_media":0,"comment_status":"open","ping_status":"open","sticky":false,"template":"","format":"standard","meta":{"ngg_post_thumbnail":0,"footnotes":""},"categories":[186],"tags":[],"yoast_head":"<!-- This site is optimized with the Yoast SEO plugin v23.5 - https:\/\/yoast.com\/wordpress\/plugins\/seo\/ -->\n<title>S\u00e3o Rem\u00edgio ou R\u00e9my - O Arcanjo no ar<\/title>\n<meta name=\"robots\" content=\"index, follow, max-snippet:-1, max-image-preview:large, max-video-preview:-1\" \/>\n<link rel=\"canonical\" href=\"https:\/\/www.oarcanjo.net\/site\/sao-remigio-ou-remy\/\" \/>\n<meta property=\"og:locale\" content=\"pt_BR\" \/>\n<meta property=\"og:type\" content=\"article\" \/>\n<meta property=\"og:title\" content=\"S\u00e3o Rem\u00edgio ou R\u00e9my - O Arcanjo no ar\" \/>\n<meta property=\"og:description\" content=\"1 de Outubro R\u00e9my ou Rem\u00edgio, como dizemos em portugu\u00eas, era um cidad\u00e3o romano, nascido no ano 440, em Lyon, Fran\u00e7a. Pertencia a uma tradicional fam\u00edlia da nobreza romana, que teve a oportunidade de participar da expans\u00e3o do Imp\u00e9rio Romano do Ocidente pela G\u00e1lia, como era chamado o territ\u00f3rio franc\u00eas. Naquela \u00e9poca, a regi\u00e3o, que [&hellip;]\" \/>\n<meta property=\"og:url\" content=\"https:\/\/www.oarcanjo.net\/site\/sao-remigio-ou-remy\/\" \/>\n<meta property=\"og:site_name\" content=\"O Arcanjo no ar\" \/>\n<meta property=\"article:publisher\" content=\"https:\/\/www.facebook.com\/OArcanjoNoAr\/\" \/>\n<meta property=\"article:published_time\" content=\"2018-09-01T03:38:47+00:00\" \/>\n<meta property=\"article:modified_time\" content=\"2018-06-25T11:17:27+00:00\" \/>\n<meta property=\"og:image\" content=\"http:\/\/www.derradeirasgracas.com\/images\/1.%20O%20Santo%20do%20Dia%20-%20Fotos\/Santos%20de%20Outubro%20-%20Fotos\/S%C3%A3o%20Rem%C3%ADgio%20ou%20R%C3%A9my.gif\" \/>\n<meta name=\"author\" content=\"danilo\" \/>\n<meta name=\"twitter:card\" content=\"summary_large_image\" \/>\n<meta name=\"twitter:label1\" content=\"Escrito por\" \/>\n\t<meta name=\"twitter:data1\" content=\"danilo\" \/>\n\t<meta name=\"twitter:label2\" content=\"Est. tempo de leitura\" \/>\n\t<meta name=\"twitter:data2\" content=\"2 minutos\" \/>\n<script type=\"application\/ld+json\" class=\"yoast-schema-graph\">{\"@context\":\"https:\/\/schema.org\",\"@graph\":[{\"@type\":\"Article\",\"@id\":\"https:\/\/www.oarcanjo.net\/site\/sao-remigio-ou-remy\/#article\",\"isPartOf\":{\"@id\":\"https:\/\/www.oarcanjo.net\/site\/sao-remigio-ou-remy\/\"},\"author\":{\"name\":\"danilo\",\"@id\":\"https:\/\/www.oarcanjo.net\/site\/#\/schema\/person\/5eb9480bedd2f3c97e430ce128c29c6c\"},\"headline\":\"S\u00e3o Rem\u00edgio ou R\u00e9my\",\"datePublished\":\"2018-09-01T03:38:47+00:00\",\"dateModified\":\"2018-06-25T11:17:27+00:00\",\"mainEntityOfPage\":{\"@id\":\"https:\/\/www.oarcanjo.net\/site\/sao-remigio-ou-remy\/\"},\"wordCount\":483,\"commentCount\":0,\"publisher\":{\"@id\":\"https:\/\/www.oarcanjo.net\/site\/#organization\"},\"image\":{\"@id\":\"https:\/\/www.oarcanjo.net\/site\/sao-remigio-ou-remy\/#primaryimage\"},\"thumbnailUrl\":\"http:\/\/www.derradeirasgracas.com\/images\/1.%20O%20Santo%20do%20Dia%20-%20Fotos\/Santos%20de%20Outubro%20-%20Fotos\/S%C3%A3o%20Rem%C3%ADgio%20ou%20R%C3%A9my.gif\",\"articleSection\":[\"Testemunhos\"],\"inLanguage\":\"pt-BR\",\"potentialAction\":[{\"@type\":\"CommentAction\",\"name\":\"Comment\",\"target\":[\"https:\/\/www.oarcanjo.net\/site\/sao-remigio-ou-remy\/#respond\"]}]},{\"@type\":\"WebPage\",\"@id\":\"https:\/\/www.oarcanjo.net\/site\/sao-remigio-ou-remy\/\",\"url\":\"https:\/\/www.oarcanjo.net\/site\/sao-remigio-ou-remy\/\",\"name\":\"S\u00e3o Rem\u00edgio ou R\u00e9my - O Arcanjo no ar\",\"isPartOf\":{\"@id\":\"https:\/\/www.oarcanjo.net\/site\/#website\"},\"primaryImageOfPage\":{\"@id\":\"https:\/\/www.oarcanjo.net\/site\/sao-remigio-ou-remy\/#primaryimage\"},\"image\":{\"@id\":\"https:\/\/www.oarcanjo.net\/site\/sao-remigio-ou-remy\/#primaryimage\"},\"thumbnailUrl\":\"http:\/\/www.derradeirasgracas.com\/images\/1.%20O%20Santo%20do%20Dia%20-%20Fotos\/Santos%20de%20Outubro%20-%20Fotos\/S%C3%A3o%20Rem%C3%ADgio%20ou%20R%C3%A9my.gif\",\"datePublished\":\"2018-09-01T03:38:47+00:00\",\"dateModified\":\"2018-06-25T11:17:27+00:00\",\"breadcrumb\":{\"@id\":\"https:\/\/www.oarcanjo.net\/site\/sao-remigio-ou-remy\/#breadcrumb\"},\"inLanguage\":\"pt-BR\",\"potentialAction\":[{\"@type\":\"ReadAction\",\"target\":[\"https:\/\/www.oarcanjo.net\/site\/sao-remigio-ou-remy\/\"]}]},{\"@type\":\"ImageObject\",\"inLanguage\":\"pt-BR\",\"@id\":\"https:\/\/www.oarcanjo.net\/site\/sao-remigio-ou-remy\/#primaryimage\",\"url\":\"http:\/\/www.derradeirasgracas.com\/images\/1.%20O%20Santo%20do%20Dia%20-%20Fotos\/Santos%20de%20Outubro%20-%20Fotos\/S%C3%A3o%20Rem%C3%ADgio%20ou%20R%C3%A9my.gif\",\"contentUrl\":\"http:\/\/www.derradeirasgracas.com\/images\/1.%20O%20Santo%20do%20Dia%20-%20Fotos\/Santos%20de%20Outubro%20-%20Fotos\/S%C3%A3o%20Rem%C3%ADgio%20ou%20R%C3%A9my.gif\"},{\"@type\":\"BreadcrumbList\",\"@id\":\"https:\/\/www.oarcanjo.net\/site\/sao-remigio-ou-remy\/#breadcrumb\",\"itemListElement\":[{\"@type\":\"ListItem\",\"position\":1,\"name\":\"In\u00edcio\",\"item\":\"https:\/\/www.oarcanjo.net\/site\/\"},{\"@type\":\"ListItem\",\"position\":2,\"name\":\"S\u00e3o Rem\u00edgio ou R\u00e9my\"}]},{\"@type\":\"WebSite\",\"@id\":\"https:\/\/www.oarcanjo.net\/site\/#website\",\"url\":\"https:\/\/www.oarcanjo.net\/site\/\",\"name\":\"O Arcanjo no ar\",\"description\":\"Site da Par\u00f3quia S\u00e3o Miguel Arcanjo (Arquidiocese de SP)\",\"publisher\":{\"@id\":\"https:\/\/www.oarcanjo.net\/site\/#organization\"},\"potentialAction\":[{\"@type\":\"SearchAction\",\"target\":{\"@type\":\"EntryPoint\",\"urlTemplate\":\"https:\/\/www.oarcanjo.net\/site\/?s={search_term_string}\"},\"query-input\":{\"@type\":\"PropertyValueSpecification\",\"valueRequired\":true,\"valueName\":\"search_term_string\"}}],\"inLanguage\":\"pt-BR\"},{\"@type\":\"Organization\",\"@id\":\"https:\/\/www.oarcanjo.net\/site\/#organization\",\"name\":\"Par\u00f3quia S\u00e3o Miguel Arcanjo\",\"url\":\"https:\/\/www.oarcanjo.net\/site\/\",\"logo\":{\"@type\":\"ImageObject\",\"inLanguage\":\"pt-BR\",\"@id\":\"https:\/\/www.oarcanjo.net\/site\/#\/schema\/logo\/image\/\",\"url\":\"https:\/\/www.oarcanjo.net\/site\/wp-content\/uploads\/LogoOArcanjo.png\",\"contentUrl\":\"https:\/\/www.oarcanjo.net\/site\/wp-content\/uploads\/LogoOArcanjo.png\",\"width\":319,\"height\":99,\"caption\":\"Par\u00f3quia S\u00e3o Miguel Arcanjo\"},\"image\":{\"@id\":\"https:\/\/www.oarcanjo.net\/site\/#\/schema\/logo\/image\/\"},\"sameAs\":[\"https:\/\/www.facebook.com\/OArcanjoNoAr\/\"]},{\"@type\":\"Person\",\"@id\":\"https:\/\/www.oarcanjo.net\/site\/#\/schema\/person\/5eb9480bedd2f3c97e430ce128c29c6c\",\"name\":\"danilo\"}]}<\/script>\n<!-- \/ Yoast SEO plugin. -->","yoast_head_json":{"title":"S\u00e3o Rem\u00edgio ou R\u00e9my - O Arcanjo no ar","robots":{"index":"index","follow":"follow","max-snippet":"max-snippet:-1","max-image-preview":"max-image-preview:large","max-video-preview":"max-video-preview:-1"},"canonical":"https:\/\/www.oarcanjo.net\/site\/sao-remigio-ou-remy\/","og_locale":"pt_BR","og_type":"article","og_title":"S\u00e3o Rem\u00edgio ou R\u00e9my - O Arcanjo no ar","og_description":"1 de Outubro R\u00e9my ou Rem\u00edgio, como dizemos em portugu\u00eas, era um cidad\u00e3o romano, nascido no ano 440, em Lyon, Fran\u00e7a. Pertencia a uma tradicional fam\u00edlia da nobreza romana, que teve a oportunidade de participar da expans\u00e3o do Imp\u00e9rio Romano do Ocidente pela G\u00e1lia, como era chamado o territ\u00f3rio franc\u00eas. Naquela \u00e9poca, a regi\u00e3o, que [&hellip;]","og_url":"https:\/\/www.oarcanjo.net\/site\/sao-remigio-ou-remy\/","og_site_name":"O Arcanjo no ar","article_publisher":"https:\/\/www.facebook.com\/OArcanjoNoAr\/","article_published_time":"2018-09-01T03:38:47+00:00","article_modified_time":"2018-06-25T11:17:27+00:00","og_image":[{"url":"http:\/\/www.derradeirasgracas.com\/images\/1.%20O%20Santo%20do%20Dia%20-%20Fotos\/Santos%20de%20Outubro%20-%20Fotos\/S%C3%A3o%20Rem%C3%ADgio%20ou%20R%C3%A9my.gif"}],"author":"danilo","twitter_card":"summary_large_image","twitter_misc":{"Escrito por":"danilo","Est. tempo de leitura":"2 minutos"},"schema":{"@context":"https:\/\/schema.org","@graph":[{"@type":"Article","@id":"https:\/\/www.oarcanjo.net\/site\/sao-remigio-ou-remy\/#article","isPartOf":{"@id":"https:\/\/www.oarcanjo.net\/site\/sao-remigio-ou-remy\/"},"author":{"name":"danilo","@id":"https:\/\/www.oarcanjo.net\/site\/#\/schema\/person\/5eb9480bedd2f3c97e430ce128c29c6c"},"headline":"S\u00e3o Rem\u00edgio ou R\u00e9my","datePublished":"2018-09-01T03:38:47+00:00","dateModified":"2018-06-25T11:17:27+00:00","mainEntityOfPage":{"@id":"https:\/\/www.oarcanjo.net\/site\/sao-remigio-ou-remy\/"},"wordCount":483,"commentCount":0,"publisher":{"@id":"https:\/\/www.oarcanjo.net\/site\/#organization"},"image":{"@id":"https:\/\/www.oarcanjo.net\/site\/sao-remigio-ou-remy\/#primaryimage"},"thumbnailUrl":"http:\/\/www.derradeirasgracas.com\/images\/1.%20O%20Santo%20do%20Dia%20-%20Fotos\/Santos%20de%20Outubro%20-%20Fotos\/S%C3%A3o%20Rem%C3%ADgio%20ou%20R%C3%A9my.gif","articleSection":["Testemunhos"],"inLanguage":"pt-BR","potentialAction":[{"@type":"CommentAction","name":"Comment","target":["https:\/\/www.oarcanjo.net\/site\/sao-remigio-ou-remy\/#respond"]}]},{"@type":"WebPage","@id":"https:\/\/www.oarcanjo.net\/site\/sao-remigio-ou-remy\/","url":"https:\/\/www.oarcanjo.net\/site\/sao-remigio-ou-remy\/","name":"S\u00e3o Rem\u00edgio ou R\u00e9my - O Arcanjo no ar","isPartOf":{"@id":"https:\/\/www.oarcanjo.net\/site\/#website"},"primaryImageOfPage":{"@id":"https:\/\/www.oarcanjo.net\/site\/sao-remigio-ou-remy\/#primaryimage"},"image":{"@id":"https:\/\/www.oarcanjo.net\/site\/sao-remigio-ou-remy\/#primaryimage"},"thumbnailUrl":"http:\/\/www.derradeirasgracas.com\/images\/1.%20O%20Santo%20do%20Dia%20-%20Fotos\/Santos%20de%20Outubro%20-%20Fotos\/S%C3%A3o%20Rem%C3%ADgio%20ou%20R%C3%A9my.gif","datePublished":"2018-09-01T03:38:47+00:00","dateModified":"2018-06-25T11:17:27+00:00","breadcrumb":{"@id":"https:\/\/www.oarcanjo.net\/site\/sao-remigio-ou-remy\/#breadcrumb"},"inLanguage":"pt-BR","potentialAction":[{"@type":"ReadAction","target":["https:\/\/www.oarcanjo.net\/site\/sao-remigio-ou-remy\/"]}]},{"@type":"ImageObject","inLanguage":"pt-BR","@id":"https:\/\/www.oarcanjo.net\/site\/sao-remigio-ou-remy\/#primaryimage","url":"http:\/\/www.derradeirasgracas.com\/images\/1.%20O%20Santo%20do%20Dia%20-%20Fotos\/Santos%20de%20Outubro%20-%20Fotos\/S%C3%A3o%20Rem%C3%ADgio%20ou%20R%C3%A9my.gif","contentUrl":"http:\/\/www.derradeirasgracas.com\/images\/1.%20O%20Santo%20do%20Dia%20-%20Fotos\/Santos%20de%20Outubro%20-%20Fotos\/S%C3%A3o%20Rem%C3%ADgio%20ou%20R%C3%A9my.gif"},{"@type":"BreadcrumbList","@id":"https:\/\/www.oarcanjo.net\/site\/sao-remigio-ou-remy\/#breadcrumb","itemListElement":[{"@type":"ListItem","position":1,"name":"In\u00edcio","item":"https:\/\/www.oarcanjo.net\/site\/"},{"@type":"ListItem","position":2,"name":"S\u00e3o Rem\u00edgio ou R\u00e9my"}]},{"@type":"WebSite","@id":"https:\/\/www.oarcanjo.net\/site\/#website","url":"https:\/\/www.oarcanjo.net\/site\/","name":"O Arcanjo no ar","description":"Site da Par\u00f3quia S\u00e3o Miguel Arcanjo (Arquidiocese de SP)","publisher":{"@id":"https:\/\/www.oarcanjo.net\/site\/#organization"},"potentialAction":[{"@type":"SearchAction","target":{"@type":"EntryPoint","urlTemplate":"https:\/\/www.oarcanjo.net\/site\/?s={search_term_string}"},"query-input":{"@type":"PropertyValueSpecification","valueRequired":true,"valueName":"search_term_string"}}],"inLanguage":"pt-BR"},{"@type":"Organization","@id":"https:\/\/www.oarcanjo.net\/site\/#organization","name":"Par\u00f3quia S\u00e3o Miguel Arcanjo","url":"https:\/\/www.oarcanjo.net\/site\/","logo":{"@type":"ImageObject","inLanguage":"pt-BR","@id":"https:\/\/www.oarcanjo.net\/site\/#\/schema\/logo\/image\/","url":"https:\/\/www.oarcanjo.net\/site\/wp-content\/uploads\/LogoOArcanjo.png","contentUrl":"https:\/\/www.oarcanjo.net\/site\/wp-content\/uploads\/LogoOArcanjo.png","width":319,"height":99,"caption":"Par\u00f3quia S\u00e3o Miguel Arcanjo"},"image":{"@id":"https:\/\/www.oarcanjo.net\/site\/#\/schema\/logo\/image\/"},"sameAs":["https:\/\/www.facebook.com\/OArcanjoNoAr\/"]},{"@type":"Person","@id":"https:\/\/www.oarcanjo.net\/site\/#\/schema\/person\/5eb9480bedd2f3c97e430ce128c29c6c","name":"danilo"}]}},"publishpress_future_action":{"enabled":false,"date":"2026-05-08 04:03:14","action":"category","newStatus":"draft","terms":[],"taxonomy":"category"},"publishpress_future_workflow_manual_trigger":{"enabledWorkflows":[]},"_links":{"self":[{"href":"https:\/\/www.oarcanjo.net\/site\/wp-json\/wp\/v2\/posts\/11080"}],"collection":[{"href":"https:\/\/www.oarcanjo.net\/site\/wp-json\/wp\/v2\/posts"}],"about":[{"href":"https:\/\/www.oarcanjo.net\/site\/wp-json\/wp\/v2\/types\/post"}],"author":[{"embeddable":true,"href":"https:\/\/www.oarcanjo.net\/site\/wp-json\/wp\/v2\/users\/14"}],"replies":[{"embeddable":true,"href":"https:\/\/www.oarcanjo.net\/site\/wp-json\/wp\/v2\/comments?post=11080"}],"version-history":[{"count":1,"href":"https:\/\/www.oarcanjo.net\/site\/wp-json\/wp\/v2\/posts\/11080\/revisions"}],"predecessor-version":[{"id":88872,"href":"https:\/\/www.oarcanjo.net\/site\/wp-json\/wp\/v2\/posts\/11080\/revisions\/88872"}],"wp:attachment":[{"href":"https:\/\/www.oarcanjo.net\/site\/wp-json\/wp\/v2\/media?parent=11080"}],"wp:term":[{"taxonomy":"category","embeddable":true,"href":"https:\/\/www.oarcanjo.net\/site\/wp-json\/wp\/v2\/categories?post=11080"},{"taxonomy":"post_tag","embeddable":true,"href":"https:\/\/www.oarcanjo.net\/site\/wp-json\/wp\/v2\/tags?post=11080"}],"curies":[{"name":"wp","href":"https:\/\/api.w.org\/{rel}","templated":true}]}}