
{"id":11083,"date":"2017-10-01T00:57:30","date_gmt":"2017-10-01T03:57:30","guid":{"rendered":"http:\/\/www.oarcanjo.net\/site\/?p=11083"},"modified":"2017-07-31T08:30:56","modified_gmt":"2017-07-31T11:30:56","slug":"santa-teresinha-do-menino-jesus","status":"publish","type":"post","link":"https:\/\/www.oarcanjo.net\/site\/santa-teresinha-do-menino-jesus\/","title":{"rendered":"Santa Teresinha do Menino Jesus"},"content":{"rendered":"<p><img decoding=\"async\" src=\"http:\/\/1.bp.blogspot.com\/_M3jJNi2lNg4\/TAUz0jkjbTI\/AAAAAAAABKM\/gTGDq_kB4Xs\/s1600\/Santa-Teresinha.jpg.gif\" alt=\"\" \/><\/p>\n<p>1 de Outubro<\/p>\n<p>Santa Teresa do Menino Jesus e da Sagrada Face teve uma vida bastante breve. Conhecida por Teresinha do Menino Jesus, \u00e9 uma das santas mais caracter\u00edsticas por sua espiritualidade. Seu culto se espalhou em pouco tempo por todos os recantos do mundo cat\u00f3lico.<\/p>\n<p>Teresinha nasceu em Alen\u00e7on, norte da Fran\u00e7a, aos 2 de janeiro de 1873. Seus pais, quando jovens, aspiravam, ambos, a se consagrarem a Deus na vida religiosa, mas por circunst\u00e2ncias especiais n\u00e3o foram aceitos. Ent\u00e3o a jovem Z\u00e9lia Guerin, futura m\u00e3e de Teresinha, disse: &#8220;Meu Jesus, j\u00e1 que n\u00e3o sou digna de ser vossa esposa como irm\u00e3, abra\u00e7arei o estado matrimonial para cumprir vossa vontade. Pe\u00e7o-vos, por\u00e9m, encarecidamente, conceder-me muitos filhos e que vos sejam consagrados&#8221;.<\/p>\n<p>Daquele santo casal nasceram nove filhos. Tr\u00eas faleceram em tenra idade, os demais, todas meninas, tornaram-se religiosas conforme o desejo da m\u00e3e.<\/p>\n<p>Teresinha ficou \u00f3rf\u00e3 de m\u00e3e aos quatro anos e sentiu muito esta falta. O pai, depois da morte da esposa, mudou-se com a fam\u00edlia para Lisieux, onde tinha um cunhado cuja esposa zelava pela educa\u00e7\u00e3o das filhas.<\/p>\n<p>Teresinha cresceu num ambiente de amor puro e de f\u00e9 profundamente vivencial e, sendo a ca\u00e7ula do lar, era chamada pelo pai &#8220;a minha rainhazinha&#8221;. As irm\u00e3s mais velhas, uma ap\u00f3s outra, consagraram-se a Deus na vida religiosa. Teresinha alimentava uma santa inveja da op\u00e7\u00e3o das irm\u00e3s desejando, quanto antes, acompanh\u00e1-las na consagra\u00e7\u00e3o a Deus.<\/p>\n<p>Aos 14 anos j\u00e1 desejava ardentemente abra\u00e7ar a vida contemplativa no Carmelo de Lisieux, mas \u00e9 impedida devido a sua pouca idade. Por ocasi\u00e3o de uma peregrina\u00e7\u00e3o pela It\u00e1lia, em uma audi\u00eancia concedida pelo Papa aos fi\u00e9is de sua diocese, ela audaciosamente dirige a palavra a Le\u00e3o XIII e pede-lhe permiss\u00e3o para entrar no Carmelo. O pedido \u00e9 concedido, e Teresa entra para o convento carmelita de Lisieux em 1888, com apenas 15 anos de idade.<\/p>\n<p>Viveu no Carmelo mais oito anos. &#8220;Que poderia ter realizado de extraordin\u00e1rio em t\u00e3o curta exist\u00eancia? Gra\u00e7as a sua autobiografia, com o t\u00edtulo Hist\u00f3ria de uma alma, sabemos que a jovem carmelita n\u00e3o fez nada de extraordin\u00e1rio, apenas cumpriu extraordinariamente bem os seus deveres de monja enclausurada.<\/p>\n<p>Avan\u00e7ou com passos firmes e r\u00e1pidos pelo caminho da santidade, seguindo o caminho de perfei\u00e7\u00e3o tra\u00e7ado pela Madre Fundadora das carmelitas descal\u00e7as, Teresa de Jesus, e guiada pela ass\u00eddua leitura da Sagrada Escritura, de S\u00e3o Jo\u00e3o da Cruz e da Imita\u00e7\u00e3o de Cristo. Teresinha insiste sobre a centralidade do amor, descobrindo o pequeno caminho da inf\u00e2ncia espiritual.<\/p>\n<p>Num momento de entusiasmo, Teresinha escreveu que, por amor ao Amor Supremo, desejava ser cavaleiro das cruzadas, padre, ap\u00f3stolo, evangelista, mission\u00e1rio, m\u00e1rtir. &#8220;Compreendi, escreve, que s\u00f3 o amor fazia agir os membros da Igreja e que se o amor viesse a se extinguir, os ap\u00f3stolos n\u00e3o anunciariam mais o Evangelho, os m\u00e1rtires recusariam derramar o seu sangue&#8230; Compreendi que o amor encerra todas as voca\u00e7\u00f5es e que o amor \u00e9 tudo, abra\u00e7a todos os tempos e todos os lugares&#8230; Numa palavra, o amor \u00e9 eterno&#8230; encontrei minha voca\u00e7\u00e3o: o amor!&#8221;<\/p>\n<p>Estas palavras poderiam parecer rom\u00e2nticas, se n\u00e3o fossem corroboradas pela vida de ora\u00e7\u00e3o, de sacrif\u00edcios, de prova\u00e7\u00f5es, de penit\u00eancias e de imola\u00e7\u00e3o no dia-a-dia da exist\u00eancia de Teresinha como Carmelita.<\/p>\n<p>Todos os gestos e sacrif\u00edcios, do menor ao maior, oferecia a Deus, pela salva\u00e7\u00e3o das almas, e na inten\u00e7\u00e3o da Igreja. Santa Teresinha do Menino Jesus e da Sagrada Face esteve como crian\u00e7a para o pai, livre igual a um brinquedo aos cuidados do Menino Jesus, e tomada pelo Esp\u00edrito de amor, que a ensinou a pequena via da inf\u00e2ncia espiritual.<\/p>\n<p>O mais profundo desejo do cora\u00e7\u00e3o de Teresinha era ter sido mission\u00e1ria &#8220;desde a cria\u00e7\u00e3o do mundo, at\u00e9 a consuma\u00e7\u00e3o dos s\u00e9culos&#8221;. Sua vida nos deixou como proposta, selada na autobiografia, e como intercessora dos mission\u00e1rios sacerdotes e pecadores que n\u00e3o conheciam Jesus, continua ainda hoje, vivendo o C\u00e9u, fazendo o bem aos da terra.<\/p>\n<p><img loading=\"lazy\" decoding=\"async\" src=\"http:\/\/www.pequenavia.org.br\/img\/therese18.jpg\" alt=\"\" width=\"120\" height=\"150\" \/><\/p>\n<p>Na noite de 3 de abril de 1896, entre a Quinta-Feira e a Sexta-Feira Santa, manifesta-se pela primeira vez a tuberculose, doen\u00e7a que a levar\u00e1 \u00e0 morte. Teresa acolhe-a como a misteriosa visita do divino Esposo, e come\u00e7a ent\u00e3o a subida do seu calv\u00e1rio, marcada por uma dura prova\u00e7\u00e3o de sua f\u00e9. Morre a 30 de setembro de 1897; pouco tempo antes, escrevera:&#8221;n\u00e3o morro, entro na vida&#8221;. Suas \u00faltimas palavras foram: &#8220;Meu Deus, eu Te amo&#8221;, e s\u00e3o como que o selo de sua exist\u00eancia.<\/p>\n<p>Sua santidade foi reconhecida pela Igreja em poucos anos, fato excepcional. A 17 de maio de 1925 Pio XI canoniza-a, dizendo ser ela a estrela de seu pontificado. Em 1927 foi proclamada, juntamente com S\u00e3o Francisco Xavier, padroeira da miss\u00f5es e, em 1944, padroeira secund\u00e1ria da Fran\u00e7a. Seu reconhecimento \u00e9 coroado a 19 de outubro de 1997, ceten\u00e1rio de sua morte, quando o Papa Jo\u00e3o Paulo II atribui-lhe o t\u00edtulo de Doutora da Igreja, que nos ensina o caminho da santidade pela humildade.<\/p>\n<p><img loading=\"lazy\" decoding=\"async\" src=\"http:\/\/www.pequenavia.org.br\/img\/therese2.jpg\" alt=\"\" width=\"120\" height=\"150\" \/><img loading=\"lazy\" decoding=\"async\" src=\"http:\/\/www.pequenavia.org.br\/img\/therese13.jpg\" alt=\"\" width=\"120\" height=\"150\" \/>\u00a0 <img loading=\"lazy\" decoding=\"async\" src=\"http:\/\/www.pequenavia.org.br\/img\/therese45.jpg\" alt=\"\" width=\"120\" height=\"150\" \/>\u00a0 <img loading=\"lazy\" decoding=\"async\" src=\"http:\/\/www.pequenavia.org.br\/img\/therese46.jpg\" alt=\"\" width=\"120\" height=\"150\" \/><\/p>\n<p><strong><em>No dia 19 de outubro de 2008, Dia Mundial das Miss\u00f5es, em Lisieux, na bas\u00edlica dedicada precisamente \u00e0 sua filha, os pais de Santa Teresinha, Lu\u00eds Martin e Z\u00e9lia Gu\u00e9rin foram beatificados pela Igreja, em cerim\u00f4nia presidida pelo cardeal Jos\u00e9 Saraiva Martins. Na ocasi\u00e3o Saraiva Martins conclamou as fam\u00edlias presentes &#8220;para que imitem os dois esposos e se tornem eles pr\u00f3prios lares santos e mission\u00e1rios.&#8221; Foi o segundo casal a ser beatificado pela Igreja Cat\u00f3lica.<\/em><\/strong><\/p>\n<div id=\"themify_builder_content-11083\" data-postid=\"11083\" class=\"themify_builder_content themify_builder_content-11083 themify_builder themify_builder_front\">\n\t<\/div>\n<!-- \/themify_builder_content -->","protected":false},"excerpt":{"rendered":"<p>1 de Outubro Santa Teresa do Menino Jesus e da Sagrada Face teve uma vida bastante breve. Conhecida por Teresinha do Menino Jesus, \u00e9 uma das santas mais caracter\u00edsticas por sua espiritualidade. Seu culto se espalhou em pouco tempo por todos os recantos do mundo cat\u00f3lico. Teresinha nasceu em Alen\u00e7on, norte da Fran\u00e7a, aos 2 [&hellip;]<\/p>\n","protected":false},"author":14,"featured_media":0,"comment_status":"open","ping_status":"open","sticky":false,"template":"","format":"standard","meta":{"ngg_post_thumbnail":0,"footnotes":""},"categories":[186],"tags":[],"yoast_head":"<!-- This site is optimized with the Yoast SEO plugin v23.5 - https:\/\/yoast.com\/wordpress\/plugins\/seo\/ -->\n<title>Santa Teresinha do Menino Jesus - O Arcanjo no ar<\/title>\n<meta name=\"robots\" content=\"index, follow, max-snippet:-1, max-image-preview:large, max-video-preview:-1\" \/>\n<link rel=\"canonical\" href=\"https:\/\/www.oarcanjo.net\/site\/santa-teresinha-do-menino-jesus\/\" \/>\n<meta property=\"og:locale\" content=\"pt_BR\" \/>\n<meta property=\"og:type\" content=\"article\" \/>\n<meta property=\"og:title\" content=\"Santa Teresinha do Menino Jesus - O Arcanjo no ar\" \/>\n<meta property=\"og:description\" content=\"1 de Outubro Santa Teresa do Menino Jesus e da Sagrada Face teve uma vida bastante breve. Conhecida por Teresinha do Menino Jesus, \u00e9 uma das santas mais caracter\u00edsticas por sua espiritualidade. Seu culto se espalhou em pouco tempo por todos os recantos do mundo cat\u00f3lico. Teresinha nasceu em Alen\u00e7on, norte da Fran\u00e7a, aos 2 [&hellip;]\" \/>\n<meta property=\"og:url\" content=\"https:\/\/www.oarcanjo.net\/site\/santa-teresinha-do-menino-jesus\/\" \/>\n<meta property=\"og:site_name\" content=\"O Arcanjo no ar\" \/>\n<meta property=\"article:publisher\" content=\"https:\/\/www.facebook.com\/OArcanjoNoAr\/\" \/>\n<meta property=\"article:published_time\" content=\"2017-10-01T03:57:30+00:00\" \/>\n<meta property=\"article:modified_time\" content=\"2017-07-31T11:30:56+00:00\" \/>\n<meta property=\"og:image\" content=\"http:\/\/1.bp.blogspot.com\/_M3jJNi2lNg4\/TAUz0jkjbTI\/AAAAAAAABKM\/gTGDq_kB4Xs\/s1600\/Santa-Teresinha.jpg.gif\" \/>\n<meta name=\"author\" content=\"danilo\" \/>\n<meta name=\"twitter:card\" content=\"summary_large_image\" \/>\n<meta name=\"twitter:label1\" content=\"Escrito por\" \/>\n\t<meta name=\"twitter:data1\" content=\"danilo\" \/>\n\t<meta name=\"twitter:label2\" content=\"Est. tempo de leitura\" \/>\n\t<meta name=\"twitter:data2\" content=\"5 minutos\" \/>\n<script type=\"application\/ld+json\" class=\"yoast-schema-graph\">{\"@context\":\"https:\/\/schema.org\",\"@graph\":[{\"@type\":\"Article\",\"@id\":\"https:\/\/www.oarcanjo.net\/site\/santa-teresinha-do-menino-jesus\/#article\",\"isPartOf\":{\"@id\":\"https:\/\/www.oarcanjo.net\/site\/santa-teresinha-do-menino-jesus\/\"},\"author\":{\"name\":\"danilo\",\"@id\":\"https:\/\/www.oarcanjo.net\/site\/#\/schema\/person\/5eb9480bedd2f3c97e430ce128c29c6c\"},\"headline\":\"Santa Teresinha do Menino Jesus\",\"datePublished\":\"2017-10-01T03:57:30+00:00\",\"dateModified\":\"2017-07-31T11:30:56+00:00\",\"mainEntityOfPage\":{\"@id\":\"https:\/\/www.oarcanjo.net\/site\/santa-teresinha-do-menino-jesus\/\"},\"wordCount\":983,\"commentCount\":4,\"publisher\":{\"@id\":\"https:\/\/www.oarcanjo.net\/site\/#organization\"},\"image\":{\"@id\":\"https:\/\/www.oarcanjo.net\/site\/santa-teresinha-do-menino-jesus\/#primaryimage\"},\"thumbnailUrl\":\"http:\/\/1.bp.blogspot.com\/_M3jJNi2lNg4\/TAUz0jkjbTI\/AAAAAAAABKM\/gTGDq_kB4Xs\/s1600\/Santa-Teresinha.jpg.gif\",\"articleSection\":[\"Testemunhos\"],\"inLanguage\":\"pt-BR\",\"potentialAction\":[{\"@type\":\"CommentAction\",\"name\":\"Comment\",\"target\":[\"https:\/\/www.oarcanjo.net\/site\/santa-teresinha-do-menino-jesus\/#respond\"]}]},{\"@type\":\"WebPage\",\"@id\":\"https:\/\/www.oarcanjo.net\/site\/santa-teresinha-do-menino-jesus\/\",\"url\":\"https:\/\/www.oarcanjo.net\/site\/santa-teresinha-do-menino-jesus\/\",\"name\":\"Santa Teresinha do Menino Jesus - O Arcanjo no ar\",\"isPartOf\":{\"@id\":\"https:\/\/www.oarcanjo.net\/site\/#website\"},\"primaryImageOfPage\":{\"@id\":\"https:\/\/www.oarcanjo.net\/site\/santa-teresinha-do-menino-jesus\/#primaryimage\"},\"image\":{\"@id\":\"https:\/\/www.oarcanjo.net\/site\/santa-teresinha-do-menino-jesus\/#primaryimage\"},\"thumbnailUrl\":\"http:\/\/1.bp.blogspot.com\/_M3jJNi2lNg4\/TAUz0jkjbTI\/AAAAAAAABKM\/gTGDq_kB4Xs\/s1600\/Santa-Teresinha.jpg.gif\",\"datePublished\":\"2017-10-01T03:57:30+00:00\",\"dateModified\":\"2017-07-31T11:30:56+00:00\",\"breadcrumb\":{\"@id\":\"https:\/\/www.oarcanjo.net\/site\/santa-teresinha-do-menino-jesus\/#breadcrumb\"},\"inLanguage\":\"pt-BR\",\"potentialAction\":[{\"@type\":\"ReadAction\",\"target\":[\"https:\/\/www.oarcanjo.net\/site\/santa-teresinha-do-menino-jesus\/\"]}]},{\"@type\":\"ImageObject\",\"inLanguage\":\"pt-BR\",\"@id\":\"https:\/\/www.oarcanjo.net\/site\/santa-teresinha-do-menino-jesus\/#primaryimage\",\"url\":\"http:\/\/1.bp.blogspot.com\/_M3jJNi2lNg4\/TAUz0jkjbTI\/AAAAAAAABKM\/gTGDq_kB4Xs\/s1600\/Santa-Teresinha.jpg.gif\",\"contentUrl\":\"http:\/\/1.bp.blogspot.com\/_M3jJNi2lNg4\/TAUz0jkjbTI\/AAAAAAAABKM\/gTGDq_kB4Xs\/s1600\/Santa-Teresinha.jpg.gif\"},{\"@type\":\"BreadcrumbList\",\"@id\":\"https:\/\/www.oarcanjo.net\/site\/santa-teresinha-do-menino-jesus\/#breadcrumb\",\"itemListElement\":[{\"@type\":\"ListItem\",\"position\":1,\"name\":\"In\u00edcio\",\"item\":\"https:\/\/www.oarcanjo.net\/site\/\"},{\"@type\":\"ListItem\",\"position\":2,\"name\":\"Santa Teresinha do Menino Jesus\"}]},{\"@type\":\"WebSite\",\"@id\":\"https:\/\/www.oarcanjo.net\/site\/#website\",\"url\":\"https:\/\/www.oarcanjo.net\/site\/\",\"name\":\"O Arcanjo no ar\",\"description\":\"Site da Par\u00f3quia S\u00e3o Miguel Arcanjo (Arquidiocese de SP)\",\"publisher\":{\"@id\":\"https:\/\/www.oarcanjo.net\/site\/#organization\"},\"potentialAction\":[{\"@type\":\"SearchAction\",\"target\":{\"@type\":\"EntryPoint\",\"urlTemplate\":\"https:\/\/www.oarcanjo.net\/site\/?s={search_term_string}\"},\"query-input\":{\"@type\":\"PropertyValueSpecification\",\"valueRequired\":true,\"valueName\":\"search_term_string\"}}],\"inLanguage\":\"pt-BR\"},{\"@type\":\"Organization\",\"@id\":\"https:\/\/www.oarcanjo.net\/site\/#organization\",\"name\":\"Par\u00f3quia S\u00e3o Miguel Arcanjo\",\"url\":\"https:\/\/www.oarcanjo.net\/site\/\",\"logo\":{\"@type\":\"ImageObject\",\"inLanguage\":\"pt-BR\",\"@id\":\"https:\/\/www.oarcanjo.net\/site\/#\/schema\/logo\/image\/\",\"url\":\"https:\/\/www.oarcanjo.net\/site\/wp-content\/uploads\/LogoOArcanjo.png\",\"contentUrl\":\"https:\/\/www.oarcanjo.net\/site\/wp-content\/uploads\/LogoOArcanjo.png\",\"width\":319,\"height\":99,\"caption\":\"Par\u00f3quia S\u00e3o Miguel Arcanjo\"},\"image\":{\"@id\":\"https:\/\/www.oarcanjo.net\/site\/#\/schema\/logo\/image\/\"},\"sameAs\":[\"https:\/\/www.facebook.com\/OArcanjoNoAr\/\"]},{\"@type\":\"Person\",\"@id\":\"https:\/\/www.oarcanjo.net\/site\/#\/schema\/person\/5eb9480bedd2f3c97e430ce128c29c6c\",\"name\":\"danilo\"}]}<\/script>\n<!-- \/ Yoast SEO plugin. -->","yoast_head_json":{"title":"Santa Teresinha do Menino Jesus - O Arcanjo no ar","robots":{"index":"index","follow":"follow","max-snippet":"max-snippet:-1","max-image-preview":"max-image-preview:large","max-video-preview":"max-video-preview:-1"},"canonical":"https:\/\/www.oarcanjo.net\/site\/santa-teresinha-do-menino-jesus\/","og_locale":"pt_BR","og_type":"article","og_title":"Santa Teresinha do Menino Jesus - O Arcanjo no ar","og_description":"1 de Outubro Santa Teresa do Menino Jesus e da Sagrada Face teve uma vida bastante breve. Conhecida por Teresinha do Menino Jesus, \u00e9 uma das santas mais caracter\u00edsticas por sua espiritualidade. Seu culto se espalhou em pouco tempo por todos os recantos do mundo cat\u00f3lico. Teresinha nasceu em Alen\u00e7on, norte da Fran\u00e7a, aos 2 [&hellip;]","og_url":"https:\/\/www.oarcanjo.net\/site\/santa-teresinha-do-menino-jesus\/","og_site_name":"O Arcanjo no ar","article_publisher":"https:\/\/www.facebook.com\/OArcanjoNoAr\/","article_published_time":"2017-10-01T03:57:30+00:00","article_modified_time":"2017-07-31T11:30:56+00:00","og_image":[{"url":"http:\/\/1.bp.blogspot.com\/_M3jJNi2lNg4\/TAUz0jkjbTI\/AAAAAAAABKM\/gTGDq_kB4Xs\/s1600\/Santa-Teresinha.jpg.gif"}],"author":"danilo","twitter_card":"summary_large_image","twitter_misc":{"Escrito por":"danilo","Est. tempo de leitura":"5 minutos"},"schema":{"@context":"https:\/\/schema.org","@graph":[{"@type":"Article","@id":"https:\/\/www.oarcanjo.net\/site\/santa-teresinha-do-menino-jesus\/#article","isPartOf":{"@id":"https:\/\/www.oarcanjo.net\/site\/santa-teresinha-do-menino-jesus\/"},"author":{"name":"danilo","@id":"https:\/\/www.oarcanjo.net\/site\/#\/schema\/person\/5eb9480bedd2f3c97e430ce128c29c6c"},"headline":"Santa Teresinha do Menino Jesus","datePublished":"2017-10-01T03:57:30+00:00","dateModified":"2017-07-31T11:30:56+00:00","mainEntityOfPage":{"@id":"https:\/\/www.oarcanjo.net\/site\/santa-teresinha-do-menino-jesus\/"},"wordCount":983,"commentCount":4,"publisher":{"@id":"https:\/\/www.oarcanjo.net\/site\/#organization"},"image":{"@id":"https:\/\/www.oarcanjo.net\/site\/santa-teresinha-do-menino-jesus\/#primaryimage"},"thumbnailUrl":"http:\/\/1.bp.blogspot.com\/_M3jJNi2lNg4\/TAUz0jkjbTI\/AAAAAAAABKM\/gTGDq_kB4Xs\/s1600\/Santa-Teresinha.jpg.gif","articleSection":["Testemunhos"],"inLanguage":"pt-BR","potentialAction":[{"@type":"CommentAction","name":"Comment","target":["https:\/\/www.oarcanjo.net\/site\/santa-teresinha-do-menino-jesus\/#respond"]}]},{"@type":"WebPage","@id":"https:\/\/www.oarcanjo.net\/site\/santa-teresinha-do-menino-jesus\/","url":"https:\/\/www.oarcanjo.net\/site\/santa-teresinha-do-menino-jesus\/","name":"Santa Teresinha do Menino Jesus - O Arcanjo no ar","isPartOf":{"@id":"https:\/\/www.oarcanjo.net\/site\/#website"},"primaryImageOfPage":{"@id":"https:\/\/www.oarcanjo.net\/site\/santa-teresinha-do-menino-jesus\/#primaryimage"},"image":{"@id":"https:\/\/www.oarcanjo.net\/site\/santa-teresinha-do-menino-jesus\/#primaryimage"},"thumbnailUrl":"http:\/\/1.bp.blogspot.com\/_M3jJNi2lNg4\/TAUz0jkjbTI\/AAAAAAAABKM\/gTGDq_kB4Xs\/s1600\/Santa-Teresinha.jpg.gif","datePublished":"2017-10-01T03:57:30+00:00","dateModified":"2017-07-31T11:30:56+00:00","breadcrumb":{"@id":"https:\/\/www.oarcanjo.net\/site\/santa-teresinha-do-menino-jesus\/#breadcrumb"},"inLanguage":"pt-BR","potentialAction":[{"@type":"ReadAction","target":["https:\/\/www.oarcanjo.net\/site\/santa-teresinha-do-menino-jesus\/"]}]},{"@type":"ImageObject","inLanguage":"pt-BR","@id":"https:\/\/www.oarcanjo.net\/site\/santa-teresinha-do-menino-jesus\/#primaryimage","url":"http:\/\/1.bp.blogspot.com\/_M3jJNi2lNg4\/TAUz0jkjbTI\/AAAAAAAABKM\/gTGDq_kB4Xs\/s1600\/Santa-Teresinha.jpg.gif","contentUrl":"http:\/\/1.bp.blogspot.com\/_M3jJNi2lNg4\/TAUz0jkjbTI\/AAAAAAAABKM\/gTGDq_kB4Xs\/s1600\/Santa-Teresinha.jpg.gif"},{"@type":"BreadcrumbList","@id":"https:\/\/www.oarcanjo.net\/site\/santa-teresinha-do-menino-jesus\/#breadcrumb","itemListElement":[{"@type":"ListItem","position":1,"name":"In\u00edcio","item":"https:\/\/www.oarcanjo.net\/site\/"},{"@type":"ListItem","position":2,"name":"Santa Teresinha do Menino Jesus"}]},{"@type":"WebSite","@id":"https:\/\/www.oarcanjo.net\/site\/#website","url":"https:\/\/www.oarcanjo.net\/site\/","name":"O Arcanjo no ar","description":"Site da Par\u00f3quia S\u00e3o Miguel Arcanjo (Arquidiocese de SP)","publisher":{"@id":"https:\/\/www.oarcanjo.net\/site\/#organization"},"potentialAction":[{"@type":"SearchAction","target":{"@type":"EntryPoint","urlTemplate":"https:\/\/www.oarcanjo.net\/site\/?s={search_term_string}"},"query-input":{"@type":"PropertyValueSpecification","valueRequired":true,"valueName":"search_term_string"}}],"inLanguage":"pt-BR"},{"@type":"Organization","@id":"https:\/\/www.oarcanjo.net\/site\/#organization","name":"Par\u00f3quia S\u00e3o Miguel Arcanjo","url":"https:\/\/www.oarcanjo.net\/site\/","logo":{"@type":"ImageObject","inLanguage":"pt-BR","@id":"https:\/\/www.oarcanjo.net\/site\/#\/schema\/logo\/image\/","url":"https:\/\/www.oarcanjo.net\/site\/wp-content\/uploads\/LogoOArcanjo.png","contentUrl":"https:\/\/www.oarcanjo.net\/site\/wp-content\/uploads\/LogoOArcanjo.png","width":319,"height":99,"caption":"Par\u00f3quia S\u00e3o Miguel Arcanjo"},"image":{"@id":"https:\/\/www.oarcanjo.net\/site\/#\/schema\/logo\/image\/"},"sameAs":["https:\/\/www.facebook.com\/OArcanjoNoAr\/"]},{"@type":"Person","@id":"https:\/\/www.oarcanjo.net\/site\/#\/schema\/person\/5eb9480bedd2f3c97e430ce128c29c6c","name":"danilo"}]}},"publishpress_future_action":{"enabled":false,"date":"2026-05-08 23:57:15","action":"category","newStatus":"draft","terms":[],"taxonomy":"category"},"publishpress_future_workflow_manual_trigger":{"enabledWorkflows":[]},"_links":{"self":[{"href":"https:\/\/www.oarcanjo.net\/site\/wp-json\/wp\/v2\/posts\/11083"}],"collection":[{"href":"https:\/\/www.oarcanjo.net\/site\/wp-json\/wp\/v2\/posts"}],"about":[{"href":"https:\/\/www.oarcanjo.net\/site\/wp-json\/wp\/v2\/types\/post"}],"author":[{"embeddable":true,"href":"https:\/\/www.oarcanjo.net\/site\/wp-json\/wp\/v2\/users\/14"}],"replies":[{"embeddable":true,"href":"https:\/\/www.oarcanjo.net\/site\/wp-json\/wp\/v2\/comments?post=11083"}],"version-history":[{"count":0,"href":"https:\/\/www.oarcanjo.net\/site\/wp-json\/wp\/v2\/posts\/11083\/revisions"}],"wp:attachment":[{"href":"https:\/\/www.oarcanjo.net\/site\/wp-json\/wp\/v2\/media?parent=11083"}],"wp:term":[{"taxonomy":"category","embeddable":true,"href":"https:\/\/www.oarcanjo.net\/site\/wp-json\/wp\/v2\/categories?post=11083"},{"taxonomy":"post_tag","embeddable":true,"href":"https:\/\/www.oarcanjo.net\/site\/wp-json\/wp\/v2\/tags?post=11083"}],"curies":[{"name":"wp","href":"https:\/\/api.w.org\/{rel}","templated":true}]}}