
{"id":11096,"date":"2017-10-02T00:16:41","date_gmt":"2017-10-02T03:16:41","guid":{"rendered":"http:\/\/www.oarcanjo.net\/site\/?p=11096"},"modified":"2017-07-31T08:31:03","modified_gmt":"2017-07-31T11:31:03","slug":"santo-anjo-da-guarda","status":"publish","type":"post","link":"https:\/\/www.oarcanjo.net\/site\/santo-anjo-da-guarda\/","title":{"rendered":"Santo Anjo da Guarda"},"content":{"rendered":"<p><img loading=\"lazy\" decoding=\"async\" src=\"http:\/\/blog.cancaonova.com\/america\/files\/2009\/10\/bernhard_plockhorst_-_schutzengel1.jpg\" alt=\"\" width=\"383\" height=\"534\" \/><\/p>\n<p>2 de Outubro<\/p>\n<p>Deus, que criou todas as coisas, criou tamb\u00e9m os anjos, para que o louvem, obede\u00e7am e atendam. Criou-os para serem eternamente felizes e para que nos ajudem e guiem, especialmente toda a sua Igreja. Entretanto uma grande parte desses anjos cometeu o grave pecado da soberba, desejando tornar-se iguais ao pr\u00f3prio Criador. Por isso Deus os condenou e os precipitou no inferno, onde permanecer\u00e3o para todo o sempre. Esses anjos rebeldes s\u00e3o chamados esp\u00edritos maus, diabos ou dem\u00f4nios, e t\u00eam como chefe Satan\u00e1s.<\/p>\n<p>Os anjos que ficaram fi\u00e9is a Deus s\u00e3o os chamados anjos bons ou simplesmente: anjos. Dentre esses \u00e9 que Deus escolhe nosso Anjo da Guarda, que \u00e9 pessoal e exclusivo, cuja fun\u00e7\u00e3o \u00e9 proteger-nos at\u00e9 o retorno da nossa alma \u00e0 eternidade. Ele nos ampara e nos defende dos perigos com que os esp\u00edritos maus nos tentam, na nossa vida terrena. &#8220;Porque aos seus anjos ele mandou que te guardem em todos os teus caminhos, eles te sustentar\u00e3o em suas m\u00e3os, para que n\u00e3o tropeces em alguma pedra&#8221; (Sl 90,11-12).<\/p>\n<p>Os Anjos da Guarda est\u00e3o repletos de dons e privil\u00e9gios especiais, com uma miss\u00e3o insubstitu\u00edvel ao longo da cria\u00e7\u00e3o. Eles possuem a natureza ang\u00e9lica espiritual, que \u00e9 a s\u00edntese de toda a beleza e de todas as virtudes de Deus, por isso imposs\u00edvel de ser representada.<\/p>\n<p>Em um dos seus textos, s\u00e3o Francisco de Sales esclarece que a tarefa dos anjos \u00e9 levar as nossas ora\u00e7\u00f5es \u00e0 bondade misericordiosa do Alt\u00edssimo e de informar-nos se elas foram atendidas. Assim sendo, as gra\u00e7as que recebemos nos s\u00e3o dadas por Deus, que \u00e9 o princ\u00edpio e o fim de nossa vida, atrav\u00e9s da intercess\u00e3o de nosso Anjo Bom.<\/p>\n<p>Deus confiou cada criatura a um Anjo da Guarda. Esta \u00e9 uma verdade que est\u00e1 em v\u00e1rias p\u00e1ginas da Sagrada Escritura e na hist\u00f3ria das tradi\u00e7\u00f5es da humanidade, sendo um dogma da Igreja Cat\u00f3lica, atualmente tamb\u00e9m confirmado pelos te\u00f3logos. A devo\u00e7\u00e3o dos anjos \u00e9 mais antiga at\u00e9 que a dos pr\u00f3prios santos, ganhando maior vigor na Idade M\u00e9dia, quando os monges solit\u00e1rios receberam a companhia dessas invis\u00edveis criaturas, cuja presen\u00e7a era sentida nas suas vidas de silenciosa contempla\u00e7\u00e3o e \u00edntima comunh\u00e3o espiritual com Deus-Pai.<\/p>\n<p>Todavia o Eterno Guardi\u00e3o, como o Anjo da Guarda tamb\u00e9m \u00e9 chamado, t\u00e3o solicitado e cuidado durante a inf\u00e2ncia, est\u00e1 totalmente esquecido no cotidiano do adulto, que, descuidando de sua exclusiva e pr\u00f3pria companhia, n\u00e3o se apercebe mais de sua ang\u00e9lica presen\u00e7a. Mas este esp\u00edrito puro continua vigilante, constante dos pensamentos e de todas as a\u00e7\u00f5es humanas.<\/p>\n<p>O Anjo da Guarda \u00e9 um ser mais perfeito e digno do que n\u00f3s, criaturas humanas. N\u00e3o podemos ignor\u00e1-lo. Devemos am\u00e1-lo, respeit\u00e1-lo e segui-lo, pois est\u00e1 sempre pronto a proteger-nos, animar e orientar, para cumprirmos a miss\u00e3o da vida terrena, trilhando o caminho de Cristo e, assim, ingressarmos na gl\u00f3ria eterna.<\/p>\n<p>A celebra\u00e7\u00e3o especialmente dedicada aos Anjos da Guarda come\u00e7ou na Espanha, no final do ano 400, propagando-se por toda a Europa em poucos s\u00e9culos. Antes, ela ocorria no dia 29 de setembro, junto com a do arcanjo Miguel, guardi\u00e3o e protetor por excel\u00eancia. O dia 2 de outubro foi fixado em 1670, pelo papa Clemente X, para celebrar separadamente o nosso santo Anjo da Guarda. E para ele a Igreja ditou uma das mais belas ora\u00e7\u00f5es, que diz: &#8220;Santo Anjo do Senhor, meu zeloso guardador, j\u00e1 que a ti me confiou a Piedade Divina, sempre me rege, me guarda, me governa e ilumina, agora e sempre. Assim seja&#8221;.<\/p>\n<div id=\"themify_builder_content-11096\" data-postid=\"11096\" class=\"themify_builder_content themify_builder_content-11096 themify_builder themify_builder_front\">\n\t<\/div>\n<!-- \/themify_builder_content -->","protected":false},"excerpt":{"rendered":"<p>2 de Outubro Deus, que criou todas as coisas, criou tamb\u00e9m os anjos, para que o louvem, obede\u00e7am e atendam. Criou-os para serem eternamente felizes e para que nos ajudem e guiem, especialmente toda a sua Igreja. Entretanto uma grande parte desses anjos cometeu o grave pecado da soberba, desejando tornar-se iguais ao pr\u00f3prio Criador. [&hellip;]<\/p>\n","protected":false},"author":14,"featured_media":0,"comment_status":"open","ping_status":"open","sticky":false,"template":"","format":"standard","meta":{"ngg_post_thumbnail":0,"footnotes":""},"categories":[186],"tags":[],"yoast_head":"<!-- This site is optimized with the Yoast SEO plugin v23.5 - https:\/\/yoast.com\/wordpress\/plugins\/seo\/ -->\n<title>Santo Anjo da Guarda - O Arcanjo no ar<\/title>\n<meta name=\"robots\" content=\"index, follow, max-snippet:-1, max-image-preview:large, max-video-preview:-1\" \/>\n<link rel=\"canonical\" href=\"https:\/\/www.oarcanjo.net\/site\/santo-anjo-da-guarda\/\" \/>\n<meta property=\"og:locale\" content=\"pt_BR\" \/>\n<meta property=\"og:type\" content=\"article\" \/>\n<meta property=\"og:title\" content=\"Santo Anjo da Guarda - O Arcanjo no ar\" \/>\n<meta property=\"og:description\" content=\"2 de Outubro Deus, que criou todas as coisas, criou tamb\u00e9m os anjos, para que o louvem, obede\u00e7am e atendam. Criou-os para serem eternamente felizes e para que nos ajudem e guiem, especialmente toda a sua Igreja. Entretanto uma grande parte desses anjos cometeu o grave pecado da soberba, desejando tornar-se iguais ao pr\u00f3prio Criador. [&hellip;]\" \/>\n<meta property=\"og:url\" content=\"https:\/\/www.oarcanjo.net\/site\/santo-anjo-da-guarda\/\" \/>\n<meta property=\"og:site_name\" content=\"O Arcanjo no ar\" \/>\n<meta property=\"article:publisher\" content=\"https:\/\/www.facebook.com\/OArcanjoNoAr\/\" \/>\n<meta property=\"article:published_time\" content=\"2017-10-02T03:16:41+00:00\" \/>\n<meta property=\"article:modified_time\" content=\"2017-07-31T11:31:03+00:00\" \/>\n<meta property=\"og:image\" content=\"http:\/\/blog.cancaonova.com\/america\/files\/2009\/10\/bernhard_plockhorst_-_schutzengel1.jpg\" \/>\n<meta name=\"author\" content=\"danilo\" \/>\n<meta name=\"twitter:card\" content=\"summary_large_image\" \/>\n<meta name=\"twitter:label1\" content=\"Escrito por\" \/>\n\t<meta name=\"twitter:data1\" content=\"danilo\" \/>\n\t<meta name=\"twitter:label2\" content=\"Est. tempo de leitura\" \/>\n\t<meta name=\"twitter:data2\" content=\"3 minutos\" \/>\n<script type=\"application\/ld+json\" class=\"yoast-schema-graph\">{\"@context\":\"https:\/\/schema.org\",\"@graph\":[{\"@type\":\"Article\",\"@id\":\"https:\/\/www.oarcanjo.net\/site\/santo-anjo-da-guarda\/#article\",\"isPartOf\":{\"@id\":\"https:\/\/www.oarcanjo.net\/site\/santo-anjo-da-guarda\/\"},\"author\":{\"name\":\"danilo\",\"@id\":\"https:\/\/www.oarcanjo.net\/site\/#\/schema\/person\/5eb9480bedd2f3c97e430ce128c29c6c\"},\"headline\":\"Santo Anjo da Guarda\",\"datePublished\":\"2017-10-02T03:16:41+00:00\",\"dateModified\":\"2017-07-31T11:31:03+00:00\",\"mainEntityOfPage\":{\"@id\":\"https:\/\/www.oarcanjo.net\/site\/santo-anjo-da-guarda\/\"},\"wordCount\":639,\"commentCount\":4,\"publisher\":{\"@id\":\"https:\/\/www.oarcanjo.net\/site\/#organization\"},\"image\":{\"@id\":\"https:\/\/www.oarcanjo.net\/site\/santo-anjo-da-guarda\/#primaryimage\"},\"thumbnailUrl\":\"http:\/\/blog.cancaonova.com\/america\/files\/2009\/10\/bernhard_plockhorst_-_schutzengel1.jpg\",\"articleSection\":[\"Testemunhos\"],\"inLanguage\":\"pt-BR\",\"potentialAction\":[{\"@type\":\"CommentAction\",\"name\":\"Comment\",\"target\":[\"https:\/\/www.oarcanjo.net\/site\/santo-anjo-da-guarda\/#respond\"]}]},{\"@type\":\"WebPage\",\"@id\":\"https:\/\/www.oarcanjo.net\/site\/santo-anjo-da-guarda\/\",\"url\":\"https:\/\/www.oarcanjo.net\/site\/santo-anjo-da-guarda\/\",\"name\":\"Santo Anjo da Guarda - O Arcanjo no ar\",\"isPartOf\":{\"@id\":\"https:\/\/www.oarcanjo.net\/site\/#website\"},\"primaryImageOfPage\":{\"@id\":\"https:\/\/www.oarcanjo.net\/site\/santo-anjo-da-guarda\/#primaryimage\"},\"image\":{\"@id\":\"https:\/\/www.oarcanjo.net\/site\/santo-anjo-da-guarda\/#primaryimage\"},\"thumbnailUrl\":\"http:\/\/blog.cancaonova.com\/america\/files\/2009\/10\/bernhard_plockhorst_-_schutzengel1.jpg\",\"datePublished\":\"2017-10-02T03:16:41+00:00\",\"dateModified\":\"2017-07-31T11:31:03+00:00\",\"breadcrumb\":{\"@id\":\"https:\/\/www.oarcanjo.net\/site\/santo-anjo-da-guarda\/#breadcrumb\"},\"inLanguage\":\"pt-BR\",\"potentialAction\":[{\"@type\":\"ReadAction\",\"target\":[\"https:\/\/www.oarcanjo.net\/site\/santo-anjo-da-guarda\/\"]}]},{\"@type\":\"ImageObject\",\"inLanguage\":\"pt-BR\",\"@id\":\"https:\/\/www.oarcanjo.net\/site\/santo-anjo-da-guarda\/#primaryimage\",\"url\":\"http:\/\/blog.cancaonova.com\/america\/files\/2009\/10\/bernhard_plockhorst_-_schutzengel1.jpg\",\"contentUrl\":\"http:\/\/blog.cancaonova.com\/america\/files\/2009\/10\/bernhard_plockhorst_-_schutzengel1.jpg\"},{\"@type\":\"BreadcrumbList\",\"@id\":\"https:\/\/www.oarcanjo.net\/site\/santo-anjo-da-guarda\/#breadcrumb\",\"itemListElement\":[{\"@type\":\"ListItem\",\"position\":1,\"name\":\"In\u00edcio\",\"item\":\"https:\/\/www.oarcanjo.net\/site\/\"},{\"@type\":\"ListItem\",\"position\":2,\"name\":\"Santo Anjo da Guarda\"}]},{\"@type\":\"WebSite\",\"@id\":\"https:\/\/www.oarcanjo.net\/site\/#website\",\"url\":\"https:\/\/www.oarcanjo.net\/site\/\",\"name\":\"O Arcanjo no ar\",\"description\":\"Site da Par\u00f3quia S\u00e3o Miguel Arcanjo (Arquidiocese de SP)\",\"publisher\":{\"@id\":\"https:\/\/www.oarcanjo.net\/site\/#organization\"},\"potentialAction\":[{\"@type\":\"SearchAction\",\"target\":{\"@type\":\"EntryPoint\",\"urlTemplate\":\"https:\/\/www.oarcanjo.net\/site\/?s={search_term_string}\"},\"query-input\":{\"@type\":\"PropertyValueSpecification\",\"valueRequired\":true,\"valueName\":\"search_term_string\"}}],\"inLanguage\":\"pt-BR\"},{\"@type\":\"Organization\",\"@id\":\"https:\/\/www.oarcanjo.net\/site\/#organization\",\"name\":\"Par\u00f3quia S\u00e3o Miguel Arcanjo\",\"url\":\"https:\/\/www.oarcanjo.net\/site\/\",\"logo\":{\"@type\":\"ImageObject\",\"inLanguage\":\"pt-BR\",\"@id\":\"https:\/\/www.oarcanjo.net\/site\/#\/schema\/logo\/image\/\",\"url\":\"https:\/\/www.oarcanjo.net\/site\/wp-content\/uploads\/LogoOArcanjo.png\",\"contentUrl\":\"https:\/\/www.oarcanjo.net\/site\/wp-content\/uploads\/LogoOArcanjo.png\",\"width\":319,\"height\":99,\"caption\":\"Par\u00f3quia S\u00e3o Miguel Arcanjo\"},\"image\":{\"@id\":\"https:\/\/www.oarcanjo.net\/site\/#\/schema\/logo\/image\/\"},\"sameAs\":[\"https:\/\/www.facebook.com\/OArcanjoNoAr\/\"]},{\"@type\":\"Person\",\"@id\":\"https:\/\/www.oarcanjo.net\/site\/#\/schema\/person\/5eb9480bedd2f3c97e430ce128c29c6c\",\"name\":\"danilo\"}]}<\/script>\n<!-- \/ Yoast SEO plugin. -->","yoast_head_json":{"title":"Santo Anjo da Guarda - O Arcanjo no ar","robots":{"index":"index","follow":"follow","max-snippet":"max-snippet:-1","max-image-preview":"max-image-preview:large","max-video-preview":"max-video-preview:-1"},"canonical":"https:\/\/www.oarcanjo.net\/site\/santo-anjo-da-guarda\/","og_locale":"pt_BR","og_type":"article","og_title":"Santo Anjo da Guarda - O Arcanjo no ar","og_description":"2 de Outubro Deus, que criou todas as coisas, criou tamb\u00e9m os anjos, para que o louvem, obede\u00e7am e atendam. Criou-os para serem eternamente felizes e para que nos ajudem e guiem, especialmente toda a sua Igreja. Entretanto uma grande parte desses anjos cometeu o grave pecado da soberba, desejando tornar-se iguais ao pr\u00f3prio Criador. [&hellip;]","og_url":"https:\/\/www.oarcanjo.net\/site\/santo-anjo-da-guarda\/","og_site_name":"O Arcanjo no ar","article_publisher":"https:\/\/www.facebook.com\/OArcanjoNoAr\/","article_published_time":"2017-10-02T03:16:41+00:00","article_modified_time":"2017-07-31T11:31:03+00:00","og_image":[{"url":"http:\/\/blog.cancaonova.com\/america\/files\/2009\/10\/bernhard_plockhorst_-_schutzengel1.jpg"}],"author":"danilo","twitter_card":"summary_large_image","twitter_misc":{"Escrito por":"danilo","Est. tempo de leitura":"3 minutos"},"schema":{"@context":"https:\/\/schema.org","@graph":[{"@type":"Article","@id":"https:\/\/www.oarcanjo.net\/site\/santo-anjo-da-guarda\/#article","isPartOf":{"@id":"https:\/\/www.oarcanjo.net\/site\/santo-anjo-da-guarda\/"},"author":{"name":"danilo","@id":"https:\/\/www.oarcanjo.net\/site\/#\/schema\/person\/5eb9480bedd2f3c97e430ce128c29c6c"},"headline":"Santo Anjo da Guarda","datePublished":"2017-10-02T03:16:41+00:00","dateModified":"2017-07-31T11:31:03+00:00","mainEntityOfPage":{"@id":"https:\/\/www.oarcanjo.net\/site\/santo-anjo-da-guarda\/"},"wordCount":639,"commentCount":4,"publisher":{"@id":"https:\/\/www.oarcanjo.net\/site\/#organization"},"image":{"@id":"https:\/\/www.oarcanjo.net\/site\/santo-anjo-da-guarda\/#primaryimage"},"thumbnailUrl":"http:\/\/blog.cancaonova.com\/america\/files\/2009\/10\/bernhard_plockhorst_-_schutzengel1.jpg","articleSection":["Testemunhos"],"inLanguage":"pt-BR","potentialAction":[{"@type":"CommentAction","name":"Comment","target":["https:\/\/www.oarcanjo.net\/site\/santo-anjo-da-guarda\/#respond"]}]},{"@type":"WebPage","@id":"https:\/\/www.oarcanjo.net\/site\/santo-anjo-da-guarda\/","url":"https:\/\/www.oarcanjo.net\/site\/santo-anjo-da-guarda\/","name":"Santo Anjo da Guarda - O Arcanjo no ar","isPartOf":{"@id":"https:\/\/www.oarcanjo.net\/site\/#website"},"primaryImageOfPage":{"@id":"https:\/\/www.oarcanjo.net\/site\/santo-anjo-da-guarda\/#primaryimage"},"image":{"@id":"https:\/\/www.oarcanjo.net\/site\/santo-anjo-da-guarda\/#primaryimage"},"thumbnailUrl":"http:\/\/blog.cancaonova.com\/america\/files\/2009\/10\/bernhard_plockhorst_-_schutzengel1.jpg","datePublished":"2017-10-02T03:16:41+00:00","dateModified":"2017-07-31T11:31:03+00:00","breadcrumb":{"@id":"https:\/\/www.oarcanjo.net\/site\/santo-anjo-da-guarda\/#breadcrumb"},"inLanguage":"pt-BR","potentialAction":[{"@type":"ReadAction","target":["https:\/\/www.oarcanjo.net\/site\/santo-anjo-da-guarda\/"]}]},{"@type":"ImageObject","inLanguage":"pt-BR","@id":"https:\/\/www.oarcanjo.net\/site\/santo-anjo-da-guarda\/#primaryimage","url":"http:\/\/blog.cancaonova.com\/america\/files\/2009\/10\/bernhard_plockhorst_-_schutzengel1.jpg","contentUrl":"http:\/\/blog.cancaonova.com\/america\/files\/2009\/10\/bernhard_plockhorst_-_schutzengel1.jpg"},{"@type":"BreadcrumbList","@id":"https:\/\/www.oarcanjo.net\/site\/santo-anjo-da-guarda\/#breadcrumb","itemListElement":[{"@type":"ListItem","position":1,"name":"In\u00edcio","item":"https:\/\/www.oarcanjo.net\/site\/"},{"@type":"ListItem","position":2,"name":"Santo Anjo da Guarda"}]},{"@type":"WebSite","@id":"https:\/\/www.oarcanjo.net\/site\/#website","url":"https:\/\/www.oarcanjo.net\/site\/","name":"O Arcanjo no ar","description":"Site da Par\u00f3quia S\u00e3o Miguel Arcanjo (Arquidiocese de SP)","publisher":{"@id":"https:\/\/www.oarcanjo.net\/site\/#organization"},"potentialAction":[{"@type":"SearchAction","target":{"@type":"EntryPoint","urlTemplate":"https:\/\/www.oarcanjo.net\/site\/?s={search_term_string}"},"query-input":{"@type":"PropertyValueSpecification","valueRequired":true,"valueName":"search_term_string"}}],"inLanguage":"pt-BR"},{"@type":"Organization","@id":"https:\/\/www.oarcanjo.net\/site\/#organization","name":"Par\u00f3quia S\u00e3o Miguel Arcanjo","url":"https:\/\/www.oarcanjo.net\/site\/","logo":{"@type":"ImageObject","inLanguage":"pt-BR","@id":"https:\/\/www.oarcanjo.net\/site\/#\/schema\/logo\/image\/","url":"https:\/\/www.oarcanjo.net\/site\/wp-content\/uploads\/LogoOArcanjo.png","contentUrl":"https:\/\/www.oarcanjo.net\/site\/wp-content\/uploads\/LogoOArcanjo.png","width":319,"height":99,"caption":"Par\u00f3quia S\u00e3o Miguel Arcanjo"},"image":{"@id":"https:\/\/www.oarcanjo.net\/site\/#\/schema\/logo\/image\/"},"sameAs":["https:\/\/www.facebook.com\/OArcanjoNoAr\/"]},{"@type":"Person","@id":"https:\/\/www.oarcanjo.net\/site\/#\/schema\/person\/5eb9480bedd2f3c97e430ce128c29c6c","name":"danilo"}]}},"publishpress_future_action":{"enabled":false,"date":"2026-05-08 23:47:34","action":"category","newStatus":"draft","terms":[],"taxonomy":"category"},"publishpress_future_workflow_manual_trigger":{"enabledWorkflows":[]},"_links":{"self":[{"href":"https:\/\/www.oarcanjo.net\/site\/wp-json\/wp\/v2\/posts\/11096"}],"collection":[{"href":"https:\/\/www.oarcanjo.net\/site\/wp-json\/wp\/v2\/posts"}],"about":[{"href":"https:\/\/www.oarcanjo.net\/site\/wp-json\/wp\/v2\/types\/post"}],"author":[{"embeddable":true,"href":"https:\/\/www.oarcanjo.net\/site\/wp-json\/wp\/v2\/users\/14"}],"replies":[{"embeddable":true,"href":"https:\/\/www.oarcanjo.net\/site\/wp-json\/wp\/v2\/comments?post=11096"}],"version-history":[{"count":0,"href":"https:\/\/www.oarcanjo.net\/site\/wp-json\/wp\/v2\/posts\/11096\/revisions"}],"wp:attachment":[{"href":"https:\/\/www.oarcanjo.net\/site\/wp-json\/wp\/v2\/media?parent=11096"}],"wp:term":[{"taxonomy":"category","embeddable":true,"href":"https:\/\/www.oarcanjo.net\/site\/wp-json\/wp\/v2\/categories?post=11096"},{"taxonomy":"post_tag","embeddable":true,"href":"https:\/\/www.oarcanjo.net\/site\/wp-json\/wp\/v2\/tags?post=11096"}],"curies":[{"name":"wp","href":"https:\/\/api.w.org\/{rel}","templated":true}]}}