
{"id":11109,"date":"2010-09-30T22:14:19","date_gmt":"2010-10-01T01:14:19","guid":{"rendered":"http:\/\/www.oarcanjo.net\/site\/?p=11109"},"modified":"2010-09-30T22:14:19","modified_gmt":"2010-10-01T01:14:19","slug":"nas-maos-dos-eleitores","status":"publish","type":"post","link":"https:\/\/www.oarcanjo.net\/site\/nas-maos-dos-eleitores\/","title":{"rendered":"Nas m\u00e3os dos eleitores"},"content":{"rendered":"<p>Dom Dem\u00e9trio Valentini<\/p>\n<p>O dia das elei\u00e7\u00f5es est\u00e1 chegando. Agora a decis\u00e3o est\u00e1 nas m\u00e3os dos eleitores. O voto \u00e9 soberano. Ele se constitui no fundamento da democracia. Todo o arcabou\u00e7o jur\u00eddico que o protege tem a finalidade de garantir que ele seja, de fato, a express\u00e3o da vontade de cada eleitor. Por isto, o maior atentado contra a democracia \u00e9 perverter o voto do eleitor, pela compra e venda, ou por qualquer outro expediente.<\/p>\n<p>A sabedoria popular cunhou a afirma\u00e7\u00e3o contundente, e acertada: voto n\u00e3o tem pre\u00e7o, tem consequ\u00eancias!<\/p>\n<p>A campanha eleitoral deveria fornecer elementos para os eleitores fazerem sua escolha, livremente, a partir das conclus\u00f5es a que cada um chegar.<\/p>\n<p>Quanto menos a campanha cumpre sua miss\u00e3o, maior a responsabilidade do eleitor. \u00c9 o que se pode dizer da campanha deste ano. Por muitos motivos, ela deixou a desejar. Pouco contribuiu para o debate sereno, claro, objetivo, em torno de propostas de governo para o pa\u00eds. Ficou por demais carregada de ataques pessoais, em tentativas de desmoralizar os advers\u00e1rios.<\/p>\n<p>Por isto, o eleitor tem algumas tarefas a mais, desta vez.<\/p>\n<p>Em primeiro lugar, sacudir o clima de acusa\u00e7\u00f5es e cal\u00fanias perversas e fantasiosas, lan\u00e7adas n\u00e3o importa contra quem. Precisamos neutralizar estas tentativas de desestabilizar candidaturas com ataques pessoais e acusa\u00e7\u00f5es infundadas. \u00c9 necess\u00e1rio desencorajar seus autores. Caso contr\u00e1rio inviabilizamos a pr\u00e1tica democr\u00e1tica em nosso pa\u00eds, incentivando os que se escondem no anonimato da internet para desferir seus golpes contra os desafetos de seus preconceitos. Contra o obscurantismo, nada melhor do que a lucidez e a coragem dos eleitores em livrar seu voto da asfixia de acusa\u00e7\u00f5es gratuitas e injustas.<\/p>\n<p>Urge tamb\u00e9m depurar as vers\u00f5es da grande m\u00eddia, que s\u00e3o no m\u00ednimo tendenciosas, para dizer pouco, e para deixar que cada eleitor imagine quais s\u00e3o os interesses que se escondem por tr\u00e1s destas posi\u00e7\u00f5es veiculadas \u00e0s vezes com rara virul\u00eancia contra alguns candidatos. Formar a pr\u00f3pria opini\u00e3o, prescindindo das grandes manchetes, \u00e9 tarefa dif\u00edcil, mas n\u00e3o imposs\u00edvel para cidad\u00e3os maduros e adultos que queremos ser.<\/p>\n<p>Como a campanha pouco ajudou para compreender o que est\u00e1 se passando em nossa realidade brasileira, nos \u00faltimos anos, cabe a n\u00f3s fazer uma an\u00e1lise ponderada, com a lucidez de nosso bom senso, e conferir o que est\u00e1 no bom caminho, e o que seria poss\u00edvel melhorar. E ent\u00e3o, com nosso voto, sinalizar em quem depositamos nossa confian\u00e7a para garantir que nossas expectativas possam, minimamente, se cumprir.<\/p>\n<p>Para esta an\u00e1lise, n\u00e3o pode faltar uma refer\u00eancia \u00e0s grandes desigualdades sociais que s\u00e3o a marca registrada de nosso pa\u00eds, e perceber como est\u00e3o sendo enfrentadas. Com nosso voto, precisamos expressar nosso ju\u00edzo de valor sobre o processo de supera\u00e7\u00e3o de nossas mazelas sociais, que est\u00e1 em andamento, e dar nosso voto em favor das propostas apresentadas pelos candidatos, n\u00e3o as fantasiosas e irrespons\u00e1veis, mas as realistas e consistentes.<\/p>\n<p>Esta campanha n\u00e3o vai deixar saudades para ningu\u00e9m. Mas o voto tem o poder de redimir at\u00e9 uma campanha mal realizada. Afinal, a responsabilidade recai mesmo sobre cada eleitor. Quanto menos ele precisar de recomenda\u00e7\u00f5es, melhor ser\u00e1 o seu voto.<\/p>\n<div id=\"themify_builder_content-11109\" data-postid=\"11109\" class=\"themify_builder_content themify_builder_content-11109 themify_builder themify_builder_front\">\n\t<\/div>\n<!-- \/themify_builder_content -->","protected":false},"excerpt":{"rendered":"<p>Dom Dem\u00e9trio Valentini O dia das elei\u00e7\u00f5es est\u00e1 chegando. Agora a decis\u00e3o est\u00e1 nas m\u00e3os dos eleitores. O voto \u00e9 soberano. Ele se constitui no fundamento da democracia. Todo o arcabou\u00e7o jur\u00eddico que o protege tem a finalidade de garantir que ele seja, de fato, a express\u00e3o da vontade de cada eleitor. Por isto, o [&hellip;]<\/p>\n","protected":false},"author":5,"featured_media":0,"comment_status":"open","ping_status":"open","sticky":false,"template":"","format":"standard","meta":{"ngg_post_thumbnail":0,"footnotes":""},"categories":[9],"tags":[375,1722,51,1041,103],"yoast_head":"<!-- This site is optimized with the Yoast SEO plugin v23.5 - https:\/\/yoast.com\/wordpress\/plugins\/seo\/ -->\n<title>Nas m\u00e3os dos eleitores - O Arcanjo no ar<\/title>\n<meta name=\"robots\" content=\"index, follow, max-snippet:-1, max-image-preview:large, max-video-preview:-1\" \/>\n<link rel=\"canonical\" href=\"https:\/\/www.oarcanjo.net\/site\/nas-maos-dos-eleitores\/\" \/>\n<meta property=\"og:locale\" content=\"pt_BR\" \/>\n<meta property=\"og:type\" content=\"article\" \/>\n<meta property=\"og:title\" content=\"Nas m\u00e3os dos eleitores - O Arcanjo no ar\" \/>\n<meta property=\"og:description\" content=\"Dom Dem\u00e9trio Valentini O dia das elei\u00e7\u00f5es est\u00e1 chegando. Agora a decis\u00e3o est\u00e1 nas m\u00e3os dos eleitores. O voto \u00e9 soberano. Ele se constitui no fundamento da democracia. Todo o arcabou\u00e7o jur\u00eddico que o protege tem a finalidade de garantir que ele seja, de fato, a express\u00e3o da vontade de cada eleitor. Por isto, o [&hellip;]\" \/>\n<meta property=\"og:url\" content=\"https:\/\/www.oarcanjo.net\/site\/nas-maos-dos-eleitores\/\" \/>\n<meta property=\"og:site_name\" content=\"O Arcanjo no ar\" \/>\n<meta property=\"article:publisher\" content=\"https:\/\/www.facebook.com\/OArcanjoNoAr\/\" \/>\n<meta property=\"article:published_time\" content=\"2010-10-01T01:14:19+00:00\" \/>\n<meta property=\"og:image\" content=\"https:\/\/www.oarcanjo.net\/site\/wp-content\/uploads\/logo-o-arcanjo-no-ar-facebook.png\" \/>\n\t<meta property=\"og:image:width\" content=\"300\" \/>\n\t<meta property=\"og:image:height\" content=\"300\" \/>\n\t<meta property=\"og:image:type\" content=\"image\/png\" \/>\n<meta name=\"author\" content=\"editor\" \/>\n<meta name=\"twitter:card\" content=\"summary_large_image\" \/>\n<meta name=\"twitter:label1\" content=\"Escrito por\" \/>\n\t<meta name=\"twitter:data1\" content=\"editor\" \/>\n\t<meta name=\"twitter:label2\" content=\"Est. tempo de leitura\" \/>\n\t<meta name=\"twitter:data2\" content=\"3 minutos\" \/>\n<script type=\"application\/ld+json\" class=\"yoast-schema-graph\">{\"@context\":\"https:\/\/schema.org\",\"@graph\":[{\"@type\":\"Article\",\"@id\":\"https:\/\/www.oarcanjo.net\/site\/nas-maos-dos-eleitores\/#article\",\"isPartOf\":{\"@id\":\"https:\/\/www.oarcanjo.net\/site\/nas-maos-dos-eleitores\/\"},\"author\":{\"name\":\"editor\",\"@id\":\"https:\/\/www.oarcanjo.net\/site\/#\/schema\/person\/f7024d007863202483a31326673a0838\"},\"headline\":\"Nas m\u00e3os dos eleitores\",\"datePublished\":\"2010-10-01T01:14:19+00:00\",\"dateModified\":\"2010-10-01T01:14:19+00:00\",\"mainEntityOfPage\":{\"@id\":\"https:\/\/www.oarcanjo.net\/site\/nas-maos-dos-eleitores\/\"},\"wordCount\":571,\"commentCount\":0,\"publisher\":{\"@id\":\"https:\/\/www.oarcanjo.net\/site\/#organization\"},\"keywords\":[\"bem comum\",\"compra de voto\",\"corrup\u00e7\u00e3o eleitoral\",\"elei\u00e7\u00e3o\",\"f\u00e9 e pol\u00edtica\"],\"articleSection\":[\"Reflex\u00f5es\"],\"inLanguage\":\"pt-BR\",\"potentialAction\":[{\"@type\":\"CommentAction\",\"name\":\"Comment\",\"target\":[\"https:\/\/www.oarcanjo.net\/site\/nas-maos-dos-eleitores\/#respond\"]}]},{\"@type\":\"WebPage\",\"@id\":\"https:\/\/www.oarcanjo.net\/site\/nas-maos-dos-eleitores\/\",\"url\":\"https:\/\/www.oarcanjo.net\/site\/nas-maos-dos-eleitores\/\",\"name\":\"Nas m\u00e3os dos eleitores - O Arcanjo no ar\",\"isPartOf\":{\"@id\":\"https:\/\/www.oarcanjo.net\/site\/#website\"},\"datePublished\":\"2010-10-01T01:14:19+00:00\",\"dateModified\":\"2010-10-01T01:14:19+00:00\",\"breadcrumb\":{\"@id\":\"https:\/\/www.oarcanjo.net\/site\/nas-maos-dos-eleitores\/#breadcrumb\"},\"inLanguage\":\"pt-BR\",\"potentialAction\":[{\"@type\":\"ReadAction\",\"target\":[\"https:\/\/www.oarcanjo.net\/site\/nas-maos-dos-eleitores\/\"]}]},{\"@type\":\"BreadcrumbList\",\"@id\":\"https:\/\/www.oarcanjo.net\/site\/nas-maos-dos-eleitores\/#breadcrumb\",\"itemListElement\":[{\"@type\":\"ListItem\",\"position\":1,\"name\":\"In\u00edcio\",\"item\":\"https:\/\/www.oarcanjo.net\/site\/\"},{\"@type\":\"ListItem\",\"position\":2,\"name\":\"Nas m\u00e3os dos eleitores\"}]},{\"@type\":\"WebSite\",\"@id\":\"https:\/\/www.oarcanjo.net\/site\/#website\",\"url\":\"https:\/\/www.oarcanjo.net\/site\/\",\"name\":\"O Arcanjo no ar\",\"description\":\"Site da Par\u00f3quia S\u00e3o Miguel Arcanjo (Arquidiocese de SP)\",\"publisher\":{\"@id\":\"https:\/\/www.oarcanjo.net\/site\/#organization\"},\"potentialAction\":[{\"@type\":\"SearchAction\",\"target\":{\"@type\":\"EntryPoint\",\"urlTemplate\":\"https:\/\/www.oarcanjo.net\/site\/?s={search_term_string}\"},\"query-input\":{\"@type\":\"PropertyValueSpecification\",\"valueRequired\":true,\"valueName\":\"search_term_string\"}}],\"inLanguage\":\"pt-BR\"},{\"@type\":\"Organization\",\"@id\":\"https:\/\/www.oarcanjo.net\/site\/#organization\",\"name\":\"Par\u00f3quia S\u00e3o Miguel Arcanjo\",\"url\":\"https:\/\/www.oarcanjo.net\/site\/\",\"logo\":{\"@type\":\"ImageObject\",\"inLanguage\":\"pt-BR\",\"@id\":\"https:\/\/www.oarcanjo.net\/site\/#\/schema\/logo\/image\/\",\"url\":\"https:\/\/www.oarcanjo.net\/site\/wp-content\/uploads\/LogoOArcanjo.png\",\"contentUrl\":\"https:\/\/www.oarcanjo.net\/site\/wp-content\/uploads\/LogoOArcanjo.png\",\"width\":319,\"height\":99,\"caption\":\"Par\u00f3quia S\u00e3o Miguel Arcanjo\"},\"image\":{\"@id\":\"https:\/\/www.oarcanjo.net\/site\/#\/schema\/logo\/image\/\"},\"sameAs\":[\"https:\/\/www.facebook.com\/OArcanjoNoAr\/\"]},{\"@type\":\"Person\",\"@id\":\"https:\/\/www.oarcanjo.net\/site\/#\/schema\/person\/f7024d007863202483a31326673a0838\",\"name\":\"editor\",\"sameAs\":[\"http:\/\/www.oarcanjo.net\"]}]}<\/script>\n<!-- \/ Yoast SEO plugin. -->","yoast_head_json":{"title":"Nas m\u00e3os dos eleitores - O Arcanjo no ar","robots":{"index":"index","follow":"follow","max-snippet":"max-snippet:-1","max-image-preview":"max-image-preview:large","max-video-preview":"max-video-preview:-1"},"canonical":"https:\/\/www.oarcanjo.net\/site\/nas-maos-dos-eleitores\/","og_locale":"pt_BR","og_type":"article","og_title":"Nas m\u00e3os dos eleitores - O Arcanjo no ar","og_description":"Dom Dem\u00e9trio Valentini O dia das elei\u00e7\u00f5es est\u00e1 chegando. Agora a decis\u00e3o est\u00e1 nas m\u00e3os dos eleitores. O voto \u00e9 soberano. Ele se constitui no fundamento da democracia. Todo o arcabou\u00e7o jur\u00eddico que o protege tem a finalidade de garantir que ele seja, de fato, a express\u00e3o da vontade de cada eleitor. Por isto, o [&hellip;]","og_url":"https:\/\/www.oarcanjo.net\/site\/nas-maos-dos-eleitores\/","og_site_name":"O Arcanjo no ar","article_publisher":"https:\/\/www.facebook.com\/OArcanjoNoAr\/","article_published_time":"2010-10-01T01:14:19+00:00","og_image":[{"width":300,"height":300,"url":"https:\/\/www.oarcanjo.net\/site\/wp-content\/uploads\/logo-o-arcanjo-no-ar-facebook.png","type":"image\/png"}],"author":"editor","twitter_card":"summary_large_image","twitter_misc":{"Escrito por":"editor","Est. tempo de leitura":"3 minutos"},"schema":{"@context":"https:\/\/schema.org","@graph":[{"@type":"Article","@id":"https:\/\/www.oarcanjo.net\/site\/nas-maos-dos-eleitores\/#article","isPartOf":{"@id":"https:\/\/www.oarcanjo.net\/site\/nas-maos-dos-eleitores\/"},"author":{"name":"editor","@id":"https:\/\/www.oarcanjo.net\/site\/#\/schema\/person\/f7024d007863202483a31326673a0838"},"headline":"Nas m\u00e3os dos eleitores","datePublished":"2010-10-01T01:14:19+00:00","dateModified":"2010-10-01T01:14:19+00:00","mainEntityOfPage":{"@id":"https:\/\/www.oarcanjo.net\/site\/nas-maos-dos-eleitores\/"},"wordCount":571,"commentCount":0,"publisher":{"@id":"https:\/\/www.oarcanjo.net\/site\/#organization"},"keywords":["bem comum","compra de voto","corrup\u00e7\u00e3o eleitoral","elei\u00e7\u00e3o","f\u00e9 e pol\u00edtica"],"articleSection":["Reflex\u00f5es"],"inLanguage":"pt-BR","potentialAction":[{"@type":"CommentAction","name":"Comment","target":["https:\/\/www.oarcanjo.net\/site\/nas-maos-dos-eleitores\/#respond"]}]},{"@type":"WebPage","@id":"https:\/\/www.oarcanjo.net\/site\/nas-maos-dos-eleitores\/","url":"https:\/\/www.oarcanjo.net\/site\/nas-maos-dos-eleitores\/","name":"Nas m\u00e3os dos eleitores - O Arcanjo no ar","isPartOf":{"@id":"https:\/\/www.oarcanjo.net\/site\/#website"},"datePublished":"2010-10-01T01:14:19+00:00","dateModified":"2010-10-01T01:14:19+00:00","breadcrumb":{"@id":"https:\/\/www.oarcanjo.net\/site\/nas-maos-dos-eleitores\/#breadcrumb"},"inLanguage":"pt-BR","potentialAction":[{"@type":"ReadAction","target":["https:\/\/www.oarcanjo.net\/site\/nas-maos-dos-eleitores\/"]}]},{"@type":"BreadcrumbList","@id":"https:\/\/www.oarcanjo.net\/site\/nas-maos-dos-eleitores\/#breadcrumb","itemListElement":[{"@type":"ListItem","position":1,"name":"In\u00edcio","item":"https:\/\/www.oarcanjo.net\/site\/"},{"@type":"ListItem","position":2,"name":"Nas m\u00e3os dos eleitores"}]},{"@type":"WebSite","@id":"https:\/\/www.oarcanjo.net\/site\/#website","url":"https:\/\/www.oarcanjo.net\/site\/","name":"O Arcanjo no ar","description":"Site da Par\u00f3quia S\u00e3o Miguel Arcanjo (Arquidiocese de SP)","publisher":{"@id":"https:\/\/www.oarcanjo.net\/site\/#organization"},"potentialAction":[{"@type":"SearchAction","target":{"@type":"EntryPoint","urlTemplate":"https:\/\/www.oarcanjo.net\/site\/?s={search_term_string}"},"query-input":{"@type":"PropertyValueSpecification","valueRequired":true,"valueName":"search_term_string"}}],"inLanguage":"pt-BR"},{"@type":"Organization","@id":"https:\/\/www.oarcanjo.net\/site\/#organization","name":"Par\u00f3quia S\u00e3o Miguel Arcanjo","url":"https:\/\/www.oarcanjo.net\/site\/","logo":{"@type":"ImageObject","inLanguage":"pt-BR","@id":"https:\/\/www.oarcanjo.net\/site\/#\/schema\/logo\/image\/","url":"https:\/\/www.oarcanjo.net\/site\/wp-content\/uploads\/LogoOArcanjo.png","contentUrl":"https:\/\/www.oarcanjo.net\/site\/wp-content\/uploads\/LogoOArcanjo.png","width":319,"height":99,"caption":"Par\u00f3quia S\u00e3o Miguel Arcanjo"},"image":{"@id":"https:\/\/www.oarcanjo.net\/site\/#\/schema\/logo\/image\/"},"sameAs":["https:\/\/www.facebook.com\/OArcanjoNoAr\/"]},{"@type":"Person","@id":"https:\/\/www.oarcanjo.net\/site\/#\/schema\/person\/f7024d007863202483a31326673a0838","name":"editor","sameAs":["http:\/\/www.oarcanjo.net"]}]}},"publishpress_future_action":{"enabled":false,"date":"2026-05-10 06:59:23","action":"category","newStatus":"draft","terms":[],"taxonomy":"category"},"publishpress_future_workflow_manual_trigger":{"enabledWorkflows":[]},"_links":{"self":[{"href":"https:\/\/www.oarcanjo.net\/site\/wp-json\/wp\/v2\/posts\/11109"}],"collection":[{"href":"https:\/\/www.oarcanjo.net\/site\/wp-json\/wp\/v2\/posts"}],"about":[{"href":"https:\/\/www.oarcanjo.net\/site\/wp-json\/wp\/v2\/types\/post"}],"author":[{"embeddable":true,"href":"https:\/\/www.oarcanjo.net\/site\/wp-json\/wp\/v2\/users\/5"}],"replies":[{"embeddable":true,"href":"https:\/\/www.oarcanjo.net\/site\/wp-json\/wp\/v2\/comments?post=11109"}],"version-history":[{"count":0,"href":"https:\/\/www.oarcanjo.net\/site\/wp-json\/wp\/v2\/posts\/11109\/revisions"}],"wp:attachment":[{"href":"https:\/\/www.oarcanjo.net\/site\/wp-json\/wp\/v2\/media?parent=11109"}],"wp:term":[{"taxonomy":"category","embeddable":true,"href":"https:\/\/www.oarcanjo.net\/site\/wp-json\/wp\/v2\/categories?post=11109"},{"taxonomy":"post_tag","embeddable":true,"href":"https:\/\/www.oarcanjo.net\/site\/wp-json\/wp\/v2\/tags?post=11109"}],"curies":[{"name":"wp","href":"https:\/\/api.w.org\/{rel}","templated":true}]}}