
{"id":11112,"date":"2010-10-03T17:15:38","date_gmt":"2010-10-03T20:15:38","guid":{"rendered":"http:\/\/www.oarcanjo.net\/site\/?p=11112"},"modified":"2010-09-30T22:18:59","modified_gmt":"2010-10-01T01:18:59","slug":"materia-nao-existe-tudo-e-energia","status":"publish","type":"post","link":"https:\/\/www.oarcanjo.net\/site\/materia-nao-existe-tudo-e-energia\/","title":{"rendered":"Mat\u00e9ria n\u00e3o existe, tudo \u00e9 energia"},"content":{"rendered":"<p>Leonardo Boff<\/p>\n<p>O t\u00edtulo deste artigo diz uma obviedade para quem entendeu minimamente a teoria da relatividade de Einstein pela qual se afirma ser mat\u00e9ria e energia equivalentes. Mat\u00e9ria \u00e9 energia altamente condensada que pode ser liberada como o mostrou, lamentavelmente, a bomba at\u00f4mica. O caminho da ci\u00eancia percorreu, mais ou menos, o seguinte percurso: da mat\u00e9ria chegou ao \u00e1tomo, do \u00e1tomo, \u00e0s part\u00edculas subat\u00f4micas, das part\u00edculas subat\u00f4micas, aos &#8220;pacotes de onda&#8221; energ\u00e9tica, dos pacotes de onda, \u00e0s supercordas vibrat\u00f3rias, em 11 dimens\u00f5es ou mais, representadas como m\u00fasica e cor. Assim um el\u00e9tron vibra mais ou menos quinhentos trilh\u00f5es de vezes por segundo. Vibra\u00e7\u00e3o produz som e cor. O universo seria, pois, uma sinfonia de sons e cores. Das supercordas chegou-se, por fim, \u00e0 energia de fundo, ao v\u00e1cuo qu\u00e2ntico.<\/p>\n<p>Neste contexto, sempre lembro uma frase dita por W. Heisenberg, um dos pais da mec\u00e2nica qu\u00e2ntica, num semestre que deu na Universidade de Munique em 1968, que me foi dado seguir e que ainda me soa aos ouvidos: &#8220;O universo n\u00e3o \u00e9 feito por coisas, mas por redes de energia vibracional, emergindo de algo ainda mais profundo e sutil&#8221;. Portanto, a mat\u00e9ria perdeu seu foco central em favor da energia que se organiza em campos e redes.<\/p>\n<p>Que \u00e9 esse &#8220;algo mais profundo e sutil&#8221; de onde tudo emerge? Os f\u00edsicos qu\u00e2nticos e astrof\u00edsicos chamaram de &#8220;energia de fundo&#8221; ou &#8220;v\u00e1cuo qu\u00e2ntico&#8221;, express\u00e3o inadequada porque diz o contr\u00e1rio do que a palavra &#8220;vazio&#8221; significa. O v\u00e1cuo representa a plenitude de todas as poss\u00edveis energias e suas eventuais densifica\u00e7\u00f5es nos seres. Dai se preferir hoje a express\u00e3o pregnant void &#8220;o v\u00e1cuo prenhe&#8221; ou a&#8221;fonte origin\u00e1ria de todo o ser&#8221; N\u00e3o \u00e9 algo que possa ser representado nas categorias convencionais de espa\u00e7o-tempo, pois \u00e9 algo anterior a tudo o que existe, anterior ao espa\u00e7o-tempo e \u00e0s quatro energias fundamentais, a gravitacional, a eletromagn\u00e9tica, a nuclear fraca e forte.<\/p>\n<p>Astrof\u00edsicos imaginam-no como uma esp\u00e9cie de vasto oceano, sem margens, ilimitado, inef\u00e1vel, indescrit\u00edvel e misterioso no qual, como num \u00fatero infinito, est\u00e3o hospedadas todas as possibilidades e virtualidades de ser. De l\u00e1 emergiu, sem que possamos saber porqu\u00ea e como, aquele pontozinho extremamente prenhe de energia, inimaginavelmente quente que depois explodiu (big bang) dando origem ao nosso universo. Nada impede que daquela energia de fundo tenham surgido outros pontos, gestando tamb\u00e9m outras singularidades e outros universos paralelos ou em outra dimens\u00e3o.<\/p>\n<p>Com o surgimento do universo, irrompeu simultaneamente o espa\u00e7o-tempo. O tempo \u00e9 o movimento da flutua\u00e7\u00e3o das energias e da expans\u00e3o da mat\u00e9ria. O espa\u00e7o n\u00e3o \u00e9 o vazio est\u00e1tico dentro do qual tudo acontece, mas aquele processo continuamente aberto que permite as redes de energia e os seres se manifestarem. A estabilidade da mat\u00e9ria pressup\u00f5e a presen\u00e7a de uma poderos\u00edssima energia subjacente que a mant\u00e9m neste estado. Na verdade, n\u00f3s percebemos a mat\u00e9ria como algo s\u00f3lido porque as vibra\u00e7\u00f5es da energia s\u00e3o t\u00e3o r\u00e1pidas que n\u00e3o alcan\u00e7amos perceb\u00ea-las com os sentidos corporais. Mas para isso nos ajuda a f\u00edsica qu\u00e2ntica, exatamente porque se ocupa das part\u00edculas e das redes de energia, que nos rasgam esta vis\u00e3o diferente da realidade.<\/p>\n<p>A energia \u00e9 e est\u00e1 em tudo. Sem energia nada poderia subsistir. Como seres conscientes e espirituais, somos uma realiza\u00e7\u00e3o complex\u00edssima, sutil e extremamente interativa de energia.<\/p>\n<p>Que \u00e9 essa energia de fundo que se manifesta sob tantas formas? N\u00e3o h\u00e1 nenhuma teoria cient\u00edfica que a defina. De mais a mais, precisamos da energia para definir a energia. N\u00e3o h\u00e1 como escapar desta redund\u00e2ncia, notada j\u00e1 por Max Planck.<\/p>\n<p>Esta Energia talvez constitua a melhor met\u00e1fora daquilo que significa Deus, cujos nomes variam, mas que sinalizam sempre a mesma Energia subjacente. J\u00e1 o Tao Te Ching (\u00a7 4) dizia o mesmo do Tao: &#8220;o Tao \u00e9 um vazio em turbilh\u00e3o, sempre em a\u00e7\u00e3o e inexaur\u00edvel. \u00c9 um abismo insond\u00e1vel, origem de todas as coisas e unifica o mundo&#8221;.<\/p>\n<p>A singularidade do ser humano \u00e9 poder entrar em contacto consciente com esta Energia. Ele pode invoc\u00e1-la, acolh\u00ea-la e perceb\u00ea-la na forma de vida, de irradia\u00e7\u00e3o e de entusiasmo.<\/p>\n<div id=\"themify_builder_content-11112\" data-postid=\"11112\" class=\"themify_builder_content themify_builder_content-11112 themify_builder themify_builder_front\">\n\t<\/div>\n<!-- \/themify_builder_content -->","protected":false},"excerpt":{"rendered":"<p>Leonardo Boff O t\u00edtulo deste artigo diz uma obviedade para quem entendeu minimamente a teoria da relatividade de Einstein pela qual se afirma ser mat\u00e9ria e energia equivalentes. Mat\u00e9ria \u00e9 energia altamente condensada que pode ser liberada como o mostrou, lamentavelmente, a bomba at\u00f4mica. O caminho da ci\u00eancia percorreu, mais ou menos, o seguinte percurso: [&hellip;]<\/p>\n","protected":false},"author":5,"featured_media":0,"comment_status":"open","ping_status":"open","sticky":false,"template":"","format":"standard","meta":{"ngg_post_thumbnail":0,"footnotes":""},"categories":[9],"tags":[1724,1579,1726,1725,1723],"yoast_head":"<!-- This site is optimized with the Yoast SEO plugin v23.5 - https:\/\/yoast.com\/wordpress\/plugins\/seo\/ -->\n<title>Mat\u00e9ria n\u00e3o existe, tudo \u00e9 energia - O Arcanjo no ar<\/title>\n<meta name=\"robots\" content=\"index, follow, max-snippet:-1, max-image-preview:large, max-video-preview:-1\" \/>\n<link rel=\"canonical\" href=\"https:\/\/www.oarcanjo.net\/site\/materia-nao-existe-tudo-e-energia\/\" \/>\n<meta property=\"og:locale\" content=\"pt_BR\" \/>\n<meta property=\"og:type\" content=\"article\" \/>\n<meta property=\"og:title\" content=\"Mat\u00e9ria n\u00e3o existe, tudo \u00e9 energia - O Arcanjo no ar\" \/>\n<meta property=\"og:description\" content=\"Leonardo Boff O t\u00edtulo deste artigo diz uma obviedade para quem entendeu minimamente a teoria da relatividade de Einstein pela qual se afirma ser mat\u00e9ria e energia equivalentes. Mat\u00e9ria \u00e9 energia altamente condensada que pode ser liberada como o mostrou, lamentavelmente, a bomba at\u00f4mica. O caminho da ci\u00eancia percorreu, mais ou menos, o seguinte percurso: [&hellip;]\" \/>\n<meta property=\"og:url\" content=\"https:\/\/www.oarcanjo.net\/site\/materia-nao-existe-tudo-e-energia\/\" \/>\n<meta property=\"og:site_name\" content=\"O Arcanjo no ar\" \/>\n<meta property=\"article:publisher\" content=\"https:\/\/www.facebook.com\/OArcanjoNoAr\/\" \/>\n<meta property=\"article:published_time\" content=\"2010-10-03T20:15:38+00:00\" \/>\n<meta property=\"article:modified_time\" content=\"2010-10-01T01:18:59+00:00\" \/>\n<meta property=\"og:image\" content=\"https:\/\/www.oarcanjo.net\/site\/wp-content\/uploads\/logo-o-arcanjo-no-ar-facebook.png\" \/>\n\t<meta property=\"og:image:width\" content=\"300\" \/>\n\t<meta property=\"og:image:height\" content=\"300\" \/>\n\t<meta property=\"og:image:type\" content=\"image\/png\" \/>\n<meta name=\"author\" content=\"editor\" \/>\n<meta name=\"twitter:card\" content=\"summary_large_image\" \/>\n<meta name=\"twitter:label1\" content=\"Escrito por\" \/>\n\t<meta name=\"twitter:data1\" content=\"editor\" \/>\n\t<meta name=\"twitter:label2\" content=\"Est. tempo de leitura\" \/>\n\t<meta name=\"twitter:data2\" content=\"4 minutos\" \/>\n<script type=\"application\/ld+json\" class=\"yoast-schema-graph\">{\"@context\":\"https:\/\/schema.org\",\"@graph\":[{\"@type\":\"Article\",\"@id\":\"https:\/\/www.oarcanjo.net\/site\/materia-nao-existe-tudo-e-energia\/#article\",\"isPartOf\":{\"@id\":\"https:\/\/www.oarcanjo.net\/site\/materia-nao-existe-tudo-e-energia\/\"},\"author\":{\"name\":\"editor\",\"@id\":\"https:\/\/www.oarcanjo.net\/site\/#\/schema\/person\/f7024d007863202483a31326673a0838\"},\"headline\":\"Mat\u00e9ria n\u00e3o existe, tudo \u00e9 energia\",\"datePublished\":\"2010-10-03T20:15:38+00:00\",\"dateModified\":\"2010-10-01T01:18:59+00:00\",\"mainEntityOfPage\":{\"@id\":\"https:\/\/www.oarcanjo.net\/site\/materia-nao-existe-tudo-e-energia\/\"},\"wordCount\":753,\"commentCount\":1,\"publisher\":{\"@id\":\"https:\/\/www.oarcanjo.net\/site\/#organization\"},\"keywords\":[\"Albert Einstein\",\"energia\",\"f\u00edsica\",\"mec\u00e2nica qu\u00e2ntica\",\"teoria da relatividade\"],\"articleSection\":[\"Reflex\u00f5es\"],\"inLanguage\":\"pt-BR\",\"potentialAction\":[{\"@type\":\"CommentAction\",\"name\":\"Comment\",\"target\":[\"https:\/\/www.oarcanjo.net\/site\/materia-nao-existe-tudo-e-energia\/#respond\"]}]},{\"@type\":\"WebPage\",\"@id\":\"https:\/\/www.oarcanjo.net\/site\/materia-nao-existe-tudo-e-energia\/\",\"url\":\"https:\/\/www.oarcanjo.net\/site\/materia-nao-existe-tudo-e-energia\/\",\"name\":\"Mat\u00e9ria n\u00e3o existe, tudo \u00e9 energia - O Arcanjo no ar\",\"isPartOf\":{\"@id\":\"https:\/\/www.oarcanjo.net\/site\/#website\"},\"datePublished\":\"2010-10-03T20:15:38+00:00\",\"dateModified\":\"2010-10-01T01:18:59+00:00\",\"breadcrumb\":{\"@id\":\"https:\/\/www.oarcanjo.net\/site\/materia-nao-existe-tudo-e-energia\/#breadcrumb\"},\"inLanguage\":\"pt-BR\",\"potentialAction\":[{\"@type\":\"ReadAction\",\"target\":[\"https:\/\/www.oarcanjo.net\/site\/materia-nao-existe-tudo-e-energia\/\"]}]},{\"@type\":\"BreadcrumbList\",\"@id\":\"https:\/\/www.oarcanjo.net\/site\/materia-nao-existe-tudo-e-energia\/#breadcrumb\",\"itemListElement\":[{\"@type\":\"ListItem\",\"position\":1,\"name\":\"In\u00edcio\",\"item\":\"https:\/\/www.oarcanjo.net\/site\/\"},{\"@type\":\"ListItem\",\"position\":2,\"name\":\"Mat\u00e9ria n\u00e3o existe, tudo \u00e9 energia\"}]},{\"@type\":\"WebSite\",\"@id\":\"https:\/\/www.oarcanjo.net\/site\/#website\",\"url\":\"https:\/\/www.oarcanjo.net\/site\/\",\"name\":\"O Arcanjo no ar\",\"description\":\"Site da Par\u00f3quia S\u00e3o Miguel Arcanjo (Arquidiocese de SP)\",\"publisher\":{\"@id\":\"https:\/\/www.oarcanjo.net\/site\/#organization\"},\"potentialAction\":[{\"@type\":\"SearchAction\",\"target\":{\"@type\":\"EntryPoint\",\"urlTemplate\":\"https:\/\/www.oarcanjo.net\/site\/?s={search_term_string}\"},\"query-input\":{\"@type\":\"PropertyValueSpecification\",\"valueRequired\":true,\"valueName\":\"search_term_string\"}}],\"inLanguage\":\"pt-BR\"},{\"@type\":\"Organization\",\"@id\":\"https:\/\/www.oarcanjo.net\/site\/#organization\",\"name\":\"Par\u00f3quia S\u00e3o Miguel Arcanjo\",\"url\":\"https:\/\/www.oarcanjo.net\/site\/\",\"logo\":{\"@type\":\"ImageObject\",\"inLanguage\":\"pt-BR\",\"@id\":\"https:\/\/www.oarcanjo.net\/site\/#\/schema\/logo\/image\/\",\"url\":\"https:\/\/www.oarcanjo.net\/site\/wp-content\/uploads\/LogoOArcanjo.png\",\"contentUrl\":\"https:\/\/www.oarcanjo.net\/site\/wp-content\/uploads\/LogoOArcanjo.png\",\"width\":319,\"height\":99,\"caption\":\"Par\u00f3quia S\u00e3o Miguel Arcanjo\"},\"image\":{\"@id\":\"https:\/\/www.oarcanjo.net\/site\/#\/schema\/logo\/image\/\"},\"sameAs\":[\"https:\/\/www.facebook.com\/OArcanjoNoAr\/\"]},{\"@type\":\"Person\",\"@id\":\"https:\/\/www.oarcanjo.net\/site\/#\/schema\/person\/f7024d007863202483a31326673a0838\",\"name\":\"editor\",\"sameAs\":[\"http:\/\/www.oarcanjo.net\"]}]}<\/script>\n<!-- \/ Yoast SEO plugin. -->","yoast_head_json":{"title":"Mat\u00e9ria n\u00e3o existe, tudo \u00e9 energia - O Arcanjo no ar","robots":{"index":"index","follow":"follow","max-snippet":"max-snippet:-1","max-image-preview":"max-image-preview:large","max-video-preview":"max-video-preview:-1"},"canonical":"https:\/\/www.oarcanjo.net\/site\/materia-nao-existe-tudo-e-energia\/","og_locale":"pt_BR","og_type":"article","og_title":"Mat\u00e9ria n\u00e3o existe, tudo \u00e9 energia - O Arcanjo no ar","og_description":"Leonardo Boff O t\u00edtulo deste artigo diz uma obviedade para quem entendeu minimamente a teoria da relatividade de Einstein pela qual se afirma ser mat\u00e9ria e energia equivalentes. Mat\u00e9ria \u00e9 energia altamente condensada que pode ser liberada como o mostrou, lamentavelmente, a bomba at\u00f4mica. O caminho da ci\u00eancia percorreu, mais ou menos, o seguinte percurso: [&hellip;]","og_url":"https:\/\/www.oarcanjo.net\/site\/materia-nao-existe-tudo-e-energia\/","og_site_name":"O Arcanjo no ar","article_publisher":"https:\/\/www.facebook.com\/OArcanjoNoAr\/","article_published_time":"2010-10-03T20:15:38+00:00","article_modified_time":"2010-10-01T01:18:59+00:00","og_image":[{"width":300,"height":300,"url":"https:\/\/www.oarcanjo.net\/site\/wp-content\/uploads\/logo-o-arcanjo-no-ar-facebook.png","type":"image\/png"}],"author":"editor","twitter_card":"summary_large_image","twitter_misc":{"Escrito por":"editor","Est. tempo de leitura":"4 minutos"},"schema":{"@context":"https:\/\/schema.org","@graph":[{"@type":"Article","@id":"https:\/\/www.oarcanjo.net\/site\/materia-nao-existe-tudo-e-energia\/#article","isPartOf":{"@id":"https:\/\/www.oarcanjo.net\/site\/materia-nao-existe-tudo-e-energia\/"},"author":{"name":"editor","@id":"https:\/\/www.oarcanjo.net\/site\/#\/schema\/person\/f7024d007863202483a31326673a0838"},"headline":"Mat\u00e9ria n\u00e3o existe, tudo \u00e9 energia","datePublished":"2010-10-03T20:15:38+00:00","dateModified":"2010-10-01T01:18:59+00:00","mainEntityOfPage":{"@id":"https:\/\/www.oarcanjo.net\/site\/materia-nao-existe-tudo-e-energia\/"},"wordCount":753,"commentCount":1,"publisher":{"@id":"https:\/\/www.oarcanjo.net\/site\/#organization"},"keywords":["Albert Einstein","energia","f\u00edsica","mec\u00e2nica qu\u00e2ntica","teoria da relatividade"],"articleSection":["Reflex\u00f5es"],"inLanguage":"pt-BR","potentialAction":[{"@type":"CommentAction","name":"Comment","target":["https:\/\/www.oarcanjo.net\/site\/materia-nao-existe-tudo-e-energia\/#respond"]}]},{"@type":"WebPage","@id":"https:\/\/www.oarcanjo.net\/site\/materia-nao-existe-tudo-e-energia\/","url":"https:\/\/www.oarcanjo.net\/site\/materia-nao-existe-tudo-e-energia\/","name":"Mat\u00e9ria n\u00e3o existe, tudo \u00e9 energia - O Arcanjo no ar","isPartOf":{"@id":"https:\/\/www.oarcanjo.net\/site\/#website"},"datePublished":"2010-10-03T20:15:38+00:00","dateModified":"2010-10-01T01:18:59+00:00","breadcrumb":{"@id":"https:\/\/www.oarcanjo.net\/site\/materia-nao-existe-tudo-e-energia\/#breadcrumb"},"inLanguage":"pt-BR","potentialAction":[{"@type":"ReadAction","target":["https:\/\/www.oarcanjo.net\/site\/materia-nao-existe-tudo-e-energia\/"]}]},{"@type":"BreadcrumbList","@id":"https:\/\/www.oarcanjo.net\/site\/materia-nao-existe-tudo-e-energia\/#breadcrumb","itemListElement":[{"@type":"ListItem","position":1,"name":"In\u00edcio","item":"https:\/\/www.oarcanjo.net\/site\/"},{"@type":"ListItem","position":2,"name":"Mat\u00e9ria n\u00e3o existe, tudo \u00e9 energia"}]},{"@type":"WebSite","@id":"https:\/\/www.oarcanjo.net\/site\/#website","url":"https:\/\/www.oarcanjo.net\/site\/","name":"O Arcanjo no ar","description":"Site da Par\u00f3quia S\u00e3o Miguel Arcanjo (Arquidiocese de SP)","publisher":{"@id":"https:\/\/www.oarcanjo.net\/site\/#organization"},"potentialAction":[{"@type":"SearchAction","target":{"@type":"EntryPoint","urlTemplate":"https:\/\/www.oarcanjo.net\/site\/?s={search_term_string}"},"query-input":{"@type":"PropertyValueSpecification","valueRequired":true,"valueName":"search_term_string"}}],"inLanguage":"pt-BR"},{"@type":"Organization","@id":"https:\/\/www.oarcanjo.net\/site\/#organization","name":"Par\u00f3quia S\u00e3o Miguel Arcanjo","url":"https:\/\/www.oarcanjo.net\/site\/","logo":{"@type":"ImageObject","inLanguage":"pt-BR","@id":"https:\/\/www.oarcanjo.net\/site\/#\/schema\/logo\/image\/","url":"https:\/\/www.oarcanjo.net\/site\/wp-content\/uploads\/LogoOArcanjo.png","contentUrl":"https:\/\/www.oarcanjo.net\/site\/wp-content\/uploads\/LogoOArcanjo.png","width":319,"height":99,"caption":"Par\u00f3quia S\u00e3o Miguel Arcanjo"},"image":{"@id":"https:\/\/www.oarcanjo.net\/site\/#\/schema\/logo\/image\/"},"sameAs":["https:\/\/www.facebook.com\/OArcanjoNoAr\/"]},{"@type":"Person","@id":"https:\/\/www.oarcanjo.net\/site\/#\/schema\/person\/f7024d007863202483a31326673a0838","name":"editor","sameAs":["http:\/\/www.oarcanjo.net"]}]}},"publishpress_future_action":{"enabled":false,"date":"2026-05-10 06:58:16","action":"category","newStatus":"draft","terms":[],"taxonomy":"category"},"publishpress_future_workflow_manual_trigger":{"enabledWorkflows":[]},"_links":{"self":[{"href":"https:\/\/www.oarcanjo.net\/site\/wp-json\/wp\/v2\/posts\/11112"}],"collection":[{"href":"https:\/\/www.oarcanjo.net\/site\/wp-json\/wp\/v2\/posts"}],"about":[{"href":"https:\/\/www.oarcanjo.net\/site\/wp-json\/wp\/v2\/types\/post"}],"author":[{"embeddable":true,"href":"https:\/\/www.oarcanjo.net\/site\/wp-json\/wp\/v2\/users\/5"}],"replies":[{"embeddable":true,"href":"https:\/\/www.oarcanjo.net\/site\/wp-json\/wp\/v2\/comments?post=11112"}],"version-history":[{"count":0,"href":"https:\/\/www.oarcanjo.net\/site\/wp-json\/wp\/v2\/posts\/11112\/revisions"}],"wp:attachment":[{"href":"https:\/\/www.oarcanjo.net\/site\/wp-json\/wp\/v2\/media?parent=11112"}],"wp:term":[{"taxonomy":"category","embeddable":true,"href":"https:\/\/www.oarcanjo.net\/site\/wp-json\/wp\/v2\/categories?post=11112"},{"taxonomy":"post_tag","embeddable":true,"href":"https:\/\/www.oarcanjo.net\/site\/wp-json\/wp\/v2\/tags?post=11112"}],"curies":[{"name":"wp","href":"https:\/\/api.w.org\/{rel}","templated":true}]}}