
{"id":11116,"date":"2017-10-03T16:24:38","date_gmt":"2017-10-03T19:24:38","guid":{"rendered":"http:\/\/www.oarcanjo.net\/site\/?p=11116"},"modified":"2017-07-31T08:31:26","modified_gmt":"2017-07-31T11:31:26","slug":"bem-aventurado-columba-jose-marmion","status":"publish","type":"post","link":"https:\/\/www.oarcanjo.net\/site\/bem-aventurado-columba-jose-marmion\/","title":{"rendered":"Bem Aventurado Columba Jos\u00e9 Marmion"},"content":{"rendered":"<p><img decoding=\"async\" src=\"http:\/\/www.derradeirasgracas.com\/images\/1.%20O%20Santo%20do%20Dia%20-%20Fotos\/Santos%20de%20Outubro%20-%20Fotos\/Columba%20Jos%C3%A9%20Marmion%20Bem-aventurado.gif\" alt=\"\" \/><\/p>\n<p>3 de Outubro<\/p>\n<p>Fundou a Congrega\u00e7\u00e3o Belga da Anuncia\u00e7\u00e3o<\/p>\n<p>Jos\u00e9 Alo\u00edsio Marmion nasceu na cidade de Dublin, na Irlanda, no dia 1\u00ba de abril de 1858. Seu pai, William, era irland\u00eas e sua m\u00e3e, Erm\u00ednia, era francesa. O casal muito piedoso teve a gra\u00e7a de ver as tr\u00eas filhas se consagrarem a Deus, na Congrega\u00e7\u00e3o das Irm\u00e3s da Miseric\u00f3rdia. Mais tarde, tamb\u00e9m o filho Jos\u00e9, que ingressou no semin\u00e1rio diocesano da sua cidade natal, aos dezesseis anos de idade. Ele terminou os estudos de teologia no Col\u00e9gio de Propaganda Fide, em Roma, onde foi ordenado sacerdote em 1881.<\/p>\n<p>No inicio, seu sonho era ser monge mission\u00e1rio na Austr\u00e1lia, mas foi cativado pela atmosfera lit\u00fargica da nova Abadia de Maredsous, fundada na B\u00e9lgica em 1872, a qual visitara pouco antes de regressar \u00e0 Irlanda. Imediatamente, pediu ao seu bispo para ingressar nesse mosteiro, mas foi-lhe dito que esperasse mais algum tempo.<\/p>\n<p>No seu minist\u00e9rio sacerdotal, de 1881 a 1886, conservou o zelo pastoral de mission\u00e1rio desempenhando v\u00e1rias fun\u00e7\u00f5es: vig\u00e1rio em Dundrun, professor no Semin\u00e1rio Maior de Clonliffe, capel\u00e3o de um convento de monjas redentoristas e de um c\u00e1rcere feminino.<\/p>\n<p>S\u00f3 ent\u00e3o obteve permiss\u00e3o para realizar o seu grande desejo de tornar-se monge beneditino. Ingressou na Abadia de Maredsous, na diocese de Namur, B\u00e9lgica, e, tomando o nome Columba, iniciou o seu noviciado. Foi um per\u00edodo dif\u00edcil entre monges mais jovens, pois teve de mudar de costumes, cultura e l\u00edngua; entretanto esfor\u00e7ou-se na forma\u00e7\u00e3o da disciplina mon\u00e1stica e assim p\u00f4de emitir os votos solenes em 1891.<\/p>\n<p>A partir desse momento, viveu intensamente o esp\u00edrito mon\u00e1stico beneditino. A sua influ\u00eancia espiritual atingiu sacerdotes, religiosos, religiosas e leigos, os quais orientava para uma viv\u00eancia fervorosa crist\u00e3 atrav\u00e9s dos seus livros, traduzidos em mais de quinze idiomas: &#8220;Cristo, vida da alma&#8221;, &#8220;Cristo nos seus mist\u00e9rios&#8221; e &#8220;Cristo, ideal do monge&#8221;, dos retiros e da sua dire\u00e7\u00e3o espiritual.<\/p>\n<p>Foi ele que, em 1914, quando rebentou a Primeira Guerra Mundial, levou alguns dos seus monges mais novos para a Irlanda. Mas dois anos depois, ele, sozinho, voltou para a B\u00e9lgica. Ali, quando a guerra terminou, constatou que o clima pol\u00edtico do pa\u00eds n\u00e3o permitia uma liga\u00e7\u00e3o permanente com a Congrega\u00e7\u00e3o alem\u00e3. Foi ent\u00e3o que recebeu o pedido para come\u00e7ar a constituir uma nova, e somente belga. Assim, em 1920, fundou a &#8220;Congrega\u00e7\u00e3o belga da Anuncia\u00e7\u00e3o&#8221;.<\/p>\n<p>Columba Marmion exerceu cargos importantes, como diretor espiritual, professor e prior da Abadia de Mont-C\u00e9sar, em Louvain, e terceiro abade de Maredsous. Ele faleceu em 30 de janeiro de 1923, v\u00edtima de uma epidemia de gripe. Na ocasi\u00e3o, a fama de sua santidade e mestre de vida espiritual se fazia presente em todo o mundo cat\u00f3lico.<\/p>\n<p>O papa Jo\u00e3o Paulo II declarou bem-aventurado Columba Marmion no Ano Santo do Jubileu de 2000. Sua festa lit\u00fargica foi inclu\u00edda no calend\u00e1rio para ser celebrada no dia 3 de outubro.<\/p>\n<div id=\"themify_builder_content-11116\" data-postid=\"11116\" class=\"themify_builder_content themify_builder_content-11116 themify_builder themify_builder_front\">\n\t<\/div>\n<!-- \/themify_builder_content -->","protected":false},"excerpt":{"rendered":"<p>3 de Outubro Fundou a Congrega\u00e7\u00e3o Belga da Anuncia\u00e7\u00e3o Jos\u00e9 Alo\u00edsio Marmion nasceu na cidade de Dublin, na Irlanda, no dia 1\u00ba de abril de 1858. Seu pai, William, era irland\u00eas e sua m\u00e3e, Erm\u00ednia, era francesa. O casal muito piedoso teve a gra\u00e7a de ver as tr\u00eas filhas se consagrarem a Deus, na Congrega\u00e7\u00e3o [&hellip;]<\/p>\n","protected":false},"author":14,"featured_media":0,"comment_status":"open","ping_status":"open","sticky":false,"template":"","format":"standard","meta":{"ngg_post_thumbnail":0,"footnotes":""},"categories":[186],"tags":[],"yoast_head":"<!-- This site is optimized with the Yoast SEO plugin v23.5 - https:\/\/yoast.com\/wordpress\/plugins\/seo\/ -->\n<title>Bem Aventurado Columba Jos\u00e9 Marmion - O Arcanjo no ar<\/title>\n<meta name=\"robots\" content=\"index, follow, max-snippet:-1, max-image-preview:large, max-video-preview:-1\" \/>\n<link rel=\"canonical\" href=\"https:\/\/www.oarcanjo.net\/site\/bem-aventurado-columba-jose-marmion\/\" \/>\n<meta property=\"og:locale\" content=\"pt_BR\" \/>\n<meta property=\"og:type\" content=\"article\" \/>\n<meta property=\"og:title\" content=\"Bem Aventurado Columba Jos\u00e9 Marmion - O Arcanjo no ar\" \/>\n<meta property=\"og:description\" content=\"3 de Outubro Fundou a Congrega\u00e7\u00e3o Belga da Anuncia\u00e7\u00e3o Jos\u00e9 Alo\u00edsio Marmion nasceu na cidade de Dublin, na Irlanda, no dia 1\u00ba de abril de 1858. Seu pai, William, era irland\u00eas e sua m\u00e3e, Erm\u00ednia, era francesa. O casal muito piedoso teve a gra\u00e7a de ver as tr\u00eas filhas se consagrarem a Deus, na Congrega\u00e7\u00e3o [&hellip;]\" \/>\n<meta property=\"og:url\" content=\"https:\/\/www.oarcanjo.net\/site\/bem-aventurado-columba-jose-marmion\/\" \/>\n<meta property=\"og:site_name\" content=\"O Arcanjo no ar\" \/>\n<meta property=\"article:publisher\" content=\"https:\/\/www.facebook.com\/OArcanjoNoAr\/\" \/>\n<meta property=\"article:published_time\" content=\"2017-10-03T19:24:38+00:00\" \/>\n<meta property=\"article:modified_time\" content=\"2017-07-31T11:31:26+00:00\" \/>\n<meta property=\"og:image\" content=\"http:\/\/www.derradeirasgracas.com\/images\/1.%20O%20Santo%20do%20Dia%20-%20Fotos\/Santos%20de%20Outubro%20-%20Fotos\/Columba%20Jos%C3%A9%20Marmion%20Bem-aventurado.gif\" \/>\n<meta name=\"author\" content=\"danilo\" \/>\n<meta name=\"twitter:card\" content=\"summary_large_image\" \/>\n<meta name=\"twitter:label1\" content=\"Escrito por\" \/>\n\t<meta name=\"twitter:data1\" content=\"danilo\" \/>\n\t<meta name=\"twitter:label2\" content=\"Est. tempo de leitura\" \/>\n\t<meta name=\"twitter:data2\" content=\"3 minutos\" \/>\n<script type=\"application\/ld+json\" class=\"yoast-schema-graph\">{\"@context\":\"https:\/\/schema.org\",\"@graph\":[{\"@type\":\"Article\",\"@id\":\"https:\/\/www.oarcanjo.net\/site\/bem-aventurado-columba-jose-marmion\/#article\",\"isPartOf\":{\"@id\":\"https:\/\/www.oarcanjo.net\/site\/bem-aventurado-columba-jose-marmion\/\"},\"author\":{\"name\":\"danilo\",\"@id\":\"https:\/\/www.oarcanjo.net\/site\/#\/schema\/person\/5eb9480bedd2f3c97e430ce128c29c6c\"},\"headline\":\"Bem Aventurado Columba Jos\u00e9 Marmion\",\"datePublished\":\"2017-10-03T19:24:38+00:00\",\"dateModified\":\"2017-07-31T11:31:26+00:00\",\"mainEntityOfPage\":{\"@id\":\"https:\/\/www.oarcanjo.net\/site\/bem-aventurado-columba-jose-marmion\/\"},\"wordCount\":526,\"commentCount\":0,\"publisher\":{\"@id\":\"https:\/\/www.oarcanjo.net\/site\/#organization\"},\"image\":{\"@id\":\"https:\/\/www.oarcanjo.net\/site\/bem-aventurado-columba-jose-marmion\/#primaryimage\"},\"thumbnailUrl\":\"http:\/\/www.derradeirasgracas.com\/images\/1.%20O%20Santo%20do%20Dia%20-%20Fotos\/Santos%20de%20Outubro%20-%20Fotos\/Columba%20Jos%C3%A9%20Marmion%20Bem-aventurado.gif\",\"articleSection\":[\"Testemunhos\"],\"inLanguage\":\"pt-BR\",\"potentialAction\":[{\"@type\":\"CommentAction\",\"name\":\"Comment\",\"target\":[\"https:\/\/www.oarcanjo.net\/site\/bem-aventurado-columba-jose-marmion\/#respond\"]}]},{\"@type\":\"WebPage\",\"@id\":\"https:\/\/www.oarcanjo.net\/site\/bem-aventurado-columba-jose-marmion\/\",\"url\":\"https:\/\/www.oarcanjo.net\/site\/bem-aventurado-columba-jose-marmion\/\",\"name\":\"Bem Aventurado Columba Jos\u00e9 Marmion - O Arcanjo no ar\",\"isPartOf\":{\"@id\":\"https:\/\/www.oarcanjo.net\/site\/#website\"},\"primaryImageOfPage\":{\"@id\":\"https:\/\/www.oarcanjo.net\/site\/bem-aventurado-columba-jose-marmion\/#primaryimage\"},\"image\":{\"@id\":\"https:\/\/www.oarcanjo.net\/site\/bem-aventurado-columba-jose-marmion\/#primaryimage\"},\"thumbnailUrl\":\"http:\/\/www.derradeirasgracas.com\/images\/1.%20O%20Santo%20do%20Dia%20-%20Fotos\/Santos%20de%20Outubro%20-%20Fotos\/Columba%20Jos%C3%A9%20Marmion%20Bem-aventurado.gif\",\"datePublished\":\"2017-10-03T19:24:38+00:00\",\"dateModified\":\"2017-07-31T11:31:26+00:00\",\"breadcrumb\":{\"@id\":\"https:\/\/www.oarcanjo.net\/site\/bem-aventurado-columba-jose-marmion\/#breadcrumb\"},\"inLanguage\":\"pt-BR\",\"potentialAction\":[{\"@type\":\"ReadAction\",\"target\":[\"https:\/\/www.oarcanjo.net\/site\/bem-aventurado-columba-jose-marmion\/\"]}]},{\"@type\":\"ImageObject\",\"inLanguage\":\"pt-BR\",\"@id\":\"https:\/\/www.oarcanjo.net\/site\/bem-aventurado-columba-jose-marmion\/#primaryimage\",\"url\":\"http:\/\/www.derradeirasgracas.com\/images\/1.%20O%20Santo%20do%20Dia%20-%20Fotos\/Santos%20de%20Outubro%20-%20Fotos\/Columba%20Jos%C3%A9%20Marmion%20Bem-aventurado.gif\",\"contentUrl\":\"http:\/\/www.derradeirasgracas.com\/images\/1.%20O%20Santo%20do%20Dia%20-%20Fotos\/Santos%20de%20Outubro%20-%20Fotos\/Columba%20Jos%C3%A9%20Marmion%20Bem-aventurado.gif\"},{\"@type\":\"BreadcrumbList\",\"@id\":\"https:\/\/www.oarcanjo.net\/site\/bem-aventurado-columba-jose-marmion\/#breadcrumb\",\"itemListElement\":[{\"@type\":\"ListItem\",\"position\":1,\"name\":\"In\u00edcio\",\"item\":\"https:\/\/www.oarcanjo.net\/site\/\"},{\"@type\":\"ListItem\",\"position\":2,\"name\":\"Bem Aventurado Columba Jos\u00e9 Marmion\"}]},{\"@type\":\"WebSite\",\"@id\":\"https:\/\/www.oarcanjo.net\/site\/#website\",\"url\":\"https:\/\/www.oarcanjo.net\/site\/\",\"name\":\"O Arcanjo no ar\",\"description\":\"Site da Par\u00f3quia S\u00e3o Miguel Arcanjo (Arquidiocese de SP)\",\"publisher\":{\"@id\":\"https:\/\/www.oarcanjo.net\/site\/#organization\"},\"potentialAction\":[{\"@type\":\"SearchAction\",\"target\":{\"@type\":\"EntryPoint\",\"urlTemplate\":\"https:\/\/www.oarcanjo.net\/site\/?s={search_term_string}\"},\"query-input\":{\"@type\":\"PropertyValueSpecification\",\"valueRequired\":true,\"valueName\":\"search_term_string\"}}],\"inLanguage\":\"pt-BR\"},{\"@type\":\"Organization\",\"@id\":\"https:\/\/www.oarcanjo.net\/site\/#organization\",\"name\":\"Par\u00f3quia S\u00e3o Miguel Arcanjo\",\"url\":\"https:\/\/www.oarcanjo.net\/site\/\",\"logo\":{\"@type\":\"ImageObject\",\"inLanguage\":\"pt-BR\",\"@id\":\"https:\/\/www.oarcanjo.net\/site\/#\/schema\/logo\/image\/\",\"url\":\"https:\/\/www.oarcanjo.net\/site\/wp-content\/uploads\/LogoOArcanjo.png\",\"contentUrl\":\"https:\/\/www.oarcanjo.net\/site\/wp-content\/uploads\/LogoOArcanjo.png\",\"width\":319,\"height\":99,\"caption\":\"Par\u00f3quia S\u00e3o Miguel Arcanjo\"},\"image\":{\"@id\":\"https:\/\/www.oarcanjo.net\/site\/#\/schema\/logo\/image\/\"},\"sameAs\":[\"https:\/\/www.facebook.com\/OArcanjoNoAr\/\"]},{\"@type\":\"Person\",\"@id\":\"https:\/\/www.oarcanjo.net\/site\/#\/schema\/person\/5eb9480bedd2f3c97e430ce128c29c6c\",\"name\":\"danilo\"}]}<\/script>\n<!-- \/ Yoast SEO plugin. -->","yoast_head_json":{"title":"Bem Aventurado Columba Jos\u00e9 Marmion - O Arcanjo no ar","robots":{"index":"index","follow":"follow","max-snippet":"max-snippet:-1","max-image-preview":"max-image-preview:large","max-video-preview":"max-video-preview:-1"},"canonical":"https:\/\/www.oarcanjo.net\/site\/bem-aventurado-columba-jose-marmion\/","og_locale":"pt_BR","og_type":"article","og_title":"Bem Aventurado Columba Jos\u00e9 Marmion - O Arcanjo no ar","og_description":"3 de Outubro Fundou a Congrega\u00e7\u00e3o Belga da Anuncia\u00e7\u00e3o Jos\u00e9 Alo\u00edsio Marmion nasceu na cidade de Dublin, na Irlanda, no dia 1\u00ba de abril de 1858. Seu pai, William, era irland\u00eas e sua m\u00e3e, Erm\u00ednia, era francesa. O casal muito piedoso teve a gra\u00e7a de ver as tr\u00eas filhas se consagrarem a Deus, na Congrega\u00e7\u00e3o [&hellip;]","og_url":"https:\/\/www.oarcanjo.net\/site\/bem-aventurado-columba-jose-marmion\/","og_site_name":"O Arcanjo no ar","article_publisher":"https:\/\/www.facebook.com\/OArcanjoNoAr\/","article_published_time":"2017-10-03T19:24:38+00:00","article_modified_time":"2017-07-31T11:31:26+00:00","og_image":[{"url":"http:\/\/www.derradeirasgracas.com\/images\/1.%20O%20Santo%20do%20Dia%20-%20Fotos\/Santos%20de%20Outubro%20-%20Fotos\/Columba%20Jos%C3%A9%20Marmion%20Bem-aventurado.gif"}],"author":"danilo","twitter_card":"summary_large_image","twitter_misc":{"Escrito por":"danilo","Est. tempo de leitura":"3 minutos"},"schema":{"@context":"https:\/\/schema.org","@graph":[{"@type":"Article","@id":"https:\/\/www.oarcanjo.net\/site\/bem-aventurado-columba-jose-marmion\/#article","isPartOf":{"@id":"https:\/\/www.oarcanjo.net\/site\/bem-aventurado-columba-jose-marmion\/"},"author":{"name":"danilo","@id":"https:\/\/www.oarcanjo.net\/site\/#\/schema\/person\/5eb9480bedd2f3c97e430ce128c29c6c"},"headline":"Bem Aventurado Columba Jos\u00e9 Marmion","datePublished":"2017-10-03T19:24:38+00:00","dateModified":"2017-07-31T11:31:26+00:00","mainEntityOfPage":{"@id":"https:\/\/www.oarcanjo.net\/site\/bem-aventurado-columba-jose-marmion\/"},"wordCount":526,"commentCount":0,"publisher":{"@id":"https:\/\/www.oarcanjo.net\/site\/#organization"},"image":{"@id":"https:\/\/www.oarcanjo.net\/site\/bem-aventurado-columba-jose-marmion\/#primaryimage"},"thumbnailUrl":"http:\/\/www.derradeirasgracas.com\/images\/1.%20O%20Santo%20do%20Dia%20-%20Fotos\/Santos%20de%20Outubro%20-%20Fotos\/Columba%20Jos%C3%A9%20Marmion%20Bem-aventurado.gif","articleSection":["Testemunhos"],"inLanguage":"pt-BR","potentialAction":[{"@type":"CommentAction","name":"Comment","target":["https:\/\/www.oarcanjo.net\/site\/bem-aventurado-columba-jose-marmion\/#respond"]}]},{"@type":"WebPage","@id":"https:\/\/www.oarcanjo.net\/site\/bem-aventurado-columba-jose-marmion\/","url":"https:\/\/www.oarcanjo.net\/site\/bem-aventurado-columba-jose-marmion\/","name":"Bem Aventurado Columba Jos\u00e9 Marmion - O Arcanjo no ar","isPartOf":{"@id":"https:\/\/www.oarcanjo.net\/site\/#website"},"primaryImageOfPage":{"@id":"https:\/\/www.oarcanjo.net\/site\/bem-aventurado-columba-jose-marmion\/#primaryimage"},"image":{"@id":"https:\/\/www.oarcanjo.net\/site\/bem-aventurado-columba-jose-marmion\/#primaryimage"},"thumbnailUrl":"http:\/\/www.derradeirasgracas.com\/images\/1.%20O%20Santo%20do%20Dia%20-%20Fotos\/Santos%20de%20Outubro%20-%20Fotos\/Columba%20Jos%C3%A9%20Marmion%20Bem-aventurado.gif","datePublished":"2017-10-03T19:24:38+00:00","dateModified":"2017-07-31T11:31:26+00:00","breadcrumb":{"@id":"https:\/\/www.oarcanjo.net\/site\/bem-aventurado-columba-jose-marmion\/#breadcrumb"},"inLanguage":"pt-BR","potentialAction":[{"@type":"ReadAction","target":["https:\/\/www.oarcanjo.net\/site\/bem-aventurado-columba-jose-marmion\/"]}]},{"@type":"ImageObject","inLanguage":"pt-BR","@id":"https:\/\/www.oarcanjo.net\/site\/bem-aventurado-columba-jose-marmion\/#primaryimage","url":"http:\/\/www.derradeirasgracas.com\/images\/1.%20O%20Santo%20do%20Dia%20-%20Fotos\/Santos%20de%20Outubro%20-%20Fotos\/Columba%20Jos%C3%A9%20Marmion%20Bem-aventurado.gif","contentUrl":"http:\/\/www.derradeirasgracas.com\/images\/1.%20O%20Santo%20do%20Dia%20-%20Fotos\/Santos%20de%20Outubro%20-%20Fotos\/Columba%20Jos%C3%A9%20Marmion%20Bem-aventurado.gif"},{"@type":"BreadcrumbList","@id":"https:\/\/www.oarcanjo.net\/site\/bem-aventurado-columba-jose-marmion\/#breadcrumb","itemListElement":[{"@type":"ListItem","position":1,"name":"In\u00edcio","item":"https:\/\/www.oarcanjo.net\/site\/"},{"@type":"ListItem","position":2,"name":"Bem Aventurado Columba Jos\u00e9 Marmion"}]},{"@type":"WebSite","@id":"https:\/\/www.oarcanjo.net\/site\/#website","url":"https:\/\/www.oarcanjo.net\/site\/","name":"O Arcanjo no ar","description":"Site da Par\u00f3quia S\u00e3o Miguel Arcanjo (Arquidiocese de SP)","publisher":{"@id":"https:\/\/www.oarcanjo.net\/site\/#organization"},"potentialAction":[{"@type":"SearchAction","target":{"@type":"EntryPoint","urlTemplate":"https:\/\/www.oarcanjo.net\/site\/?s={search_term_string}"},"query-input":{"@type":"PropertyValueSpecification","valueRequired":true,"valueName":"search_term_string"}}],"inLanguage":"pt-BR"},{"@type":"Organization","@id":"https:\/\/www.oarcanjo.net\/site\/#organization","name":"Par\u00f3quia S\u00e3o Miguel Arcanjo","url":"https:\/\/www.oarcanjo.net\/site\/","logo":{"@type":"ImageObject","inLanguage":"pt-BR","@id":"https:\/\/www.oarcanjo.net\/site\/#\/schema\/logo\/image\/","url":"https:\/\/www.oarcanjo.net\/site\/wp-content\/uploads\/LogoOArcanjo.png","contentUrl":"https:\/\/www.oarcanjo.net\/site\/wp-content\/uploads\/LogoOArcanjo.png","width":319,"height":99,"caption":"Par\u00f3quia S\u00e3o Miguel Arcanjo"},"image":{"@id":"https:\/\/www.oarcanjo.net\/site\/#\/schema\/logo\/image\/"},"sameAs":["https:\/\/www.facebook.com\/OArcanjoNoAr\/"]},{"@type":"Person","@id":"https:\/\/www.oarcanjo.net\/site\/#\/schema\/person\/5eb9480bedd2f3c97e430ce128c29c6c","name":"danilo"}]}},"publishpress_future_action":{"enabled":false,"date":"2026-05-08 23:56:31","action":"category","newStatus":"draft","terms":[],"taxonomy":"category"},"publishpress_future_workflow_manual_trigger":{"enabledWorkflows":[]},"_links":{"self":[{"href":"https:\/\/www.oarcanjo.net\/site\/wp-json\/wp\/v2\/posts\/11116"}],"collection":[{"href":"https:\/\/www.oarcanjo.net\/site\/wp-json\/wp\/v2\/posts"}],"about":[{"href":"https:\/\/www.oarcanjo.net\/site\/wp-json\/wp\/v2\/types\/post"}],"author":[{"embeddable":true,"href":"https:\/\/www.oarcanjo.net\/site\/wp-json\/wp\/v2\/users\/14"}],"replies":[{"embeddable":true,"href":"https:\/\/www.oarcanjo.net\/site\/wp-json\/wp\/v2\/comments?post=11116"}],"version-history":[{"count":0,"href":"https:\/\/www.oarcanjo.net\/site\/wp-json\/wp\/v2\/posts\/11116\/revisions"}],"wp:attachment":[{"href":"https:\/\/www.oarcanjo.net\/site\/wp-json\/wp\/v2\/media?parent=11116"}],"wp:term":[{"taxonomy":"category","embeddable":true,"href":"https:\/\/www.oarcanjo.net\/site\/wp-json\/wp\/v2\/categories?post=11116"},{"taxonomy":"post_tag","embeddable":true,"href":"https:\/\/www.oarcanjo.net\/site\/wp-json\/wp\/v2\/tags?post=11116"}],"curies":[{"name":"wp","href":"https:\/\/api.w.org\/{rel}","templated":true}]}}