
{"id":11118,"date":"2017-10-04T09:52:59","date_gmt":"2017-10-04T12:52:59","guid":{"rendered":"http:\/\/www.oarcanjo.net\/site\/?p=11118"},"modified":"2017-07-31T16:09:43","modified_gmt":"2017-07-31T19:09:43","slug":"sao-petronio","status":"publish","type":"post","link":"https:\/\/www.oarcanjo.net\/site\/sao-petronio\/","title":{"rendered":"S\u00e3o Petr\u00f4nio"},"content":{"rendered":"<p><img decoding=\"async\" src=\"http:\/\/4.bp.blogspot.com\/_z-c0Sh5Zlrs\/SK9JyqlUlPI\/AAAAAAAACH0\/Vf4vBBI3wPc\/s400\/S%C3%A3o+Petr%C3%B4nio.jpg\" alt=\"\" \/><\/p>\n<p>4 de Outubro<\/p>\n<p>Petr\u00f4nio era descendente da nobre e influente fam\u00edlia Petr\u00f4nia, de c\u00f4nsules romanos, o que lhe propiciou ocupar cargos importantes na pol\u00edtica. Alguns historiadores afirmam que era cunhado do imperador Teod\u00f3sio II, apelidado de o Mo\u00e7o.<\/p>\n<p>Ao certo, temos que foi ordenado sacerdote pelo bispo de Mil\u00e3o, santo Ambr\u00f3sio, no ano 421. At\u00e9 ent\u00e3o, levava uma vida f\u00fatil e mundana na G\u00e1lia, atual Fran\u00e7a, quando teve uma profunda crise existencial e largou tudo para vestir o h\u00e1bito.<\/p>\n<p>At\u00e9 por isso ele foi usado como exemplo por Euqu\u00e9rio, bispo de Lyon. Em carta a um cunhado, o bispo diz que ele deveria agir como Petr\u00f4nio, que largou a Corte para abra\u00e7ar o servi\u00e7o de Deus.<\/p>\n<p>Mais tarde, Petr\u00f4nio foi nomeado o oitavo bispo de Bolonha. Um dos melhores, porque marcou seu mandato nos dois planos, espiritual e material. Conduziu seu rebanho nos caminhos do cristianismo, mas tamb\u00e9m trabalhou muito na reconstru\u00e7\u00e3o da cidade, destru\u00edda por ordem do imperador Teod\u00f3sio I, chamado o Grande. Uma antiga tradi\u00e7\u00e3o local conta que Petr\u00f4nio teria sido nomeado e consagrado pelo pr\u00f3prio papa Celestino I, no ano 430. O pont\u00edfice teve um sonho, no qual s\u00e3o Pedro o auxiliou nessa escolha.<\/p>\n<p>Contudo a nomea\u00e7\u00e3o foi perfeita, pois Petr\u00f4nio enfrentou at\u00e9 invas\u00f5es dos povos b\u00e1rbaros durante a reconstru\u00e7\u00e3o. E n\u00e3o deixou o povo esmorecer, revigorando a f\u00e9 e estimulando o trabalho duro. Depois de sua morte, em 480, a popula\u00e7\u00e3o passou a vener\u00e1-lo como padroeiro de Bolonha, guardando-o com carinho e respeito no cora\u00e7\u00e3o.<\/p>\n<p>Para conservar as suas rel\u00edquias, constru\u00edram uma das mais grandiosas bas\u00edlicas do cristianismo, bem no centro da cidade. Iniciada em 1390, a constru\u00e7\u00e3o demorou muitos anos para ser conclu\u00edda, embora, de gera\u00e7\u00e3o em gera\u00e7\u00e3o, venha sendo embelezada por pintores e escultores de grande renome.<\/p>\n<div id=\"themify_builder_content-11118\" data-postid=\"11118\" class=\"themify_builder_content themify_builder_content-11118 themify_builder themify_builder_front\">\n\t<\/div>\n<!-- \/themify_builder_content -->","protected":false},"excerpt":{"rendered":"<p>4 de Outubro Petr\u00f4nio era descendente da nobre e influente fam\u00edlia Petr\u00f4nia, de c\u00f4nsules romanos, o que lhe propiciou ocupar cargos importantes na pol\u00edtica. Alguns historiadores afirmam que era cunhado do imperador Teod\u00f3sio II, apelidado de o Mo\u00e7o. Ao certo, temos que foi ordenado sacerdote pelo bispo de Mil\u00e3o, santo Ambr\u00f3sio, no ano 421. At\u00e9 [&hellip;]<\/p>\n","protected":false},"author":14,"featured_media":0,"comment_status":"open","ping_status":"open","sticky":false,"template":"","format":"standard","meta":{"ngg_post_thumbnail":0,"footnotes":""},"categories":[186],"tags":[],"yoast_head":"<!-- This site is optimized with the Yoast SEO plugin v23.5 - https:\/\/yoast.com\/wordpress\/plugins\/seo\/ -->\n<title>S\u00e3o Petr\u00f4nio - O Arcanjo no ar<\/title>\n<meta name=\"robots\" content=\"index, follow, max-snippet:-1, max-image-preview:large, max-video-preview:-1\" \/>\n<link rel=\"canonical\" href=\"https:\/\/www.oarcanjo.net\/site\/sao-petronio\/\" \/>\n<meta property=\"og:locale\" content=\"pt_BR\" \/>\n<meta property=\"og:type\" content=\"article\" \/>\n<meta property=\"og:title\" content=\"S\u00e3o Petr\u00f4nio - O Arcanjo no ar\" \/>\n<meta property=\"og:description\" content=\"4 de Outubro Petr\u00f4nio era descendente da nobre e influente fam\u00edlia Petr\u00f4nia, de c\u00f4nsules romanos, o que lhe propiciou ocupar cargos importantes na pol\u00edtica. Alguns historiadores afirmam que era cunhado do imperador Teod\u00f3sio II, apelidado de o Mo\u00e7o. Ao certo, temos que foi ordenado sacerdote pelo bispo de Mil\u00e3o, santo Ambr\u00f3sio, no ano 421. At\u00e9 [&hellip;]\" \/>\n<meta property=\"og:url\" content=\"https:\/\/www.oarcanjo.net\/site\/sao-petronio\/\" \/>\n<meta property=\"og:site_name\" content=\"O Arcanjo no ar\" \/>\n<meta property=\"article:publisher\" content=\"https:\/\/www.facebook.com\/OArcanjoNoAr\/\" \/>\n<meta property=\"article:published_time\" content=\"2017-10-04T12:52:59+00:00\" \/>\n<meta property=\"article:modified_time\" content=\"2017-07-31T19:09:43+00:00\" \/>\n<meta property=\"og:image\" content=\"http:\/\/4.bp.blogspot.com\/_z-c0Sh5Zlrs\/SK9JyqlUlPI\/AAAAAAAACH0\/Vf4vBBI3wPc\/s400\/S%C3%A3o+Petr%C3%B4nio.jpg\" \/>\n<meta name=\"author\" content=\"danilo\" \/>\n<meta name=\"twitter:card\" content=\"summary_large_image\" \/>\n<meta name=\"twitter:label1\" content=\"Escrito por\" \/>\n\t<meta name=\"twitter:data1\" content=\"danilo\" \/>\n\t<meta name=\"twitter:label2\" content=\"Est. tempo de leitura\" \/>\n\t<meta name=\"twitter:data2\" content=\"2 minutos\" \/>\n<script type=\"application\/ld+json\" class=\"yoast-schema-graph\">{\"@context\":\"https:\/\/schema.org\",\"@graph\":[{\"@type\":\"Article\",\"@id\":\"https:\/\/www.oarcanjo.net\/site\/sao-petronio\/#article\",\"isPartOf\":{\"@id\":\"https:\/\/www.oarcanjo.net\/site\/sao-petronio\/\"},\"author\":{\"name\":\"danilo\",\"@id\":\"https:\/\/www.oarcanjo.net\/site\/#\/schema\/person\/5eb9480bedd2f3c97e430ce128c29c6c\"},\"headline\":\"S\u00e3o Petr\u00f4nio\",\"datePublished\":\"2017-10-04T12:52:59+00:00\",\"dateModified\":\"2017-07-31T19:09:43+00:00\",\"mainEntityOfPage\":{\"@id\":\"https:\/\/www.oarcanjo.net\/site\/sao-petronio\/\"},\"wordCount\":336,\"commentCount\":0,\"publisher\":{\"@id\":\"https:\/\/www.oarcanjo.net\/site\/#organization\"},\"image\":{\"@id\":\"https:\/\/www.oarcanjo.net\/site\/sao-petronio\/#primaryimage\"},\"thumbnailUrl\":\"http:\/\/4.bp.blogspot.com\/_z-c0Sh5Zlrs\/SK9JyqlUlPI\/AAAAAAAACH0\/Vf4vBBI3wPc\/s400\/S%C3%A3o+Petr%C3%B4nio.jpg\",\"articleSection\":[\"Testemunhos\"],\"inLanguage\":\"pt-BR\",\"potentialAction\":[{\"@type\":\"CommentAction\",\"name\":\"Comment\",\"target\":[\"https:\/\/www.oarcanjo.net\/site\/sao-petronio\/#respond\"]}]},{\"@type\":\"WebPage\",\"@id\":\"https:\/\/www.oarcanjo.net\/site\/sao-petronio\/\",\"url\":\"https:\/\/www.oarcanjo.net\/site\/sao-petronio\/\",\"name\":\"S\u00e3o Petr\u00f4nio - O Arcanjo no ar\",\"isPartOf\":{\"@id\":\"https:\/\/www.oarcanjo.net\/site\/#website\"},\"primaryImageOfPage\":{\"@id\":\"https:\/\/www.oarcanjo.net\/site\/sao-petronio\/#primaryimage\"},\"image\":{\"@id\":\"https:\/\/www.oarcanjo.net\/site\/sao-petronio\/#primaryimage\"},\"thumbnailUrl\":\"http:\/\/4.bp.blogspot.com\/_z-c0Sh5Zlrs\/SK9JyqlUlPI\/AAAAAAAACH0\/Vf4vBBI3wPc\/s400\/S%C3%A3o+Petr%C3%B4nio.jpg\",\"datePublished\":\"2017-10-04T12:52:59+00:00\",\"dateModified\":\"2017-07-31T19:09:43+00:00\",\"breadcrumb\":{\"@id\":\"https:\/\/www.oarcanjo.net\/site\/sao-petronio\/#breadcrumb\"},\"inLanguage\":\"pt-BR\",\"potentialAction\":[{\"@type\":\"ReadAction\",\"target\":[\"https:\/\/www.oarcanjo.net\/site\/sao-petronio\/\"]}]},{\"@type\":\"ImageObject\",\"inLanguage\":\"pt-BR\",\"@id\":\"https:\/\/www.oarcanjo.net\/site\/sao-petronio\/#primaryimage\",\"url\":\"http:\/\/4.bp.blogspot.com\/_z-c0Sh5Zlrs\/SK9JyqlUlPI\/AAAAAAAACH0\/Vf4vBBI3wPc\/s400\/S%C3%A3o+Petr%C3%B4nio.jpg\",\"contentUrl\":\"http:\/\/4.bp.blogspot.com\/_z-c0Sh5Zlrs\/SK9JyqlUlPI\/AAAAAAAACH0\/Vf4vBBI3wPc\/s400\/S%C3%A3o+Petr%C3%B4nio.jpg\"},{\"@type\":\"BreadcrumbList\",\"@id\":\"https:\/\/www.oarcanjo.net\/site\/sao-petronio\/#breadcrumb\",\"itemListElement\":[{\"@type\":\"ListItem\",\"position\":1,\"name\":\"In\u00edcio\",\"item\":\"https:\/\/www.oarcanjo.net\/site\/\"},{\"@type\":\"ListItem\",\"position\":2,\"name\":\"S\u00e3o Petr\u00f4nio\"}]},{\"@type\":\"WebSite\",\"@id\":\"https:\/\/www.oarcanjo.net\/site\/#website\",\"url\":\"https:\/\/www.oarcanjo.net\/site\/\",\"name\":\"O Arcanjo no ar\",\"description\":\"Site da Par\u00f3quia S\u00e3o Miguel Arcanjo (Arquidiocese de SP)\",\"publisher\":{\"@id\":\"https:\/\/www.oarcanjo.net\/site\/#organization\"},\"potentialAction\":[{\"@type\":\"SearchAction\",\"target\":{\"@type\":\"EntryPoint\",\"urlTemplate\":\"https:\/\/www.oarcanjo.net\/site\/?s={search_term_string}\"},\"query-input\":{\"@type\":\"PropertyValueSpecification\",\"valueRequired\":true,\"valueName\":\"search_term_string\"}}],\"inLanguage\":\"pt-BR\"},{\"@type\":\"Organization\",\"@id\":\"https:\/\/www.oarcanjo.net\/site\/#organization\",\"name\":\"Par\u00f3quia S\u00e3o Miguel Arcanjo\",\"url\":\"https:\/\/www.oarcanjo.net\/site\/\",\"logo\":{\"@type\":\"ImageObject\",\"inLanguage\":\"pt-BR\",\"@id\":\"https:\/\/www.oarcanjo.net\/site\/#\/schema\/logo\/image\/\",\"url\":\"https:\/\/www.oarcanjo.net\/site\/wp-content\/uploads\/LogoOArcanjo.png\",\"contentUrl\":\"https:\/\/www.oarcanjo.net\/site\/wp-content\/uploads\/LogoOArcanjo.png\",\"width\":319,\"height\":99,\"caption\":\"Par\u00f3quia S\u00e3o Miguel Arcanjo\"},\"image\":{\"@id\":\"https:\/\/www.oarcanjo.net\/site\/#\/schema\/logo\/image\/\"},\"sameAs\":[\"https:\/\/www.facebook.com\/OArcanjoNoAr\/\"]},{\"@type\":\"Person\",\"@id\":\"https:\/\/www.oarcanjo.net\/site\/#\/schema\/person\/5eb9480bedd2f3c97e430ce128c29c6c\",\"name\":\"danilo\"}]}<\/script>\n<!-- \/ Yoast SEO plugin. -->","yoast_head_json":{"title":"S\u00e3o Petr\u00f4nio - O Arcanjo no ar","robots":{"index":"index","follow":"follow","max-snippet":"max-snippet:-1","max-image-preview":"max-image-preview:large","max-video-preview":"max-video-preview:-1"},"canonical":"https:\/\/www.oarcanjo.net\/site\/sao-petronio\/","og_locale":"pt_BR","og_type":"article","og_title":"S\u00e3o Petr\u00f4nio - O Arcanjo no ar","og_description":"4 de Outubro Petr\u00f4nio era descendente da nobre e influente fam\u00edlia Petr\u00f4nia, de c\u00f4nsules romanos, o que lhe propiciou ocupar cargos importantes na pol\u00edtica. Alguns historiadores afirmam que era cunhado do imperador Teod\u00f3sio II, apelidado de o Mo\u00e7o. Ao certo, temos que foi ordenado sacerdote pelo bispo de Mil\u00e3o, santo Ambr\u00f3sio, no ano 421. At\u00e9 [&hellip;]","og_url":"https:\/\/www.oarcanjo.net\/site\/sao-petronio\/","og_site_name":"O Arcanjo no ar","article_publisher":"https:\/\/www.facebook.com\/OArcanjoNoAr\/","article_published_time":"2017-10-04T12:52:59+00:00","article_modified_time":"2017-07-31T19:09:43+00:00","og_image":[{"url":"http:\/\/4.bp.blogspot.com\/_z-c0Sh5Zlrs\/SK9JyqlUlPI\/AAAAAAAACH0\/Vf4vBBI3wPc\/s400\/S%C3%A3o+Petr%C3%B4nio.jpg"}],"author":"danilo","twitter_card":"summary_large_image","twitter_misc":{"Escrito por":"danilo","Est. tempo de leitura":"2 minutos"},"schema":{"@context":"https:\/\/schema.org","@graph":[{"@type":"Article","@id":"https:\/\/www.oarcanjo.net\/site\/sao-petronio\/#article","isPartOf":{"@id":"https:\/\/www.oarcanjo.net\/site\/sao-petronio\/"},"author":{"name":"danilo","@id":"https:\/\/www.oarcanjo.net\/site\/#\/schema\/person\/5eb9480bedd2f3c97e430ce128c29c6c"},"headline":"S\u00e3o Petr\u00f4nio","datePublished":"2017-10-04T12:52:59+00:00","dateModified":"2017-07-31T19:09:43+00:00","mainEntityOfPage":{"@id":"https:\/\/www.oarcanjo.net\/site\/sao-petronio\/"},"wordCount":336,"commentCount":0,"publisher":{"@id":"https:\/\/www.oarcanjo.net\/site\/#organization"},"image":{"@id":"https:\/\/www.oarcanjo.net\/site\/sao-petronio\/#primaryimage"},"thumbnailUrl":"http:\/\/4.bp.blogspot.com\/_z-c0Sh5Zlrs\/SK9JyqlUlPI\/AAAAAAAACH0\/Vf4vBBI3wPc\/s400\/S%C3%A3o+Petr%C3%B4nio.jpg","articleSection":["Testemunhos"],"inLanguage":"pt-BR","potentialAction":[{"@type":"CommentAction","name":"Comment","target":["https:\/\/www.oarcanjo.net\/site\/sao-petronio\/#respond"]}]},{"@type":"WebPage","@id":"https:\/\/www.oarcanjo.net\/site\/sao-petronio\/","url":"https:\/\/www.oarcanjo.net\/site\/sao-petronio\/","name":"S\u00e3o Petr\u00f4nio - O Arcanjo no ar","isPartOf":{"@id":"https:\/\/www.oarcanjo.net\/site\/#website"},"primaryImageOfPage":{"@id":"https:\/\/www.oarcanjo.net\/site\/sao-petronio\/#primaryimage"},"image":{"@id":"https:\/\/www.oarcanjo.net\/site\/sao-petronio\/#primaryimage"},"thumbnailUrl":"http:\/\/4.bp.blogspot.com\/_z-c0Sh5Zlrs\/SK9JyqlUlPI\/AAAAAAAACH0\/Vf4vBBI3wPc\/s400\/S%C3%A3o+Petr%C3%B4nio.jpg","datePublished":"2017-10-04T12:52:59+00:00","dateModified":"2017-07-31T19:09:43+00:00","breadcrumb":{"@id":"https:\/\/www.oarcanjo.net\/site\/sao-petronio\/#breadcrumb"},"inLanguage":"pt-BR","potentialAction":[{"@type":"ReadAction","target":["https:\/\/www.oarcanjo.net\/site\/sao-petronio\/"]}]},{"@type":"ImageObject","inLanguage":"pt-BR","@id":"https:\/\/www.oarcanjo.net\/site\/sao-petronio\/#primaryimage","url":"http:\/\/4.bp.blogspot.com\/_z-c0Sh5Zlrs\/SK9JyqlUlPI\/AAAAAAAACH0\/Vf4vBBI3wPc\/s400\/S%C3%A3o+Petr%C3%B4nio.jpg","contentUrl":"http:\/\/4.bp.blogspot.com\/_z-c0Sh5Zlrs\/SK9JyqlUlPI\/AAAAAAAACH0\/Vf4vBBI3wPc\/s400\/S%C3%A3o+Petr%C3%B4nio.jpg"},{"@type":"BreadcrumbList","@id":"https:\/\/www.oarcanjo.net\/site\/sao-petronio\/#breadcrumb","itemListElement":[{"@type":"ListItem","position":1,"name":"In\u00edcio","item":"https:\/\/www.oarcanjo.net\/site\/"},{"@type":"ListItem","position":2,"name":"S\u00e3o Petr\u00f4nio"}]},{"@type":"WebSite","@id":"https:\/\/www.oarcanjo.net\/site\/#website","url":"https:\/\/www.oarcanjo.net\/site\/","name":"O Arcanjo no ar","description":"Site da Par\u00f3quia S\u00e3o Miguel Arcanjo (Arquidiocese de SP)","publisher":{"@id":"https:\/\/www.oarcanjo.net\/site\/#organization"},"potentialAction":[{"@type":"SearchAction","target":{"@type":"EntryPoint","urlTemplate":"https:\/\/www.oarcanjo.net\/site\/?s={search_term_string}"},"query-input":{"@type":"PropertyValueSpecification","valueRequired":true,"valueName":"search_term_string"}}],"inLanguage":"pt-BR"},{"@type":"Organization","@id":"https:\/\/www.oarcanjo.net\/site\/#organization","name":"Par\u00f3quia S\u00e3o Miguel Arcanjo","url":"https:\/\/www.oarcanjo.net\/site\/","logo":{"@type":"ImageObject","inLanguage":"pt-BR","@id":"https:\/\/www.oarcanjo.net\/site\/#\/schema\/logo\/image\/","url":"https:\/\/www.oarcanjo.net\/site\/wp-content\/uploads\/LogoOArcanjo.png","contentUrl":"https:\/\/www.oarcanjo.net\/site\/wp-content\/uploads\/LogoOArcanjo.png","width":319,"height":99,"caption":"Par\u00f3quia S\u00e3o Miguel Arcanjo"},"image":{"@id":"https:\/\/www.oarcanjo.net\/site\/#\/schema\/logo\/image\/"},"sameAs":["https:\/\/www.facebook.com\/OArcanjoNoAr\/"]},{"@type":"Person","@id":"https:\/\/www.oarcanjo.net\/site\/#\/schema\/person\/5eb9480bedd2f3c97e430ce128c29c6c","name":"danilo"}]}},"publishpress_future_action":{"enabled":false,"date":"2026-05-08 22:30:26","action":"category","newStatus":"draft","terms":[],"taxonomy":"category"},"publishpress_future_workflow_manual_trigger":{"enabledWorkflows":[]},"_links":{"self":[{"href":"https:\/\/www.oarcanjo.net\/site\/wp-json\/wp\/v2\/posts\/11118"}],"collection":[{"href":"https:\/\/www.oarcanjo.net\/site\/wp-json\/wp\/v2\/posts"}],"about":[{"href":"https:\/\/www.oarcanjo.net\/site\/wp-json\/wp\/v2\/types\/post"}],"author":[{"embeddable":true,"href":"https:\/\/www.oarcanjo.net\/site\/wp-json\/wp\/v2\/users\/14"}],"replies":[{"embeddable":true,"href":"https:\/\/www.oarcanjo.net\/site\/wp-json\/wp\/v2\/comments?post=11118"}],"version-history":[{"count":0,"href":"https:\/\/www.oarcanjo.net\/site\/wp-json\/wp\/v2\/posts\/11118\/revisions"}],"wp:attachment":[{"href":"https:\/\/www.oarcanjo.net\/site\/wp-json\/wp\/v2\/media?parent=11118"}],"wp:term":[{"taxonomy":"category","embeddable":true,"href":"https:\/\/www.oarcanjo.net\/site\/wp-json\/wp\/v2\/categories?post=11118"},{"taxonomy":"post_tag","embeddable":true,"href":"https:\/\/www.oarcanjo.net\/site\/wp-json\/wp\/v2\/tags?post=11118"}],"curies":[{"name":"wp","href":"https:\/\/api.w.org\/{rel}","templated":true}]}}