
{"id":11125,"date":"2017-10-05T00:56:48","date_gmt":"2017-10-05T03:56:48","guid":{"rendered":"http:\/\/www.oarcanjo.net\/site\/?p=11125"},"modified":"2017-07-31T16:09:48","modified_gmt":"2017-07-31T19:09:48","slug":"bem-aventurado-francisco-xavier-seelos","status":"publish","type":"post","link":"https:\/\/www.oarcanjo.net\/site\/bem-aventurado-francisco-xavier-seelos\/","title":{"rendered":"Bem Aventurado Francisco Xavier Seelos"},"content":{"rendered":"<p><img loading=\"lazy\" decoding=\"async\" class=\"alignnone size-full wp-image-66136\" src=\"http:\/\/www.oarcanjo.net\/site\/wp-content\/uploads\/Francisco-Xavier-Sellos.jpg\" alt=\"Bem Aventurado Francisco Xavier Seelos\" width=\"227\" height=\"309\" srcset=\"https:\/\/www.oarcanjo.net\/site\/wp-content\/uploads\/Francisco-Xavier-Sellos.jpg 227w, https:\/\/www.oarcanjo.net\/site\/wp-content\/uploads\/Francisco-Xavier-Sellos-220x300.jpg 220w\" sizes=\"(max-width: 227px) 100vw, 227px\" \/><\/p>\n<p>05 de Outubro<\/p>\n<p>Francisco Xavier Seelos nasceu no dia 11 de janeiro de 1819, em F\u00fcssen, na regi\u00e3o da Baviera, Alemanha. Era um entre os onze filhos do casal Magno e Francisca, e teve na fam\u00edlia o grande incentivo para sua vida de consagra\u00e7\u00e3o a Deus. Seu pai, um simples comerciante de tecidos, a partir de 1830 passou a ser o sacrist\u00e3o na par\u00f3quia de S\u00e3o Magno, da sua cidade natal. Assim foi que o menino Francisco, ap\u00f3s concluir os estudos filos\u00f3ficos, seguiu admitido no Semin\u00e1rio de M\u00f4naco da Baviera em 1842.<\/p>\n<p>No mesmo ano, abra\u00e7ou o carisma da Congrega\u00e7\u00e3o do Sant\u00edssimo Redentor, fundada por santo Afonso Maria de Lig\u00f3rio. Mas, impressionado com as informa\u00e7\u00f5es sobre a falta de assist\u00eancia religiosa e social com que se deparavam os imigrantes alem\u00e3es nos Estados Unidos da Am\u00e9rica do Norte, pediu para trabalhar como mission\u00e1rio naquele pa\u00eds.<\/p>\n<p>Assim, partiu em 1843. Ap\u00f3s um ano de noviciado, recebeu a ordena\u00e7\u00e3o sacerdotal na igreja de S\u00e3o Tiago de Baltimore, em Maryland, nos Estados Unidos, dedicando todo o seu apostolado \u00e0 causa dos imigrantes alem\u00e3es naquele pa\u00eds. Alguns meses depois, foi transferido para Pittsburg, na Pensilv\u00e2nia, onde trabalhou como vice-p\u00e1roco de Jo\u00e3o Neumann, superior da comunidade dos redentoristas e, hoje, tamb\u00e9m venerado como santo pela Igreja Cat\u00f3lica.<\/p>\n<p>Participou nas &#8220;Miss\u00f5es das Par\u00f3quias&#8221; em v\u00e1rias localidades, sempre se distinguindo como grande pregador, bom confessor e zeloso pastor dos pobres e marginalizados. O ponto fundamental do seu apostolado era o ensino da catequese para o crescimento da comunidade paroquial.<\/p>\n<p>Cuidou, tamb\u00e9m, da forma\u00e7\u00e3o de outros redentoristas. Sendo o encarregado de estudos, infundia nos seminaristas entusiasmo, esp\u00edrito de sacrif\u00edcio e zelo apost\u00f3lico.<\/p>\n<p>Em 1860, o bispo de Pittsburg prop\u00f4s ao papa Pio IX o nome de Francisco Xavier Seelos como seu sucessor, mas este escreveu ao sumo pont\u00edfice pedindo que fosse nomeado outro sacerdote no seu lugar.<\/p>\n<p>Depois disso, entre 1863 e 1866, trabalhou como mission\u00e1rio itinerante em v\u00e1rios outros estados e, quando lhe foi designada a comunidade de New Orleans, ali permaneceu pouco tempo, pois, na assist\u00eancia pastoral a v\u00e1rios doentes, contraiu a febre amarela. Ele suportou a enfermidade com paci\u00eancia e resigna\u00e7\u00e3o, mas foi obrigado a afastar-se de quase todas as atividades pastorais. Faleceu na noite de 4 de outubro de 1867.<\/p>\n<p>Francisco Xavier Seelos foi beatificado no solene Ano Jubilar de 2000 pelo papa Jo\u00e3o Paulo II, que designou sua comemora\u00e7\u00e3o lit\u00fargica para o dia seguinte \u00e0 data de sua morte.<\/p>\n<div id=\"themify_builder_content-11125\" data-postid=\"11125\" class=\"themify_builder_content themify_builder_content-11125 themify_builder themify_builder_front\">\n\t<\/div>\n<!-- \/themify_builder_content -->","protected":false},"excerpt":{"rendered":"<p>05 de Outubro Francisco Xavier Seelos nasceu no dia 11 de janeiro de 1819, em F\u00fcssen, na regi\u00e3o da Baviera, Alemanha. Era um entre os onze filhos do casal Magno e Francisca, e teve na fam\u00edlia o grande incentivo para sua vida de consagra\u00e7\u00e3o a Deus. Seu pai, um simples comerciante de tecidos, a partir [&hellip;]<\/p>\n","protected":false},"author":14,"featured_media":0,"comment_status":"open","ping_status":"open","sticky":false,"template":"","format":"standard","meta":{"ngg_post_thumbnail":0,"footnotes":""},"categories":[186],"tags":[],"yoast_head":"<!-- This site is optimized with the Yoast SEO plugin v23.5 - https:\/\/yoast.com\/wordpress\/plugins\/seo\/ -->\n<title>Bem Aventurado Francisco Xavier Seelos - O Arcanjo no ar<\/title>\n<meta name=\"robots\" content=\"index, follow, max-snippet:-1, max-image-preview:large, max-video-preview:-1\" \/>\n<link rel=\"canonical\" href=\"https:\/\/www.oarcanjo.net\/site\/bem-aventurado-francisco-xavier-seelos\/\" \/>\n<meta property=\"og:locale\" content=\"pt_BR\" \/>\n<meta property=\"og:type\" content=\"article\" \/>\n<meta property=\"og:title\" content=\"Bem Aventurado Francisco Xavier Seelos - O Arcanjo no ar\" \/>\n<meta property=\"og:description\" content=\"05 de Outubro Francisco Xavier Seelos nasceu no dia 11 de janeiro de 1819, em F\u00fcssen, na regi\u00e3o da Baviera, Alemanha. Era um entre os onze filhos do casal Magno e Francisca, e teve na fam\u00edlia o grande incentivo para sua vida de consagra\u00e7\u00e3o a Deus. Seu pai, um simples comerciante de tecidos, a partir [&hellip;]\" \/>\n<meta property=\"og:url\" content=\"https:\/\/www.oarcanjo.net\/site\/bem-aventurado-francisco-xavier-seelos\/\" \/>\n<meta property=\"og:site_name\" content=\"O Arcanjo no ar\" \/>\n<meta property=\"article:publisher\" content=\"https:\/\/www.facebook.com\/OArcanjoNoAr\/\" \/>\n<meta property=\"article:published_time\" content=\"2017-10-05T03:56:48+00:00\" \/>\n<meta property=\"article:modified_time\" content=\"2017-07-31T19:09:48+00:00\" \/>\n<meta property=\"og:image\" content=\"http:\/\/www.oarcanjo.net\/site\/wp-content\/uploads\/Francisco-Xavier-Sellos.jpg\" \/>\n<meta name=\"author\" content=\"danilo\" \/>\n<meta name=\"twitter:card\" content=\"summary_large_image\" \/>\n<meta name=\"twitter:label1\" content=\"Escrito por\" \/>\n\t<meta name=\"twitter:data1\" content=\"danilo\" \/>\n\t<meta name=\"twitter:label2\" content=\"Est. tempo de leitura\" \/>\n\t<meta name=\"twitter:data2\" content=\"2 minutos\" \/>\n<script type=\"application\/ld+json\" class=\"yoast-schema-graph\">{\"@context\":\"https:\/\/schema.org\",\"@graph\":[{\"@type\":\"Article\",\"@id\":\"https:\/\/www.oarcanjo.net\/site\/bem-aventurado-francisco-xavier-seelos\/#article\",\"isPartOf\":{\"@id\":\"https:\/\/www.oarcanjo.net\/site\/bem-aventurado-francisco-xavier-seelos\/\"},\"author\":{\"name\":\"danilo\",\"@id\":\"https:\/\/www.oarcanjo.net\/site\/#\/schema\/person\/5eb9480bedd2f3c97e430ce128c29c6c\"},\"headline\":\"Bem Aventurado Francisco Xavier Seelos\",\"datePublished\":\"2017-10-05T03:56:48+00:00\",\"dateModified\":\"2017-07-31T19:09:48+00:00\",\"mainEntityOfPage\":{\"@id\":\"https:\/\/www.oarcanjo.net\/site\/bem-aventurado-francisco-xavier-seelos\/\"},\"wordCount\":446,\"commentCount\":0,\"publisher\":{\"@id\":\"https:\/\/www.oarcanjo.net\/site\/#organization\"},\"image\":{\"@id\":\"https:\/\/www.oarcanjo.net\/site\/bem-aventurado-francisco-xavier-seelos\/#primaryimage\"},\"thumbnailUrl\":\"http:\/\/www.oarcanjo.net\/site\/wp-content\/uploads\/Francisco-Xavier-Sellos.jpg\",\"articleSection\":[\"Testemunhos\"],\"inLanguage\":\"pt-BR\",\"potentialAction\":[{\"@type\":\"CommentAction\",\"name\":\"Comment\",\"target\":[\"https:\/\/www.oarcanjo.net\/site\/bem-aventurado-francisco-xavier-seelos\/#respond\"]}]},{\"@type\":\"WebPage\",\"@id\":\"https:\/\/www.oarcanjo.net\/site\/bem-aventurado-francisco-xavier-seelos\/\",\"url\":\"https:\/\/www.oarcanjo.net\/site\/bem-aventurado-francisco-xavier-seelos\/\",\"name\":\"Bem Aventurado Francisco Xavier Seelos - O Arcanjo no ar\",\"isPartOf\":{\"@id\":\"https:\/\/www.oarcanjo.net\/site\/#website\"},\"primaryImageOfPage\":{\"@id\":\"https:\/\/www.oarcanjo.net\/site\/bem-aventurado-francisco-xavier-seelos\/#primaryimage\"},\"image\":{\"@id\":\"https:\/\/www.oarcanjo.net\/site\/bem-aventurado-francisco-xavier-seelos\/#primaryimage\"},\"thumbnailUrl\":\"http:\/\/www.oarcanjo.net\/site\/wp-content\/uploads\/Francisco-Xavier-Sellos.jpg\",\"datePublished\":\"2017-10-05T03:56:48+00:00\",\"dateModified\":\"2017-07-31T19:09:48+00:00\",\"breadcrumb\":{\"@id\":\"https:\/\/www.oarcanjo.net\/site\/bem-aventurado-francisco-xavier-seelos\/#breadcrumb\"},\"inLanguage\":\"pt-BR\",\"potentialAction\":[{\"@type\":\"ReadAction\",\"target\":[\"https:\/\/www.oarcanjo.net\/site\/bem-aventurado-francisco-xavier-seelos\/\"]}]},{\"@type\":\"ImageObject\",\"inLanguage\":\"pt-BR\",\"@id\":\"https:\/\/www.oarcanjo.net\/site\/bem-aventurado-francisco-xavier-seelos\/#primaryimage\",\"url\":\"https:\/\/www.oarcanjo.net\/site\/wp-content\/uploads\/Francisco-Xavier-Sellos.jpg\",\"contentUrl\":\"https:\/\/www.oarcanjo.net\/site\/wp-content\/uploads\/Francisco-Xavier-Sellos.jpg\",\"width\":227,\"height\":309,\"caption\":\"Bem Aventurado Francisco Xavier Seelos\"},{\"@type\":\"BreadcrumbList\",\"@id\":\"https:\/\/www.oarcanjo.net\/site\/bem-aventurado-francisco-xavier-seelos\/#breadcrumb\",\"itemListElement\":[{\"@type\":\"ListItem\",\"position\":1,\"name\":\"In\u00edcio\",\"item\":\"https:\/\/www.oarcanjo.net\/site\/\"},{\"@type\":\"ListItem\",\"position\":2,\"name\":\"Bem Aventurado Francisco Xavier Seelos\"}]},{\"@type\":\"WebSite\",\"@id\":\"https:\/\/www.oarcanjo.net\/site\/#website\",\"url\":\"https:\/\/www.oarcanjo.net\/site\/\",\"name\":\"O Arcanjo no ar\",\"description\":\"Site da Par\u00f3quia S\u00e3o Miguel Arcanjo (Arquidiocese de SP)\",\"publisher\":{\"@id\":\"https:\/\/www.oarcanjo.net\/site\/#organization\"},\"potentialAction\":[{\"@type\":\"SearchAction\",\"target\":{\"@type\":\"EntryPoint\",\"urlTemplate\":\"https:\/\/www.oarcanjo.net\/site\/?s={search_term_string}\"},\"query-input\":{\"@type\":\"PropertyValueSpecification\",\"valueRequired\":true,\"valueName\":\"search_term_string\"}}],\"inLanguage\":\"pt-BR\"},{\"@type\":\"Organization\",\"@id\":\"https:\/\/www.oarcanjo.net\/site\/#organization\",\"name\":\"Par\u00f3quia S\u00e3o Miguel Arcanjo\",\"url\":\"https:\/\/www.oarcanjo.net\/site\/\",\"logo\":{\"@type\":\"ImageObject\",\"inLanguage\":\"pt-BR\",\"@id\":\"https:\/\/www.oarcanjo.net\/site\/#\/schema\/logo\/image\/\",\"url\":\"https:\/\/www.oarcanjo.net\/site\/wp-content\/uploads\/LogoOArcanjo.png\",\"contentUrl\":\"https:\/\/www.oarcanjo.net\/site\/wp-content\/uploads\/LogoOArcanjo.png\",\"width\":319,\"height\":99,\"caption\":\"Par\u00f3quia S\u00e3o Miguel Arcanjo\"},\"image\":{\"@id\":\"https:\/\/www.oarcanjo.net\/site\/#\/schema\/logo\/image\/\"},\"sameAs\":[\"https:\/\/www.facebook.com\/OArcanjoNoAr\/\"]},{\"@type\":\"Person\",\"@id\":\"https:\/\/www.oarcanjo.net\/site\/#\/schema\/person\/5eb9480bedd2f3c97e430ce128c29c6c\",\"name\":\"danilo\"}]}<\/script>\n<!-- \/ Yoast SEO plugin. -->","yoast_head_json":{"title":"Bem Aventurado Francisco Xavier Seelos - O Arcanjo no ar","robots":{"index":"index","follow":"follow","max-snippet":"max-snippet:-1","max-image-preview":"max-image-preview:large","max-video-preview":"max-video-preview:-1"},"canonical":"https:\/\/www.oarcanjo.net\/site\/bem-aventurado-francisco-xavier-seelos\/","og_locale":"pt_BR","og_type":"article","og_title":"Bem Aventurado Francisco Xavier Seelos - O Arcanjo no ar","og_description":"05 de Outubro Francisco Xavier Seelos nasceu no dia 11 de janeiro de 1819, em F\u00fcssen, na regi\u00e3o da Baviera, Alemanha. Era um entre os onze filhos do casal Magno e Francisca, e teve na fam\u00edlia o grande incentivo para sua vida de consagra\u00e7\u00e3o a Deus. Seu pai, um simples comerciante de tecidos, a partir [&hellip;]","og_url":"https:\/\/www.oarcanjo.net\/site\/bem-aventurado-francisco-xavier-seelos\/","og_site_name":"O Arcanjo no ar","article_publisher":"https:\/\/www.facebook.com\/OArcanjoNoAr\/","article_published_time":"2017-10-05T03:56:48+00:00","article_modified_time":"2017-07-31T19:09:48+00:00","og_image":[{"url":"http:\/\/www.oarcanjo.net\/site\/wp-content\/uploads\/Francisco-Xavier-Sellos.jpg"}],"author":"danilo","twitter_card":"summary_large_image","twitter_misc":{"Escrito por":"danilo","Est. tempo de leitura":"2 minutos"},"schema":{"@context":"https:\/\/schema.org","@graph":[{"@type":"Article","@id":"https:\/\/www.oarcanjo.net\/site\/bem-aventurado-francisco-xavier-seelos\/#article","isPartOf":{"@id":"https:\/\/www.oarcanjo.net\/site\/bem-aventurado-francisco-xavier-seelos\/"},"author":{"name":"danilo","@id":"https:\/\/www.oarcanjo.net\/site\/#\/schema\/person\/5eb9480bedd2f3c97e430ce128c29c6c"},"headline":"Bem Aventurado Francisco Xavier Seelos","datePublished":"2017-10-05T03:56:48+00:00","dateModified":"2017-07-31T19:09:48+00:00","mainEntityOfPage":{"@id":"https:\/\/www.oarcanjo.net\/site\/bem-aventurado-francisco-xavier-seelos\/"},"wordCount":446,"commentCount":0,"publisher":{"@id":"https:\/\/www.oarcanjo.net\/site\/#organization"},"image":{"@id":"https:\/\/www.oarcanjo.net\/site\/bem-aventurado-francisco-xavier-seelos\/#primaryimage"},"thumbnailUrl":"http:\/\/www.oarcanjo.net\/site\/wp-content\/uploads\/Francisco-Xavier-Sellos.jpg","articleSection":["Testemunhos"],"inLanguage":"pt-BR","potentialAction":[{"@type":"CommentAction","name":"Comment","target":["https:\/\/www.oarcanjo.net\/site\/bem-aventurado-francisco-xavier-seelos\/#respond"]}]},{"@type":"WebPage","@id":"https:\/\/www.oarcanjo.net\/site\/bem-aventurado-francisco-xavier-seelos\/","url":"https:\/\/www.oarcanjo.net\/site\/bem-aventurado-francisco-xavier-seelos\/","name":"Bem Aventurado Francisco Xavier Seelos - O Arcanjo no ar","isPartOf":{"@id":"https:\/\/www.oarcanjo.net\/site\/#website"},"primaryImageOfPage":{"@id":"https:\/\/www.oarcanjo.net\/site\/bem-aventurado-francisco-xavier-seelos\/#primaryimage"},"image":{"@id":"https:\/\/www.oarcanjo.net\/site\/bem-aventurado-francisco-xavier-seelos\/#primaryimage"},"thumbnailUrl":"http:\/\/www.oarcanjo.net\/site\/wp-content\/uploads\/Francisco-Xavier-Sellos.jpg","datePublished":"2017-10-05T03:56:48+00:00","dateModified":"2017-07-31T19:09:48+00:00","breadcrumb":{"@id":"https:\/\/www.oarcanjo.net\/site\/bem-aventurado-francisco-xavier-seelos\/#breadcrumb"},"inLanguage":"pt-BR","potentialAction":[{"@type":"ReadAction","target":["https:\/\/www.oarcanjo.net\/site\/bem-aventurado-francisco-xavier-seelos\/"]}]},{"@type":"ImageObject","inLanguage":"pt-BR","@id":"https:\/\/www.oarcanjo.net\/site\/bem-aventurado-francisco-xavier-seelos\/#primaryimage","url":"https:\/\/www.oarcanjo.net\/site\/wp-content\/uploads\/Francisco-Xavier-Sellos.jpg","contentUrl":"https:\/\/www.oarcanjo.net\/site\/wp-content\/uploads\/Francisco-Xavier-Sellos.jpg","width":227,"height":309,"caption":"Bem Aventurado Francisco Xavier Seelos"},{"@type":"BreadcrumbList","@id":"https:\/\/www.oarcanjo.net\/site\/bem-aventurado-francisco-xavier-seelos\/#breadcrumb","itemListElement":[{"@type":"ListItem","position":1,"name":"In\u00edcio","item":"https:\/\/www.oarcanjo.net\/site\/"},{"@type":"ListItem","position":2,"name":"Bem Aventurado Francisco Xavier Seelos"}]},{"@type":"WebSite","@id":"https:\/\/www.oarcanjo.net\/site\/#website","url":"https:\/\/www.oarcanjo.net\/site\/","name":"O Arcanjo no ar","description":"Site da Par\u00f3quia S\u00e3o Miguel Arcanjo (Arquidiocese de SP)","publisher":{"@id":"https:\/\/www.oarcanjo.net\/site\/#organization"},"potentialAction":[{"@type":"SearchAction","target":{"@type":"EntryPoint","urlTemplate":"https:\/\/www.oarcanjo.net\/site\/?s={search_term_string}"},"query-input":{"@type":"PropertyValueSpecification","valueRequired":true,"valueName":"search_term_string"}}],"inLanguage":"pt-BR"},{"@type":"Organization","@id":"https:\/\/www.oarcanjo.net\/site\/#organization","name":"Par\u00f3quia S\u00e3o Miguel Arcanjo","url":"https:\/\/www.oarcanjo.net\/site\/","logo":{"@type":"ImageObject","inLanguage":"pt-BR","@id":"https:\/\/www.oarcanjo.net\/site\/#\/schema\/logo\/image\/","url":"https:\/\/www.oarcanjo.net\/site\/wp-content\/uploads\/LogoOArcanjo.png","contentUrl":"https:\/\/www.oarcanjo.net\/site\/wp-content\/uploads\/LogoOArcanjo.png","width":319,"height":99,"caption":"Par\u00f3quia S\u00e3o Miguel Arcanjo"},"image":{"@id":"https:\/\/www.oarcanjo.net\/site\/#\/schema\/logo\/image\/"},"sameAs":["https:\/\/www.facebook.com\/OArcanjoNoAr\/"]},{"@type":"Person","@id":"https:\/\/www.oarcanjo.net\/site\/#\/schema\/person\/5eb9480bedd2f3c97e430ce128c29c6c","name":"danilo"}]}},"publishpress_future_action":{"enabled":false,"date":"2026-05-08 22:30:15","action":"category","newStatus":"draft","terms":[],"taxonomy":"category"},"publishpress_future_workflow_manual_trigger":{"enabledWorkflows":[]},"_links":{"self":[{"href":"https:\/\/www.oarcanjo.net\/site\/wp-json\/wp\/v2\/posts\/11125"}],"collection":[{"href":"https:\/\/www.oarcanjo.net\/site\/wp-json\/wp\/v2\/posts"}],"about":[{"href":"https:\/\/www.oarcanjo.net\/site\/wp-json\/wp\/v2\/types\/post"}],"author":[{"embeddable":true,"href":"https:\/\/www.oarcanjo.net\/site\/wp-json\/wp\/v2\/users\/14"}],"replies":[{"embeddable":true,"href":"https:\/\/www.oarcanjo.net\/site\/wp-json\/wp\/v2\/comments?post=11125"}],"version-history":[{"count":0,"href":"https:\/\/www.oarcanjo.net\/site\/wp-json\/wp\/v2\/posts\/11125\/revisions"}],"wp:attachment":[{"href":"https:\/\/www.oarcanjo.net\/site\/wp-json\/wp\/v2\/media?parent=11125"}],"wp:term":[{"taxonomy":"category","embeddable":true,"href":"https:\/\/www.oarcanjo.net\/site\/wp-json\/wp\/v2\/categories?post=11125"},{"taxonomy":"post_tag","embeddable":true,"href":"https:\/\/www.oarcanjo.net\/site\/wp-json\/wp\/v2\/tags?post=11125"}],"curies":[{"name":"wp","href":"https:\/\/api.w.org\/{rel}","templated":true}]}}