
{"id":11127,"date":"2017-10-05T00:58:12","date_gmt":"2017-10-05T03:58:12","guid":{"rendered":"http:\/\/www.oarcanjo.net\/site\/?p=11127"},"modified":"2017-07-31T16:09:53","modified_gmt":"2017-07-31T19:09:53","slug":"santa-maria-faustina-kowalski","status":"publish","type":"post","link":"https:\/\/www.oarcanjo.net\/site\/santa-maria-faustina-kowalski\/","title":{"rendered":"Santa Maria Faustina Kowalski"},"content":{"rendered":"<p><img decoding=\"async\" src=\"http:\/\/www.sacralidade.com\/imagens\/imagens_0154\/mariafaustina.jpg\" alt=\"\" \/><\/p>\n<p>5 de Outubro<\/p>\n<p>N\u00e3o podemos dizer que exista alguma novidade numa irm\u00e3 que fale sobre a Miseric\u00f3rdia Divina e do nosso dever de ser misericordioso. Assim como sabemos que, sob a ins\u00edgnia da Miseric\u00f3rdia, nasceram muitas comunidades e institui\u00e7\u00f5es crist\u00e3s, ao longo de todos os tempos. O diferencial de santa Faustina foi ter dado vida, sob essa ins\u00edgnia, a um grande movimento espiritual, justamente quando a humanidade mais carecia de miseric\u00f3rdia: entre as duas guerras mundiais.<\/p>\n<p>Nascida na aldeia Glogowiec, na Pol\u00f4nia central, no dia 25 de agosto de 1905, em uma numerosa fam\u00edlia camponesa de s\u00f3lida forma\u00e7\u00e3o crist\u00e3, foi batizada com o nome de Helena, terceira dos dez filhos de Mariana e Estanislau Kowalski. Desde a inf\u00e2ncia, sentiu a aspira\u00e7\u00e3o \u00e0 vida consagrada, mas teve de esperar diversos anos antes de poder seguir a sua voca\u00e7\u00e3o. Mas desde aquela \u00e9poca s\u00f3 fez percorrer a via da santidade.<\/p>\n<p>Aos dezesseis, anos deixou a casa paterna e come\u00e7ou a trabalhar como dom\u00e9stica, na cidade de Vars\u00f3via, da Pol\u00f4nia independente. L\u00e1, maturou na ora\u00e7\u00e3o a sua verdadeira voca\u00e7\u00e3o de religiosa. Assim, em 1925, ingressou na Congrega\u00e7\u00e3o das Irm\u00e3s da Bem-Aventurada Virgem Maria da Miseric\u00f3rdia, adotando o nome de Maria Faustina. O carisma desse Instituto est\u00e1 voltado para a educa\u00e7\u00e3o das jovens e para a assist\u00eancia das mulheres necessitadas de renova\u00e7\u00e3o espiritual. Ap\u00f3s concluir o noviciado e emitir os votos perp\u00e9tuos, percorreu diversas casas, exercendo as mais diversas fun\u00e7\u00f5es, como cozinheira, jardineira e porteira. Teve uma vida espiritual muito rica de generosidade, de amor e de carismas, que escondeu na humildade do seu cotidiano.<\/p>\n<p>Irm\u00e3 Faustina, como era chamada, ofereceu-se a Deus pelos pecadores, sobretudo por aqueles que tinham perdido a esperan\u00e7a na Miseric\u00f3rdia Divina. Nutriu uma fervorosa devo\u00e7\u00e3o \u00e0 eucaristia e \u00e0 Virgem Maria, e amou intensamente a Igreja. Com freq\u00fc\u00eancia, era acometida por vis\u00f5es e revela\u00e7\u00f5es, at\u00e9 que seu confessor e diretor espiritual lhe sugeriu anotar tudo. Assim, em 1934 ela come\u00e7ou a escrever um di\u00e1rio, intitulado &#8220;A Divina Miseric\u00f3rdia em minh&#8217;alma&#8221;, mais tarde traduzido e publicado em v\u00e1rios pa\u00edses.<\/p>\n<p>Em seu di\u00e1rio, irm\u00e3 Faustina escreveu que \u00e0 perfei\u00e7\u00e3o chegamos atrav\u00e9s da uni\u00e3o \u00edntima da alma com Deus, e n\u00e3o por meio de gra\u00e7as, revela\u00e7\u00f5es ou \u00eaxtases. Ela se manteve sempre t\u00e3o humilde que n\u00e3o acreditava, na sua pr\u00f3pria experi\u00eancia m\u00edstica, um sinal de santidade. Expressou todo o seu amor ao Senhor por meio de uma f\u00f3rmula muito simples, que fez quest\u00e3o de propagar entre os fi\u00e9is: &#8220;Jesus, confio em v\u00f3s&#8221;.<\/p>\n<p>Consumida pela tuberculose, ela morreu no dia 5 de outubro de 1938, com apenas trinta e tr\u00eas anos de idade, na cidade de Crac\u00f3via, Pol\u00f4nia. Beatificada em 1993, foi proclamada santa Maria Faustina Kowalski pelo papa Jo\u00e3o Paulo II em 2000. As suas rel\u00edquias s\u00e3o veneradas no Santu\u00e1rio da Divina Miseric\u00f3rdia, de Crac\u00f3via.<\/p>\n<div id=\"themify_builder_content-11127\" data-postid=\"11127\" class=\"themify_builder_content themify_builder_content-11127 themify_builder themify_builder_front\">\n\t<\/div>\n<!-- \/themify_builder_content -->","protected":false},"excerpt":{"rendered":"<p>5 de Outubro N\u00e3o podemos dizer que exista alguma novidade numa irm\u00e3 que fale sobre a Miseric\u00f3rdia Divina e do nosso dever de ser misericordioso. Assim como sabemos que, sob a ins\u00edgnia da Miseric\u00f3rdia, nasceram muitas comunidades e institui\u00e7\u00f5es crist\u00e3s, ao longo de todos os tempos. O diferencial de santa Faustina foi ter dado vida, [&hellip;]<\/p>\n","protected":false},"author":14,"featured_media":0,"comment_status":"open","ping_status":"open","sticky":false,"template":"","format":"standard","meta":{"ngg_post_thumbnail":0,"footnotes":""},"categories":[186],"tags":[],"yoast_head":"<!-- This site is optimized with the Yoast SEO plugin v23.5 - https:\/\/yoast.com\/wordpress\/plugins\/seo\/ -->\n<title>Santa Maria Faustina Kowalski - O Arcanjo no ar<\/title>\n<meta name=\"robots\" content=\"index, follow, max-snippet:-1, max-image-preview:large, max-video-preview:-1\" \/>\n<link rel=\"canonical\" href=\"https:\/\/www.oarcanjo.net\/site\/santa-maria-faustina-kowalski\/\" \/>\n<meta property=\"og:locale\" content=\"pt_BR\" \/>\n<meta property=\"og:type\" content=\"article\" \/>\n<meta property=\"og:title\" content=\"Santa Maria Faustina Kowalski - O Arcanjo no ar\" \/>\n<meta property=\"og:description\" content=\"5 de Outubro N\u00e3o podemos dizer que exista alguma novidade numa irm\u00e3 que fale sobre a Miseric\u00f3rdia Divina e do nosso dever de ser misericordioso. Assim como sabemos que, sob a ins\u00edgnia da Miseric\u00f3rdia, nasceram muitas comunidades e institui\u00e7\u00f5es crist\u00e3s, ao longo de todos os tempos. O diferencial de santa Faustina foi ter dado vida, [&hellip;]\" \/>\n<meta property=\"og:url\" content=\"https:\/\/www.oarcanjo.net\/site\/santa-maria-faustina-kowalski\/\" \/>\n<meta property=\"og:site_name\" content=\"O Arcanjo no ar\" \/>\n<meta property=\"article:publisher\" content=\"https:\/\/www.facebook.com\/OArcanjoNoAr\/\" \/>\n<meta property=\"article:published_time\" content=\"2017-10-05T03:58:12+00:00\" \/>\n<meta property=\"article:modified_time\" content=\"2017-07-31T19:09:53+00:00\" \/>\n<meta property=\"og:image\" content=\"http:\/\/www.sacralidade.com\/imagens\/imagens_0154\/mariafaustina.jpg\" \/>\n<meta name=\"author\" content=\"danilo\" \/>\n<meta name=\"twitter:card\" content=\"summary_large_image\" \/>\n<meta name=\"twitter:label1\" content=\"Escrito por\" \/>\n\t<meta name=\"twitter:data1\" content=\"danilo\" \/>\n\t<meta name=\"twitter:label2\" content=\"Est. tempo de leitura\" \/>\n\t<meta name=\"twitter:data2\" content=\"3 minutos\" \/>\n<script type=\"application\/ld+json\" class=\"yoast-schema-graph\">{\"@context\":\"https:\/\/schema.org\",\"@graph\":[{\"@type\":\"Article\",\"@id\":\"https:\/\/www.oarcanjo.net\/site\/santa-maria-faustina-kowalski\/#article\",\"isPartOf\":{\"@id\":\"https:\/\/www.oarcanjo.net\/site\/santa-maria-faustina-kowalski\/\"},\"author\":{\"name\":\"danilo\",\"@id\":\"https:\/\/www.oarcanjo.net\/site\/#\/schema\/person\/5eb9480bedd2f3c97e430ce128c29c6c\"},\"headline\":\"Santa Maria Faustina Kowalski\",\"datePublished\":\"2017-10-05T03:58:12+00:00\",\"dateModified\":\"2017-07-31T19:09:53+00:00\",\"mainEntityOfPage\":{\"@id\":\"https:\/\/www.oarcanjo.net\/site\/santa-maria-faustina-kowalski\/\"},\"wordCount\":520,\"commentCount\":0,\"publisher\":{\"@id\":\"https:\/\/www.oarcanjo.net\/site\/#organization\"},\"image\":{\"@id\":\"https:\/\/www.oarcanjo.net\/site\/santa-maria-faustina-kowalski\/#primaryimage\"},\"thumbnailUrl\":\"http:\/\/www.sacralidade.com\/imagens\/imagens_0154\/mariafaustina.jpg\",\"articleSection\":[\"Testemunhos\"],\"inLanguage\":\"pt-BR\",\"potentialAction\":[{\"@type\":\"CommentAction\",\"name\":\"Comment\",\"target\":[\"https:\/\/www.oarcanjo.net\/site\/santa-maria-faustina-kowalski\/#respond\"]}]},{\"@type\":\"WebPage\",\"@id\":\"https:\/\/www.oarcanjo.net\/site\/santa-maria-faustina-kowalski\/\",\"url\":\"https:\/\/www.oarcanjo.net\/site\/santa-maria-faustina-kowalski\/\",\"name\":\"Santa Maria Faustina Kowalski - O Arcanjo no ar\",\"isPartOf\":{\"@id\":\"https:\/\/www.oarcanjo.net\/site\/#website\"},\"primaryImageOfPage\":{\"@id\":\"https:\/\/www.oarcanjo.net\/site\/santa-maria-faustina-kowalski\/#primaryimage\"},\"image\":{\"@id\":\"https:\/\/www.oarcanjo.net\/site\/santa-maria-faustina-kowalski\/#primaryimage\"},\"thumbnailUrl\":\"http:\/\/www.sacralidade.com\/imagens\/imagens_0154\/mariafaustina.jpg\",\"datePublished\":\"2017-10-05T03:58:12+00:00\",\"dateModified\":\"2017-07-31T19:09:53+00:00\",\"breadcrumb\":{\"@id\":\"https:\/\/www.oarcanjo.net\/site\/santa-maria-faustina-kowalski\/#breadcrumb\"},\"inLanguage\":\"pt-BR\",\"potentialAction\":[{\"@type\":\"ReadAction\",\"target\":[\"https:\/\/www.oarcanjo.net\/site\/santa-maria-faustina-kowalski\/\"]}]},{\"@type\":\"ImageObject\",\"inLanguage\":\"pt-BR\",\"@id\":\"https:\/\/www.oarcanjo.net\/site\/santa-maria-faustina-kowalski\/#primaryimage\",\"url\":\"http:\/\/www.sacralidade.com\/imagens\/imagens_0154\/mariafaustina.jpg\",\"contentUrl\":\"http:\/\/www.sacralidade.com\/imagens\/imagens_0154\/mariafaustina.jpg\"},{\"@type\":\"BreadcrumbList\",\"@id\":\"https:\/\/www.oarcanjo.net\/site\/santa-maria-faustina-kowalski\/#breadcrumb\",\"itemListElement\":[{\"@type\":\"ListItem\",\"position\":1,\"name\":\"In\u00edcio\",\"item\":\"https:\/\/www.oarcanjo.net\/site\/\"},{\"@type\":\"ListItem\",\"position\":2,\"name\":\"Santa Maria Faustina Kowalski\"}]},{\"@type\":\"WebSite\",\"@id\":\"https:\/\/www.oarcanjo.net\/site\/#website\",\"url\":\"https:\/\/www.oarcanjo.net\/site\/\",\"name\":\"O Arcanjo no ar\",\"description\":\"Site da Par\u00f3quia S\u00e3o Miguel Arcanjo (Arquidiocese de SP)\",\"publisher\":{\"@id\":\"https:\/\/www.oarcanjo.net\/site\/#organization\"},\"potentialAction\":[{\"@type\":\"SearchAction\",\"target\":{\"@type\":\"EntryPoint\",\"urlTemplate\":\"https:\/\/www.oarcanjo.net\/site\/?s={search_term_string}\"},\"query-input\":{\"@type\":\"PropertyValueSpecification\",\"valueRequired\":true,\"valueName\":\"search_term_string\"}}],\"inLanguage\":\"pt-BR\"},{\"@type\":\"Organization\",\"@id\":\"https:\/\/www.oarcanjo.net\/site\/#organization\",\"name\":\"Par\u00f3quia S\u00e3o Miguel Arcanjo\",\"url\":\"https:\/\/www.oarcanjo.net\/site\/\",\"logo\":{\"@type\":\"ImageObject\",\"inLanguage\":\"pt-BR\",\"@id\":\"https:\/\/www.oarcanjo.net\/site\/#\/schema\/logo\/image\/\",\"url\":\"https:\/\/www.oarcanjo.net\/site\/wp-content\/uploads\/LogoOArcanjo.png\",\"contentUrl\":\"https:\/\/www.oarcanjo.net\/site\/wp-content\/uploads\/LogoOArcanjo.png\",\"width\":319,\"height\":99,\"caption\":\"Par\u00f3quia S\u00e3o Miguel Arcanjo\"},\"image\":{\"@id\":\"https:\/\/www.oarcanjo.net\/site\/#\/schema\/logo\/image\/\"},\"sameAs\":[\"https:\/\/www.facebook.com\/OArcanjoNoAr\/\"]},{\"@type\":\"Person\",\"@id\":\"https:\/\/www.oarcanjo.net\/site\/#\/schema\/person\/5eb9480bedd2f3c97e430ce128c29c6c\",\"name\":\"danilo\"}]}<\/script>\n<!-- \/ Yoast SEO plugin. -->","yoast_head_json":{"title":"Santa Maria Faustina Kowalski - O Arcanjo no ar","robots":{"index":"index","follow":"follow","max-snippet":"max-snippet:-1","max-image-preview":"max-image-preview:large","max-video-preview":"max-video-preview:-1"},"canonical":"https:\/\/www.oarcanjo.net\/site\/santa-maria-faustina-kowalski\/","og_locale":"pt_BR","og_type":"article","og_title":"Santa Maria Faustina Kowalski - O Arcanjo no ar","og_description":"5 de Outubro N\u00e3o podemos dizer que exista alguma novidade numa irm\u00e3 que fale sobre a Miseric\u00f3rdia Divina e do nosso dever de ser misericordioso. Assim como sabemos que, sob a ins\u00edgnia da Miseric\u00f3rdia, nasceram muitas comunidades e institui\u00e7\u00f5es crist\u00e3s, ao longo de todos os tempos. O diferencial de santa Faustina foi ter dado vida, [&hellip;]","og_url":"https:\/\/www.oarcanjo.net\/site\/santa-maria-faustina-kowalski\/","og_site_name":"O Arcanjo no ar","article_publisher":"https:\/\/www.facebook.com\/OArcanjoNoAr\/","article_published_time":"2017-10-05T03:58:12+00:00","article_modified_time":"2017-07-31T19:09:53+00:00","og_image":[{"url":"http:\/\/www.sacralidade.com\/imagens\/imagens_0154\/mariafaustina.jpg"}],"author":"danilo","twitter_card":"summary_large_image","twitter_misc":{"Escrito por":"danilo","Est. tempo de leitura":"3 minutos"},"schema":{"@context":"https:\/\/schema.org","@graph":[{"@type":"Article","@id":"https:\/\/www.oarcanjo.net\/site\/santa-maria-faustina-kowalski\/#article","isPartOf":{"@id":"https:\/\/www.oarcanjo.net\/site\/santa-maria-faustina-kowalski\/"},"author":{"name":"danilo","@id":"https:\/\/www.oarcanjo.net\/site\/#\/schema\/person\/5eb9480bedd2f3c97e430ce128c29c6c"},"headline":"Santa Maria Faustina Kowalski","datePublished":"2017-10-05T03:58:12+00:00","dateModified":"2017-07-31T19:09:53+00:00","mainEntityOfPage":{"@id":"https:\/\/www.oarcanjo.net\/site\/santa-maria-faustina-kowalski\/"},"wordCount":520,"commentCount":0,"publisher":{"@id":"https:\/\/www.oarcanjo.net\/site\/#organization"},"image":{"@id":"https:\/\/www.oarcanjo.net\/site\/santa-maria-faustina-kowalski\/#primaryimage"},"thumbnailUrl":"http:\/\/www.sacralidade.com\/imagens\/imagens_0154\/mariafaustina.jpg","articleSection":["Testemunhos"],"inLanguage":"pt-BR","potentialAction":[{"@type":"CommentAction","name":"Comment","target":["https:\/\/www.oarcanjo.net\/site\/santa-maria-faustina-kowalski\/#respond"]}]},{"@type":"WebPage","@id":"https:\/\/www.oarcanjo.net\/site\/santa-maria-faustina-kowalski\/","url":"https:\/\/www.oarcanjo.net\/site\/santa-maria-faustina-kowalski\/","name":"Santa Maria Faustina Kowalski - O Arcanjo no ar","isPartOf":{"@id":"https:\/\/www.oarcanjo.net\/site\/#website"},"primaryImageOfPage":{"@id":"https:\/\/www.oarcanjo.net\/site\/santa-maria-faustina-kowalski\/#primaryimage"},"image":{"@id":"https:\/\/www.oarcanjo.net\/site\/santa-maria-faustina-kowalski\/#primaryimage"},"thumbnailUrl":"http:\/\/www.sacralidade.com\/imagens\/imagens_0154\/mariafaustina.jpg","datePublished":"2017-10-05T03:58:12+00:00","dateModified":"2017-07-31T19:09:53+00:00","breadcrumb":{"@id":"https:\/\/www.oarcanjo.net\/site\/santa-maria-faustina-kowalski\/#breadcrumb"},"inLanguage":"pt-BR","potentialAction":[{"@type":"ReadAction","target":["https:\/\/www.oarcanjo.net\/site\/santa-maria-faustina-kowalski\/"]}]},{"@type":"ImageObject","inLanguage":"pt-BR","@id":"https:\/\/www.oarcanjo.net\/site\/santa-maria-faustina-kowalski\/#primaryimage","url":"http:\/\/www.sacralidade.com\/imagens\/imagens_0154\/mariafaustina.jpg","contentUrl":"http:\/\/www.sacralidade.com\/imagens\/imagens_0154\/mariafaustina.jpg"},{"@type":"BreadcrumbList","@id":"https:\/\/www.oarcanjo.net\/site\/santa-maria-faustina-kowalski\/#breadcrumb","itemListElement":[{"@type":"ListItem","position":1,"name":"In\u00edcio","item":"https:\/\/www.oarcanjo.net\/site\/"},{"@type":"ListItem","position":2,"name":"Santa Maria Faustina Kowalski"}]},{"@type":"WebSite","@id":"https:\/\/www.oarcanjo.net\/site\/#website","url":"https:\/\/www.oarcanjo.net\/site\/","name":"O Arcanjo no ar","description":"Site da Par\u00f3quia S\u00e3o Miguel Arcanjo (Arquidiocese de SP)","publisher":{"@id":"https:\/\/www.oarcanjo.net\/site\/#organization"},"potentialAction":[{"@type":"SearchAction","target":{"@type":"EntryPoint","urlTemplate":"https:\/\/www.oarcanjo.net\/site\/?s={search_term_string}"},"query-input":{"@type":"PropertyValueSpecification","valueRequired":true,"valueName":"search_term_string"}}],"inLanguage":"pt-BR"},{"@type":"Organization","@id":"https:\/\/www.oarcanjo.net\/site\/#organization","name":"Par\u00f3quia S\u00e3o Miguel Arcanjo","url":"https:\/\/www.oarcanjo.net\/site\/","logo":{"@type":"ImageObject","inLanguage":"pt-BR","@id":"https:\/\/www.oarcanjo.net\/site\/#\/schema\/logo\/image\/","url":"https:\/\/www.oarcanjo.net\/site\/wp-content\/uploads\/LogoOArcanjo.png","contentUrl":"https:\/\/www.oarcanjo.net\/site\/wp-content\/uploads\/LogoOArcanjo.png","width":319,"height":99,"caption":"Par\u00f3quia S\u00e3o Miguel Arcanjo"},"image":{"@id":"https:\/\/www.oarcanjo.net\/site\/#\/schema\/logo\/image\/"},"sameAs":["https:\/\/www.facebook.com\/OArcanjoNoAr\/"]},{"@type":"Person","@id":"https:\/\/www.oarcanjo.net\/site\/#\/schema\/person\/5eb9480bedd2f3c97e430ce128c29c6c","name":"danilo"}]}},"publishpress_future_action":{"enabled":false,"date":"2026-05-08 22:30:16","action":"category","newStatus":"draft","terms":[],"taxonomy":"category"},"publishpress_future_workflow_manual_trigger":{"enabledWorkflows":[]},"_links":{"self":[{"href":"https:\/\/www.oarcanjo.net\/site\/wp-json\/wp\/v2\/posts\/11127"}],"collection":[{"href":"https:\/\/www.oarcanjo.net\/site\/wp-json\/wp\/v2\/posts"}],"about":[{"href":"https:\/\/www.oarcanjo.net\/site\/wp-json\/wp\/v2\/types\/post"}],"author":[{"embeddable":true,"href":"https:\/\/www.oarcanjo.net\/site\/wp-json\/wp\/v2\/users\/14"}],"replies":[{"embeddable":true,"href":"https:\/\/www.oarcanjo.net\/site\/wp-json\/wp\/v2\/comments?post=11127"}],"version-history":[{"count":0,"href":"https:\/\/www.oarcanjo.net\/site\/wp-json\/wp\/v2\/posts\/11127\/revisions"}],"wp:attachment":[{"href":"https:\/\/www.oarcanjo.net\/site\/wp-json\/wp\/v2\/media?parent=11127"}],"wp:term":[{"taxonomy":"category","embeddable":true,"href":"https:\/\/www.oarcanjo.net\/site\/wp-json\/wp\/v2\/categories?post=11127"},{"taxonomy":"post_tag","embeddable":true,"href":"https:\/\/www.oarcanjo.net\/site\/wp-json\/wp\/v2\/tags?post=11127"}],"curies":[{"name":"wp","href":"https:\/\/api.w.org\/{rel}","templated":true}]}}