
{"id":11128,"date":"2010-10-01T17:10:20","date_gmt":"2010-10-01T20:10:20","guid":{"rendered":"http:\/\/www.oarcanjo.net\/site\/?p=11128"},"modified":"2010-10-01T17:10:20","modified_gmt":"2010-10-01T20:10:20","slug":"o-bispo-o-voto-e-o-autoritarismo-que-nasce-da-verdade","status":"publish","type":"post","link":"https:\/\/www.oarcanjo.net\/site\/o-bispo-o-voto-e-o-autoritarismo-que-nasce-da-verdade\/","title":{"rendered":"O bispo, o voto e o autoritarismo que nasce da verdade"},"content":{"rendered":"<p>Jung Mo Sung<\/p>\n<p>O jornal &#8220;O Estado de S\u00e3o Paulo&#8221; traz no dia de hoje (01\/10\/2010) uma entrevista com o bispo cat\u00f3lico da diocese de Guarulhos, D. Luiz Gonzaga Bergonzini. Nesta entrevista o bispo reafirma a sua &#8220;recomenda\u00e7\u00e3o&#8221;, dada no m\u00eas de julho, aos os fi\u00e9is cat\u00f3licos da sua diocese de que n\u00e3o devem votar na Dilma porque ela seria a favor do aborto.<\/p>\n<p>Eu n\u00e3o quero entrar em discuss\u00e3o aqui se ela \u00e9 ou n\u00e3o favor\u00e1vel a aborto &#8211; ela afirmou recentemente em uma reuni\u00e3o com lideran\u00e7as das igrejas evang\u00e9licas e cat\u00f3lica que ela pessoalmente \u00e9 contra -, e nem se isso \u00e9 motivo para esse tipo de pronunciamento pol\u00edtico-pastoral. Mas quero propor algumas reflex\u00f5es sobre esta l\u00f3gica de &#8220;recomendar&#8221; ou mostrar o dever de votar ou n\u00e3o votar em determinado candidato ou partido em nome de um valor moral da religi\u00e3o. Pr\u00e1tica essa que n\u00e3o \u00e9 exclusiva dos setores ditos mais conservadores das igrejas crist\u00e3s. H\u00e1 muita gente, nos mais diversos setores do cristianismo e de outras religi\u00f5es (dos conservadores aos &#8220;progressistas&#8221; e ecoteol\u00f3gicos) que utilizam argumentos ou valores do campo religioso, m\u00edstico ou espiritual para justificar diretamente as suas op\u00e7\u00f5es pol\u00edticas e t\u00e9cnicas.<\/p>\n<p>Eu quero crer que D. Bergonzini, e tamb\u00e9m outros que seguem esse tipo de pr\u00e1tica, assume essa posi\u00e7\u00e3o por uma consci\u00eancia de dever apost\u00f3lico ou pastoral. Eu penso que essas pessoas n\u00e3o s\u00e3o movidas por algum tipo de maquiavelismo que utiliza a religi\u00e3o para expressar ou defender algum tipo de preconceito ou ades\u00e3o a um grupo pol\u00edtico. Pelo menos conscientemente. A quest\u00e3o ent\u00e3o \u00e9: o que os leva a esse tipo de atitude?<\/p>\n<p>H\u00e1 na entrevista do bispo uma afirma\u00e7\u00e3o que pode nos dar uma pista. Ele diz: &#8220;minha inten\u00e7\u00e3o n\u00e3o era me dirigir a todos os brasileiros, mas ao povo de Guarulhos, uma diocese que tem cerca de 1,3 milh\u00e3o de habitantes e mais de 400 mil eleitores&#8221;.<\/p>\n<p>Ele, como muitos bispos, padres e agentes de pastoral da Igreja Cat\u00f3lica, identifica dois sistemas de divis\u00e3o territorial: a diocese e o munic\u00edpio. Ele trata todos os habitantes da cidade de Guarulhos e de outras em torno deste como se fossem &#8220;habitantes&#8221; da sua diocese. O problema \u00e9 que a diocese pode estar usando a divis\u00e3o territorial dos munic\u00edpios do Estado brasileiro para a sua delimita\u00e7\u00e3o geogr\u00e1fica, mas isso n\u00e3o significa que os habitantes dessas cidades sejam tamb\u00e9m &#8220;habitantes&#8221;, ou melhor, membros da diocese.<\/p>\n<p>Este equ\u00edvoco vem do tempo da cristandade, quando a divis\u00e3o geogr\u00e1fica do &#8220;Estado&#8221; ou do &#8220;reino&#8221; se identificava com a da Igreja cat\u00f3lica e n\u00e3o havia problema no funcionamento dos dois. Mas os tempos mudaram e agora os habitantes das cidades n\u00e3o s\u00e3o mais &#8220;habitantes&#8221; da diocese, pois a diocese n\u00e3o tem mais habitantes, mas sim membros ou fi\u00e9is. Em um mesmo territ\u00f3rio geogr\u00e1fico existem duas l\u00f3gicas institucionais, dois tipos de &#8220;legisla\u00e7\u00e3o&#8221; e dois &#8220;esp\u00edritos de perten\u00e7a&#8221; distintos. No Estado, um indiv\u00edduo \u00e9 cidad\u00e3o; na Igreja, fiel. E com certeza a diocese de Guarulhos n\u00e3o tem 1,3 milh\u00f5es de fi\u00e9is cat\u00f3licos. E nem todos cat\u00f3licos se sentem ou se sabem pertencentes \u00e0 diocese.<\/p>\n<p>Isso nos leva a outra quest\u00e3o: na cidade de Guarulhos e adjac\u00eancias h\u00e1 muito mais igrejas crist\u00e3s do que a Cat\u00f3lica e tamb\u00e9m outras religi\u00f5es que n\u00e3o sejam a crist\u00e3, sem falar nos n\u00e3o-religiosos e os ateus convictos.<\/p>\n<p>Talvez a n\u00e3o percep\u00e7\u00e3o das diferen\u00e7as entre o \u00e2mbito do Estado (onde se discute e atua politicamente), o \u00e2mbito da cultura (onde encontramos a diversidade cultural, religiosa e de valores morais) e o \u00e2mbito eclesi\u00e1stico (onde temos o funcionamento da diocese) fa\u00e7a o bispo imaginar que ele tem a obriga\u00e7\u00e3o de &#8220;ensinar&#8221; para 1,3 milh\u00f5es de habitantes que n\u00e3o devem votar em uma pessoa para dirigir o Estado brasileiro baseado em uma doutrina moral de uma Igreja. Ele passa de um valor moral de uma Igreja diretamente para quest\u00f5es do Estado e a pol\u00edtica e quer impor a toda a sociedade, atrav\u00e9s das leis do Estado, um valor moral que ele considera fundamental para a f\u00e9 cat\u00f3lica.<\/p>\n<p>\u00c9 claro que a miss\u00e3o da Igreja Cat\u00f3lica de evangelizar tem rela\u00e7\u00e3o com o mundo da pol\u00edtica. Mas, toda proposta que vai diretamente de um valor religioso ou espiritual para uma op\u00e7\u00e3o pol\u00edtica, cultural ou t\u00e9cnica concreta se equivoca por desconhecer, negar ou querer fazer desaparecer as distin\u00e7\u00f5es que vimos acima. Por mais bem intencionado que seja, esse tipo de proposta ou pr\u00e1tica acaba por levar a um tipo de totalitarismo e autoritarismo; sem falar em erros estrat\u00e9gicos e t\u00e9cnicos que isso acarreta.<\/p>\n<p>Talvez, muitos dos que, em nome da vida, prop\u00f5e essa &#8220;liga\u00e7\u00e3o direta&#8221; entre os verdadeiros valores religiosos e espirituais e op\u00e7\u00f5es pol\u00edticas e t\u00e9cnicas estejam ainda marcados pelo totalitarismo e autoritarismo inerentes aos grupos que se v\u00eaem como portadores da verdade universal e absoluta.<\/p>\n<div id=\"themify_builder_content-11128\" data-postid=\"11128\" class=\"themify_builder_content themify_builder_content-11128 themify_builder themify_builder_front\">\n\t<\/div>\n<!-- \/themify_builder_content -->","protected":false},"excerpt":{"rendered":"<p>Jung Mo Sung O jornal &#8220;O Estado de S\u00e3o Paulo&#8221; traz no dia de hoje (01\/10\/2010) uma entrevista com o bispo cat\u00f3lico da diocese de Guarulhos, D. Luiz Gonzaga Bergonzini. Nesta entrevista o bispo reafirma a sua &#8220;recomenda\u00e7\u00e3o&#8221;, dada no m\u00eas de julho, aos os fi\u00e9is cat\u00f3licos da sua diocese de que n\u00e3o devem votar [&hellip;]<\/p>\n","protected":false},"author":5,"featured_media":0,"comment_status":"open","ping_status":"open","sticky":false,"template":"","format":"standard","meta":{"ngg_post_thumbnail":0,"footnotes":""},"categories":[9],"tags":[1727,1721,103,268],"yoast_head":"<!-- This site is optimized with the Yoast SEO plugin v23.5 - https:\/\/yoast.com\/wordpress\/plugins\/seo\/ -->\n<title>O bispo, o voto e o autoritarismo que nasce da verdade - O Arcanjo no ar<\/title>\n<meta name=\"robots\" content=\"index, follow, max-snippet:-1, max-image-preview:large, max-video-preview:-1\" \/>\n<link rel=\"canonical\" href=\"https:\/\/www.oarcanjo.net\/site\/o-bispo-o-voto-e-o-autoritarismo-que-nasce-da-verdade\/\" \/>\n<meta property=\"og:locale\" content=\"pt_BR\" \/>\n<meta property=\"og:type\" content=\"article\" \/>\n<meta property=\"og:title\" content=\"O bispo, o voto e o autoritarismo que nasce da verdade - O Arcanjo no ar\" \/>\n<meta property=\"og:description\" content=\"Jung Mo Sung O jornal &#8220;O Estado de S\u00e3o Paulo&#8221; traz no dia de hoje (01\/10\/2010) uma entrevista com o bispo cat\u00f3lico da diocese de Guarulhos, D. Luiz Gonzaga Bergonzini. Nesta entrevista o bispo reafirma a sua &#8220;recomenda\u00e7\u00e3o&#8221;, dada no m\u00eas de julho, aos os fi\u00e9is cat\u00f3licos da sua diocese de que n\u00e3o devem votar [&hellip;]\" \/>\n<meta property=\"og:url\" content=\"https:\/\/www.oarcanjo.net\/site\/o-bispo-o-voto-e-o-autoritarismo-que-nasce-da-verdade\/\" \/>\n<meta property=\"og:site_name\" content=\"O Arcanjo no ar\" \/>\n<meta property=\"article:publisher\" content=\"https:\/\/www.facebook.com\/OArcanjoNoAr\/\" \/>\n<meta property=\"article:published_time\" content=\"2010-10-01T20:10:20+00:00\" \/>\n<meta property=\"og:image\" content=\"https:\/\/www.oarcanjo.net\/site\/wp-content\/uploads\/logo-o-arcanjo-no-ar-facebook.png\" \/>\n\t<meta property=\"og:image:width\" content=\"300\" \/>\n\t<meta property=\"og:image:height\" content=\"300\" \/>\n\t<meta property=\"og:image:type\" content=\"image\/png\" \/>\n<meta name=\"author\" content=\"editor\" \/>\n<meta name=\"twitter:card\" content=\"summary_large_image\" \/>\n<meta name=\"twitter:label1\" content=\"Escrito por\" \/>\n\t<meta name=\"twitter:data1\" content=\"editor\" \/>\n\t<meta name=\"twitter:label2\" content=\"Est. tempo de leitura\" \/>\n\t<meta name=\"twitter:data2\" content=\"4 minutos\" \/>\n<script type=\"application\/ld+json\" class=\"yoast-schema-graph\">{\"@context\":\"https:\/\/schema.org\",\"@graph\":[{\"@type\":\"Article\",\"@id\":\"https:\/\/www.oarcanjo.net\/site\/o-bispo-o-voto-e-o-autoritarismo-que-nasce-da-verdade\/#article\",\"isPartOf\":{\"@id\":\"https:\/\/www.oarcanjo.net\/site\/o-bispo-o-voto-e-o-autoritarismo-que-nasce-da-verdade\/\"},\"author\":{\"name\":\"editor\",\"@id\":\"https:\/\/www.oarcanjo.net\/site\/#\/schema\/person\/f7024d007863202483a31326673a0838\"},\"headline\":\"O bispo, o voto e o autoritarismo que nasce da verdade\",\"datePublished\":\"2010-10-01T20:10:20+00:00\",\"dateModified\":\"2010-10-01T20:10:20+00:00\",\"mainEntityOfPage\":{\"@id\":\"https:\/\/www.oarcanjo.net\/site\/o-bispo-o-voto-e-o-autoritarismo-que-nasce-da-verdade\/\"},\"wordCount\":904,\"commentCount\":3,\"publisher\":{\"@id\":\"https:\/\/www.oarcanjo.net\/site\/#organization\"},\"keywords\":[\"cristandade\",\"elei\u00e7\u00f5es 2010\",\"f\u00e9 e pol\u00edtica\",\"religi\u00e3o\"],\"articleSection\":[\"Reflex\u00f5es\"],\"inLanguage\":\"pt-BR\",\"potentialAction\":[{\"@type\":\"CommentAction\",\"name\":\"Comment\",\"target\":[\"https:\/\/www.oarcanjo.net\/site\/o-bispo-o-voto-e-o-autoritarismo-que-nasce-da-verdade\/#respond\"]}]},{\"@type\":\"WebPage\",\"@id\":\"https:\/\/www.oarcanjo.net\/site\/o-bispo-o-voto-e-o-autoritarismo-que-nasce-da-verdade\/\",\"url\":\"https:\/\/www.oarcanjo.net\/site\/o-bispo-o-voto-e-o-autoritarismo-que-nasce-da-verdade\/\",\"name\":\"O bispo, o voto e o autoritarismo que nasce da verdade - O Arcanjo no ar\",\"isPartOf\":{\"@id\":\"https:\/\/www.oarcanjo.net\/site\/#website\"},\"datePublished\":\"2010-10-01T20:10:20+00:00\",\"dateModified\":\"2010-10-01T20:10:20+00:00\",\"breadcrumb\":{\"@id\":\"https:\/\/www.oarcanjo.net\/site\/o-bispo-o-voto-e-o-autoritarismo-que-nasce-da-verdade\/#breadcrumb\"},\"inLanguage\":\"pt-BR\",\"potentialAction\":[{\"@type\":\"ReadAction\",\"target\":[\"https:\/\/www.oarcanjo.net\/site\/o-bispo-o-voto-e-o-autoritarismo-que-nasce-da-verdade\/\"]}]},{\"@type\":\"BreadcrumbList\",\"@id\":\"https:\/\/www.oarcanjo.net\/site\/o-bispo-o-voto-e-o-autoritarismo-que-nasce-da-verdade\/#breadcrumb\",\"itemListElement\":[{\"@type\":\"ListItem\",\"position\":1,\"name\":\"In\u00edcio\",\"item\":\"https:\/\/www.oarcanjo.net\/site\/\"},{\"@type\":\"ListItem\",\"position\":2,\"name\":\"O bispo, o voto e o autoritarismo que nasce da verdade\"}]},{\"@type\":\"WebSite\",\"@id\":\"https:\/\/www.oarcanjo.net\/site\/#website\",\"url\":\"https:\/\/www.oarcanjo.net\/site\/\",\"name\":\"O Arcanjo no ar\",\"description\":\"Site da Par\u00f3quia S\u00e3o Miguel Arcanjo (Arquidiocese de SP)\",\"publisher\":{\"@id\":\"https:\/\/www.oarcanjo.net\/site\/#organization\"},\"potentialAction\":[{\"@type\":\"SearchAction\",\"target\":{\"@type\":\"EntryPoint\",\"urlTemplate\":\"https:\/\/www.oarcanjo.net\/site\/?s={search_term_string}\"},\"query-input\":{\"@type\":\"PropertyValueSpecification\",\"valueRequired\":true,\"valueName\":\"search_term_string\"}}],\"inLanguage\":\"pt-BR\"},{\"@type\":\"Organization\",\"@id\":\"https:\/\/www.oarcanjo.net\/site\/#organization\",\"name\":\"Par\u00f3quia S\u00e3o Miguel Arcanjo\",\"url\":\"https:\/\/www.oarcanjo.net\/site\/\",\"logo\":{\"@type\":\"ImageObject\",\"inLanguage\":\"pt-BR\",\"@id\":\"https:\/\/www.oarcanjo.net\/site\/#\/schema\/logo\/image\/\",\"url\":\"https:\/\/www.oarcanjo.net\/site\/wp-content\/uploads\/LogoOArcanjo.png\",\"contentUrl\":\"https:\/\/www.oarcanjo.net\/site\/wp-content\/uploads\/LogoOArcanjo.png\",\"width\":319,\"height\":99,\"caption\":\"Par\u00f3quia S\u00e3o Miguel Arcanjo\"},\"image\":{\"@id\":\"https:\/\/www.oarcanjo.net\/site\/#\/schema\/logo\/image\/\"},\"sameAs\":[\"https:\/\/www.facebook.com\/OArcanjoNoAr\/\"]},{\"@type\":\"Person\",\"@id\":\"https:\/\/www.oarcanjo.net\/site\/#\/schema\/person\/f7024d007863202483a31326673a0838\",\"name\":\"editor\",\"sameAs\":[\"http:\/\/www.oarcanjo.net\"]}]}<\/script>\n<!-- \/ Yoast SEO plugin. -->","yoast_head_json":{"title":"O bispo, o voto e o autoritarismo que nasce da verdade - O Arcanjo no ar","robots":{"index":"index","follow":"follow","max-snippet":"max-snippet:-1","max-image-preview":"max-image-preview:large","max-video-preview":"max-video-preview:-1"},"canonical":"https:\/\/www.oarcanjo.net\/site\/o-bispo-o-voto-e-o-autoritarismo-que-nasce-da-verdade\/","og_locale":"pt_BR","og_type":"article","og_title":"O bispo, o voto e o autoritarismo que nasce da verdade - O Arcanjo no ar","og_description":"Jung Mo Sung O jornal &#8220;O Estado de S\u00e3o Paulo&#8221; traz no dia de hoje (01\/10\/2010) uma entrevista com o bispo cat\u00f3lico da diocese de Guarulhos, D. Luiz Gonzaga Bergonzini. Nesta entrevista o bispo reafirma a sua &#8220;recomenda\u00e7\u00e3o&#8221;, dada no m\u00eas de julho, aos os fi\u00e9is cat\u00f3licos da sua diocese de que n\u00e3o devem votar [&hellip;]","og_url":"https:\/\/www.oarcanjo.net\/site\/o-bispo-o-voto-e-o-autoritarismo-que-nasce-da-verdade\/","og_site_name":"O Arcanjo no ar","article_publisher":"https:\/\/www.facebook.com\/OArcanjoNoAr\/","article_published_time":"2010-10-01T20:10:20+00:00","og_image":[{"width":300,"height":300,"url":"https:\/\/www.oarcanjo.net\/site\/wp-content\/uploads\/logo-o-arcanjo-no-ar-facebook.png","type":"image\/png"}],"author":"editor","twitter_card":"summary_large_image","twitter_misc":{"Escrito por":"editor","Est. tempo de leitura":"4 minutos"},"schema":{"@context":"https:\/\/schema.org","@graph":[{"@type":"Article","@id":"https:\/\/www.oarcanjo.net\/site\/o-bispo-o-voto-e-o-autoritarismo-que-nasce-da-verdade\/#article","isPartOf":{"@id":"https:\/\/www.oarcanjo.net\/site\/o-bispo-o-voto-e-o-autoritarismo-que-nasce-da-verdade\/"},"author":{"name":"editor","@id":"https:\/\/www.oarcanjo.net\/site\/#\/schema\/person\/f7024d007863202483a31326673a0838"},"headline":"O bispo, o voto e o autoritarismo que nasce da verdade","datePublished":"2010-10-01T20:10:20+00:00","dateModified":"2010-10-01T20:10:20+00:00","mainEntityOfPage":{"@id":"https:\/\/www.oarcanjo.net\/site\/o-bispo-o-voto-e-o-autoritarismo-que-nasce-da-verdade\/"},"wordCount":904,"commentCount":3,"publisher":{"@id":"https:\/\/www.oarcanjo.net\/site\/#organization"},"keywords":["cristandade","elei\u00e7\u00f5es 2010","f\u00e9 e pol\u00edtica","religi\u00e3o"],"articleSection":["Reflex\u00f5es"],"inLanguage":"pt-BR","potentialAction":[{"@type":"CommentAction","name":"Comment","target":["https:\/\/www.oarcanjo.net\/site\/o-bispo-o-voto-e-o-autoritarismo-que-nasce-da-verdade\/#respond"]}]},{"@type":"WebPage","@id":"https:\/\/www.oarcanjo.net\/site\/o-bispo-o-voto-e-o-autoritarismo-que-nasce-da-verdade\/","url":"https:\/\/www.oarcanjo.net\/site\/o-bispo-o-voto-e-o-autoritarismo-que-nasce-da-verdade\/","name":"O bispo, o voto e o autoritarismo que nasce da verdade - O Arcanjo no ar","isPartOf":{"@id":"https:\/\/www.oarcanjo.net\/site\/#website"},"datePublished":"2010-10-01T20:10:20+00:00","dateModified":"2010-10-01T20:10:20+00:00","breadcrumb":{"@id":"https:\/\/www.oarcanjo.net\/site\/o-bispo-o-voto-e-o-autoritarismo-que-nasce-da-verdade\/#breadcrumb"},"inLanguage":"pt-BR","potentialAction":[{"@type":"ReadAction","target":["https:\/\/www.oarcanjo.net\/site\/o-bispo-o-voto-e-o-autoritarismo-que-nasce-da-verdade\/"]}]},{"@type":"BreadcrumbList","@id":"https:\/\/www.oarcanjo.net\/site\/o-bispo-o-voto-e-o-autoritarismo-que-nasce-da-verdade\/#breadcrumb","itemListElement":[{"@type":"ListItem","position":1,"name":"In\u00edcio","item":"https:\/\/www.oarcanjo.net\/site\/"},{"@type":"ListItem","position":2,"name":"O bispo, o voto e o autoritarismo que nasce da verdade"}]},{"@type":"WebSite","@id":"https:\/\/www.oarcanjo.net\/site\/#website","url":"https:\/\/www.oarcanjo.net\/site\/","name":"O Arcanjo no ar","description":"Site da Par\u00f3quia S\u00e3o Miguel Arcanjo (Arquidiocese de SP)","publisher":{"@id":"https:\/\/www.oarcanjo.net\/site\/#organization"},"potentialAction":[{"@type":"SearchAction","target":{"@type":"EntryPoint","urlTemplate":"https:\/\/www.oarcanjo.net\/site\/?s={search_term_string}"},"query-input":{"@type":"PropertyValueSpecification","valueRequired":true,"valueName":"search_term_string"}}],"inLanguage":"pt-BR"},{"@type":"Organization","@id":"https:\/\/www.oarcanjo.net\/site\/#organization","name":"Par\u00f3quia S\u00e3o Miguel Arcanjo","url":"https:\/\/www.oarcanjo.net\/site\/","logo":{"@type":"ImageObject","inLanguage":"pt-BR","@id":"https:\/\/www.oarcanjo.net\/site\/#\/schema\/logo\/image\/","url":"https:\/\/www.oarcanjo.net\/site\/wp-content\/uploads\/LogoOArcanjo.png","contentUrl":"https:\/\/www.oarcanjo.net\/site\/wp-content\/uploads\/LogoOArcanjo.png","width":319,"height":99,"caption":"Par\u00f3quia S\u00e3o Miguel Arcanjo"},"image":{"@id":"https:\/\/www.oarcanjo.net\/site\/#\/schema\/logo\/image\/"},"sameAs":["https:\/\/www.facebook.com\/OArcanjoNoAr\/"]},{"@type":"Person","@id":"https:\/\/www.oarcanjo.net\/site\/#\/schema\/person\/f7024d007863202483a31326673a0838","name":"editor","sameAs":["http:\/\/www.oarcanjo.net"]}]}},"publishpress_future_action":{"enabled":false,"date":"2026-05-10 06:58:00","action":"category","newStatus":"draft","terms":[],"taxonomy":"category"},"publishpress_future_workflow_manual_trigger":{"enabledWorkflows":[]},"_links":{"self":[{"href":"https:\/\/www.oarcanjo.net\/site\/wp-json\/wp\/v2\/posts\/11128"}],"collection":[{"href":"https:\/\/www.oarcanjo.net\/site\/wp-json\/wp\/v2\/posts"}],"about":[{"href":"https:\/\/www.oarcanjo.net\/site\/wp-json\/wp\/v2\/types\/post"}],"author":[{"embeddable":true,"href":"https:\/\/www.oarcanjo.net\/site\/wp-json\/wp\/v2\/users\/5"}],"replies":[{"embeddable":true,"href":"https:\/\/www.oarcanjo.net\/site\/wp-json\/wp\/v2\/comments?post=11128"}],"version-history":[{"count":0,"href":"https:\/\/www.oarcanjo.net\/site\/wp-json\/wp\/v2\/posts\/11128\/revisions"}],"wp:attachment":[{"href":"https:\/\/www.oarcanjo.net\/site\/wp-json\/wp\/v2\/media?parent=11128"}],"wp:term":[{"taxonomy":"category","embeddable":true,"href":"https:\/\/www.oarcanjo.net\/site\/wp-json\/wp\/v2\/categories?post=11128"},{"taxonomy":"post_tag","embeddable":true,"href":"https:\/\/www.oarcanjo.net\/site\/wp-json\/wp\/v2\/tags?post=11128"}],"curies":[{"name":"wp","href":"https:\/\/api.w.org\/{rel}","templated":true}]}}