
{"id":11132,"date":"2017-10-05T10:30:20","date_gmt":"2017-10-05T13:30:20","guid":{"rendered":"http:\/\/www.oarcanjo.net\/site\/?p=11132"},"modified":"2017-07-31T16:09:57","modified_gmt":"2017-07-31T19:09:57","slug":"sao-benedito","status":"publish","type":"post","link":"https:\/\/www.oarcanjo.net\/site\/sao-benedito\/","title":{"rendered":"S\u00e3o Benedito"},"content":{"rendered":"<p><img loading=\"lazy\" decoding=\"async\" class=\"alignnone size-full wp-image-52399\" src=\"http:\/\/www.oarcanjo.net\/site\/wp-content\/uploads\/Sao-Benedito.jpg\" alt=\"S\u00e3o Benedito\" width=\"300\" height=\"423\" srcset=\"https:\/\/www.oarcanjo.net\/site\/wp-content\/uploads\/Sao-Benedito.jpg 300w, https:\/\/www.oarcanjo.net\/site\/wp-content\/uploads\/Sao-Benedito-212x300.jpg 212w\" sizes=\"(max-width: 300px) 100vw, 300px\" \/><\/p>\n<p>5 de Outubro<\/p>\n<p>Hoje \u00e9 um dia muito especial para o povo brasileiro. Comemora-se o dia de s\u00e3o Benedito, um dos santos mais queridos e cuja devo\u00e7\u00e3o \u00e9 muito popular no Brasil. Cultuado inicialmente pelos escravos negros, por causa da cor de sua pele e de sua origem &#8211; era africano e negro -, passou a ser amado por toda a popula\u00e7\u00e3o como exemplo da humildade e da pobreza. Esse fato tamb\u00e9m lhe valeu o apelido que tinha em vida, &#8220;o Mouro&#8221;. Tal adjetivo, em italiano, \u00e9 usado para todas as pessoas de pele escura e n\u00e3o apenas para os procedentes do Oriente. J\u00e1 entre n\u00f3s ele \u00e9 chamado de s\u00e3o Benedito, o Negro, ou apenas &#8220;o santo Negro&#8221;.<\/p>\n<p>H\u00e1 tanta identifica\u00e7\u00e3o com a cristandade brasileira que at\u00e9 sua comemora\u00e7\u00e3o tem uma data s\u00f3 nossa. Embora em todo o mundo sua festa seja celebrada em 4 de abril, data de sua morte, no Brasil ela \u00e9 celebrada, desde 1983, em 5 de outubro, por uma especial defer\u00eancia can\u00f4nica concedida \u00e0 Confer\u00eancia Nacional dos Bispos do Brasil &#8211; CNBB.<\/p>\n<p>Benedito Manasseri nasceu em 1526, na pequena aldeia de S\u00e3o Fratelo, em Messina, na ilha da Sic\u00edlia, It\u00e1lia. Era filho de africanos escravos vendidos na ilha. O seu pai, Crist\u00f3foro, herdou o nome do seu patr\u00e3o, e tinha se casado com sua m\u00e3e, Diana Lancari. O casamento foi um sacramento crist\u00e3o, pois eram cat\u00f3licos fervorosos. Considerados pela fam\u00edlia \u00e0 qual pertenciam, quando o primog\u00eanito Benedito nasceu foram alforriados junto com a crian\u00e7a, que recebeu o sobrenome dos Manasseri, seus padrinhos de batismo.<\/p>\n<p>Cresceu pastoreando rebanhos nas montanhas da ilha e, desde pequeno, demonstrava tanto apego a Deus e \u00e0 religi\u00e3o que os amigos, brincando, profetizavam: &#8220;Nosso santo mouro&#8221;. Aos vinte e um anos de idade, ingressou entre os eremitas da Irmandade de S\u00e3o Francisco de Assis, fundada por Jer\u00f4nimo Lanza sob a Regra franciscana, em Palermo, capital da Sic\u00edlia. E tornou-se um religioso exemplar, primando pelo esp\u00edrito de ora\u00e7\u00e3o, pela humildade, pela obedi\u00eancia e pela alegria numa vida de extrema penit\u00eancia.<\/p>\n<p>Na Irmandade, exercia a fun\u00e7\u00e3o de simples cozinheiro, era apenas um irm\u00e3o leigo e analfabeto, mas a sabedoria e o discernimento que demonstrava fizeram com que os superiores o nomeassem mestre de novi\u00e7os e, mais tarde, foi eleito o superior daquele convento. Mas quando o fundador faleceu, em 1562, o papa Paulo IV extinguiu a Irmandade, ordenando que todos os integrantes se juntassem \u00e0 verdadeira Ordem de S\u00e3o Francisco de Assis, pois n\u00e3o queria os eremitas pulverizados em irmandades sob o mesmo nome.<\/p>\n<p>Todos obedeceram, at\u00e9 Benedito, que sem pestanejar escolheu o Convento de Santa Maria de Jesus, tamb\u00e9m em Palermo, onde viveu o restante de sua vida. Ali exerceu, igualmente, as fun\u00e7\u00f5es mais humildes, como faxineiro e depois cozinheiro, ganhando fama de santidade pelos milagres que se sucediam por intercess\u00e3o de suas ora\u00e7\u00f5es.<\/p>\n<p>Eram muitos pr\u00edncipes, nobres, sacerdotes, te\u00f3logos e leigos, enfim, ricos e pobres, todos se dirigiam a ele em busca de conselhos e de orienta\u00e7\u00e3o espiritual segura. Tamb\u00e9m foi eleito superior e, quando seu per\u00edodo na dire\u00e7\u00e3o da comunidade terminou, voltou a reassumir, com alegria, a sua simples fun\u00e7\u00e3o de cozinheiro. E foi na cozinha do convento que ele morreu, no dia 4 de abril de 1589, como um simples frade franciscano, em total desapego \u00e0s coisas terrenas e \u00e0 sua pr\u00f3pria pessoa, apenas um irm\u00e3o leigo gozando de grande fama de santidade, que o envolve at\u00e9 os nossos dias.<\/p>\n<p>Foi canonizado em 1807, pelo papa Pio VII. Seu culto se espalhou pelos quatro cantos do planeta. Em 1652, j\u00e1 era o santo padroeiro de Palermo, mais tarde foi aclamado santo padroeiro de toda a popula\u00e7\u00e3o afro-americana, mas especialmente dos cozinheiros e profissionais da nutri\u00e7\u00e3o. E mais: na igreja do Convento de Santa Maria de Jesus, na capital siciliana, venera-se uma rel\u00edquia de valor incalcul\u00e1vel: o corpo do &#8220;santo Mouro&#8221;, profetizado na inf\u00e2ncia e ainda milagrosamente intacto. Assim foi toda a vida terrena de s\u00e3o Benedito, repleta de virtudes e especiais dons celestiais provindos do Esp\u00edrito Santo.<\/p>\n<p><img loading=\"lazy\" decoding=\"async\" src=\"http:\/\/www.projetocrescer.net\/images\/santo12.jpg\" alt=\"\" width=\"155\" height=\"200\" \/>\u00a0 <img loading=\"lazy\" decoding=\"async\" src=\"http:\/\/4.bp.blogspot.com\/_bnG3uX7iCxI\/TESZCZvggAI\/AAAAAAAAAjM\/vH_aOPnmpvQ\/s320\/sao+Benedito+Moro+de+Palermo.jpg\" alt=\"\" width=\"320\" height=\"202\" \/>\u00a0<img loading=\"lazy\" decoding=\"async\" src=\"http:\/\/www.paroquiadesaobenedito.org.br\/corpodesaobenedito.jpg\" alt=\"\" width=\"375\" height=\"210\" \/><\/p>\n<div id=\"themify_builder_content-11132\" data-postid=\"11132\" class=\"themify_builder_content themify_builder_content-11132 themify_builder themify_builder_front\">\n\t<\/div>\n<!-- \/themify_builder_content -->","protected":false},"excerpt":{"rendered":"<p>5 de Outubro Hoje \u00e9 um dia muito especial para o povo brasileiro. Comemora-se o dia de s\u00e3o Benedito, um dos santos mais queridos e cuja devo\u00e7\u00e3o \u00e9 muito popular no Brasil. Cultuado inicialmente pelos escravos negros, por causa da cor de sua pele e de sua origem &#8211; era africano e negro -, passou [&hellip;]<\/p>\n","protected":false},"author":14,"featured_media":0,"comment_status":"open","ping_status":"open","sticky":false,"template":"","format":"standard","meta":{"ngg_post_thumbnail":0,"footnotes":""},"categories":[186],"tags":[],"yoast_head":"<!-- This site is optimized with the Yoast SEO plugin v23.5 - https:\/\/yoast.com\/wordpress\/plugins\/seo\/ -->\n<title>S\u00e3o Benedito - O Arcanjo no ar<\/title>\n<meta name=\"robots\" content=\"index, follow, max-snippet:-1, max-image-preview:large, max-video-preview:-1\" \/>\n<link rel=\"canonical\" href=\"https:\/\/www.oarcanjo.net\/site\/sao-benedito\/\" \/>\n<meta property=\"og:locale\" content=\"pt_BR\" \/>\n<meta property=\"og:type\" content=\"article\" \/>\n<meta property=\"og:title\" content=\"S\u00e3o Benedito - O Arcanjo no ar\" \/>\n<meta property=\"og:description\" content=\"5 de Outubro Hoje \u00e9 um dia muito especial para o povo brasileiro. Comemora-se o dia de s\u00e3o Benedito, um dos santos mais queridos e cuja devo\u00e7\u00e3o \u00e9 muito popular no Brasil. Cultuado inicialmente pelos escravos negros, por causa da cor de sua pele e de sua origem &#8211; era africano e negro -, passou [&hellip;]\" \/>\n<meta property=\"og:url\" content=\"https:\/\/www.oarcanjo.net\/site\/sao-benedito\/\" \/>\n<meta property=\"og:site_name\" content=\"O Arcanjo no ar\" \/>\n<meta property=\"article:publisher\" content=\"https:\/\/www.facebook.com\/OArcanjoNoAr\/\" \/>\n<meta property=\"article:published_time\" content=\"2017-10-05T13:30:20+00:00\" \/>\n<meta property=\"article:modified_time\" content=\"2017-07-31T19:09:57+00:00\" \/>\n<meta property=\"og:image\" content=\"http:\/\/www.oarcanjo.net\/site\/wp-content\/uploads\/Sao-Benedito.jpg\" \/>\n<meta name=\"author\" content=\"danilo\" \/>\n<meta name=\"twitter:card\" content=\"summary_large_image\" \/>\n<meta name=\"twitter:label1\" content=\"Escrito por\" \/>\n\t<meta name=\"twitter:data1\" content=\"danilo\" \/>\n\t<meta name=\"twitter:label2\" content=\"Est. tempo de leitura\" \/>\n\t<meta name=\"twitter:data2\" content=\"4 minutos\" \/>\n<script type=\"application\/ld+json\" class=\"yoast-schema-graph\">{\"@context\":\"https:\/\/schema.org\",\"@graph\":[{\"@type\":\"Article\",\"@id\":\"https:\/\/www.oarcanjo.net\/site\/sao-benedito\/#article\",\"isPartOf\":{\"@id\":\"https:\/\/www.oarcanjo.net\/site\/sao-benedito\/\"},\"author\":{\"name\":\"danilo\",\"@id\":\"https:\/\/www.oarcanjo.net\/site\/#\/schema\/person\/5eb9480bedd2f3c97e430ce128c29c6c\"},\"headline\":\"S\u00e3o Benedito\",\"datePublished\":\"2017-10-05T13:30:20+00:00\",\"dateModified\":\"2017-07-31T19:09:57+00:00\",\"mainEntityOfPage\":{\"@id\":\"https:\/\/www.oarcanjo.net\/site\/sao-benedito\/\"},\"wordCount\":708,\"commentCount\":0,\"publisher\":{\"@id\":\"https:\/\/www.oarcanjo.net\/site\/#organization\"},\"image\":{\"@id\":\"https:\/\/www.oarcanjo.net\/site\/sao-benedito\/#primaryimage\"},\"thumbnailUrl\":\"http:\/\/www.oarcanjo.net\/site\/wp-content\/uploads\/Sao-Benedito.jpg\",\"articleSection\":[\"Testemunhos\"],\"inLanguage\":\"pt-BR\",\"potentialAction\":[{\"@type\":\"CommentAction\",\"name\":\"Comment\",\"target\":[\"https:\/\/www.oarcanjo.net\/site\/sao-benedito\/#respond\"]}]},{\"@type\":\"WebPage\",\"@id\":\"https:\/\/www.oarcanjo.net\/site\/sao-benedito\/\",\"url\":\"https:\/\/www.oarcanjo.net\/site\/sao-benedito\/\",\"name\":\"S\u00e3o Benedito - O Arcanjo no ar\",\"isPartOf\":{\"@id\":\"https:\/\/www.oarcanjo.net\/site\/#website\"},\"primaryImageOfPage\":{\"@id\":\"https:\/\/www.oarcanjo.net\/site\/sao-benedito\/#primaryimage\"},\"image\":{\"@id\":\"https:\/\/www.oarcanjo.net\/site\/sao-benedito\/#primaryimage\"},\"thumbnailUrl\":\"http:\/\/www.oarcanjo.net\/site\/wp-content\/uploads\/Sao-Benedito.jpg\",\"datePublished\":\"2017-10-05T13:30:20+00:00\",\"dateModified\":\"2017-07-31T19:09:57+00:00\",\"breadcrumb\":{\"@id\":\"https:\/\/www.oarcanjo.net\/site\/sao-benedito\/#breadcrumb\"},\"inLanguage\":\"pt-BR\",\"potentialAction\":[{\"@type\":\"ReadAction\",\"target\":[\"https:\/\/www.oarcanjo.net\/site\/sao-benedito\/\"]}]},{\"@type\":\"ImageObject\",\"inLanguage\":\"pt-BR\",\"@id\":\"https:\/\/www.oarcanjo.net\/site\/sao-benedito\/#primaryimage\",\"url\":\"https:\/\/www.oarcanjo.net\/site\/wp-content\/uploads\/Sao-Benedito.jpg\",\"contentUrl\":\"https:\/\/www.oarcanjo.net\/site\/wp-content\/uploads\/Sao-Benedito.jpg\",\"width\":300,\"height\":423,\"caption\":\"S\u00e3o Benedito\"},{\"@type\":\"BreadcrumbList\",\"@id\":\"https:\/\/www.oarcanjo.net\/site\/sao-benedito\/#breadcrumb\",\"itemListElement\":[{\"@type\":\"ListItem\",\"position\":1,\"name\":\"In\u00edcio\",\"item\":\"https:\/\/www.oarcanjo.net\/site\/\"},{\"@type\":\"ListItem\",\"position\":2,\"name\":\"S\u00e3o Benedito\"}]},{\"@type\":\"WebSite\",\"@id\":\"https:\/\/www.oarcanjo.net\/site\/#website\",\"url\":\"https:\/\/www.oarcanjo.net\/site\/\",\"name\":\"O Arcanjo no ar\",\"description\":\"Site da Par\u00f3quia S\u00e3o Miguel Arcanjo (Arquidiocese de SP)\",\"publisher\":{\"@id\":\"https:\/\/www.oarcanjo.net\/site\/#organization\"},\"potentialAction\":[{\"@type\":\"SearchAction\",\"target\":{\"@type\":\"EntryPoint\",\"urlTemplate\":\"https:\/\/www.oarcanjo.net\/site\/?s={search_term_string}\"},\"query-input\":{\"@type\":\"PropertyValueSpecification\",\"valueRequired\":true,\"valueName\":\"search_term_string\"}}],\"inLanguage\":\"pt-BR\"},{\"@type\":\"Organization\",\"@id\":\"https:\/\/www.oarcanjo.net\/site\/#organization\",\"name\":\"Par\u00f3quia S\u00e3o Miguel Arcanjo\",\"url\":\"https:\/\/www.oarcanjo.net\/site\/\",\"logo\":{\"@type\":\"ImageObject\",\"inLanguage\":\"pt-BR\",\"@id\":\"https:\/\/www.oarcanjo.net\/site\/#\/schema\/logo\/image\/\",\"url\":\"https:\/\/www.oarcanjo.net\/site\/wp-content\/uploads\/LogoOArcanjo.png\",\"contentUrl\":\"https:\/\/www.oarcanjo.net\/site\/wp-content\/uploads\/LogoOArcanjo.png\",\"width\":319,\"height\":99,\"caption\":\"Par\u00f3quia S\u00e3o Miguel Arcanjo\"},\"image\":{\"@id\":\"https:\/\/www.oarcanjo.net\/site\/#\/schema\/logo\/image\/\"},\"sameAs\":[\"https:\/\/www.facebook.com\/OArcanjoNoAr\/\"]},{\"@type\":\"Person\",\"@id\":\"https:\/\/www.oarcanjo.net\/site\/#\/schema\/person\/5eb9480bedd2f3c97e430ce128c29c6c\",\"name\":\"danilo\"}]}<\/script>\n<!-- \/ Yoast SEO plugin. -->","yoast_head_json":{"title":"S\u00e3o Benedito - O Arcanjo no ar","robots":{"index":"index","follow":"follow","max-snippet":"max-snippet:-1","max-image-preview":"max-image-preview:large","max-video-preview":"max-video-preview:-1"},"canonical":"https:\/\/www.oarcanjo.net\/site\/sao-benedito\/","og_locale":"pt_BR","og_type":"article","og_title":"S\u00e3o Benedito - O Arcanjo no ar","og_description":"5 de Outubro Hoje \u00e9 um dia muito especial para o povo brasileiro. Comemora-se o dia de s\u00e3o Benedito, um dos santos mais queridos e cuja devo\u00e7\u00e3o \u00e9 muito popular no Brasil. Cultuado inicialmente pelos escravos negros, por causa da cor de sua pele e de sua origem &#8211; era africano e negro -, passou [&hellip;]","og_url":"https:\/\/www.oarcanjo.net\/site\/sao-benedito\/","og_site_name":"O Arcanjo no ar","article_publisher":"https:\/\/www.facebook.com\/OArcanjoNoAr\/","article_published_time":"2017-10-05T13:30:20+00:00","article_modified_time":"2017-07-31T19:09:57+00:00","og_image":[{"url":"http:\/\/www.oarcanjo.net\/site\/wp-content\/uploads\/Sao-Benedito.jpg"}],"author":"danilo","twitter_card":"summary_large_image","twitter_misc":{"Escrito por":"danilo","Est. tempo de leitura":"4 minutos"},"schema":{"@context":"https:\/\/schema.org","@graph":[{"@type":"Article","@id":"https:\/\/www.oarcanjo.net\/site\/sao-benedito\/#article","isPartOf":{"@id":"https:\/\/www.oarcanjo.net\/site\/sao-benedito\/"},"author":{"name":"danilo","@id":"https:\/\/www.oarcanjo.net\/site\/#\/schema\/person\/5eb9480bedd2f3c97e430ce128c29c6c"},"headline":"S\u00e3o Benedito","datePublished":"2017-10-05T13:30:20+00:00","dateModified":"2017-07-31T19:09:57+00:00","mainEntityOfPage":{"@id":"https:\/\/www.oarcanjo.net\/site\/sao-benedito\/"},"wordCount":708,"commentCount":0,"publisher":{"@id":"https:\/\/www.oarcanjo.net\/site\/#organization"},"image":{"@id":"https:\/\/www.oarcanjo.net\/site\/sao-benedito\/#primaryimage"},"thumbnailUrl":"http:\/\/www.oarcanjo.net\/site\/wp-content\/uploads\/Sao-Benedito.jpg","articleSection":["Testemunhos"],"inLanguage":"pt-BR","potentialAction":[{"@type":"CommentAction","name":"Comment","target":["https:\/\/www.oarcanjo.net\/site\/sao-benedito\/#respond"]}]},{"@type":"WebPage","@id":"https:\/\/www.oarcanjo.net\/site\/sao-benedito\/","url":"https:\/\/www.oarcanjo.net\/site\/sao-benedito\/","name":"S\u00e3o Benedito - O Arcanjo no ar","isPartOf":{"@id":"https:\/\/www.oarcanjo.net\/site\/#website"},"primaryImageOfPage":{"@id":"https:\/\/www.oarcanjo.net\/site\/sao-benedito\/#primaryimage"},"image":{"@id":"https:\/\/www.oarcanjo.net\/site\/sao-benedito\/#primaryimage"},"thumbnailUrl":"http:\/\/www.oarcanjo.net\/site\/wp-content\/uploads\/Sao-Benedito.jpg","datePublished":"2017-10-05T13:30:20+00:00","dateModified":"2017-07-31T19:09:57+00:00","breadcrumb":{"@id":"https:\/\/www.oarcanjo.net\/site\/sao-benedito\/#breadcrumb"},"inLanguage":"pt-BR","potentialAction":[{"@type":"ReadAction","target":["https:\/\/www.oarcanjo.net\/site\/sao-benedito\/"]}]},{"@type":"ImageObject","inLanguage":"pt-BR","@id":"https:\/\/www.oarcanjo.net\/site\/sao-benedito\/#primaryimage","url":"https:\/\/www.oarcanjo.net\/site\/wp-content\/uploads\/Sao-Benedito.jpg","contentUrl":"https:\/\/www.oarcanjo.net\/site\/wp-content\/uploads\/Sao-Benedito.jpg","width":300,"height":423,"caption":"S\u00e3o Benedito"},{"@type":"BreadcrumbList","@id":"https:\/\/www.oarcanjo.net\/site\/sao-benedito\/#breadcrumb","itemListElement":[{"@type":"ListItem","position":1,"name":"In\u00edcio","item":"https:\/\/www.oarcanjo.net\/site\/"},{"@type":"ListItem","position":2,"name":"S\u00e3o Benedito"}]},{"@type":"WebSite","@id":"https:\/\/www.oarcanjo.net\/site\/#website","url":"https:\/\/www.oarcanjo.net\/site\/","name":"O Arcanjo no ar","description":"Site da Par\u00f3quia S\u00e3o Miguel Arcanjo (Arquidiocese de SP)","publisher":{"@id":"https:\/\/www.oarcanjo.net\/site\/#organization"},"potentialAction":[{"@type":"SearchAction","target":{"@type":"EntryPoint","urlTemplate":"https:\/\/www.oarcanjo.net\/site\/?s={search_term_string}"},"query-input":{"@type":"PropertyValueSpecification","valueRequired":true,"valueName":"search_term_string"}}],"inLanguage":"pt-BR"},{"@type":"Organization","@id":"https:\/\/www.oarcanjo.net\/site\/#organization","name":"Par\u00f3quia S\u00e3o Miguel Arcanjo","url":"https:\/\/www.oarcanjo.net\/site\/","logo":{"@type":"ImageObject","inLanguage":"pt-BR","@id":"https:\/\/www.oarcanjo.net\/site\/#\/schema\/logo\/image\/","url":"https:\/\/www.oarcanjo.net\/site\/wp-content\/uploads\/LogoOArcanjo.png","contentUrl":"https:\/\/www.oarcanjo.net\/site\/wp-content\/uploads\/LogoOArcanjo.png","width":319,"height":99,"caption":"Par\u00f3quia S\u00e3o Miguel Arcanjo"},"image":{"@id":"https:\/\/www.oarcanjo.net\/site\/#\/schema\/logo\/image\/"},"sameAs":["https:\/\/www.facebook.com\/OArcanjoNoAr\/"]},{"@type":"Person","@id":"https:\/\/www.oarcanjo.net\/site\/#\/schema\/person\/5eb9480bedd2f3c97e430ce128c29c6c","name":"danilo"}]}},"publishpress_future_action":{"enabled":false,"date":"2026-05-08 22:27:15","action":"category","newStatus":"draft","terms":[],"taxonomy":"category"},"publishpress_future_workflow_manual_trigger":{"enabledWorkflows":[]},"_links":{"self":[{"href":"https:\/\/www.oarcanjo.net\/site\/wp-json\/wp\/v2\/posts\/11132"}],"collection":[{"href":"https:\/\/www.oarcanjo.net\/site\/wp-json\/wp\/v2\/posts"}],"about":[{"href":"https:\/\/www.oarcanjo.net\/site\/wp-json\/wp\/v2\/types\/post"}],"author":[{"embeddable":true,"href":"https:\/\/www.oarcanjo.net\/site\/wp-json\/wp\/v2\/users\/14"}],"replies":[{"embeddable":true,"href":"https:\/\/www.oarcanjo.net\/site\/wp-json\/wp\/v2\/comments?post=11132"}],"version-history":[{"count":0,"href":"https:\/\/www.oarcanjo.net\/site\/wp-json\/wp\/v2\/posts\/11132\/revisions"}],"wp:attachment":[{"href":"https:\/\/www.oarcanjo.net\/site\/wp-json\/wp\/v2\/media?parent=11132"}],"wp:term":[{"taxonomy":"category","embeddable":true,"href":"https:\/\/www.oarcanjo.net\/site\/wp-json\/wp\/v2\/categories?post=11132"},{"taxonomy":"post_tag","embeddable":true,"href":"https:\/\/www.oarcanjo.net\/site\/wp-json\/wp\/v2\/tags?post=11132"}],"curies":[{"name":"wp","href":"https:\/\/api.w.org\/{rel}","templated":true}]}}