
{"id":11135,"date":"2010-10-02T06:25:20","date_gmt":"2010-10-02T09:25:20","guid":{"rendered":"http:\/\/www.oarcanjo.net\/site\/?p=11135"},"modified":"2010-10-04T06:18:10","modified_gmt":"2010-10-04T09:18:10","slug":"batizados-do-dia-26-de-setembro-de-2010","status":"publish","type":"post","link":"https:\/\/www.oarcanjo.net\/site\/batizados-do-dia-26-de-setembro-de-2010\/","title":{"rendered":"Batizados do dia 26 de setembro de 2010"},"content":{"rendered":"<p>Neste domingo, dia nacional da B\u00edblia, foram batizadas na Capela S\u00e3o Judas Tadeu, mais 16 crian\u00e7as:  Anna Laura, Carolina, Catarina, Felipe, Fernando, Giovana, Guilherme, Julia, Luiza, Luiz Gustavo, Manuella, Maria Eduarda, Mariana, Miguel, Pietra e Valentina.<\/p>\n<p>Na Igreja S\u00e3o Miguel Arcanjo, tamb\u00e9m foi batizada Luiza.<\/p>\n<p>Ouvindo as sagradas leituras e comungado o P\u00e3o da Vida, entramos em profunda comunh\u00e3o com Cristo; Ele que \u00e9 a Palavra que se fez carne e habita entre n\u00f3s.<\/p>\n<p>Veja abaixo as fotos feitas por Carlos Beatriz<\/p>\nngg_shortcode_0_placeholder\n<div id=\"themify_builder_content-11135\" data-postid=\"11135\" class=\"themify_builder_content themify_builder_content-11135 themify_builder themify_builder_front\">\n\t<\/div>\n<!-- \/themify_builder_content -->","protected":false},"excerpt":{"rendered":"<p>Neste domingo, dia nacional da B\u00edblia, foram batizadas na Capela S\u00e3o Judas Tadeu, mais 16 crian\u00e7as: Anna Laura, Carolina, Catarina, Felipe, Fernando, Giovana, Guilherme, Julia, Luiza, Luiz Gustavo, Manuella, Maria Eduarda, Mariana, Miguel, Pietra e Valentina. Na Igreja S\u00e3o Miguel Arcanjo, tamb\u00e9m foi batizada Luiza. Ouvindo as sagradas leituras e comungado o P\u00e3o da Vida, [&hellip;]<\/p>\n","protected":false},"author":5,"featured_media":0,"comment_status":"open","ping_status":"open","sticky":false,"template":"","format":"standard","meta":{"ngg_post_thumbnail":0,"footnotes":""},"categories":[3,8,7],"tags":[123],"yoast_head":"<!-- This site is optimized with the Yoast SEO plugin v23.5 - https:\/\/yoast.com\/wordpress\/plugins\/seo\/ -->\n<title>Batizados do dia 26 de setembro de 2010 - O Arcanjo no ar<\/title>\n<meta name=\"robots\" content=\"index, follow, max-snippet:-1, max-image-preview:large, max-video-preview:-1\" \/>\n<link rel=\"canonical\" href=\"https:\/\/www.oarcanjo.net\/site\/batizados-do-dia-26-de-setembro-de-2010\/\" \/>\n<meta property=\"og:locale\" content=\"pt_BR\" \/>\n<meta property=\"og:type\" content=\"article\" \/>\n<meta property=\"og:title\" content=\"Batizados do dia 26 de setembro de 2010 - O Arcanjo no ar\" \/>\n<meta property=\"og:description\" content=\"Neste domingo, dia nacional da B\u00edblia, foram batizadas na Capela S\u00e3o Judas Tadeu, mais 16 crian\u00e7as: Anna Laura, Carolina, Catarina, Felipe, Fernando, Giovana, Guilherme, Julia, Luiza, Luiz Gustavo, Manuella, Maria Eduarda, Mariana, Miguel, Pietra e Valentina. Na Igreja S\u00e3o Miguel Arcanjo, tamb\u00e9m foi batizada Luiza. Ouvindo as sagradas leituras e comungado o P\u00e3o da Vida, [&hellip;]\" \/>\n<meta property=\"og:url\" content=\"https:\/\/www.oarcanjo.net\/site\/batizados-do-dia-26-de-setembro-de-2010\/\" \/>\n<meta property=\"og:site_name\" content=\"O Arcanjo no ar\" \/>\n<meta property=\"article:publisher\" content=\"https:\/\/www.facebook.com\/OArcanjoNoAr\/\" \/>\n<meta property=\"article:published_time\" content=\"2010-10-02T09:25:20+00:00\" \/>\n<meta property=\"article:modified_time\" content=\"2010-10-04T09:18:10+00:00\" \/>\n<meta property=\"og:image\" content=\"https:\/\/www.oarcanjo.net\/site\/wp-content\/uploads\/logo-o-arcanjo-no-ar-facebook.png\" \/>\n\t<meta property=\"og:image:width\" content=\"300\" \/>\n\t<meta property=\"og:image:height\" content=\"300\" \/>\n\t<meta property=\"og:image:type\" content=\"image\/png\" \/>\n<meta name=\"author\" content=\"editor\" \/>\n<meta name=\"twitter:card\" content=\"summary_large_image\" \/>\n<meta name=\"twitter:label1\" content=\"Escrito por\" \/>\n\t<meta name=\"twitter:data1\" content=\"editor\" \/>\n<script type=\"application\/ld+json\" class=\"yoast-schema-graph\">{\"@context\":\"https:\/\/schema.org\",\"@graph\":[{\"@type\":\"Article\",\"@id\":\"https:\/\/www.oarcanjo.net\/site\/batizados-do-dia-26-de-setembro-de-2010\/#article\",\"isPartOf\":{\"@id\":\"https:\/\/www.oarcanjo.net\/site\/batizados-do-dia-26-de-setembro-de-2010\/\"},\"author\":{\"name\":\"editor\",\"@id\":\"https:\/\/www.oarcanjo.net\/site\/#\/schema\/person\/f7024d007863202483a31326673a0838\"},\"headline\":\"Batizados do dia 26 de setembro de 2010\",\"datePublished\":\"2010-10-02T09:25:20+00:00\",\"dateModified\":\"2010-10-04T09:18:10+00:00\",\"mainEntityOfPage\":{\"@id\":\"https:\/\/www.oarcanjo.net\/site\/batizados-do-dia-26-de-setembro-de-2010\/\"},\"wordCount\":96,\"commentCount\":0,\"publisher\":{\"@id\":\"https:\/\/www.oarcanjo.net\/site\/#organization\"},\"keywords\":[\"batizado\"],\"articleSection\":[\"Destaques\",\"Not\u00edcias\",\"Rosto da comunidade\"],\"inLanguage\":\"pt-BR\",\"potentialAction\":[{\"@type\":\"CommentAction\",\"name\":\"Comment\",\"target\":[\"https:\/\/www.oarcanjo.net\/site\/batizados-do-dia-26-de-setembro-de-2010\/#respond\"]}]},{\"@type\":\"WebPage\",\"@id\":\"https:\/\/www.oarcanjo.net\/site\/batizados-do-dia-26-de-setembro-de-2010\/\",\"url\":\"https:\/\/www.oarcanjo.net\/site\/batizados-do-dia-26-de-setembro-de-2010\/\",\"name\":\"Batizados do dia 26 de setembro de 2010 - O Arcanjo no ar\",\"isPartOf\":{\"@id\":\"https:\/\/www.oarcanjo.net\/site\/#website\"},\"datePublished\":\"2010-10-02T09:25:20+00:00\",\"dateModified\":\"2010-10-04T09:18:10+00:00\",\"breadcrumb\":{\"@id\":\"https:\/\/www.oarcanjo.net\/site\/batizados-do-dia-26-de-setembro-de-2010\/#breadcrumb\"},\"inLanguage\":\"pt-BR\",\"potentialAction\":[{\"@type\":\"ReadAction\",\"target\":[\"https:\/\/www.oarcanjo.net\/site\/batizados-do-dia-26-de-setembro-de-2010\/\"]}]},{\"@type\":\"BreadcrumbList\",\"@id\":\"https:\/\/www.oarcanjo.net\/site\/batizados-do-dia-26-de-setembro-de-2010\/#breadcrumb\",\"itemListElement\":[{\"@type\":\"ListItem\",\"position\":1,\"name\":\"In\u00edcio\",\"item\":\"https:\/\/www.oarcanjo.net\/site\/\"},{\"@type\":\"ListItem\",\"position\":2,\"name\":\"Batizados do dia 26 de setembro de 2010\"}]},{\"@type\":\"WebSite\",\"@id\":\"https:\/\/www.oarcanjo.net\/site\/#website\",\"url\":\"https:\/\/www.oarcanjo.net\/site\/\",\"name\":\"O Arcanjo no ar\",\"description\":\"Site da Par\u00f3quia S\u00e3o Miguel Arcanjo (Arquidiocese de SP)\",\"publisher\":{\"@id\":\"https:\/\/www.oarcanjo.net\/site\/#organization\"},\"potentialAction\":[{\"@type\":\"SearchAction\",\"target\":{\"@type\":\"EntryPoint\",\"urlTemplate\":\"https:\/\/www.oarcanjo.net\/site\/?s={search_term_string}\"},\"query-input\":{\"@type\":\"PropertyValueSpecification\",\"valueRequired\":true,\"valueName\":\"search_term_string\"}}],\"inLanguage\":\"pt-BR\"},{\"@type\":\"Organization\",\"@id\":\"https:\/\/www.oarcanjo.net\/site\/#organization\",\"name\":\"Par\u00f3quia S\u00e3o Miguel Arcanjo\",\"url\":\"https:\/\/www.oarcanjo.net\/site\/\",\"logo\":{\"@type\":\"ImageObject\",\"inLanguage\":\"pt-BR\",\"@id\":\"https:\/\/www.oarcanjo.net\/site\/#\/schema\/logo\/image\/\",\"url\":\"https:\/\/www.oarcanjo.net\/site\/wp-content\/uploads\/LogoOArcanjo.png\",\"contentUrl\":\"https:\/\/www.oarcanjo.net\/site\/wp-content\/uploads\/LogoOArcanjo.png\",\"width\":319,\"height\":99,\"caption\":\"Par\u00f3quia S\u00e3o Miguel Arcanjo\"},\"image\":{\"@id\":\"https:\/\/www.oarcanjo.net\/site\/#\/schema\/logo\/image\/\"},\"sameAs\":[\"https:\/\/www.facebook.com\/OArcanjoNoAr\/\"]},{\"@type\":\"Person\",\"@id\":\"https:\/\/www.oarcanjo.net\/site\/#\/schema\/person\/f7024d007863202483a31326673a0838\",\"name\":\"editor\",\"sameAs\":[\"http:\/\/www.oarcanjo.net\"]}]}<\/script>\n<!-- \/ Yoast SEO plugin. -->","yoast_head_json":{"title":"Batizados do dia 26 de setembro de 2010 - O Arcanjo no ar","robots":{"index":"index","follow":"follow","max-snippet":"max-snippet:-1","max-image-preview":"max-image-preview:large","max-video-preview":"max-video-preview:-1"},"canonical":"https:\/\/www.oarcanjo.net\/site\/batizados-do-dia-26-de-setembro-de-2010\/","og_locale":"pt_BR","og_type":"article","og_title":"Batizados do dia 26 de setembro de 2010 - O Arcanjo no ar","og_description":"Neste domingo, dia nacional da B\u00edblia, foram batizadas na Capela S\u00e3o Judas Tadeu, mais 16 crian\u00e7as: Anna Laura, Carolina, Catarina, Felipe, Fernando, Giovana, Guilherme, Julia, Luiza, Luiz Gustavo, Manuella, Maria Eduarda, Mariana, Miguel, Pietra e Valentina. Na Igreja S\u00e3o Miguel Arcanjo, tamb\u00e9m foi batizada Luiza. Ouvindo as sagradas leituras e comungado o P\u00e3o da Vida, [&hellip;]","og_url":"https:\/\/www.oarcanjo.net\/site\/batizados-do-dia-26-de-setembro-de-2010\/","og_site_name":"O Arcanjo no ar","article_publisher":"https:\/\/www.facebook.com\/OArcanjoNoAr\/","article_published_time":"2010-10-02T09:25:20+00:00","article_modified_time":"2010-10-04T09:18:10+00:00","og_image":[{"width":300,"height":300,"url":"https:\/\/www.oarcanjo.net\/site\/wp-content\/uploads\/logo-o-arcanjo-no-ar-facebook.png","type":"image\/png"}],"author":"editor","twitter_card":"summary_large_image","twitter_misc":{"Escrito por":"editor"},"schema":{"@context":"https:\/\/schema.org","@graph":[{"@type":"Article","@id":"https:\/\/www.oarcanjo.net\/site\/batizados-do-dia-26-de-setembro-de-2010\/#article","isPartOf":{"@id":"https:\/\/www.oarcanjo.net\/site\/batizados-do-dia-26-de-setembro-de-2010\/"},"author":{"name":"editor","@id":"https:\/\/www.oarcanjo.net\/site\/#\/schema\/person\/f7024d007863202483a31326673a0838"},"headline":"Batizados do dia 26 de setembro de 2010","datePublished":"2010-10-02T09:25:20+00:00","dateModified":"2010-10-04T09:18:10+00:00","mainEntityOfPage":{"@id":"https:\/\/www.oarcanjo.net\/site\/batizados-do-dia-26-de-setembro-de-2010\/"},"wordCount":96,"commentCount":0,"publisher":{"@id":"https:\/\/www.oarcanjo.net\/site\/#organization"},"keywords":["batizado"],"articleSection":["Destaques","Not\u00edcias","Rosto da comunidade"],"inLanguage":"pt-BR","potentialAction":[{"@type":"CommentAction","name":"Comment","target":["https:\/\/www.oarcanjo.net\/site\/batizados-do-dia-26-de-setembro-de-2010\/#respond"]}]},{"@type":"WebPage","@id":"https:\/\/www.oarcanjo.net\/site\/batizados-do-dia-26-de-setembro-de-2010\/","url":"https:\/\/www.oarcanjo.net\/site\/batizados-do-dia-26-de-setembro-de-2010\/","name":"Batizados do dia 26 de setembro de 2010 - O Arcanjo no ar","isPartOf":{"@id":"https:\/\/www.oarcanjo.net\/site\/#website"},"datePublished":"2010-10-02T09:25:20+00:00","dateModified":"2010-10-04T09:18:10+00:00","breadcrumb":{"@id":"https:\/\/www.oarcanjo.net\/site\/batizados-do-dia-26-de-setembro-de-2010\/#breadcrumb"},"inLanguage":"pt-BR","potentialAction":[{"@type":"ReadAction","target":["https:\/\/www.oarcanjo.net\/site\/batizados-do-dia-26-de-setembro-de-2010\/"]}]},{"@type":"BreadcrumbList","@id":"https:\/\/www.oarcanjo.net\/site\/batizados-do-dia-26-de-setembro-de-2010\/#breadcrumb","itemListElement":[{"@type":"ListItem","position":1,"name":"In\u00edcio","item":"https:\/\/www.oarcanjo.net\/site\/"},{"@type":"ListItem","position":2,"name":"Batizados do dia 26 de setembro de 2010"}]},{"@type":"WebSite","@id":"https:\/\/www.oarcanjo.net\/site\/#website","url":"https:\/\/www.oarcanjo.net\/site\/","name":"O Arcanjo no ar","description":"Site da Par\u00f3quia S\u00e3o Miguel Arcanjo (Arquidiocese de SP)","publisher":{"@id":"https:\/\/www.oarcanjo.net\/site\/#organization"},"potentialAction":[{"@type":"SearchAction","target":{"@type":"EntryPoint","urlTemplate":"https:\/\/www.oarcanjo.net\/site\/?s={search_term_string}"},"query-input":{"@type":"PropertyValueSpecification","valueRequired":true,"valueName":"search_term_string"}}],"inLanguage":"pt-BR"},{"@type":"Organization","@id":"https:\/\/www.oarcanjo.net\/site\/#organization","name":"Par\u00f3quia S\u00e3o Miguel Arcanjo","url":"https:\/\/www.oarcanjo.net\/site\/","logo":{"@type":"ImageObject","inLanguage":"pt-BR","@id":"https:\/\/www.oarcanjo.net\/site\/#\/schema\/logo\/image\/","url":"https:\/\/www.oarcanjo.net\/site\/wp-content\/uploads\/LogoOArcanjo.png","contentUrl":"https:\/\/www.oarcanjo.net\/site\/wp-content\/uploads\/LogoOArcanjo.png","width":319,"height":99,"caption":"Par\u00f3quia S\u00e3o Miguel Arcanjo"},"image":{"@id":"https:\/\/www.oarcanjo.net\/site\/#\/schema\/logo\/image\/"},"sameAs":["https:\/\/www.facebook.com\/OArcanjoNoAr\/"]},{"@type":"Person","@id":"https:\/\/www.oarcanjo.net\/site\/#\/schema\/person\/f7024d007863202483a31326673a0838","name":"editor","sameAs":["http:\/\/www.oarcanjo.net"]}]}},"publishpress_future_action":{"enabled":false,"date":"2026-05-07 11:46:16","action":"category","newStatus":"draft","terms":[],"taxonomy":"category"},"publishpress_future_workflow_manual_trigger":{"enabledWorkflows":[]},"_links":{"self":[{"href":"https:\/\/www.oarcanjo.net\/site\/wp-json\/wp\/v2\/posts\/11135"}],"collection":[{"href":"https:\/\/www.oarcanjo.net\/site\/wp-json\/wp\/v2\/posts"}],"about":[{"href":"https:\/\/www.oarcanjo.net\/site\/wp-json\/wp\/v2\/types\/post"}],"author":[{"embeddable":true,"href":"https:\/\/www.oarcanjo.net\/site\/wp-json\/wp\/v2\/users\/5"}],"replies":[{"embeddable":true,"href":"https:\/\/www.oarcanjo.net\/site\/wp-json\/wp\/v2\/comments?post=11135"}],"version-history":[{"count":0,"href":"https:\/\/www.oarcanjo.net\/site\/wp-json\/wp\/v2\/posts\/11135\/revisions"}],"wp:attachment":[{"href":"https:\/\/www.oarcanjo.net\/site\/wp-json\/wp\/v2\/media?parent=11135"}],"wp:term":[{"taxonomy":"category","embeddable":true,"href":"https:\/\/www.oarcanjo.net\/site\/wp-json\/wp\/v2\/categories?post=11135"},{"taxonomy":"post_tag","embeddable":true,"href":"https:\/\/www.oarcanjo.net\/site\/wp-json\/wp\/v2\/tags?post=11135"}],"curies":[{"name":"wp","href":"https:\/\/api.w.org\/{rel}","templated":true}]}}