
{"id":11197,"date":"2017-10-06T00:39:35","date_gmt":"2017-10-06T03:39:35","guid":{"rendered":"http:\/\/www.oarcanjo.net\/site\/?p=11197"},"modified":"2017-07-31T16:10:03","modified_gmt":"2017-07-31T19:10:03","slug":"sao-bruno","status":"publish","type":"post","link":"https:\/\/www.oarcanjo.net\/site\/sao-bruno\/","title":{"rendered":"S\u00e3o Bruno"},"content":{"rendered":"<p><img decoding=\"async\" src=\"http:\/\/www.tudook.com\/portalcatolico\/images\/sbruno1.jpg\" alt=\"\" \/><\/p>\n<p>6 de Outubro<\/p>\n<p>Fundou a Ordem dos monges Cartuxos<\/p>\n<p>Em meados do primeiro mil\u00eanio depois de Cristo, Hugo, o bispo da diocese francesa de Grenoble, sonhou certa vez com sete estrelas que brilhavam sobre um lugar escuro, muito deserto. Achou estranho. Algum tempo depois, foi procurado por sete nobres e ricos, que queriam converter-se \u00e0 vida religiosa e buscavam sua orienta\u00e7\u00e3o, por causa da santidade e do prest\u00edgio do bispo.<\/p>\n<p>Hugo, reconhecendo na situa\u00e7\u00e3o o sonho que tivera, ouviu-os com aten\u00e7\u00e3o e ofereceu-lhes fazer sua obra num lugar de dif\u00edcil acesso, solit\u00e1rio, \u00e1rido e in\u00f3spito. Assim, tiveram todo o seu apoio episcopal. Esses homens buscavam apenas o total sil\u00eancio e solid\u00e3o para orar e meditar. Tudo o que desejavam, ou seja, queriam atingir a eleva\u00e7\u00e3o espiritual, cortando definitivamente as rela\u00e7\u00f5es com as coisas mundanas. Eles eram Bruno e seus primeiros seis seguidores e a ordem que fundaram foi a dos monges cartuxos.<\/p>\n<p>Bruno era um nobre e rico fidalgo alem\u00e3o, que nasceu e cresceu na bela cidade de Col\u00f4nia. Sua fam\u00edlia era conhecida pela piedade e fervorosa devo\u00e7\u00e3o crist\u00e3. Cedo aquele jovem elegante resolveu abandonar a vida de vaidades e prazeres, que considerava in\u00fatil, sem sentido e improdutiva. Como era prop\u00edcio \u00e0 nobreza, foi estudar na Fran\u00e7a e It\u00e1lia. No primeiro pa\u00eds concluiu os estudos na escola da diocese de Reims, onde tamb\u00e9m se ordenou e posteriormente lecionou teologia. Como aluno, teve at\u00e9 mesmo um futuro papa.<\/p>\n<p>Mas tamb\u00e9m conhecia a fama de santidade do bispo de Grenoble, por isso decidiu procur\u00e1-lo. Assim, no lugar indicado por ele, Bruno liderou a constru\u00e7\u00e3o da primeira Casa de Ora\u00e7\u00e3o, com pequenas celas ao redor. Nascia a Ordem dos monges Cartuxos, cujas Regras foram aprovadas em 1176, mas ele j\u00e1 havia morrido. L\u00e1, ele e seus disc\u00edpulos se obrigaram ao sil\u00eancio permanente e absoluto. Oravam, trabalhavam, repousavam e comiam, mas no mais absoluto e total sil\u00eancio.<\/p>\n<p>Em 1090, o sumo pont\u00edfice era seu ex-aluno, que, tomando o nome de papa Urbano II, chamou Bruno para ser seu conselheiro. Ele, devendo obedi\u00eancia, abandonou aquele lugar ermo que amava profundamente. Por\u00e9m n\u00e3o resistiu muito em Roma. Logo obteve aprova\u00e7\u00e3o do papa para construir seu mosteiro de Grenoble e tamb\u00e9m a autoriza\u00e7\u00e3o para fundar outra Casa da Ordem dos Cartuxos, na Cal\u00e1bria, num local ermo chamado bosque de La Torre, hoje chamado Serra de S\u00e3o Bruno, prov\u00edncia de Vito Valentia.<\/p>\n<p>Viveu assim recolhido at\u00e9 que adoeceu gravemente. Chamou, ent\u00e3o, os irm\u00e3os e fez uma confiss\u00e3o p\u00fablica da sua vida e reiterou a profiss\u00e3o da sua f\u00e9, entregando o esp\u00edrito a Deus em 6 de outubro de 1101. Gozando de fama de santidade, seu culto ganhou novo impulso em 1515. Na ocasi\u00e3o, o seu corpo, enterrado no cemit\u00e9rio no Convento de La Torre, foi exumado e encontrado completamente intacto, tendo, assim, sua celebra\u00e7\u00e3o confirmada. Em 1623, o papa Greg\u00f3rio XV declarou Bruno santo da Igreja.<\/p>\n<p>Seguindo o carisma de seu fundador, a Ordem dos Cartuxos \u00e9 uma das mais austeras da Igreja Cat\u00f3lica e seguiu assim ao longo dos tempos, como ele mesmo previu: &#8220;Nunca ser\u00e1 reformada, porque nunca ser\u00e1 deformada&#8221;. Entretanto, atualmente, conta apenas com dezenove mosteiros espalhados pelo mundo todo.<\/p>\n<table border=\"0\" width=\"600\">\n<tbody>\n<tr>\n<td align=\"center\">\n<h2>A realidade da Ordem da Cartuxa<\/h2>\n<\/td>\n<\/tr>\n<\/tbody>\n<\/table>\n<div>\n<table border=\"0\" cellpadding=\"20\" width=\"600\">\n<tbody>\n<tr>\n<td width=\"20%\" align=\"center\"><img loading=\"lazy\" decoding=\"async\" src=\"http:\/\/www.chartreux.org\/images\/rapide\/prie_sol.jpg\" alt=\"\" width=\"124\" height=\"186\" \/><\/td>\n<td width=\"39%\" align=\"center\">Os Cartuxos formam uma Ordem milenar, fundada por S\u00e3o Bruno.<\/p>\n<p>Hoje em dia, comp\u00f5e-se de cerca de 450 monges e monjas que levam uma vida solit\u00e1ria no cora\u00e7\u00e3o da Igreja, e inclui 24 casas distribu\u00eddas em tr\u00eas continentes, vivendo a mesma voca\u00e7\u00e3o contemplativa.<\/td>\n<td width=\"20%\" align=\"center\"><img loading=\"lazy\" decoding=\"async\" src=\"http:\/\/www.chartreux.org\/images\/rapide\/moniale.jpg\" alt=\"\" width=\"124\" height=\"181\" \/><\/td>\n<\/tr>\n<\/tbody>\n<\/table>\n<\/div>\n<p>Como todos os monges, os cartuxos consagram sua vida inteira \u00e0 ora\u00e7\u00e3o, para trabalhar por sua salva\u00e7\u00e3o e pela de toda a Igreja. Esta ordem contemplativa se ap\u00f3ia de maneira particular sobre tr\u00eas elementos:<\/p>\n<ul>\n<li>a solid\u00e3o;<\/li>\n<li>certa combina\u00e7\u00e3o de vida solit\u00e1ria e de vida comunit\u00e1ria;<\/li>\n<li>a liturgia cartusiana.\n<p>A solid\u00e3o implica a separa\u00e7\u00e3o do mundo. Assegurada pela clausura, esta solid\u00e3o se concretiza, entre outros modos, em:<\/p>\n<blockquote><p>&#8211; Uma sa\u00edda por semana, para o Passeio;<\/p>\n<p>&#8211; Car\u00eancia de visitas;<\/p>\n<p>&#8211; Sem apostolado exterior;<\/p>\n<p>&#8211; N\u00e3o h\u00e1 r\u00e1dio nem televis\u00e3o.<\/p><\/blockquote>\n<\/li>\n<li>\n<blockquote>\n<table border=\"0\" width=\"90%\">\n<tbody>\n<tr>\n<td width=\"45%\" align=\"center\">Conquanto os cartuxos estejam apartados do mundo, n\u00e3o vivem s\u00f3 do esp\u00edrito. Tamb\u00e9m eles se v\u00eaem na necessidade de responder aos reclamos da humana natureza, ainda que com austeridade.<\/p>\n<p>Os Irm\u00e3os se encarregam de uma grande parte destas tarefas. Aos sacerdotes tamb\u00e9m est\u00e1 reservada uma parte destas tarefas, tanto para ajudar a cobrir as necessidades materiais como para fomentar um bom equil\u00edbrio corporal.<\/td>\n<td width=\"33%\">\n<blockquote><p><img loading=\"lazy\" decoding=\"async\" src=\"http:\/\/www.chartreux.org\/images\/rapide\/travail_manu.jpg\" alt=\"\" width=\"200\" height=\"133\" \/><\/p><\/blockquote>\n<p>As rendas da Ordem est\u00e3o em boa parte asseguradas pela comercializa\u00e7\u00e3o do licor, mas tamb\u00e9m pelos produtos de artesanato provenientes de algumas das casas.<\/td>\n<\/tr>\n<\/tbody>\n<\/table>\n<\/blockquote>\n<\/li>\n<\/ul>\n<div id=\"themify_builder_content-11197\" data-postid=\"11197\" class=\"themify_builder_content themify_builder_content-11197 themify_builder themify_builder_front\">\n\t<\/div>\n<!-- \/themify_builder_content -->","protected":false},"excerpt":{"rendered":"<p>6 de Outubro Fundou a Ordem dos monges Cartuxos Em meados do primeiro mil\u00eanio depois de Cristo, Hugo, o bispo da diocese francesa de Grenoble, sonhou certa vez com sete estrelas que brilhavam sobre um lugar escuro, muito deserto. Achou estranho. Algum tempo depois, foi procurado por sete nobres e ricos, que queriam converter-se \u00e0 [&hellip;]<\/p>\n","protected":false},"author":14,"featured_media":0,"comment_status":"open","ping_status":"open","sticky":false,"template":"","format":"standard","meta":{"ngg_post_thumbnail":0,"footnotes":""},"categories":[186],"tags":[],"yoast_head":"<!-- This site is optimized with the Yoast SEO plugin v23.5 - https:\/\/yoast.com\/wordpress\/plugins\/seo\/ -->\n<title>S\u00e3o Bruno - O Arcanjo no ar<\/title>\n<meta name=\"robots\" content=\"index, follow, max-snippet:-1, max-image-preview:large, max-video-preview:-1\" \/>\n<link rel=\"canonical\" href=\"https:\/\/www.oarcanjo.net\/site\/sao-bruno\/\" \/>\n<meta property=\"og:locale\" content=\"pt_BR\" \/>\n<meta property=\"og:type\" content=\"article\" \/>\n<meta property=\"og:title\" content=\"S\u00e3o Bruno - O Arcanjo no ar\" \/>\n<meta property=\"og:description\" content=\"6 de Outubro Fundou a Ordem dos monges Cartuxos Em meados do primeiro mil\u00eanio depois de Cristo, Hugo, o bispo da diocese francesa de Grenoble, sonhou certa vez com sete estrelas que brilhavam sobre um lugar escuro, muito deserto. Achou estranho. Algum tempo depois, foi procurado por sete nobres e ricos, que queriam converter-se \u00e0 [&hellip;]\" \/>\n<meta property=\"og:url\" content=\"https:\/\/www.oarcanjo.net\/site\/sao-bruno\/\" \/>\n<meta property=\"og:site_name\" content=\"O Arcanjo no ar\" \/>\n<meta property=\"article:publisher\" content=\"https:\/\/www.facebook.com\/OArcanjoNoAr\/\" \/>\n<meta property=\"article:published_time\" content=\"2017-10-06T03:39:35+00:00\" \/>\n<meta property=\"article:modified_time\" content=\"2017-07-31T19:10:03+00:00\" \/>\n<meta property=\"og:image\" content=\"http:\/\/www.tudook.com\/portalcatolico\/images\/sbruno1.jpg\" \/>\n<meta name=\"author\" content=\"danilo\" \/>\n<meta name=\"twitter:card\" content=\"summary_large_image\" \/>\n<meta name=\"twitter:label1\" content=\"Escrito por\" \/>\n\t<meta name=\"twitter:data1\" content=\"danilo\" \/>\n\t<meta name=\"twitter:label2\" content=\"Est. tempo de leitura\" \/>\n\t<meta name=\"twitter:data2\" content=\"4 minutos\" \/>\n<script type=\"application\/ld+json\" class=\"yoast-schema-graph\">{\"@context\":\"https:\/\/schema.org\",\"@graph\":[{\"@type\":\"Article\",\"@id\":\"https:\/\/www.oarcanjo.net\/site\/sao-bruno\/#article\",\"isPartOf\":{\"@id\":\"https:\/\/www.oarcanjo.net\/site\/sao-bruno\/\"},\"author\":{\"name\":\"danilo\",\"@id\":\"https:\/\/www.oarcanjo.net\/site\/#\/schema\/person\/5eb9480bedd2f3c97e430ce128c29c6c\"},\"headline\":\"S\u00e3o Bruno\",\"datePublished\":\"2017-10-06T03:39:35+00:00\",\"dateModified\":\"2017-07-31T19:10:03+00:00\",\"mainEntityOfPage\":{\"@id\":\"https:\/\/www.oarcanjo.net\/site\/sao-bruno\/\"},\"wordCount\":822,\"commentCount\":1,\"publisher\":{\"@id\":\"https:\/\/www.oarcanjo.net\/site\/#organization\"},\"image\":{\"@id\":\"https:\/\/www.oarcanjo.net\/site\/sao-bruno\/#primaryimage\"},\"thumbnailUrl\":\"http:\/\/www.tudook.com\/portalcatolico\/images\/sbruno1.jpg\",\"articleSection\":[\"Testemunhos\"],\"inLanguage\":\"pt-BR\",\"potentialAction\":[{\"@type\":\"CommentAction\",\"name\":\"Comment\",\"target\":[\"https:\/\/www.oarcanjo.net\/site\/sao-bruno\/#respond\"]}]},{\"@type\":\"WebPage\",\"@id\":\"https:\/\/www.oarcanjo.net\/site\/sao-bruno\/\",\"url\":\"https:\/\/www.oarcanjo.net\/site\/sao-bruno\/\",\"name\":\"S\u00e3o Bruno - O Arcanjo no ar\",\"isPartOf\":{\"@id\":\"https:\/\/www.oarcanjo.net\/site\/#website\"},\"primaryImageOfPage\":{\"@id\":\"https:\/\/www.oarcanjo.net\/site\/sao-bruno\/#primaryimage\"},\"image\":{\"@id\":\"https:\/\/www.oarcanjo.net\/site\/sao-bruno\/#primaryimage\"},\"thumbnailUrl\":\"http:\/\/www.tudook.com\/portalcatolico\/images\/sbruno1.jpg\",\"datePublished\":\"2017-10-06T03:39:35+00:00\",\"dateModified\":\"2017-07-31T19:10:03+00:00\",\"breadcrumb\":{\"@id\":\"https:\/\/www.oarcanjo.net\/site\/sao-bruno\/#breadcrumb\"},\"inLanguage\":\"pt-BR\",\"potentialAction\":[{\"@type\":\"ReadAction\",\"target\":[\"https:\/\/www.oarcanjo.net\/site\/sao-bruno\/\"]}]},{\"@type\":\"ImageObject\",\"inLanguage\":\"pt-BR\",\"@id\":\"https:\/\/www.oarcanjo.net\/site\/sao-bruno\/#primaryimage\",\"url\":\"http:\/\/www.tudook.com\/portalcatolico\/images\/sbruno1.jpg\",\"contentUrl\":\"http:\/\/www.tudook.com\/portalcatolico\/images\/sbruno1.jpg\"},{\"@type\":\"BreadcrumbList\",\"@id\":\"https:\/\/www.oarcanjo.net\/site\/sao-bruno\/#breadcrumb\",\"itemListElement\":[{\"@type\":\"ListItem\",\"position\":1,\"name\":\"In\u00edcio\",\"item\":\"https:\/\/www.oarcanjo.net\/site\/\"},{\"@type\":\"ListItem\",\"position\":2,\"name\":\"S\u00e3o Bruno\"}]},{\"@type\":\"WebSite\",\"@id\":\"https:\/\/www.oarcanjo.net\/site\/#website\",\"url\":\"https:\/\/www.oarcanjo.net\/site\/\",\"name\":\"O Arcanjo no ar\",\"description\":\"Site da Par\u00f3quia S\u00e3o Miguel Arcanjo (Arquidiocese de SP)\",\"publisher\":{\"@id\":\"https:\/\/www.oarcanjo.net\/site\/#organization\"},\"potentialAction\":[{\"@type\":\"SearchAction\",\"target\":{\"@type\":\"EntryPoint\",\"urlTemplate\":\"https:\/\/www.oarcanjo.net\/site\/?s={search_term_string}\"},\"query-input\":{\"@type\":\"PropertyValueSpecification\",\"valueRequired\":true,\"valueName\":\"search_term_string\"}}],\"inLanguage\":\"pt-BR\"},{\"@type\":\"Organization\",\"@id\":\"https:\/\/www.oarcanjo.net\/site\/#organization\",\"name\":\"Par\u00f3quia S\u00e3o Miguel Arcanjo\",\"url\":\"https:\/\/www.oarcanjo.net\/site\/\",\"logo\":{\"@type\":\"ImageObject\",\"inLanguage\":\"pt-BR\",\"@id\":\"https:\/\/www.oarcanjo.net\/site\/#\/schema\/logo\/image\/\",\"url\":\"https:\/\/www.oarcanjo.net\/site\/wp-content\/uploads\/LogoOArcanjo.png\",\"contentUrl\":\"https:\/\/www.oarcanjo.net\/site\/wp-content\/uploads\/LogoOArcanjo.png\",\"width\":319,\"height\":99,\"caption\":\"Par\u00f3quia S\u00e3o Miguel Arcanjo\"},\"image\":{\"@id\":\"https:\/\/www.oarcanjo.net\/site\/#\/schema\/logo\/image\/\"},\"sameAs\":[\"https:\/\/www.facebook.com\/OArcanjoNoAr\/\"]},{\"@type\":\"Person\",\"@id\":\"https:\/\/www.oarcanjo.net\/site\/#\/schema\/person\/5eb9480bedd2f3c97e430ce128c29c6c\",\"name\":\"danilo\"}]}<\/script>\n<!-- \/ Yoast SEO plugin. -->","yoast_head_json":{"title":"S\u00e3o Bruno - O Arcanjo no ar","robots":{"index":"index","follow":"follow","max-snippet":"max-snippet:-1","max-image-preview":"max-image-preview:large","max-video-preview":"max-video-preview:-1"},"canonical":"https:\/\/www.oarcanjo.net\/site\/sao-bruno\/","og_locale":"pt_BR","og_type":"article","og_title":"S\u00e3o Bruno - O Arcanjo no ar","og_description":"6 de Outubro Fundou a Ordem dos monges Cartuxos Em meados do primeiro mil\u00eanio depois de Cristo, Hugo, o bispo da diocese francesa de Grenoble, sonhou certa vez com sete estrelas que brilhavam sobre um lugar escuro, muito deserto. Achou estranho. Algum tempo depois, foi procurado por sete nobres e ricos, que queriam converter-se \u00e0 [&hellip;]","og_url":"https:\/\/www.oarcanjo.net\/site\/sao-bruno\/","og_site_name":"O Arcanjo no ar","article_publisher":"https:\/\/www.facebook.com\/OArcanjoNoAr\/","article_published_time":"2017-10-06T03:39:35+00:00","article_modified_time":"2017-07-31T19:10:03+00:00","og_image":[{"url":"http:\/\/www.tudook.com\/portalcatolico\/images\/sbruno1.jpg"}],"author":"danilo","twitter_card":"summary_large_image","twitter_misc":{"Escrito por":"danilo","Est. tempo de leitura":"4 minutos"},"schema":{"@context":"https:\/\/schema.org","@graph":[{"@type":"Article","@id":"https:\/\/www.oarcanjo.net\/site\/sao-bruno\/#article","isPartOf":{"@id":"https:\/\/www.oarcanjo.net\/site\/sao-bruno\/"},"author":{"name":"danilo","@id":"https:\/\/www.oarcanjo.net\/site\/#\/schema\/person\/5eb9480bedd2f3c97e430ce128c29c6c"},"headline":"S\u00e3o Bruno","datePublished":"2017-10-06T03:39:35+00:00","dateModified":"2017-07-31T19:10:03+00:00","mainEntityOfPage":{"@id":"https:\/\/www.oarcanjo.net\/site\/sao-bruno\/"},"wordCount":822,"commentCount":1,"publisher":{"@id":"https:\/\/www.oarcanjo.net\/site\/#organization"},"image":{"@id":"https:\/\/www.oarcanjo.net\/site\/sao-bruno\/#primaryimage"},"thumbnailUrl":"http:\/\/www.tudook.com\/portalcatolico\/images\/sbruno1.jpg","articleSection":["Testemunhos"],"inLanguage":"pt-BR","potentialAction":[{"@type":"CommentAction","name":"Comment","target":["https:\/\/www.oarcanjo.net\/site\/sao-bruno\/#respond"]}]},{"@type":"WebPage","@id":"https:\/\/www.oarcanjo.net\/site\/sao-bruno\/","url":"https:\/\/www.oarcanjo.net\/site\/sao-bruno\/","name":"S\u00e3o Bruno - O Arcanjo no ar","isPartOf":{"@id":"https:\/\/www.oarcanjo.net\/site\/#website"},"primaryImageOfPage":{"@id":"https:\/\/www.oarcanjo.net\/site\/sao-bruno\/#primaryimage"},"image":{"@id":"https:\/\/www.oarcanjo.net\/site\/sao-bruno\/#primaryimage"},"thumbnailUrl":"http:\/\/www.tudook.com\/portalcatolico\/images\/sbruno1.jpg","datePublished":"2017-10-06T03:39:35+00:00","dateModified":"2017-07-31T19:10:03+00:00","breadcrumb":{"@id":"https:\/\/www.oarcanjo.net\/site\/sao-bruno\/#breadcrumb"},"inLanguage":"pt-BR","potentialAction":[{"@type":"ReadAction","target":["https:\/\/www.oarcanjo.net\/site\/sao-bruno\/"]}]},{"@type":"ImageObject","inLanguage":"pt-BR","@id":"https:\/\/www.oarcanjo.net\/site\/sao-bruno\/#primaryimage","url":"http:\/\/www.tudook.com\/portalcatolico\/images\/sbruno1.jpg","contentUrl":"http:\/\/www.tudook.com\/portalcatolico\/images\/sbruno1.jpg"},{"@type":"BreadcrumbList","@id":"https:\/\/www.oarcanjo.net\/site\/sao-bruno\/#breadcrumb","itemListElement":[{"@type":"ListItem","position":1,"name":"In\u00edcio","item":"https:\/\/www.oarcanjo.net\/site\/"},{"@type":"ListItem","position":2,"name":"S\u00e3o Bruno"}]},{"@type":"WebSite","@id":"https:\/\/www.oarcanjo.net\/site\/#website","url":"https:\/\/www.oarcanjo.net\/site\/","name":"O Arcanjo no ar","description":"Site da Par\u00f3quia S\u00e3o Miguel Arcanjo (Arquidiocese de SP)","publisher":{"@id":"https:\/\/www.oarcanjo.net\/site\/#organization"},"potentialAction":[{"@type":"SearchAction","target":{"@type":"EntryPoint","urlTemplate":"https:\/\/www.oarcanjo.net\/site\/?s={search_term_string}"},"query-input":{"@type":"PropertyValueSpecification","valueRequired":true,"valueName":"search_term_string"}}],"inLanguage":"pt-BR"},{"@type":"Organization","@id":"https:\/\/www.oarcanjo.net\/site\/#organization","name":"Par\u00f3quia S\u00e3o Miguel Arcanjo","url":"https:\/\/www.oarcanjo.net\/site\/","logo":{"@type":"ImageObject","inLanguage":"pt-BR","@id":"https:\/\/www.oarcanjo.net\/site\/#\/schema\/logo\/image\/","url":"https:\/\/www.oarcanjo.net\/site\/wp-content\/uploads\/LogoOArcanjo.png","contentUrl":"https:\/\/www.oarcanjo.net\/site\/wp-content\/uploads\/LogoOArcanjo.png","width":319,"height":99,"caption":"Par\u00f3quia S\u00e3o Miguel Arcanjo"},"image":{"@id":"https:\/\/www.oarcanjo.net\/site\/#\/schema\/logo\/image\/"},"sameAs":["https:\/\/www.facebook.com\/OArcanjoNoAr\/"]},{"@type":"Person","@id":"https:\/\/www.oarcanjo.net\/site\/#\/schema\/person\/5eb9480bedd2f3c97e430ce128c29c6c","name":"danilo"}]}},"publishpress_future_action":{"enabled":false,"date":"2026-05-08 22:30:16","action":"category","newStatus":"draft","terms":[],"taxonomy":"category"},"publishpress_future_workflow_manual_trigger":{"enabledWorkflows":[]},"_links":{"self":[{"href":"https:\/\/www.oarcanjo.net\/site\/wp-json\/wp\/v2\/posts\/11197"}],"collection":[{"href":"https:\/\/www.oarcanjo.net\/site\/wp-json\/wp\/v2\/posts"}],"about":[{"href":"https:\/\/www.oarcanjo.net\/site\/wp-json\/wp\/v2\/types\/post"}],"author":[{"embeddable":true,"href":"https:\/\/www.oarcanjo.net\/site\/wp-json\/wp\/v2\/users\/14"}],"replies":[{"embeddable":true,"href":"https:\/\/www.oarcanjo.net\/site\/wp-json\/wp\/v2\/comments?post=11197"}],"version-history":[{"count":0,"href":"https:\/\/www.oarcanjo.net\/site\/wp-json\/wp\/v2\/posts\/11197\/revisions"}],"wp:attachment":[{"href":"https:\/\/www.oarcanjo.net\/site\/wp-json\/wp\/v2\/media?parent=11197"}],"wp:term":[{"taxonomy":"category","embeddable":true,"href":"https:\/\/www.oarcanjo.net\/site\/wp-json\/wp\/v2\/categories?post=11197"},{"taxonomy":"post_tag","embeddable":true,"href":"https:\/\/www.oarcanjo.net\/site\/wp-json\/wp\/v2\/tags?post=11197"}],"curies":[{"name":"wp","href":"https:\/\/api.w.org\/{rel}","templated":true}]}}