
{"id":11201,"date":"2017-10-07T08:48:22","date_gmt":"2017-10-07T11:48:22","guid":{"rendered":"http:\/\/www.oarcanjo.net\/site\/?p=11201"},"modified":"2017-07-31T16:10:07","modified_gmt":"2017-07-31T19:10:07","slug":"santa-osita","status":"publish","type":"post","link":"https:\/\/www.oarcanjo.net\/site\/santa-osita\/","title":{"rendered":"Santa Osita"},"content":{"rendered":"<p><img loading=\"lazy\" decoding=\"async\" class=\"alignnone size-full wp-image-52481\" src=\"http:\/\/www.oarcanjo.net\/site\/wp-content\/uploads\/Santa-Osita.jpg\" alt=\"Santa Osita\" width=\"250\" height=\"350\" srcset=\"https:\/\/www.oarcanjo.net\/site\/wp-content\/uploads\/Santa-Osita.jpg 250w, https:\/\/www.oarcanjo.net\/site\/wp-content\/uploads\/Santa-Osita-214x300.jpg 214w\" sizes=\"(max-width: 250px) 100vw, 250px\" \/><\/p>\n<p>7 de Outubro<\/p>\n<p>Era o s\u00e9culo VII. Osita nascia na Casa dos Essex, nobreza inglesa. Seu pai era o rei Fredevardo, crist\u00e3o, piedoso e muito caridoso. A menina foi educada na tenra idade pelos pais dentro dos rigores da nobreza e no seguimento de Cristo. Mas depois eles a entregaram aos cuidados das irm\u00e3s beneditinas, que cuidaram tanto da forma\u00e7\u00e3o espiritual como intelectual. Posteriormente, o rei a chamou de volta para a vida da Corte, mundana e fr\u00edvola, mas necess\u00e1ria.<\/p>\n<p>Costume na \u00e9poca, os casamentos eram arranjados em acordos entre as casas reais, para fortalecer o poder e at\u00e9 mesmo para poder mant\u00ea-lo. Tal era o destino da bela e jovem princesa Osita. Obedecendo \u00e0s regras sociais e pol\u00edticas da \u00e9poca, deveria casar-se, com o filho do l\u00edder dos sax\u00f5es, o pr\u00edncipe Sigero, ele tamb\u00e9m muito piedoso e casto.<\/p>\n<p>Apesar de obrigada a obedecer, ela lutou muito para tentar manter sua virgindade consagrada somente a Cristo, como havia feito em votos particulares, com autoriza\u00e7\u00e3o do seu confessor. Mas a press\u00e3o familiar foi maior e ela teve de cumprir aquele contrato entre poderes, t\u00edtulos e fortunas.<\/p>\n<p>Mesmo assim, n\u00e3o perdeu a f\u00e9. Durante a solenidade do pomposo casamento real, Osita rezou para que um milagre acontecesse. E conta a tradi\u00e7\u00e3o que ela foi ouvida, pois o marido atendeu seu pedido e mantiveram-se casados como irm\u00e3os.<\/p>\n<p>Entretanto, na primeira viagem feita pelo marido, que o obrigou a ausentar-se por algum tempo do castelo, Osita o surpreendeu no seu retorno. Ela havia cortado seus belos cabelos, trocado suas roupas por um h\u00e1bito beneditino e feito do pal\u00e1cio um convento. Sigero, embora surpreso, permitiu que ela continuasse reclusa e mandou construir um novo convento para ela, do qual se tornou abadessa, sendo muito procurado por jovens da nobreza que desejavam ser suas seguidoras.<\/p>\n<p>Osita, por\u00e9m, n\u00e3o teve sossego. Anos depois, quando piratas dinamarqueses invadiram e saquearam a Inglaterra, Sigero foi morto e o seu convento n\u00e3o foi poupado. O l\u00edder dos invasores encantou-se com a sua beleza e, quando soube que ela era uma princesa, insistiu para Osita entregar-se a ele. Depois de seguidas recusas, friamente ele mesmo atravessou seu peito com a espada.<\/p>\n<p>Nos anos seguintes, o t\u00famulo de Osita foi lugar de uma intensa peregrina\u00e7\u00e3o, pois milagres aconteciam e foram comprovados. Assim, a Igreja autorizou o seu culto e manteve a data da tradicional celebra\u00e7\u00e3o em 7 de outubro.<\/p>\n<div id=\"themify_builder_content-11201\" data-postid=\"11201\" class=\"themify_builder_content themify_builder_content-11201 themify_builder themify_builder_front\">\n\t<\/div>\n<!-- \/themify_builder_content -->","protected":false},"excerpt":{"rendered":"<p>7 de Outubro Era o s\u00e9culo VII. Osita nascia na Casa dos Essex, nobreza inglesa. Seu pai era o rei Fredevardo, crist\u00e3o, piedoso e muito caridoso. A menina foi educada na tenra idade pelos pais dentro dos rigores da nobreza e no seguimento de Cristo. Mas depois eles a entregaram aos cuidados das irm\u00e3s beneditinas, [&hellip;]<\/p>\n","protected":false},"author":14,"featured_media":0,"comment_status":"open","ping_status":"open","sticky":false,"template":"","format":"standard","meta":{"ngg_post_thumbnail":0,"footnotes":""},"categories":[186],"tags":[],"yoast_head":"<!-- This site is optimized with the Yoast SEO plugin v23.5 - https:\/\/yoast.com\/wordpress\/plugins\/seo\/ -->\n<title>Santa Osita - O Arcanjo no ar<\/title>\n<meta name=\"robots\" content=\"index, follow, max-snippet:-1, max-image-preview:large, max-video-preview:-1\" \/>\n<link rel=\"canonical\" href=\"https:\/\/www.oarcanjo.net\/site\/santa-osita\/\" \/>\n<meta property=\"og:locale\" content=\"pt_BR\" \/>\n<meta property=\"og:type\" content=\"article\" \/>\n<meta property=\"og:title\" content=\"Santa Osita - O Arcanjo no ar\" \/>\n<meta property=\"og:description\" content=\"7 de Outubro Era o s\u00e9culo VII. Osita nascia na Casa dos Essex, nobreza inglesa. Seu pai era o rei Fredevardo, crist\u00e3o, piedoso e muito caridoso. A menina foi educada na tenra idade pelos pais dentro dos rigores da nobreza e no seguimento de Cristo. Mas depois eles a entregaram aos cuidados das irm\u00e3s beneditinas, [&hellip;]\" \/>\n<meta property=\"og:url\" content=\"https:\/\/www.oarcanjo.net\/site\/santa-osita\/\" \/>\n<meta property=\"og:site_name\" content=\"O Arcanjo no ar\" \/>\n<meta property=\"article:publisher\" content=\"https:\/\/www.facebook.com\/OArcanjoNoAr\/\" \/>\n<meta property=\"article:published_time\" content=\"2017-10-07T11:48:22+00:00\" \/>\n<meta property=\"article:modified_time\" content=\"2017-07-31T19:10:07+00:00\" \/>\n<meta property=\"og:image\" content=\"http:\/\/www.oarcanjo.net\/site\/wp-content\/uploads\/Santa-Osita.jpg\" \/>\n<meta name=\"author\" content=\"danilo\" \/>\n<meta name=\"twitter:card\" content=\"summary_large_image\" \/>\n<meta name=\"twitter:label1\" content=\"Escrito por\" \/>\n\t<meta name=\"twitter:data1\" content=\"danilo\" \/>\n\t<meta name=\"twitter:label2\" content=\"Est. tempo de leitura\" \/>\n\t<meta name=\"twitter:data2\" content=\"2 minutos\" \/>\n<script type=\"application\/ld+json\" class=\"yoast-schema-graph\">{\"@context\":\"https:\/\/schema.org\",\"@graph\":[{\"@type\":\"Article\",\"@id\":\"https:\/\/www.oarcanjo.net\/site\/santa-osita\/#article\",\"isPartOf\":{\"@id\":\"https:\/\/www.oarcanjo.net\/site\/santa-osita\/\"},\"author\":{\"name\":\"danilo\",\"@id\":\"https:\/\/www.oarcanjo.net\/site\/#\/schema\/person\/5eb9480bedd2f3c97e430ce128c29c6c\"},\"headline\":\"Santa Osita\",\"datePublished\":\"2017-10-07T11:48:22+00:00\",\"dateModified\":\"2017-07-31T19:10:07+00:00\",\"mainEntityOfPage\":{\"@id\":\"https:\/\/www.oarcanjo.net\/site\/santa-osita\/\"},\"wordCount\":424,\"commentCount\":0,\"publisher\":{\"@id\":\"https:\/\/www.oarcanjo.net\/site\/#organization\"},\"image\":{\"@id\":\"https:\/\/www.oarcanjo.net\/site\/santa-osita\/#primaryimage\"},\"thumbnailUrl\":\"http:\/\/www.oarcanjo.net\/site\/wp-content\/uploads\/Santa-Osita.jpg\",\"articleSection\":[\"Testemunhos\"],\"inLanguage\":\"pt-BR\",\"potentialAction\":[{\"@type\":\"CommentAction\",\"name\":\"Comment\",\"target\":[\"https:\/\/www.oarcanjo.net\/site\/santa-osita\/#respond\"]}]},{\"@type\":\"WebPage\",\"@id\":\"https:\/\/www.oarcanjo.net\/site\/santa-osita\/\",\"url\":\"https:\/\/www.oarcanjo.net\/site\/santa-osita\/\",\"name\":\"Santa Osita - O Arcanjo no ar\",\"isPartOf\":{\"@id\":\"https:\/\/www.oarcanjo.net\/site\/#website\"},\"primaryImageOfPage\":{\"@id\":\"https:\/\/www.oarcanjo.net\/site\/santa-osita\/#primaryimage\"},\"image\":{\"@id\":\"https:\/\/www.oarcanjo.net\/site\/santa-osita\/#primaryimage\"},\"thumbnailUrl\":\"http:\/\/www.oarcanjo.net\/site\/wp-content\/uploads\/Santa-Osita.jpg\",\"datePublished\":\"2017-10-07T11:48:22+00:00\",\"dateModified\":\"2017-07-31T19:10:07+00:00\",\"breadcrumb\":{\"@id\":\"https:\/\/www.oarcanjo.net\/site\/santa-osita\/#breadcrumb\"},\"inLanguage\":\"pt-BR\",\"potentialAction\":[{\"@type\":\"ReadAction\",\"target\":[\"https:\/\/www.oarcanjo.net\/site\/santa-osita\/\"]}]},{\"@type\":\"ImageObject\",\"inLanguage\":\"pt-BR\",\"@id\":\"https:\/\/www.oarcanjo.net\/site\/santa-osita\/#primaryimage\",\"url\":\"https:\/\/www.oarcanjo.net\/site\/wp-content\/uploads\/Santa-Osita.jpg\",\"contentUrl\":\"https:\/\/www.oarcanjo.net\/site\/wp-content\/uploads\/Santa-Osita.jpg\",\"width\":250,\"height\":350,\"caption\":\"Santa Osita\"},{\"@type\":\"BreadcrumbList\",\"@id\":\"https:\/\/www.oarcanjo.net\/site\/santa-osita\/#breadcrumb\",\"itemListElement\":[{\"@type\":\"ListItem\",\"position\":1,\"name\":\"In\u00edcio\",\"item\":\"https:\/\/www.oarcanjo.net\/site\/\"},{\"@type\":\"ListItem\",\"position\":2,\"name\":\"Santa Osita\"}]},{\"@type\":\"WebSite\",\"@id\":\"https:\/\/www.oarcanjo.net\/site\/#website\",\"url\":\"https:\/\/www.oarcanjo.net\/site\/\",\"name\":\"O Arcanjo no ar\",\"description\":\"Site da Par\u00f3quia S\u00e3o Miguel Arcanjo (Arquidiocese de SP)\",\"publisher\":{\"@id\":\"https:\/\/www.oarcanjo.net\/site\/#organization\"},\"potentialAction\":[{\"@type\":\"SearchAction\",\"target\":{\"@type\":\"EntryPoint\",\"urlTemplate\":\"https:\/\/www.oarcanjo.net\/site\/?s={search_term_string}\"},\"query-input\":{\"@type\":\"PropertyValueSpecification\",\"valueRequired\":true,\"valueName\":\"search_term_string\"}}],\"inLanguage\":\"pt-BR\"},{\"@type\":\"Organization\",\"@id\":\"https:\/\/www.oarcanjo.net\/site\/#organization\",\"name\":\"Par\u00f3quia S\u00e3o Miguel Arcanjo\",\"url\":\"https:\/\/www.oarcanjo.net\/site\/\",\"logo\":{\"@type\":\"ImageObject\",\"inLanguage\":\"pt-BR\",\"@id\":\"https:\/\/www.oarcanjo.net\/site\/#\/schema\/logo\/image\/\",\"url\":\"https:\/\/www.oarcanjo.net\/site\/wp-content\/uploads\/LogoOArcanjo.png\",\"contentUrl\":\"https:\/\/www.oarcanjo.net\/site\/wp-content\/uploads\/LogoOArcanjo.png\",\"width\":319,\"height\":99,\"caption\":\"Par\u00f3quia S\u00e3o Miguel Arcanjo\"},\"image\":{\"@id\":\"https:\/\/www.oarcanjo.net\/site\/#\/schema\/logo\/image\/\"},\"sameAs\":[\"https:\/\/www.facebook.com\/OArcanjoNoAr\/\"]},{\"@type\":\"Person\",\"@id\":\"https:\/\/www.oarcanjo.net\/site\/#\/schema\/person\/5eb9480bedd2f3c97e430ce128c29c6c\",\"name\":\"danilo\"}]}<\/script>\n<!-- \/ Yoast SEO plugin. -->","yoast_head_json":{"title":"Santa Osita - O Arcanjo no ar","robots":{"index":"index","follow":"follow","max-snippet":"max-snippet:-1","max-image-preview":"max-image-preview:large","max-video-preview":"max-video-preview:-1"},"canonical":"https:\/\/www.oarcanjo.net\/site\/santa-osita\/","og_locale":"pt_BR","og_type":"article","og_title":"Santa Osita - O Arcanjo no ar","og_description":"7 de Outubro Era o s\u00e9culo VII. Osita nascia na Casa dos Essex, nobreza inglesa. Seu pai era o rei Fredevardo, crist\u00e3o, piedoso e muito caridoso. A menina foi educada na tenra idade pelos pais dentro dos rigores da nobreza e no seguimento de Cristo. Mas depois eles a entregaram aos cuidados das irm\u00e3s beneditinas, [&hellip;]","og_url":"https:\/\/www.oarcanjo.net\/site\/santa-osita\/","og_site_name":"O Arcanjo no ar","article_publisher":"https:\/\/www.facebook.com\/OArcanjoNoAr\/","article_published_time":"2017-10-07T11:48:22+00:00","article_modified_time":"2017-07-31T19:10:07+00:00","og_image":[{"url":"http:\/\/www.oarcanjo.net\/site\/wp-content\/uploads\/Santa-Osita.jpg"}],"author":"danilo","twitter_card":"summary_large_image","twitter_misc":{"Escrito por":"danilo","Est. tempo de leitura":"2 minutos"},"schema":{"@context":"https:\/\/schema.org","@graph":[{"@type":"Article","@id":"https:\/\/www.oarcanjo.net\/site\/santa-osita\/#article","isPartOf":{"@id":"https:\/\/www.oarcanjo.net\/site\/santa-osita\/"},"author":{"name":"danilo","@id":"https:\/\/www.oarcanjo.net\/site\/#\/schema\/person\/5eb9480bedd2f3c97e430ce128c29c6c"},"headline":"Santa Osita","datePublished":"2017-10-07T11:48:22+00:00","dateModified":"2017-07-31T19:10:07+00:00","mainEntityOfPage":{"@id":"https:\/\/www.oarcanjo.net\/site\/santa-osita\/"},"wordCount":424,"commentCount":0,"publisher":{"@id":"https:\/\/www.oarcanjo.net\/site\/#organization"},"image":{"@id":"https:\/\/www.oarcanjo.net\/site\/santa-osita\/#primaryimage"},"thumbnailUrl":"http:\/\/www.oarcanjo.net\/site\/wp-content\/uploads\/Santa-Osita.jpg","articleSection":["Testemunhos"],"inLanguage":"pt-BR","potentialAction":[{"@type":"CommentAction","name":"Comment","target":["https:\/\/www.oarcanjo.net\/site\/santa-osita\/#respond"]}]},{"@type":"WebPage","@id":"https:\/\/www.oarcanjo.net\/site\/santa-osita\/","url":"https:\/\/www.oarcanjo.net\/site\/santa-osita\/","name":"Santa Osita - O Arcanjo no ar","isPartOf":{"@id":"https:\/\/www.oarcanjo.net\/site\/#website"},"primaryImageOfPage":{"@id":"https:\/\/www.oarcanjo.net\/site\/santa-osita\/#primaryimage"},"image":{"@id":"https:\/\/www.oarcanjo.net\/site\/santa-osita\/#primaryimage"},"thumbnailUrl":"http:\/\/www.oarcanjo.net\/site\/wp-content\/uploads\/Santa-Osita.jpg","datePublished":"2017-10-07T11:48:22+00:00","dateModified":"2017-07-31T19:10:07+00:00","breadcrumb":{"@id":"https:\/\/www.oarcanjo.net\/site\/santa-osita\/#breadcrumb"},"inLanguage":"pt-BR","potentialAction":[{"@type":"ReadAction","target":["https:\/\/www.oarcanjo.net\/site\/santa-osita\/"]}]},{"@type":"ImageObject","inLanguage":"pt-BR","@id":"https:\/\/www.oarcanjo.net\/site\/santa-osita\/#primaryimage","url":"https:\/\/www.oarcanjo.net\/site\/wp-content\/uploads\/Santa-Osita.jpg","contentUrl":"https:\/\/www.oarcanjo.net\/site\/wp-content\/uploads\/Santa-Osita.jpg","width":250,"height":350,"caption":"Santa Osita"},{"@type":"BreadcrumbList","@id":"https:\/\/www.oarcanjo.net\/site\/santa-osita\/#breadcrumb","itemListElement":[{"@type":"ListItem","position":1,"name":"In\u00edcio","item":"https:\/\/www.oarcanjo.net\/site\/"},{"@type":"ListItem","position":2,"name":"Santa Osita"}]},{"@type":"WebSite","@id":"https:\/\/www.oarcanjo.net\/site\/#website","url":"https:\/\/www.oarcanjo.net\/site\/","name":"O Arcanjo no ar","description":"Site da Par\u00f3quia S\u00e3o Miguel Arcanjo (Arquidiocese de SP)","publisher":{"@id":"https:\/\/www.oarcanjo.net\/site\/#organization"},"potentialAction":[{"@type":"SearchAction","target":{"@type":"EntryPoint","urlTemplate":"https:\/\/www.oarcanjo.net\/site\/?s={search_term_string}"},"query-input":{"@type":"PropertyValueSpecification","valueRequired":true,"valueName":"search_term_string"}}],"inLanguage":"pt-BR"},{"@type":"Organization","@id":"https:\/\/www.oarcanjo.net\/site\/#organization","name":"Par\u00f3quia S\u00e3o Miguel Arcanjo","url":"https:\/\/www.oarcanjo.net\/site\/","logo":{"@type":"ImageObject","inLanguage":"pt-BR","@id":"https:\/\/www.oarcanjo.net\/site\/#\/schema\/logo\/image\/","url":"https:\/\/www.oarcanjo.net\/site\/wp-content\/uploads\/LogoOArcanjo.png","contentUrl":"https:\/\/www.oarcanjo.net\/site\/wp-content\/uploads\/LogoOArcanjo.png","width":319,"height":99,"caption":"Par\u00f3quia S\u00e3o Miguel Arcanjo"},"image":{"@id":"https:\/\/www.oarcanjo.net\/site\/#\/schema\/logo\/image\/"},"sameAs":["https:\/\/www.facebook.com\/OArcanjoNoAr\/"]},{"@type":"Person","@id":"https:\/\/www.oarcanjo.net\/site\/#\/schema\/person\/5eb9480bedd2f3c97e430ce128c29c6c","name":"danilo"}]}},"publishpress_future_action":{"enabled":false,"date":"2026-05-08 22:28:57","action":"category","newStatus":"draft","terms":[],"taxonomy":"category"},"publishpress_future_workflow_manual_trigger":{"enabledWorkflows":[]},"_links":{"self":[{"href":"https:\/\/www.oarcanjo.net\/site\/wp-json\/wp\/v2\/posts\/11201"}],"collection":[{"href":"https:\/\/www.oarcanjo.net\/site\/wp-json\/wp\/v2\/posts"}],"about":[{"href":"https:\/\/www.oarcanjo.net\/site\/wp-json\/wp\/v2\/types\/post"}],"author":[{"embeddable":true,"href":"https:\/\/www.oarcanjo.net\/site\/wp-json\/wp\/v2\/users\/14"}],"replies":[{"embeddable":true,"href":"https:\/\/www.oarcanjo.net\/site\/wp-json\/wp\/v2\/comments?post=11201"}],"version-history":[{"count":0,"href":"https:\/\/www.oarcanjo.net\/site\/wp-json\/wp\/v2\/posts\/11201\/revisions"}],"wp:attachment":[{"href":"https:\/\/www.oarcanjo.net\/site\/wp-json\/wp\/v2\/media?parent=11201"}],"wp:term":[{"taxonomy":"category","embeddable":true,"href":"https:\/\/www.oarcanjo.net\/site\/wp-json\/wp\/v2\/categories?post=11201"},{"taxonomy":"post_tag","embeddable":true,"href":"https:\/\/www.oarcanjo.net\/site\/wp-json\/wp\/v2\/tags?post=11201"}],"curies":[{"name":"wp","href":"https:\/\/api.w.org\/{rel}","templated":true}]}}