
{"id":11206,"date":"2017-10-08T00:53:59","date_gmt":"2017-10-08T03:53:59","guid":{"rendered":"http:\/\/www.oarcanjo.net\/site\/?p=11206"},"modified":"2017-07-31T16:10:10","modified_gmt":"2017-07-31T19:10:10","slug":"santa-pelagia-penitente","status":"publish","type":"post","link":"https:\/\/www.oarcanjo.net\/site\/santa-pelagia-penitente\/","title":{"rendered":"Santa Pel\u00e1gia Penitente"},"content":{"rendered":"<p><img decoding=\"async\" src=\"http:\/\/www.pierostradella.it\/vendite\/santi\/p\/pelagia%20penitente.jpg\" alt=\"\" \/><\/p>\n<p>8 de Outubro<\/p>\n<p>Esta \u00e9 uma venera\u00e7\u00e3o muito antiga, citada mesmo por s\u00e3o Jo\u00e3o Cris\u00f3stomo em um de seus c\u00e9lebres serm\u00f5es. Sem d\u00favida, uma p\u00e1gina crist\u00e3 muito interessante, cujos t\u00eanues registros est\u00e3o mesclados pelas tradi\u00e7\u00f5es orientais dos primeiros s\u00e9culos.<\/p>\n<p>Origin\u00e1ria da Antioquia, Turquia, Pel\u00e1gia viveu no s\u00e9culo III. Era uma bailarina bel\u00edssima, escandalosa, muito divertida, festiva e pag\u00e3. Costumava encantar e seduzir os homens com sua dan\u00e7a, alegria, roupas, j\u00f3ias e outros ornamentos luxuosos que usava, exclusivamente, com essa finalidade. Com isso, tornou-se uma das figuras mais conhecidas da vida mundana e social daquela cidade. Al\u00e9m, \u00e9 claro, de ter conseguido uma s\u00f3lida riqueza e grande influ\u00eancia. Sua fama ultrapassava os limites do movimentado p\u00f3lo econ\u00f4mico e social, pois muitos nobres ricos vinham apenas para poder estar com ela, que cada vez mais aumentava suas posses e poder.<\/p>\n<p>Entretanto, certa vez a sua ostenta\u00e7\u00e3o chamou a aten\u00e7\u00e3o do bispo Nono. Foi durante uma prociss\u00e3o, a que exuberante bailarina assistia, como se fosse um simples espet\u00e1culo, numa atitude debochada e espalhafatosa. Ricamente vestida e cercada por alguns pretendentes, ela assistia a tudo certa de que as aten\u00e7\u00f5es eram, na verdade, apenas voltadas para ela. O s\u00e1bio bispo, ent\u00e3o, questionou a multid\u00e3o: se uma mulher era capaz de enfeitar-se daquela forma para chamar a aten\u00e7\u00e3o de um simples homem mortal, como dever\u00edamos n\u00f3s adornar a nossa alma destinada a Deus eterno? Aquela observa\u00e7\u00e3o tocou o cora\u00e7\u00e3o da bailarina pag\u00e3.<\/p>\n<p>Ela foi para casa refletindo sobre as palavras do serm\u00e3o, l\u00e1 chorou de arrependimento a noite toda. No dia seguinte, procurou o bispo, que a enviou a uma senhora crist\u00e3, para ser preparada para o batismo. Foi assim que, depois, trocou as roupas e adere\u00e7os de seda e ouro por uma t\u00fanica branca para ser batizada. \u00c0 noite, com autoriza\u00e7\u00e3o dele, Pel\u00e1gia trocou sua t\u00fanica por uma de penitente e abandonou Antioquia. Foi a p\u00e9 para Jerusal\u00e9m, viver como eremita, numa gruta, no Monte das Oliveiras, onde Jesus viveu sua agonia da Paix\u00e3o.<\/p>\n<p>Mas quando chegou estava vestida como homem, para evitar que sua beleza perturbasse os outros anacoretas da pequena comunidade. E viveu sendo chamada de Pel\u00e1gio, de tal modo que todos a esqueceram. Quando morreu, os ermit\u00e3os que desconheciam sua origem descobriram que Pel\u00e1gio era uma mulher. Foi ent\u00e3o que reconheceram tratar-se da bailariana da Antioquia, agora uma simples penitente arrependida, que se anulara do mundo, no seguimento do Cristo.<\/p>\n<p>O seu culto e sua hist\u00f3ria foram muito difundidos no mundo crist\u00e3o oriental. Chegou ao Ocidente atrav\u00e9s das tradi\u00e7\u00f5es trazidas pelos peregrinos, que na Terra Santa tamb\u00e9m visitavam a gruta de santa Pel\u00e1gia Penitente. A Igreja autorizou esta tradicional devo\u00e7\u00e3o popular, mantendo no dia 8 de outubro a sua festa lit\u00fargica. Santa Pel\u00e1gia Penitente \u00e9 considerada a padroeira dos c\u00f4micos e das atrizes.<\/p>\n<div id=\"themify_builder_content-11206\" data-postid=\"11206\" class=\"themify_builder_content themify_builder_content-11206 themify_builder themify_builder_front\">\n\t<\/div>\n<!-- \/themify_builder_content -->","protected":false},"excerpt":{"rendered":"<p>8 de Outubro Esta \u00e9 uma venera\u00e7\u00e3o muito antiga, citada mesmo por s\u00e3o Jo\u00e3o Cris\u00f3stomo em um de seus c\u00e9lebres serm\u00f5es. Sem d\u00favida, uma p\u00e1gina crist\u00e3 muito interessante, cujos t\u00eanues registros est\u00e3o mesclados pelas tradi\u00e7\u00f5es orientais dos primeiros s\u00e9culos. Origin\u00e1ria da Antioquia, Turquia, Pel\u00e1gia viveu no s\u00e9culo III. Era uma bailarina bel\u00edssima, escandalosa, muito divertida, [&hellip;]<\/p>\n","protected":false},"author":14,"featured_media":0,"comment_status":"open","ping_status":"open","sticky":false,"template":"","format":"standard","meta":{"ngg_post_thumbnail":0,"footnotes":""},"categories":[186],"tags":[],"yoast_head":"<!-- This site is optimized with the Yoast SEO plugin v23.5 - https:\/\/yoast.com\/wordpress\/plugins\/seo\/ -->\n<title>Santa Pel\u00e1gia Penitente - O Arcanjo no ar<\/title>\n<meta name=\"robots\" content=\"index, follow, max-snippet:-1, max-image-preview:large, max-video-preview:-1\" \/>\n<link rel=\"canonical\" href=\"https:\/\/www.oarcanjo.net\/site\/santa-pelagia-penitente\/\" \/>\n<meta property=\"og:locale\" content=\"pt_BR\" \/>\n<meta property=\"og:type\" content=\"article\" \/>\n<meta property=\"og:title\" content=\"Santa Pel\u00e1gia Penitente - O Arcanjo no ar\" \/>\n<meta property=\"og:description\" content=\"8 de Outubro Esta \u00e9 uma venera\u00e7\u00e3o muito antiga, citada mesmo por s\u00e3o Jo\u00e3o Cris\u00f3stomo em um de seus c\u00e9lebres serm\u00f5es. Sem d\u00favida, uma p\u00e1gina crist\u00e3 muito interessante, cujos t\u00eanues registros est\u00e3o mesclados pelas tradi\u00e7\u00f5es orientais dos primeiros s\u00e9culos. Origin\u00e1ria da Antioquia, Turquia, Pel\u00e1gia viveu no s\u00e9culo III. Era uma bailarina bel\u00edssima, escandalosa, muito divertida, [&hellip;]\" \/>\n<meta property=\"og:url\" content=\"https:\/\/www.oarcanjo.net\/site\/santa-pelagia-penitente\/\" \/>\n<meta property=\"og:site_name\" content=\"O Arcanjo no ar\" \/>\n<meta property=\"article:publisher\" content=\"https:\/\/www.facebook.com\/OArcanjoNoAr\/\" \/>\n<meta property=\"article:published_time\" content=\"2017-10-08T03:53:59+00:00\" \/>\n<meta property=\"article:modified_time\" content=\"2017-07-31T19:10:10+00:00\" \/>\n<meta property=\"og:image\" content=\"http:\/\/www.pierostradella.it\/vendite\/santi\/p\/pelagia%20penitente.jpg\" \/>\n<meta name=\"author\" content=\"danilo\" \/>\n<meta name=\"twitter:card\" content=\"summary_large_image\" \/>\n<meta name=\"twitter:label1\" content=\"Escrito por\" \/>\n\t<meta name=\"twitter:data1\" content=\"danilo\" \/>\n\t<meta name=\"twitter:label2\" content=\"Est. tempo de leitura\" \/>\n\t<meta name=\"twitter:data2\" content=\"3 minutos\" \/>\n<script type=\"application\/ld+json\" class=\"yoast-schema-graph\">{\"@context\":\"https:\/\/schema.org\",\"@graph\":[{\"@type\":\"Article\",\"@id\":\"https:\/\/www.oarcanjo.net\/site\/santa-pelagia-penitente\/#article\",\"isPartOf\":{\"@id\":\"https:\/\/www.oarcanjo.net\/site\/santa-pelagia-penitente\/\"},\"author\":{\"name\":\"danilo\",\"@id\":\"https:\/\/www.oarcanjo.net\/site\/#\/schema\/person\/5eb9480bedd2f3c97e430ce128c29c6c\"},\"headline\":\"Santa Pel\u00e1gia Penitente\",\"datePublished\":\"2017-10-08T03:53:59+00:00\",\"dateModified\":\"2017-07-31T19:10:10+00:00\",\"mainEntityOfPage\":{\"@id\":\"https:\/\/www.oarcanjo.net\/site\/santa-pelagia-penitente\/\"},\"wordCount\":518,\"commentCount\":0,\"publisher\":{\"@id\":\"https:\/\/www.oarcanjo.net\/site\/#organization\"},\"image\":{\"@id\":\"https:\/\/www.oarcanjo.net\/site\/santa-pelagia-penitente\/#primaryimage\"},\"thumbnailUrl\":\"http:\/\/www.pierostradella.it\/vendite\/santi\/p\/pelagia%20penitente.jpg\",\"articleSection\":[\"Testemunhos\"],\"inLanguage\":\"pt-BR\",\"potentialAction\":[{\"@type\":\"CommentAction\",\"name\":\"Comment\",\"target\":[\"https:\/\/www.oarcanjo.net\/site\/santa-pelagia-penitente\/#respond\"]}]},{\"@type\":\"WebPage\",\"@id\":\"https:\/\/www.oarcanjo.net\/site\/santa-pelagia-penitente\/\",\"url\":\"https:\/\/www.oarcanjo.net\/site\/santa-pelagia-penitente\/\",\"name\":\"Santa Pel\u00e1gia Penitente - O Arcanjo no ar\",\"isPartOf\":{\"@id\":\"https:\/\/www.oarcanjo.net\/site\/#website\"},\"primaryImageOfPage\":{\"@id\":\"https:\/\/www.oarcanjo.net\/site\/santa-pelagia-penitente\/#primaryimage\"},\"image\":{\"@id\":\"https:\/\/www.oarcanjo.net\/site\/santa-pelagia-penitente\/#primaryimage\"},\"thumbnailUrl\":\"http:\/\/www.pierostradella.it\/vendite\/santi\/p\/pelagia%20penitente.jpg\",\"datePublished\":\"2017-10-08T03:53:59+00:00\",\"dateModified\":\"2017-07-31T19:10:10+00:00\",\"breadcrumb\":{\"@id\":\"https:\/\/www.oarcanjo.net\/site\/santa-pelagia-penitente\/#breadcrumb\"},\"inLanguage\":\"pt-BR\",\"potentialAction\":[{\"@type\":\"ReadAction\",\"target\":[\"https:\/\/www.oarcanjo.net\/site\/santa-pelagia-penitente\/\"]}]},{\"@type\":\"ImageObject\",\"inLanguage\":\"pt-BR\",\"@id\":\"https:\/\/www.oarcanjo.net\/site\/santa-pelagia-penitente\/#primaryimage\",\"url\":\"http:\/\/www.pierostradella.it\/vendite\/santi\/p\/pelagia%20penitente.jpg\",\"contentUrl\":\"http:\/\/www.pierostradella.it\/vendite\/santi\/p\/pelagia%20penitente.jpg\"},{\"@type\":\"BreadcrumbList\",\"@id\":\"https:\/\/www.oarcanjo.net\/site\/santa-pelagia-penitente\/#breadcrumb\",\"itemListElement\":[{\"@type\":\"ListItem\",\"position\":1,\"name\":\"In\u00edcio\",\"item\":\"https:\/\/www.oarcanjo.net\/site\/\"},{\"@type\":\"ListItem\",\"position\":2,\"name\":\"Santa Pel\u00e1gia Penitente\"}]},{\"@type\":\"WebSite\",\"@id\":\"https:\/\/www.oarcanjo.net\/site\/#website\",\"url\":\"https:\/\/www.oarcanjo.net\/site\/\",\"name\":\"O Arcanjo no ar\",\"description\":\"Site da Par\u00f3quia S\u00e3o Miguel Arcanjo (Arquidiocese de SP)\",\"publisher\":{\"@id\":\"https:\/\/www.oarcanjo.net\/site\/#organization\"},\"potentialAction\":[{\"@type\":\"SearchAction\",\"target\":{\"@type\":\"EntryPoint\",\"urlTemplate\":\"https:\/\/www.oarcanjo.net\/site\/?s={search_term_string}\"},\"query-input\":{\"@type\":\"PropertyValueSpecification\",\"valueRequired\":true,\"valueName\":\"search_term_string\"}}],\"inLanguage\":\"pt-BR\"},{\"@type\":\"Organization\",\"@id\":\"https:\/\/www.oarcanjo.net\/site\/#organization\",\"name\":\"Par\u00f3quia S\u00e3o Miguel Arcanjo\",\"url\":\"https:\/\/www.oarcanjo.net\/site\/\",\"logo\":{\"@type\":\"ImageObject\",\"inLanguage\":\"pt-BR\",\"@id\":\"https:\/\/www.oarcanjo.net\/site\/#\/schema\/logo\/image\/\",\"url\":\"https:\/\/www.oarcanjo.net\/site\/wp-content\/uploads\/LogoOArcanjo.png\",\"contentUrl\":\"https:\/\/www.oarcanjo.net\/site\/wp-content\/uploads\/LogoOArcanjo.png\",\"width\":319,\"height\":99,\"caption\":\"Par\u00f3quia S\u00e3o Miguel Arcanjo\"},\"image\":{\"@id\":\"https:\/\/www.oarcanjo.net\/site\/#\/schema\/logo\/image\/\"},\"sameAs\":[\"https:\/\/www.facebook.com\/OArcanjoNoAr\/\"]},{\"@type\":\"Person\",\"@id\":\"https:\/\/www.oarcanjo.net\/site\/#\/schema\/person\/5eb9480bedd2f3c97e430ce128c29c6c\",\"name\":\"danilo\"}]}<\/script>\n<!-- \/ Yoast SEO plugin. -->","yoast_head_json":{"title":"Santa Pel\u00e1gia Penitente - O Arcanjo no ar","robots":{"index":"index","follow":"follow","max-snippet":"max-snippet:-1","max-image-preview":"max-image-preview:large","max-video-preview":"max-video-preview:-1"},"canonical":"https:\/\/www.oarcanjo.net\/site\/santa-pelagia-penitente\/","og_locale":"pt_BR","og_type":"article","og_title":"Santa Pel\u00e1gia Penitente - O Arcanjo no ar","og_description":"8 de Outubro Esta \u00e9 uma venera\u00e7\u00e3o muito antiga, citada mesmo por s\u00e3o Jo\u00e3o Cris\u00f3stomo em um de seus c\u00e9lebres serm\u00f5es. Sem d\u00favida, uma p\u00e1gina crist\u00e3 muito interessante, cujos t\u00eanues registros est\u00e3o mesclados pelas tradi\u00e7\u00f5es orientais dos primeiros s\u00e9culos. Origin\u00e1ria da Antioquia, Turquia, Pel\u00e1gia viveu no s\u00e9culo III. Era uma bailarina bel\u00edssima, escandalosa, muito divertida, [&hellip;]","og_url":"https:\/\/www.oarcanjo.net\/site\/santa-pelagia-penitente\/","og_site_name":"O Arcanjo no ar","article_publisher":"https:\/\/www.facebook.com\/OArcanjoNoAr\/","article_published_time":"2017-10-08T03:53:59+00:00","article_modified_time":"2017-07-31T19:10:10+00:00","og_image":[{"url":"http:\/\/www.pierostradella.it\/vendite\/santi\/p\/pelagia%20penitente.jpg"}],"author":"danilo","twitter_card":"summary_large_image","twitter_misc":{"Escrito por":"danilo","Est. tempo de leitura":"3 minutos"},"schema":{"@context":"https:\/\/schema.org","@graph":[{"@type":"Article","@id":"https:\/\/www.oarcanjo.net\/site\/santa-pelagia-penitente\/#article","isPartOf":{"@id":"https:\/\/www.oarcanjo.net\/site\/santa-pelagia-penitente\/"},"author":{"name":"danilo","@id":"https:\/\/www.oarcanjo.net\/site\/#\/schema\/person\/5eb9480bedd2f3c97e430ce128c29c6c"},"headline":"Santa Pel\u00e1gia Penitente","datePublished":"2017-10-08T03:53:59+00:00","dateModified":"2017-07-31T19:10:10+00:00","mainEntityOfPage":{"@id":"https:\/\/www.oarcanjo.net\/site\/santa-pelagia-penitente\/"},"wordCount":518,"commentCount":0,"publisher":{"@id":"https:\/\/www.oarcanjo.net\/site\/#organization"},"image":{"@id":"https:\/\/www.oarcanjo.net\/site\/santa-pelagia-penitente\/#primaryimage"},"thumbnailUrl":"http:\/\/www.pierostradella.it\/vendite\/santi\/p\/pelagia%20penitente.jpg","articleSection":["Testemunhos"],"inLanguage":"pt-BR","potentialAction":[{"@type":"CommentAction","name":"Comment","target":["https:\/\/www.oarcanjo.net\/site\/santa-pelagia-penitente\/#respond"]}]},{"@type":"WebPage","@id":"https:\/\/www.oarcanjo.net\/site\/santa-pelagia-penitente\/","url":"https:\/\/www.oarcanjo.net\/site\/santa-pelagia-penitente\/","name":"Santa Pel\u00e1gia Penitente - O Arcanjo no ar","isPartOf":{"@id":"https:\/\/www.oarcanjo.net\/site\/#website"},"primaryImageOfPage":{"@id":"https:\/\/www.oarcanjo.net\/site\/santa-pelagia-penitente\/#primaryimage"},"image":{"@id":"https:\/\/www.oarcanjo.net\/site\/santa-pelagia-penitente\/#primaryimage"},"thumbnailUrl":"http:\/\/www.pierostradella.it\/vendite\/santi\/p\/pelagia%20penitente.jpg","datePublished":"2017-10-08T03:53:59+00:00","dateModified":"2017-07-31T19:10:10+00:00","breadcrumb":{"@id":"https:\/\/www.oarcanjo.net\/site\/santa-pelagia-penitente\/#breadcrumb"},"inLanguage":"pt-BR","potentialAction":[{"@type":"ReadAction","target":["https:\/\/www.oarcanjo.net\/site\/santa-pelagia-penitente\/"]}]},{"@type":"ImageObject","inLanguage":"pt-BR","@id":"https:\/\/www.oarcanjo.net\/site\/santa-pelagia-penitente\/#primaryimage","url":"http:\/\/www.pierostradella.it\/vendite\/santi\/p\/pelagia%20penitente.jpg","contentUrl":"http:\/\/www.pierostradella.it\/vendite\/santi\/p\/pelagia%20penitente.jpg"},{"@type":"BreadcrumbList","@id":"https:\/\/www.oarcanjo.net\/site\/santa-pelagia-penitente\/#breadcrumb","itemListElement":[{"@type":"ListItem","position":1,"name":"In\u00edcio","item":"https:\/\/www.oarcanjo.net\/site\/"},{"@type":"ListItem","position":2,"name":"Santa Pel\u00e1gia Penitente"}]},{"@type":"WebSite","@id":"https:\/\/www.oarcanjo.net\/site\/#website","url":"https:\/\/www.oarcanjo.net\/site\/","name":"O Arcanjo no ar","description":"Site da Par\u00f3quia S\u00e3o Miguel Arcanjo (Arquidiocese de SP)","publisher":{"@id":"https:\/\/www.oarcanjo.net\/site\/#organization"},"potentialAction":[{"@type":"SearchAction","target":{"@type":"EntryPoint","urlTemplate":"https:\/\/www.oarcanjo.net\/site\/?s={search_term_string}"},"query-input":{"@type":"PropertyValueSpecification","valueRequired":true,"valueName":"search_term_string"}}],"inLanguage":"pt-BR"},{"@type":"Organization","@id":"https:\/\/www.oarcanjo.net\/site\/#organization","name":"Par\u00f3quia S\u00e3o Miguel Arcanjo","url":"https:\/\/www.oarcanjo.net\/site\/","logo":{"@type":"ImageObject","inLanguage":"pt-BR","@id":"https:\/\/www.oarcanjo.net\/site\/#\/schema\/logo\/image\/","url":"https:\/\/www.oarcanjo.net\/site\/wp-content\/uploads\/LogoOArcanjo.png","contentUrl":"https:\/\/www.oarcanjo.net\/site\/wp-content\/uploads\/LogoOArcanjo.png","width":319,"height":99,"caption":"Par\u00f3quia S\u00e3o Miguel Arcanjo"},"image":{"@id":"https:\/\/www.oarcanjo.net\/site\/#\/schema\/logo\/image\/"},"sameAs":["https:\/\/www.facebook.com\/OArcanjoNoAr\/"]},{"@type":"Person","@id":"https:\/\/www.oarcanjo.net\/site\/#\/schema\/person\/5eb9480bedd2f3c97e430ce128c29c6c","name":"danilo"}]}},"publishpress_future_action":{"enabled":false,"date":"2026-05-08 22:29:22","action":"category","newStatus":"draft","terms":[],"taxonomy":"category"},"publishpress_future_workflow_manual_trigger":{"enabledWorkflows":[]},"_links":{"self":[{"href":"https:\/\/www.oarcanjo.net\/site\/wp-json\/wp\/v2\/posts\/11206"}],"collection":[{"href":"https:\/\/www.oarcanjo.net\/site\/wp-json\/wp\/v2\/posts"}],"about":[{"href":"https:\/\/www.oarcanjo.net\/site\/wp-json\/wp\/v2\/types\/post"}],"author":[{"embeddable":true,"href":"https:\/\/www.oarcanjo.net\/site\/wp-json\/wp\/v2\/users\/14"}],"replies":[{"embeddable":true,"href":"https:\/\/www.oarcanjo.net\/site\/wp-json\/wp\/v2\/comments?post=11206"}],"version-history":[{"count":0,"href":"https:\/\/www.oarcanjo.net\/site\/wp-json\/wp\/v2\/posts\/11206\/revisions"}],"wp:attachment":[{"href":"https:\/\/www.oarcanjo.net\/site\/wp-json\/wp\/v2\/media?parent=11206"}],"wp:term":[{"taxonomy":"category","embeddable":true,"href":"https:\/\/www.oarcanjo.net\/site\/wp-json\/wp\/v2\/categories?post=11206"},{"taxonomy":"post_tag","embeddable":true,"href":"https:\/\/www.oarcanjo.net\/site\/wp-json\/wp\/v2\/tags?post=11206"}],"curies":[{"name":"wp","href":"https:\/\/api.w.org\/{rel}","templated":true}]}}